{"id":148922,"date":"2019-10-24T15:52:01","date_gmt":"2019-10-24T13:52:01","guid":{"rendered":"https:\/\/graziamagazine.com\/es\/?p=148922"},"modified":"2019-10-24T16:34:44","modified_gmt":"2019-10-24T14:34:44","slug":"el-primer-y-unico-pop-up-tributo-al-disenador-karl-lagerfeld-estara-en-el-corte-ingles-de-serrano","status":"publish","type":"articles","link":"https:\/\/graziamagazine.com\/es\/articles\/el-primer-y-unico-pop-up-tributo-al-disenador-karl-lagerfeld-estara-en-el-corte-ingles-de-serrano\/","title":{"rendered":"El primer y \u00fanico pop up &#8216;Tributo al dise\u00f1ador Karl Lagerfeld&#8217; estar\u00e1 en El Corte Ingl\u00e9s de Serrano"},"content":{"rendered":"<p><strong>El Corte Ingl\u00e9s de Serrano47Woman<\/strong>, en Madrid, cuenta con un pop up desde hoy hasta el d\u00eda 27 de octubre como <a href=\"http:\/\/bit.ly\/2ojTQRf\" target=\"_blank\">Tributo a\u00a0 Karl Lagerfeld<\/a> donde <strong>se podr\u00e1 adquirir su ic\u00f3nica camisa blanca, confeccionada en popelina de algod\u00f3n<\/strong>.\u00a0 Es una edici\u00f3n limitada para coleccionistas que rinde homenaje al dise\u00f1ador y presenta todos sus detalles caracter\u00edsticos: cuello alto y pu\u00f1os gruesos adem\u00e1s de una etiqueta especial de \u201c<em>A Tribute to Karl<\/em>\u201d en el bajo de la parte delantera. El viernes y el s\u00e1bado el espacio contar\u00e1 con la posibilidad de personalizar por el cliente el dise\u00f1o.<\/p>\n<p>Como dijo Karl Lagerfeld en una ocasi\u00f3n:<\/p>\n<blockquote><p>Si me preguntas qu\u00e9 es lo que m\u00e1s me gustar\u00eda haber inventado en el mundo de la moda, dir\u00eda que la camisa blanca. Para mi es la base de todo. Lo dem\u00e1s viene despu\u00e9s<\/p><\/blockquote>\n<p>La camisa blanca es el camale\u00f3n del estilo cl\u00e1sico que a\u00fana todos los elementos esenciales: sencilla pero lujosa, refinada pero poderosa. Apta para vestirse a diario, combina una calidad atemporal con el af\u00e1n sartorial. <strong>Este proyecto a nivel global est\u00e1 dirigido por Carine Roitfeld<\/strong>, consultora creativa de la marca y amiga personal y profesional del dise\u00f1ador. Ella es la \u00fanica capaz de interpretar su genialidad e inspiraci\u00f3n. El Tributo <strong>honra el legado de Karl Lagerfeld y su amor y pasi\u00f3n por la moda<\/strong>. El precio de la camisa es de 195 euros.<\/p>\n<p><img loading=\"lazy\" decoding=\"async\" class=\"aligncenter size-full wp-image-148110\" src=\"https:\/\/graziamagazine.com\/es\/wp-content\/uploads\/sites\/12\/2019\/09\/GRAZIA-tributo-lagerfeld-carine.jpeg\" alt=\"\" width=\"1366\" height=\"910\" srcset=\"https:\/\/graziamagazine.com\/es\/wp-content\/uploads\/sites\/12\/2019\/09\/GRAZIA-tributo-lagerfeld-carine.jpeg 1366w, https:\/\/graziamagazine.com\/es\/wp-content\/uploads\/sites\/12\/2019\/09\/GRAZIA-tributo-lagerfeld-carine.jpeg?resize=300,200 300w, https:\/\/graziamagazine.com\/es\/wp-content\/uploads\/sites\/12\/2019\/09\/GRAZIA-tributo-lagerfeld-carine.jpeg?resize=768,512 768w, https:\/\/graziamagazine.com\/es\/wp-content\/uploads\/sites\/12\/2019\/09\/GRAZIA-tributo-lagerfeld-carine.jpeg?resize=1024,682 1024w, https:\/\/graziamagazine.com\/es\/wp-content\/uploads\/sites\/12\/2019\/09\/GRAZIA-tributo-lagerfeld-carine.jpeg?resize=155,103 155w\" sizes=\"(max-width: 1366px) 100vw, 1366px\" \/><\/p>\n<p>El pop up cuenta con <strong>una superficie aproximada de 30 metros cuadrados<\/strong> y est\u00e1 ubicado en la primera planta del Centro, dedicada exclusivamente a dise\u00f1adores nacionales e internacionales. El Centro de El Corte Ingl\u00e9s de Serrano47Woman es un concepto de tienda multimarca para amantes de la moda en plena milla de oro de Madrid, que incluye en conjunto m\u00e1s de 500 firmas de moda nacionales e internacionales, algunas de ellas con car\u00e1cter exclusivo. Y adem\u00e1s, si te das una vuelta El Corte Ingl\u00e9s de Serrano, puedes hacer una parada en la propuesta gastron\u00f3mica del Gourmet Experience ubicado en las dos plantas superiores donde se re\u00fanen siete estrellas Michelin.<\/p>\n<p><img loading=\"lazy\" decoding=\"async\" class=\"aligncenter size-full wp-image-148924\" src=\"https:\/\/graziamagazine.com\/es\/wp-content\/uploads\/sites\/12\/2019\/10\/Captura-de-pantalla-2019-10-24-a-las-15.48.02.png\" alt=\"El Corte Ingl\u00e9s de Serrano47Woman presenta el primer y \u00fanico pop up Tributo al dise\u00f1ador Karl Lagerfeld\" width=\"927\" height=\"656\" srcset=\"https:\/\/graziamagazine.com\/es\/wp-content\/uploads\/sites\/12\/2019\/10\/Captura-de-pantalla-2019-10-24-a-las-15.48.02.png 927w, https:\/\/graziamagazine.com\/es\/wp-content\/uploads\/sites\/12\/2019\/10\/Captura-de-pantalla-2019-10-24-a-las-15.48.02.png?resize=300,212 300w, https:\/\/graziamagazine.com\/es\/wp-content\/uploads\/sites\/12\/2019\/10\/Captura-de-pantalla-2019-10-24-a-las-15.48.02.png?resize=768,543 768w, https:\/\/graziamagazine.com\/es\/wp-content\/uploads\/sites\/12\/2019\/10\/Captura-de-pantalla-2019-10-24-a-las-15.48.02.png?resize=155,110 155w\" sizes=\"(max-width: 927px) 100vw, 927px\" \/><\/p>\n","protected":false},"author":24470,"featured_media":148925,"template":"","format":"standard","categories":[2424],"acf":[],"yoast_head":"<!-- This site is optimized with the Yoast SEO Premium plugin v18.5 (Yoast SEO v20.4) - https:\/\/yoast.com\/wordpress\/plugins\/seo\/ -->\n<title>El primer y \u00fanico pop up &#039;Tributo al dise\u00f1ador Karl Lagerfeld&#039; estar\u00e1 en El Corte Ingl\u00e9s de Serrano | Grazia<\/title>\n<meta name=\"description\" content=\"En este espacio, se podr\u00e1 adquirir la ic\u00f3nica camisa blanca del dise\u00f1ador a un precio de 195 euros y el cliente podr\u00e1 personalizar el dise\u00f1o y los detalles.\" \/>\n<meta name=\"robots\" content=\"index, follow, max-snippet:-1, max-image-preview:large, max-video-preview:-1\" \/>\n<link rel=\"canonical\" href=\"https:\/\/graziamagazine.com\/es\/articles\/el-primer-y-unico-pop-up-tributo-al-disenador-karl-lagerfeld-estara-en-el-corte-ingles-de-serrano\/\" \/>\n<meta property=\"og:locale\" content=\"es_ES\" \/>\n<meta property=\"og:type\" content=\"article\" \/>\n<meta property=\"og:title\" content=\"El primer y \u00fanico pop up &#039;Tributo al dise\u00f1ador Karl Lagerfeld&#039; estar\u00e1 en El Corte Ingl\u00e9s de Serrano\" \/>\n<meta property=\"og:description\" content=\"En este espacio, se podr\u00e1 adquirir la ic\u00f3nica camisa blanca del dise\u00f1ador a un precio de 195 euros y el cliente podr\u00e1 personalizar el dise\u00f1o y los detalles.\" \/>\n<meta property=\"og:url\" content=\"https:\/\/graziamagazine.com\/es\/articles\/el-primer-y-unico-pop-up-tributo-al-disenador-karl-lagerfeld-estara-en-el-corte-ingles-de-serrano\/\" \/>\n<meta property=\"og:site_name\" content=\"Grazia\" \/>\n<meta property=\"article:modified_time\" content=\"2019-10-24T14:34:44+00:00\" \/>\n<meta property=\"og:image\" content=\"https:\/\/graziamagazine.com\/es\/wp-content\/uploads\/sites\/12\/2019\/10\/Captura-de-pantalla-2019-10-24-a-las-15.48.02.png?fit=927%2C656\" \/>\n\t<meta property=\"og:image:width\" content=\"927\" \/>\n\t<meta property=\"og:image:height\" content=\"656\" \/>\n\t<meta property=\"og:image:type\" content=\"image\/png\" \/>\n<meta name=\"twitter:card\" content=\"summary_large_image\" \/>\n<meta name=\"twitter:label1\" content=\"Est. reading time\" \/>\n\t<meta name=\"twitter:data1\" content=\"2 minutos\" \/>\n<script type=\"application\/ld+json\" class=\"yoast-schema-graph\">{\"@context\":\"https:\/\/schema.org\",\"@graph\":[{\"@type\":\"WebPage\",\"@id\":\"https:\/\/graziamagazine.com\/es\/articles\/el-primer-y-unico-pop-up-tributo-al-disenador-karl-lagerfeld-estara-en-el-corte-ingles-de-serrano\/\",\"url\":\"https:\/\/graziamagazine.com\/es\/articles\/el-primer-y-unico-pop-up-tributo-al-disenador-karl-lagerfeld-estara-en-el-corte-ingles-de-serrano\/\",\"name\":\"El primer y \u00fanico pop up 'Tributo al dise\u00f1ador Karl Lagerfeld' estar\u00e1 en El Corte Ingl\u00e9s de Serrano | Grazia\",\"isPartOf\":{\"@id\":\"https:\/\/graziamagazine.com\/es\/#website\"},\"datePublished\":\"2019-10-24T13:52:01+00:00\",\"dateModified\":\"2019-10-24T14:34:44+00:00\",\"description\":\"En este espacio, se podr\u00e1 adquirir la ic\u00f3nica camisa blanca del dise\u00f1ador a un precio de 195 euros y el cliente podr\u00e1 personalizar el dise\u00f1o y los detalles.\",\"breadcrumb\":{\"@id\":\"https:\/\/graziamagazine.com\/es\/articles\/el-primer-y-unico-pop-up-tributo-al-disenador-karl-lagerfeld-estara-en-el-corte-ingles-de-serrano\/#breadcrumb\"},\"inLanguage\":\"es\",\"potentialAction\":[{\"@type\":\"ReadAction\",\"target\":[\"https:\/\/graziamagazine.com\/es\/articles\/el-primer-y-unico-pop-up-tributo-al-disenador-karl-lagerfeld-estara-en-el-corte-ingles-de-serrano\/\"]}]},{\"@type\":\"BreadcrumbList\",\"@id\":\"https:\/\/graziamagazine.com\/es\/articles\/el-primer-y-unico-pop-up-tributo-al-disenador-karl-lagerfeld-estara-en-el-corte-ingles-de-serrano\/#breadcrumb\",\"itemListElement\":[{\"@type\":\"ListItem\",\"position\":1,\"name\":\"Portada\",\"item\":\"https:\/\/graziamagazine.com\/es\/\"},{\"@type\":\"ListItem\",\"position\":2,\"name\":\"El primer y \u00fanico pop up &#8216;Tributo al dise\u00f1ador Karl Lagerfeld&#8217; estar\u00e1 en El Corte Ingl\u00e9s de Serrano\"}]},{\"@type\":\"WebSite\",\"@id\":\"https:\/\/graziamagazine.com\/es\/#website\",\"url\":\"https:\/\/graziamagazine.com\/es\/\",\"name\":\"Grazia\",\"description\":\"Moda, belleza, celebrities, estilo de vida...\",\"potentialAction\":[{\"@type\":\"SearchAction\",\"target\":{\"@type\":\"EntryPoint\",\"urlTemplate\":\"https:\/\/graziamagazine.com\/es\/?s={search_term_string}\"},\"query-input\":\"required name=search_term_string\"}],\"inLanguage\":\"es\"}]}<\/script>\n<!-- \/ Yoast SEO Premium plugin. -->","yoast_head_json":{"title":"El primer y \u00fanico pop up 'Tributo al dise\u00f1ador Karl Lagerfeld' estar\u00e1 en El Corte Ingl\u00e9s de Serrano | Grazia","description":"En este espacio, se podr\u00e1 adquirir la ic\u00f3nica camisa blanca del dise\u00f1ador a un precio de 195 euros y el cliente podr\u00e1 personalizar el dise\u00f1o y los detalles.","robots":{"index":"index","follow":"follow","max-snippet":"max-snippet:-1","max-image-preview":"max-image-preview:large","max-video-preview":"max-video-preview:-1"},"canonical":"https:\/\/graziamagazine.com\/es\/articles\/el-primer-y-unico-pop-up-tributo-al-disenador-karl-lagerfeld-estara-en-el-corte-ingles-de-serrano\/","og_locale":"es_ES","og_type":"article","og_title":"El primer y \u00fanico pop up 'Tributo al dise\u00f1ador Karl Lagerfeld' estar\u00e1 en El Corte Ingl\u00e9s de Serrano","og_description":"En este espacio, se podr\u00e1 adquirir la ic\u00f3nica camisa blanca del dise\u00f1ador a un precio de 195 euros y el cliente podr\u00e1 personalizar el dise\u00f1o y los detalles.","og_url":"https:\/\/graziamagazine.com\/es\/articles\/el-primer-y-unico-pop-up-tributo-al-disenador-karl-lagerfeld-estara-en-el-corte-ingles-de-serrano\/","og_site_name":"Grazia","article_modified_time":"2019-10-24T14:34:44+00:00","og_image":[{"width":927,"height":656,"url":"https:\/\/graziamagazine.com\/es\/wp-content\/uploads\/sites\/12\/2019\/10\/Captura-de-pantalla-2019-10-24-a-las-15.48.02.png?fit=927%2C656","type":"image\/png"}],"twitter_card":"summary_large_image","twitter_misc":{"Est. reading time":"2 minutos"},"schema":{"@context":"https:\/\/schema.org","@graph":[{"@type":"WebPage","@id":"https:\/\/graziamagazine.com\/es\/articles\/el-primer-y-unico-pop-up-tributo-al-disenador-karl-lagerfeld-estara-en-el-corte-ingles-de-serrano\/","url":"https:\/\/graziamagazine.com\/es\/articles\/el-primer-y-unico-pop-up-tributo-al-disenador-karl-lagerfeld-estara-en-el-corte-ingles-de-serrano\/","name":"El primer y \u00fanico pop up 'Tributo al dise\u00f1ador Karl Lagerfeld' estar\u00e1 en El Corte Ingl\u00e9s de Serrano | Grazia","isPartOf":{"@id":"https:\/\/graziamagazine.com\/es\/#website"},"datePublished":"2019-10-24T13:52:01+00:00","dateModified":"2019-10-24T14:34:44+00:00","description":"En este espacio, se podr\u00e1 adquirir la ic\u00f3nica camisa blanca del dise\u00f1ador a un precio de 195 euros y el cliente podr\u00e1 personalizar el dise\u00f1o y los detalles.","breadcrumb":{"@id":"https:\/\/graziamagazine.com\/es\/articles\/el-primer-y-unico-pop-up-tributo-al-disenador-karl-lagerfeld-estara-en-el-corte-ingles-de-serrano\/#breadcrumb"},"inLanguage":"es","potentialAction":[{"@type":"ReadAction","target":["https:\/\/graziamagazine.com\/es\/articles\/el-primer-y-unico-pop-up-tributo-al-disenador-karl-lagerfeld-estara-en-el-corte-ingles-de-serrano\/"]}]},{"@type":"BreadcrumbList","@id":"https:\/\/graziamagazine.com\/es\/articles\/el-primer-y-unico-pop-up-tributo-al-disenador-karl-lagerfeld-estara-en-el-corte-ingles-de-serrano\/#breadcrumb","itemListElement":[{"@type":"ListItem","position":1,"name":"Portada","item":"https:\/\/graziamagazine.com\/es\/"},{"@type":"ListItem","position":2,"name":"El primer y \u00fanico pop up &#8216;Tributo al dise\u00f1ador Karl Lagerfeld&#8217; estar\u00e1 en El Corte Ingl\u00e9s de Serrano"}]},{"@type":"WebSite","@id":"https:\/\/graziamagazine.com\/es\/#website","url":"https:\/\/graziamagazine.com\/es\/","name":"Grazia","description":"Moda, belleza, celebrities, estilo de vida...","potentialAction":[{"@type":"SearchAction","target":{"@type":"EntryPoint","urlTemplate":"https:\/\/graziamagazine.com\/es\/?s={search_term_string}"},"query-input":"required name=search_term_string"}],"inLanguage":"es"}]}},"jetpack_sharing_enabled":true,"distributor_meta":false,"distributor_terms":false,"distributor_media":false,"distributor_original_site_name":"Grazia","distributor_original_site_url":"https:\/\/graziamagazine.com\/es","push-errors":false,"_links":{"self":[{"href":"https:\/\/graziamagazine.com\/es\/wp-json\/wp\/v2\/articles\/148922"}],"collection":[{"href":"https:\/\/graziamagazine.com\/es\/wp-json\/wp\/v2\/articles"}],"about":[{"href":"https:\/\/graziamagazine.com\/es\/wp-json\/wp\/v2\/types\/articles"}],"author":[{"embeddable":true,"href":"https:\/\/graziamagazine.com\/es\/wp-json\/wp\/v2\/users\/24470"}],"wp:featuredmedia":[{"embeddable":true,"href":"https:\/\/graziamagazine.com\/es\/wp-json\/wp\/v2\/media\/148925"}],"wp:attachment":[{"href":"https:\/\/graziamagazine.com\/es\/wp-json\/wp\/v2\/media?parent=148922"}],"wp:term":[{"taxonomy":"category","embeddable":true,"href":"https:\/\/graziamagazine.com\/es\/wp-json\/wp\/v2\/categories?post=148922"}],"curies":[{"name":"wp","href":"https:\/\/api.w.org\/{rel}","templated":true}]}}