{"id":148781,"date":"2019-10-22T08:47:31","date_gmt":"2019-10-22T06:47:31","guid":{"rendered":"https:\/\/graziamagazine.com\/es\/?p=148781"},"modified":"2019-10-22T08:47:31","modified_gmt":"2019-10-22T06:47:31","slug":"leandra-medine-y-mango-lanzan-una-coleccion-capsula-de-edicion-limitada","status":"publish","type":"articles","link":"https:\/\/graziamagazine.com\/es\/articles\/leandra-medine-y-mango-lanzan-una-coleccion-capsula-de-edicion-limitada\/","title":{"rendered":"Leandra Medine y Mango lanzan una colecci\u00f3n c\u00e1psula de edici\u00f3n limitada"},"content":{"rendered":"<p>La esperada <strong>colecci\u00f3n Leandra Medine x Mango ya est\u00e1 disponible<\/strong>. La creadora de la web <a href=\"https:\/\/www.manrepeller.com\/\" target=\"_blank\">Man Repeller<\/a> ha dise\u00f1ado una edici\u00f3n limitada para la marca trasladando su personalidad y estilo ecl\u00e9ctico a una selecci\u00f3n de m\u00e1s de 30 dise\u00f1os y accesorios.<\/p>\n<p><em>\u201cImagina un A\u00f1o Nuevo en una ciudad de esqu\u00ed europea mezclado con el campus de una universidad estadounidense de los a\u00f1os 60 y a\u00f1\u00e1dele un par de estampados florales bordados\u201d ,\u00a0<\/em>explica la consultora de moda sobre el imaginario que ha creado para la colecci\u00f3n. Inspirada en un mundo lleno de contrastes, mezcla la comodidad de piezas b\u00e1sicas y la elegancia de prendas festivas para crear estilismos con detalles rompedores, un sello caracter\u00edstico de este icono de estilo.<\/p>\n<p>Esta colecci\u00f3n c\u00e1psula <strong>est\u00e1 repleta de detalles originales<\/strong> que dotan de personalidad a las prendas: <strong>botones joya, plumas, bordados coloridos, lentejuelas en blusas vaporosas y estampados atrevidos<\/strong>. En esta misma l\u00ednea se encuentran los complementos de estilo elegante donde tejidos aterciopelados, accesorios con cadenas, elementos llamativos y tonalidades doradas rompen con un car\u00e1cter desenfadado.<\/p>\n<p><img loading=\"lazy\" decoding=\"async\" class=\"aligncenter size-full wp-image-148784\" src=\"https:\/\/graziamagazine.com\/es\/wp-content\/uploads\/sites\/12\/2019\/10\/GRAZIA-mango-leandra-medine-4.jpeg\" alt=\"As\u00ed es la colecci\u00f3n c\u00e1psula de Leandra Medine para Mango\" width=\"1366\" height=\"1025\" srcset=\"https:\/\/graziamagazine.com\/es\/wp-content\/uploads\/sites\/12\/2019\/10\/GRAZIA-mango-leandra-medine-4.jpeg 1366w, https:\/\/graziamagazine.com\/es\/wp-content\/uploads\/sites\/12\/2019\/10\/GRAZIA-mango-leandra-medine-4.jpeg?resize=300,225 300w, https:\/\/graziamagazine.com\/es\/wp-content\/uploads\/sites\/12\/2019\/10\/GRAZIA-mango-leandra-medine-4.jpeg?resize=768,576 768w, https:\/\/graziamagazine.com\/es\/wp-content\/uploads\/sites\/12\/2019\/10\/GRAZIA-mango-leandra-medine-4.jpeg?resize=1024,768 1024w, https:\/\/graziamagazine.com\/es\/wp-content\/uploads\/sites\/12\/2019\/10\/GRAZIA-mango-leandra-medine-4.jpeg?resize=155,116 155w\" sizes=\"(max-width: 1366px) 100vw, 1366px\" \/><\/p>\n<p>La colecci\u00f3n juega con la<strong> mezcla de diferentes materiales<\/strong> entre los que destacan los tejidos reciclados como el algod\u00f3n, la lana o el poli\u00e9ster, adem\u00e1s de usar nuevos procesos aplicados a la producci\u00f3n de prendas como los jeans.<\/p>\n<p>Esta c\u00e1psula de edici\u00f3n limitada se encuentra <strong>ya disponible online<\/strong> en todos los mercados y en tiendas f\u00edsicas de pa\u00edses como Espa\u00f1a, Francia, Italia, Portugal, Reino Unido, Alemania o Estados Unidos.<\/p>\n<p><img loading=\"lazy\" decoding=\"async\" class=\"aligncenter size-full wp-image-148785\" src=\"https:\/\/graziamagazine.com\/es\/wp-content\/uploads\/sites\/12\/2019\/10\/GRAZIA-mango-leandra-medine-3.jpeg\" alt=\"As\u00ed es la colecci\u00f3n c\u00e1psula de Leandra Medine para Mango\" width=\"1366\" height=\"1821\" srcset=\"https:\/\/graziamagazine.com\/es\/wp-content\/uploads\/sites\/12\/2019\/10\/GRAZIA-mango-leandra-medine-3.jpeg 1366w, https:\/\/graziamagazine.com\/es\/wp-content\/uploads\/sites\/12\/2019\/10\/GRAZIA-mango-leandra-medine-3.jpeg?resize=225,300 225w, https:\/\/graziamagazine.com\/es\/wp-content\/uploads\/sites\/12\/2019\/10\/GRAZIA-mango-leandra-medine-3.jpeg?resize=768,1024 768w, https:\/\/graziamagazine.com\/es\/wp-content\/uploads\/sites\/12\/2019\/10\/GRAZIA-mango-leandra-medine-3.jpeg?resize=1152,1536 1152w, https:\/\/graziamagazine.com\/es\/wp-content\/uploads\/sites\/12\/2019\/10\/GRAZIA-mango-leandra-medine-3.jpeg?resize=155,207 155w\" sizes=\"(max-width: 1366px) 100vw, 1366px\" \/><\/p>\n<p><img loading=\"lazy\" decoding=\"async\" class=\"aligncenter size-full wp-image-148786\" src=\"https:\/\/graziamagazine.com\/es\/wp-content\/uploads\/sites\/12\/2019\/10\/GRAZIA-mango-leandra-medine-2.jpeg\" alt=\"As\u00ed es la colecci\u00f3n c\u00e1psula de Leandra Medine para Mango\" width=\"1366\" height=\"1025\" srcset=\"https:\/\/graziamagazine.com\/es\/wp-content\/uploads\/sites\/12\/2019\/10\/GRAZIA-mango-leandra-medine-2.jpeg 1366w, https:\/\/graziamagazine.com\/es\/wp-content\/uploads\/sites\/12\/2019\/10\/GRAZIA-mango-leandra-medine-2.jpeg?resize=300,225 300w, https:\/\/graziamagazine.com\/es\/wp-content\/uploads\/sites\/12\/2019\/10\/GRAZIA-mango-leandra-medine-2.jpeg?resize=768,576 768w, https:\/\/graziamagazine.com\/es\/wp-content\/uploads\/sites\/12\/2019\/10\/GRAZIA-mango-leandra-medine-2.jpeg?resize=1024,768 1024w, https:\/\/graziamagazine.com\/es\/wp-content\/uploads\/sites\/12\/2019\/10\/GRAZIA-mango-leandra-medine-2.jpeg?resize=155,116 155w\" sizes=\"(max-width: 1366px) 100vw, 1366px\" \/><\/p>\n<p>C\u00e9lebre por su estilo, Leandra Medine lleva a\u00f1os colaborando con la marca como protagonista en proyectos anteriores como <em>Journeys<\/em> y como parte del universo actual de Mango, #Mangogirls. La iniciativa Leandra Medine x Mango da continuidad a la estela de dise\u00f1os desarrollados en conjunto con otras marcas, artistas y colaboradores de Mango.<\/p>\n","protected":false},"author":24470,"featured_media":148783,"template":"","format":"standard","categories":[1],"acf":[],"yoast_head":"<!-- This site is optimized with the Yoast SEO Premium plugin v18.5 (Yoast SEO v20.4) - https:\/\/yoast.com\/wordpress\/plugins\/seo\/ -->\n<title>Leandra Medine y Mango lanzan una colecci\u00f3n c\u00e1psula de edici\u00f3n limitada | Grazia<\/title>\n<meta name=\"description\" content=\"Los dise\u00f1os llevan el particular sello de la prescriptora de moda: el contraste entre la comodidad de piezas b\u00e1sicas y la elegancia de prendas festivas.\" \/>\n<meta name=\"robots\" content=\"index, follow, max-snippet:-1, max-image-preview:large, max-video-preview:-1\" \/>\n<link rel=\"canonical\" href=\"https:\/\/graziamagazine.com\/es\/articles\/leandra-medine-y-mango-lanzan-una-coleccion-capsula-de-edicion-limitada\/\" \/>\n<meta property=\"og:locale\" content=\"es_ES\" \/>\n<meta property=\"og:type\" content=\"article\" \/>\n<meta property=\"og:title\" content=\"Leandra Medine y Mango lanzan una colecci\u00f3n c\u00e1psula de edici\u00f3n limitada\" \/>\n<meta property=\"og:description\" content=\"Los dise\u00f1os llevan el particular sello de la prescriptora de moda: el contraste entre la comodidad de piezas b\u00e1sicas y la elegancia de prendas festivas.\" \/>\n<meta property=\"og:url\" content=\"https:\/\/graziamagazine.com\/es\/articles\/leandra-medine-y-mango-lanzan-una-coleccion-capsula-de-edicion-limitada\/\" \/>\n<meta property=\"og:site_name\" content=\"Grazia\" \/>\n<meta property=\"og:image\" content=\"https:\/\/graziamagazine.com\/es\/wp-content\/uploads\/sites\/12\/2019\/10\/GRAZIA-mango-leandra-medine.jpeg?fit=2048%2C1536\" \/>\n\t<meta property=\"og:image:width\" content=\"2048\" \/>\n\t<meta property=\"og:image:height\" content=\"1536\" \/>\n\t<meta property=\"og:image:type\" content=\"image\/jpeg\" \/>\n<meta name=\"twitter:card\" content=\"summary_large_image\" \/>\n<meta name=\"twitter:label1\" content=\"Est. reading time\" \/>\n\t<meta name=\"twitter:data1\" content=\"2 minutos\" \/>\n<script type=\"application\/ld+json\" class=\"yoast-schema-graph\">{\"@context\":\"https:\/\/schema.org\",\"@graph\":[{\"@type\":\"WebPage\",\"@id\":\"https:\/\/graziamagazine.com\/es\/articles\/leandra-medine-y-mango-lanzan-una-coleccion-capsula-de-edicion-limitada\/\",\"url\":\"https:\/\/graziamagazine.com\/es\/articles\/leandra-medine-y-mango-lanzan-una-coleccion-capsula-de-edicion-limitada\/\",\"name\":\"Leandra Medine y Mango lanzan una colecci\u00f3n c\u00e1psula de edici\u00f3n limitada | Grazia\",\"isPartOf\":{\"@id\":\"https:\/\/graziamagazine.com\/es\/#website\"},\"datePublished\":\"2019-10-22T06:47:31+00:00\",\"dateModified\":\"2019-10-22T06:47:31+00:00\",\"description\":\"Los dise\u00f1os llevan el particular sello de la prescriptora de moda: el contraste entre la comodidad de piezas b\u00e1sicas y la elegancia de prendas festivas.\",\"breadcrumb\":{\"@id\":\"https:\/\/graziamagazine.com\/es\/articles\/leandra-medine-y-mango-lanzan-una-coleccion-capsula-de-edicion-limitada\/#breadcrumb\"},\"inLanguage\":\"es\",\"potentialAction\":[{\"@type\":\"ReadAction\",\"target\":[\"https:\/\/graziamagazine.com\/es\/articles\/leandra-medine-y-mango-lanzan-una-coleccion-capsula-de-edicion-limitada\/\"]}]},{\"@type\":\"BreadcrumbList\",\"@id\":\"https:\/\/graziamagazine.com\/es\/articles\/leandra-medine-y-mango-lanzan-una-coleccion-capsula-de-edicion-limitada\/#breadcrumb\",\"itemListElement\":[{\"@type\":\"ListItem\",\"position\":1,\"name\":\"Portada\",\"item\":\"https:\/\/graziamagazine.com\/es\/\"},{\"@type\":\"ListItem\",\"position\":2,\"name\":\"Leandra Medine y Mango lanzan una colecci\u00f3n c\u00e1psula de edici\u00f3n limitada\"}]},{\"@type\":\"WebSite\",\"@id\":\"https:\/\/graziamagazine.com\/es\/#website\",\"url\":\"https:\/\/graziamagazine.com\/es\/\",\"name\":\"Grazia\",\"description\":\"Moda, belleza, celebrities, estilo de vida...\",\"potentialAction\":[{\"@type\":\"SearchAction\",\"target\":{\"@type\":\"EntryPoint\",\"urlTemplate\":\"https:\/\/graziamagazine.com\/es\/?s={search_term_string}\"},\"query-input\":\"required name=search_term_string\"}],\"inLanguage\":\"es\"}]}<\/script>\n<!-- \/ Yoast SEO Premium plugin. -->","yoast_head_json":{"title":"Leandra Medine y Mango lanzan una colecci\u00f3n c\u00e1psula de edici\u00f3n limitada | Grazia","description":"Los dise\u00f1os llevan el particular sello de la prescriptora de moda: el contraste entre la comodidad de piezas b\u00e1sicas y la elegancia de prendas festivas.","robots":{"index":"index","follow":"follow","max-snippet":"max-snippet:-1","max-image-preview":"max-image-preview:large","max-video-preview":"max-video-preview:-1"},"canonical":"https:\/\/graziamagazine.com\/es\/articles\/leandra-medine-y-mango-lanzan-una-coleccion-capsula-de-edicion-limitada\/","og_locale":"es_ES","og_type":"article","og_title":"Leandra Medine y Mango lanzan una colecci\u00f3n c\u00e1psula de edici\u00f3n limitada","og_description":"Los dise\u00f1os llevan el particular sello de la prescriptora de moda: el contraste entre la comodidad de piezas b\u00e1sicas y la elegancia de prendas festivas.","og_url":"https:\/\/graziamagazine.com\/es\/articles\/leandra-medine-y-mango-lanzan-una-coleccion-capsula-de-edicion-limitada\/","og_site_name":"Grazia","og_image":[{"width":2048,"height":1536,"url":"https:\/\/graziamagazine.com\/es\/wp-content\/uploads\/sites\/12\/2019\/10\/GRAZIA-mango-leandra-medine.jpeg?fit=2048%2C1536","type":"image\/jpeg"}],"twitter_card":"summary_large_image","twitter_misc":{"Est. reading time":"2 minutos"},"schema":{"@context":"https:\/\/schema.org","@graph":[{"@type":"WebPage","@id":"https:\/\/graziamagazine.com\/es\/articles\/leandra-medine-y-mango-lanzan-una-coleccion-capsula-de-edicion-limitada\/","url":"https:\/\/graziamagazine.com\/es\/articles\/leandra-medine-y-mango-lanzan-una-coleccion-capsula-de-edicion-limitada\/","name":"Leandra Medine y Mango lanzan una colecci\u00f3n c\u00e1psula de edici\u00f3n limitada | Grazia","isPartOf":{"@id":"https:\/\/graziamagazine.com\/es\/#website"},"datePublished":"2019-10-22T06:47:31+00:00","dateModified":"2019-10-22T06:47:31+00:00","description":"Los dise\u00f1os llevan el particular sello de la prescriptora de moda: el contraste entre la comodidad de piezas b\u00e1sicas y la elegancia de prendas festivas.","breadcrumb":{"@id":"https:\/\/graziamagazine.com\/es\/articles\/leandra-medine-y-mango-lanzan-una-coleccion-capsula-de-edicion-limitada\/#breadcrumb"},"inLanguage":"es","potentialAction":[{"@type":"ReadAction","target":["https:\/\/graziamagazine.com\/es\/articles\/leandra-medine-y-mango-lanzan-una-coleccion-capsula-de-edicion-limitada\/"]}]},{"@type":"BreadcrumbList","@id":"https:\/\/graziamagazine.com\/es\/articles\/leandra-medine-y-mango-lanzan-una-coleccion-capsula-de-edicion-limitada\/#breadcrumb","itemListElement":[{"@type":"ListItem","position":1,"name":"Portada","item":"https:\/\/graziamagazine.com\/es\/"},{"@type":"ListItem","position":2,"name":"Leandra Medine y Mango lanzan una colecci\u00f3n c\u00e1psula de edici\u00f3n limitada"}]},{"@type":"WebSite","@id":"https:\/\/graziamagazine.com\/es\/#website","url":"https:\/\/graziamagazine.com\/es\/","name":"Grazia","description":"Moda, belleza, celebrities, estilo de vida...","potentialAction":[{"@type":"SearchAction","target":{"@type":"EntryPoint","urlTemplate":"https:\/\/graziamagazine.com\/es\/?s={search_term_string}"},"query-input":"required name=search_term_string"}],"inLanguage":"es"}]}},"jetpack_sharing_enabled":true,"distributor_meta":false,"distributor_terms":false,"distributor_media":false,"distributor_original_site_name":"Grazia","distributor_original_site_url":"https:\/\/graziamagazine.com\/es","push-errors":false,"_links":{"self":[{"href":"https:\/\/graziamagazine.com\/es\/wp-json\/wp\/v2\/articles\/148781"}],"collection":[{"href":"https:\/\/graziamagazine.com\/es\/wp-json\/wp\/v2\/articles"}],"about":[{"href":"https:\/\/graziamagazine.com\/es\/wp-json\/wp\/v2\/types\/articles"}],"author":[{"embeddable":true,"href":"https:\/\/graziamagazine.com\/es\/wp-json\/wp\/v2\/users\/24470"}],"wp:featuredmedia":[{"embeddable":true,"href":"https:\/\/graziamagazine.com\/es\/wp-json\/wp\/v2\/media\/148783"}],"wp:attachment":[{"href":"https:\/\/graziamagazine.com\/es\/wp-json\/wp\/v2\/media?parent=148781"}],"wp:term":[{"taxonomy":"category","embeddable":true,"href":"https:\/\/graziamagazine.com\/es\/wp-json\/wp\/v2\/categories?post=148781"}],"curies":[{"name":"wp","href":"https:\/\/api.w.org\/{rel}","templated":true}]}}