{"id":148759,"date":"2019-10-20T22:27:43","date_gmt":"2019-10-20T20:27:43","guid":{"rendered":"https:\/\/graziamagazine.com\/es\/?p=148759"},"modified":"2019-10-20T22:27:43","modified_gmt":"2019-10-20T20:27:43","slug":"el-homenaje-de-sofia-coppola-a-chanel-es-asi-de-bonito","status":"publish","type":"articles","link":"https:\/\/graziamagazine.com\/es\/articles\/el-homenaje-de-sofia-coppola-a-chanel-es-asi-de-bonito\/","title":{"rendered":"El homenaje de Sofia Coppola a Chanel es as\u00ed de bonito"},"content":{"rendered":"<p>La relaci\u00f3n entre\u00a0<strong>Sofia Coppola<\/strong>\u00a0y\u00a0<strong>Chanel<\/strong>\u00a0es una historia de amor de esas que duran para toda la vida, es por eso que la afamada directora ha creado un v\u00eddeo conmovedor sobre la historia de una de las casas de moda m\u00e1s famosas del mundo.<\/p>\n<p class=\"p1\"><span class=\"s1\">Antes ya hab\u00edamos visto trabajos de la cineasta sobre moda, sin embargo, lo hecho para la\u00a0<em>maison<\/em>\u00a0resulta especial, ya que desde muy joven, estuvo invitada a trabajar junto a\u00a0<strong>Karl Lagerfeld<\/strong>\u00a0en un estudio de creaci\u00f3n.<\/span><\/p>\n<p class=\"p1 linkAfter\"><span class=\"s1\">A pesar de que\u00a0el k\u00e1iser de\u00a0la moda ya falleci\u00f3, Sofia se ha mantenido muy cerca de su sucesora,\u00a0<strong>Virginie Viard<\/strong>\u00a0y gracias a esa gran relaci\u00f3n, naci\u00f3 el v\u00eddeo-collage en el que hace un homenaje al legado de\u00a0<strong>Gabrielle Chanel<\/strong>. El motivo de esta pieza cinematogr\u00e1fica es la exposici\u00f3n\u00a0<em>Mademoiselle Priv\u00e9<\/em>, que Chanel\u00a0ha inaugurado el pasado 19 de octubre en\u00a0<strong>Tokio<\/strong>.<\/span><\/p>\n<p class=\"p1\"><span class=\"s1\">En este v\u00eddeo podemos observar c\u00f3mo se plasma una combinaci\u00f3n de videos, anuncios y extractos de pel\u00edculas que muestran la aportaci\u00f3n a la firma francesa, tambi\u00e9n muestra im\u00e1genes de personajes como\u00a0<strong>Catherine Deneuve, Romy Schneider,\u00a0<\/strong><strong>Marilyn Monroe,\u00a0Lily-Rose Melody Depp<\/strong>\u00a0o\u00a0<strong>Liz Taylor<\/strong>, que en su momento fueron la imagen de la casa.<span class=\"Apple-converted-space\">\u00a0\u00a0<\/span>Bajo una mirada diferente, nos ense\u00f1a la evoluci\u00f3n de los dise\u00f1os m\u00e1s ic\u00f3nicos de\u00a0<strong>Karl Lagerfeld<\/strong>, llegando hasta lo que ha creado recientemente Virginie Viard.<\/span><\/p>\n<p class=\"p1\"><span class=\"s1\">La exposici\u00f3n se podr\u00e1 ver hasta el pr\u00f3ximo 1 de diciembre y se dividir\u00e1 en Alta Costura, perfumer\u00eda y joyer\u00eda, pero lo que m\u00e1s destaca es el relanzamiento de\u00a0<em>Bijoux de Diamants<\/em>, la \u00fanica colecci\u00f3n de joyas dise\u00f1ada por\u00a0<strong>Gabrielle Chanel.<\/strong><\/span><\/p>\n<p><iframe loading=\"lazy\" title=\"&quot;In Homage to Mademoiselle\u201d as seen by Sofia Coppola - Mademoiselle Priv\u00e9 Tokyo - CHANEL\" width=\"500\" height=\"281\" src=\"https:\/\/www.youtube.com\/embed\/RTVwIZO40q0?feature=oembed\" frameborder=\"0\" allow=\"accelerometer; autoplay; encrypted-media; gyroscope; picture-in-picture\" allowfullscreen><\/iframe><\/p>\n","protected":false},"author":24470,"featured_media":148760,"template":"","format":"standard","categories":[2134,1],"acf":[],"yoast_head":"<!-- This site is optimized with the Yoast SEO Premium plugin v18.5 (Yoast SEO v20.4) - https:\/\/yoast.com\/wordpress\/plugins\/seo\/ -->\n<title>El homenaje de Sofia Coppola a Chanel es as\u00ed de bonito | Grazia<\/title>\n<meta name=\"description\" content=\"La directora mantiene desde hace a\u00f1os una relaci\u00f3n muy emotiva con la casa, y ha querido rendir homenaje a la maison con una obra muy emotiva en formato audiovisual.\" \/>\n<meta name=\"robots\" content=\"index, follow, max-snippet:-1, max-image-preview:large, max-video-preview:-1\" \/>\n<link rel=\"canonical\" href=\"https:\/\/graziamagazine.com\/es\/articles\/el-homenaje-de-sofia-coppola-a-chanel-es-asi-de-bonito\/\" \/>\n<meta property=\"og:locale\" content=\"es_ES\" \/>\n<meta property=\"og:type\" content=\"article\" \/>\n<meta property=\"og:title\" content=\"El homenaje de Sofia Coppola a Chanel es as\u00ed de bonito\" \/>\n<meta property=\"og:description\" content=\"La directora mantiene desde hace a\u00f1os una relaci\u00f3n muy emotiva con la casa, y ha querido rendir homenaje a la maison con una obra muy emotiva en formato audiovisual.\" \/>\n<meta property=\"og:url\" content=\"https:\/\/graziamagazine.com\/es\/articles\/el-homenaje-de-sofia-coppola-a-chanel-es-asi-de-bonito\/\" \/>\n<meta property=\"og:site_name\" content=\"Grazia\" \/>\n<meta property=\"og:image\" content=\"https:\/\/graziamagazine.com\/es\/wp-content\/uploads\/sites\/12\/2019\/10\/GRAZIA-video-chanel-sofia-coppola.jpeg?fit=1080%2C1080\" \/>\n\t<meta property=\"og:image:width\" content=\"1080\" \/>\n\t<meta property=\"og:image:height\" content=\"1080\" \/>\n\t<meta property=\"og:image:type\" content=\"image\/jpeg\" \/>\n<meta name=\"twitter:card\" content=\"summary_large_image\" \/>\n<meta name=\"twitter:label1\" content=\"Est. reading time\" \/>\n\t<meta name=\"twitter:data1\" content=\"2 minutos\" \/>\n<script type=\"application\/ld+json\" class=\"yoast-schema-graph\">{\"@context\":\"https:\/\/schema.org\",\"@graph\":[{\"@type\":\"WebPage\",\"@id\":\"https:\/\/graziamagazine.com\/es\/articles\/el-homenaje-de-sofia-coppola-a-chanel-es-asi-de-bonito\/\",\"url\":\"https:\/\/graziamagazine.com\/es\/articles\/el-homenaje-de-sofia-coppola-a-chanel-es-asi-de-bonito\/\",\"name\":\"El homenaje de Sofia Coppola a Chanel es as\u00ed de bonito | Grazia\",\"isPartOf\":{\"@id\":\"https:\/\/graziamagazine.com\/es\/#website\"},\"datePublished\":\"2019-10-20T20:27:43+00:00\",\"dateModified\":\"2019-10-20T20:27:43+00:00\",\"description\":\"La directora mantiene desde hace a\u00f1os una relaci\u00f3n muy emotiva con la casa, y ha querido rendir homenaje a la maison con una obra muy emotiva en formato audiovisual.\",\"breadcrumb\":{\"@id\":\"https:\/\/graziamagazine.com\/es\/articles\/el-homenaje-de-sofia-coppola-a-chanel-es-asi-de-bonito\/#breadcrumb\"},\"inLanguage\":\"es\",\"potentialAction\":[{\"@type\":\"ReadAction\",\"target\":[\"https:\/\/graziamagazine.com\/es\/articles\/el-homenaje-de-sofia-coppola-a-chanel-es-asi-de-bonito\/\"]}]},{\"@type\":\"BreadcrumbList\",\"@id\":\"https:\/\/graziamagazine.com\/es\/articles\/el-homenaje-de-sofia-coppola-a-chanel-es-asi-de-bonito\/#breadcrumb\",\"itemListElement\":[{\"@type\":\"ListItem\",\"position\":1,\"name\":\"Portada\",\"item\":\"https:\/\/graziamagazine.com\/es\/\"},{\"@type\":\"ListItem\",\"position\":2,\"name\":\"El homenaje de Sofia Coppola a Chanel es as\u00ed de bonito\"}]},{\"@type\":\"WebSite\",\"@id\":\"https:\/\/graziamagazine.com\/es\/#website\",\"url\":\"https:\/\/graziamagazine.com\/es\/\",\"name\":\"Grazia\",\"description\":\"Moda, belleza, celebrities, estilo de vida...\",\"potentialAction\":[{\"@type\":\"SearchAction\",\"target\":{\"@type\":\"EntryPoint\",\"urlTemplate\":\"https:\/\/graziamagazine.com\/es\/?s={search_term_string}\"},\"query-input\":\"required name=search_term_string\"}],\"inLanguage\":\"es\"}]}<\/script>\n<!-- \/ Yoast SEO Premium plugin. -->","yoast_head_json":{"title":"El homenaje de Sofia Coppola a Chanel es as\u00ed de bonito | Grazia","description":"La directora mantiene desde hace a\u00f1os una relaci\u00f3n muy emotiva con la casa, y ha querido rendir homenaje a la maison con una obra muy emotiva en formato audiovisual.","robots":{"index":"index","follow":"follow","max-snippet":"max-snippet:-1","max-image-preview":"max-image-preview:large","max-video-preview":"max-video-preview:-1"},"canonical":"https:\/\/graziamagazine.com\/es\/articles\/el-homenaje-de-sofia-coppola-a-chanel-es-asi-de-bonito\/","og_locale":"es_ES","og_type":"article","og_title":"El homenaje de Sofia Coppola a Chanel es as\u00ed de bonito","og_description":"La directora mantiene desde hace a\u00f1os una relaci\u00f3n muy emotiva con la casa, y ha querido rendir homenaje a la maison con una obra muy emotiva en formato audiovisual.","og_url":"https:\/\/graziamagazine.com\/es\/articles\/el-homenaje-de-sofia-coppola-a-chanel-es-asi-de-bonito\/","og_site_name":"Grazia","og_image":[{"width":1080,"height":1080,"url":"https:\/\/graziamagazine.com\/es\/wp-content\/uploads\/sites\/12\/2019\/10\/GRAZIA-video-chanel-sofia-coppola.jpeg?fit=1080%2C1080","type":"image\/jpeg"}],"twitter_card":"summary_large_image","twitter_misc":{"Est. reading time":"2 minutos"},"schema":{"@context":"https:\/\/schema.org","@graph":[{"@type":"WebPage","@id":"https:\/\/graziamagazine.com\/es\/articles\/el-homenaje-de-sofia-coppola-a-chanel-es-asi-de-bonito\/","url":"https:\/\/graziamagazine.com\/es\/articles\/el-homenaje-de-sofia-coppola-a-chanel-es-asi-de-bonito\/","name":"El homenaje de Sofia Coppola a Chanel es as\u00ed de bonito | Grazia","isPartOf":{"@id":"https:\/\/graziamagazine.com\/es\/#website"},"datePublished":"2019-10-20T20:27:43+00:00","dateModified":"2019-10-20T20:27:43+00:00","description":"La directora mantiene desde hace a\u00f1os una relaci\u00f3n muy emotiva con la casa, y ha querido rendir homenaje a la maison con una obra muy emotiva en formato audiovisual.","breadcrumb":{"@id":"https:\/\/graziamagazine.com\/es\/articles\/el-homenaje-de-sofia-coppola-a-chanel-es-asi-de-bonito\/#breadcrumb"},"inLanguage":"es","potentialAction":[{"@type":"ReadAction","target":["https:\/\/graziamagazine.com\/es\/articles\/el-homenaje-de-sofia-coppola-a-chanel-es-asi-de-bonito\/"]}]},{"@type":"BreadcrumbList","@id":"https:\/\/graziamagazine.com\/es\/articles\/el-homenaje-de-sofia-coppola-a-chanel-es-asi-de-bonito\/#breadcrumb","itemListElement":[{"@type":"ListItem","position":1,"name":"Portada","item":"https:\/\/graziamagazine.com\/es\/"},{"@type":"ListItem","position":2,"name":"El homenaje de Sofia Coppola a Chanel es as\u00ed de bonito"}]},{"@type":"WebSite","@id":"https:\/\/graziamagazine.com\/es\/#website","url":"https:\/\/graziamagazine.com\/es\/","name":"Grazia","description":"Moda, belleza, celebrities, estilo de vida...","potentialAction":[{"@type":"SearchAction","target":{"@type":"EntryPoint","urlTemplate":"https:\/\/graziamagazine.com\/es\/?s={search_term_string}"},"query-input":"required name=search_term_string"}],"inLanguage":"es"}]}},"jetpack_sharing_enabled":true,"distributor_meta":false,"distributor_terms":false,"distributor_media":false,"distributor_original_site_name":"Grazia","distributor_original_site_url":"https:\/\/graziamagazine.com\/es","push-errors":false,"_links":{"self":[{"href":"https:\/\/graziamagazine.com\/es\/wp-json\/wp\/v2\/articles\/148759"}],"collection":[{"href":"https:\/\/graziamagazine.com\/es\/wp-json\/wp\/v2\/articles"}],"about":[{"href":"https:\/\/graziamagazine.com\/es\/wp-json\/wp\/v2\/types\/articles"}],"author":[{"embeddable":true,"href":"https:\/\/graziamagazine.com\/es\/wp-json\/wp\/v2\/users\/24470"}],"wp:featuredmedia":[{"embeddable":true,"href":"https:\/\/graziamagazine.com\/es\/wp-json\/wp\/v2\/media\/148760"}],"wp:attachment":[{"href":"https:\/\/graziamagazine.com\/es\/wp-json\/wp\/v2\/media?parent=148759"}],"wp:term":[{"taxonomy":"category","embeddable":true,"href":"https:\/\/graziamagazine.com\/es\/wp-json\/wp\/v2\/categories?post=148759"}],"curies":[{"name":"wp","href":"https:\/\/api.w.org\/{rel}","templated":true}]}}