{"id":148166,"date":"2019-10-01T13:12:39","date_gmt":"2019-10-01T11:12:39","guid":{"rendered":"https:\/\/graziamagazine.com\/es\/?p=148166"},"modified":"2019-10-01T13:12:39","modified_gmt":"2019-10-01T11:12:39","slug":"como-bebemos-cafe-los-espanoles-dia-internacional-del-cafe","status":"publish","type":"articles","link":"https:\/\/graziamagazine.com\/es\/articles\/como-bebemos-cafe-los-espanoles-dia-internacional-del-cafe\/","title":{"rendered":"\u00bfC\u00f3mo bebemos caf\u00e9 los espa\u00f1oles?"},"content":{"rendered":"<p>El <strong>1 de octubre se celebra en todo el mundo el D\u00eda Internacional del Caf\u00e9<\/strong>, una bebida que forma parte del d\u00eda a d\u00eda de muchos en el mundo, y que es m\u00e1s que una bebida, en muchas ocasiones tambi\u00e9n se convierte en un acto social.<\/p>\n<p>Es imposible que a lo largo de tu vida no hayas pronunciado la expresi\u00f3n <strong>\u00ab\u00bfnos tomamos un caf\u00e9?\u00bb,<\/strong> b\u00e1sicamente porque el caf\u00e9 <strong>es uno de los momentos favoritos de los espa\u00f1oles<\/strong>, y lo dice <em>un estudio de Starbucks Espa\u00f1a<\/em> con motivo de la celebraci\u00f3n mundial de esta bebida. En Espa\u00f1a salir a tomar un caf\u00e9 est\u00e1 cargado de\u00a0emoci\u00f3n, sobre todo desde el aspecto humano. Los m\u00e1s cafeteros (9 de cada 10)\u00a0<strong>prefieren tomar su caf\u00e9 en su lugar de referencia<\/strong>, siendo el principal motivo el trato cercano y humano del barista, una figura clave para amar o no esta bebida, seg\u00fan las tendencias <em>gourmet<\/em> actuales.<\/p>\n<p>Pero no solo eso, tambi\u00e9n <strong>es una de las frases m\u00e1s usadas para iniciar una cita rom\u00e1ntica<\/strong> (46%) por encima de otras invitaciones como tomar una copa o incluso salir a comer y cenar. El caf\u00e9 une, incluso para los que no toman caf\u00e9, tambi\u00e9n van a esas \u00abquedadas\u00bb, simplemente por el placer de sentarse en torno a una mesa y compartir con amigos o familia.<\/p>\n<p><img loading=\"lazy\" decoding=\"async\" class=\"aligncenter size-full wp-image-148169\" src=\"https:\/\/graziamagazine.com\/es\/wp-content\/uploads\/sites\/12\/2019\/10\/GRAZIA-dia-cafe.jpg\" alt=\"Como tomamos caf\u00e9 los espa\u00f1oles en el D\u00eda Internacional del Caf\u00e9\" width=\"718\" height=\"858\" srcset=\"https:\/\/graziamagazine.com\/es\/wp-content\/uploads\/sites\/12\/2019\/10\/GRAZIA-dia-cafe.jpg 718w, https:\/\/graziamagazine.com\/es\/wp-content\/uploads\/sites\/12\/2019\/10\/GRAZIA-dia-cafe.jpg?resize=251,300 251w, https:\/\/graziamagazine.com\/es\/wp-content\/uploads\/sites\/12\/2019\/10\/GRAZIA-dia-cafe.jpg?resize=155,185 155w\" sizes=\"(max-width: 718px) 100vw, 718px\" \/><\/p>\n<p>Puede que t\u00fa no seas bebedora de caf\u00e9, pero que sepas como nos cuenta este estudio, que <strong>6 de cada 10 espa\u00f1oles s\u00ed bebe caf\u00e9<\/strong>. Y no solo eso, estamos alucinando con esta cifra:<\/p>\n<blockquote><p>Los espa\u00f1oles dedicamos m\u00e1s de 230 horas a tomar caf\u00e9 al a\u00f1o<\/p><\/blockquote>\n<p>La mayor parte de los bebedores de caf\u00e9 comparten ciertos h\u00e1bitos, como no cambiar el caf\u00e9 por ninguna otra bebida, tomar una media de 14 caf\u00e9s a la semana (unos 728 al a\u00f1o) y pedirlo sobre todo con leche, cortado y solo, aunque siempre hay alg\u00fan <em>coolhunter<\/em> que ya se atreve con los cold brew, por ejemplo.<\/p>\n<p><img loading=\"lazy\" decoding=\"async\" class=\"aligncenter size-full wp-image-148168\" src=\"https:\/\/graziamagazine.com\/es\/wp-content\/uploads\/sites\/12\/2019\/10\/starbucks-coffe-1.jpg\" alt=\"Como tomamos caf\u00e9 los espa\u00f1oles en el D\u00eda Internacional del Caf\u00e9\" width=\"957\" height=\"540\" srcset=\"https:\/\/graziamagazine.com\/es\/wp-content\/uploads\/sites\/12\/2019\/10\/starbucks-coffe-1.jpg 957w, https:\/\/graziamagazine.com\/es\/wp-content\/uploads\/sites\/12\/2019\/10\/starbucks-coffe-1-500x282.jpg 500w, https:\/\/graziamagazine.com\/es\/wp-content\/uploads\/sites\/12\/2019\/10\/starbucks-coffe-1-768x433.jpg 768w, https:\/\/graziamagazine.com\/es\/wp-content\/uploads\/sites\/12\/2019\/10\/starbucks-coffe-1-900x508.jpg 900w, https:\/\/graziamagazine.com\/es\/wp-content\/uploads\/sites\/12\/2019\/10\/starbucks-coffe-1-120x68.jpg 120w, https:\/\/graziamagazine.com\/es\/wp-content\/uploads\/sites\/12\/2019\/10\/starbucks-coffe-1-720x406.jpg 720w, https:\/\/graziamagazine.com\/es\/wp-content\/uploads\/sites\/12\/2019\/10\/starbucks-coffe-1-626x353.jpg 626w, https:\/\/graziamagazine.com\/es\/wp-content\/uploads\/sites\/12\/2019\/10\/starbucks-coffe-1-360x203.jpg 360w, https:\/\/graziamagazine.com\/es\/wp-content\/uploads\/sites\/12\/2019\/10\/starbucks-coffe-1-451x254.jpg 451w\" sizes=\"(max-width: 957px) 100vw, 957px\" \/><\/p>\n<p>Y s\u00ed, en este campo del caf\u00e9, <strong>los Millenials y los Zeta tambi\u00e9n tienen mucho que decir<\/strong>, porque est\u00e1n marcando las nuevas tendencias de consumo, entre ellas que gracias a ellos veamos cada vez m\u00e1s caf\u00e9s en movimiento por la calle, m\u00e1s all\u00e1 de las cafeter\u00edas, camino al trabajo o la escuela.<\/p>\n<p>&nbsp;<\/p>\n<p>&nbsp;<\/p>\n<p>Despu\u00e9s de conocer todos estos secretos, sin duda podemos afirmar que s\u00ed, que los espa\u00f1oles somos MUY cafeteros.<\/p>\n<p>&nbsp;<\/p>\n","protected":false},"author":11653,"featured_media":148171,"template":"","format":"standard","categories":[18],"acf":[],"yoast_head":"<!-- This site is optimized with the Yoast SEO Premium plugin v18.5 (Yoast SEO v20.4) - https:\/\/yoast.com\/wordpress\/plugins\/seo\/ -->\n<title>\u00bfC\u00f3mo bebemos caf\u00e9 los espa\u00f1oles? | Grazia<\/title>\n<meta name=\"description\" content=\"En el D\u00eda Internacional del Caf\u00e9 conocemos algunos secretos de por qu\u00e9 la expresi\u00f3n &quot;\u00bfnos tomamos un caf\u00e9?&quot; forma parte de nuestro d\u00eda a d\u00eda m\u00e1s social.\" \/>\n<meta name=\"robots\" content=\"index, follow, max-snippet:-1, max-image-preview:large, max-video-preview:-1\" \/>\n<link rel=\"canonical\" href=\"https:\/\/graziamagazine.com\/es\/articles\/como-bebemos-cafe-los-espanoles-dia-internacional-del-cafe\/\" \/>\n<meta property=\"og:locale\" content=\"es_ES\" \/>\n<meta property=\"og:type\" content=\"article\" \/>\n<meta property=\"og:title\" content=\"\u00bfC\u00f3mo bebemos caf\u00e9 los espa\u00f1oles?\" \/>\n<meta property=\"og:description\" content=\"En el D\u00eda Internacional del Caf\u00e9 conocemos algunos secretos de por qu\u00e9 la expresi\u00f3n &quot;\u00bfnos tomamos un caf\u00e9?&quot; forma parte de nuestro d\u00eda a d\u00eda m\u00e1s social.\" \/>\n<meta property=\"og:url\" content=\"https:\/\/graziamagazine.com\/es\/articles\/como-bebemos-cafe-los-espanoles-dia-internacional-del-cafe\/\" \/>\n<meta property=\"og:site_name\" content=\"Grazia\" \/>\n<meta property=\"og:image\" content=\"https:\/\/graziamagazine.com\/es\/wp-content\/uploads\/sites\/12\/2019\/10\/GRAZIA-dia-cafe-natalie.jpg?fit=768%2C512\" \/>\n\t<meta property=\"og:image:width\" content=\"768\" \/>\n\t<meta property=\"og:image:height\" content=\"512\" \/>\n\t<meta property=\"og:image:type\" content=\"image\/jpeg\" \/>\n<meta name=\"twitter:card\" content=\"summary_large_image\" \/>\n<meta name=\"twitter:label1\" content=\"Est. reading time\" \/>\n\t<meta name=\"twitter:data1\" content=\"2 minutos\" \/>\n<script type=\"application\/ld+json\" class=\"yoast-schema-graph\">{\"@context\":\"https:\/\/schema.org\",\"@graph\":[{\"@type\":\"WebPage\",\"@id\":\"https:\/\/graziamagazine.com\/es\/articles\/como-bebemos-cafe-los-espanoles-dia-internacional-del-cafe\/\",\"url\":\"https:\/\/graziamagazine.com\/es\/articles\/como-bebemos-cafe-los-espanoles-dia-internacional-del-cafe\/\",\"name\":\"\u00bfC\u00f3mo bebemos caf\u00e9 los espa\u00f1oles? | Grazia\",\"isPartOf\":{\"@id\":\"https:\/\/graziamagazine.com\/es\/#website\"},\"datePublished\":\"2019-10-01T11:12:39+00:00\",\"dateModified\":\"2019-10-01T11:12:39+00:00\",\"description\":\"En el D\u00eda Internacional del Caf\u00e9 conocemos algunos secretos de por qu\u00e9 la expresi\u00f3n \\\"\u00bfnos tomamos un caf\u00e9?\\\" forma parte de nuestro d\u00eda a d\u00eda m\u00e1s social.\",\"breadcrumb\":{\"@id\":\"https:\/\/graziamagazine.com\/es\/articles\/como-bebemos-cafe-los-espanoles-dia-internacional-del-cafe\/#breadcrumb\"},\"inLanguage\":\"es\",\"potentialAction\":[{\"@type\":\"ReadAction\",\"target\":[\"https:\/\/graziamagazine.com\/es\/articles\/como-bebemos-cafe-los-espanoles-dia-internacional-del-cafe\/\"]}]},{\"@type\":\"BreadcrumbList\",\"@id\":\"https:\/\/graziamagazine.com\/es\/articles\/como-bebemos-cafe-los-espanoles-dia-internacional-del-cafe\/#breadcrumb\",\"itemListElement\":[{\"@type\":\"ListItem\",\"position\":1,\"name\":\"Portada\",\"item\":\"https:\/\/graziamagazine.com\/es\/\"},{\"@type\":\"ListItem\",\"position\":2,\"name\":\"\u00bfC\u00f3mo bebemos caf\u00e9 los espa\u00f1oles?\"}]},{\"@type\":\"WebSite\",\"@id\":\"https:\/\/graziamagazine.com\/es\/#website\",\"url\":\"https:\/\/graziamagazine.com\/es\/\",\"name\":\"Grazia\",\"description\":\"Moda, belleza, celebrities, estilo de vida...\",\"potentialAction\":[{\"@type\":\"SearchAction\",\"target\":{\"@type\":\"EntryPoint\",\"urlTemplate\":\"https:\/\/graziamagazine.com\/es\/?s={search_term_string}\"},\"query-input\":\"required name=search_term_string\"}],\"inLanguage\":\"es\"}]}<\/script>\n<!-- \/ Yoast SEO Premium plugin. -->","yoast_head_json":{"title":"\u00bfC\u00f3mo bebemos caf\u00e9 los espa\u00f1oles? | Grazia","description":"En el D\u00eda Internacional del Caf\u00e9 conocemos algunos secretos de por qu\u00e9 la expresi\u00f3n \"\u00bfnos tomamos un caf\u00e9?\" forma parte de nuestro d\u00eda a d\u00eda m\u00e1s social.","robots":{"index":"index","follow":"follow","max-snippet":"max-snippet:-1","max-image-preview":"max-image-preview:large","max-video-preview":"max-video-preview:-1"},"canonical":"https:\/\/graziamagazine.com\/es\/articles\/como-bebemos-cafe-los-espanoles-dia-internacional-del-cafe\/","og_locale":"es_ES","og_type":"article","og_title":"\u00bfC\u00f3mo bebemos caf\u00e9 los espa\u00f1oles?","og_description":"En el D\u00eda Internacional del Caf\u00e9 conocemos algunos secretos de por qu\u00e9 la expresi\u00f3n \"\u00bfnos tomamos un caf\u00e9?\" forma parte de nuestro d\u00eda a d\u00eda m\u00e1s social.","og_url":"https:\/\/graziamagazine.com\/es\/articles\/como-bebemos-cafe-los-espanoles-dia-internacional-del-cafe\/","og_site_name":"Grazia","og_image":[{"width":768,"height":512,"url":"https:\/\/graziamagazine.com\/es\/wp-content\/uploads\/sites\/12\/2019\/10\/GRAZIA-dia-cafe-natalie.jpg?fit=768%2C512","type":"image\/jpeg"}],"twitter_card":"summary_large_image","twitter_misc":{"Est. reading time":"2 minutos"},"schema":{"@context":"https:\/\/schema.org","@graph":[{"@type":"WebPage","@id":"https:\/\/graziamagazine.com\/es\/articles\/como-bebemos-cafe-los-espanoles-dia-internacional-del-cafe\/","url":"https:\/\/graziamagazine.com\/es\/articles\/como-bebemos-cafe-los-espanoles-dia-internacional-del-cafe\/","name":"\u00bfC\u00f3mo bebemos caf\u00e9 los espa\u00f1oles? | Grazia","isPartOf":{"@id":"https:\/\/graziamagazine.com\/es\/#website"},"datePublished":"2019-10-01T11:12:39+00:00","dateModified":"2019-10-01T11:12:39+00:00","description":"En el D\u00eda Internacional del Caf\u00e9 conocemos algunos secretos de por qu\u00e9 la expresi\u00f3n \"\u00bfnos tomamos un caf\u00e9?\" forma parte de nuestro d\u00eda a d\u00eda m\u00e1s social.","breadcrumb":{"@id":"https:\/\/graziamagazine.com\/es\/articles\/como-bebemos-cafe-los-espanoles-dia-internacional-del-cafe\/#breadcrumb"},"inLanguage":"es","potentialAction":[{"@type":"ReadAction","target":["https:\/\/graziamagazine.com\/es\/articles\/como-bebemos-cafe-los-espanoles-dia-internacional-del-cafe\/"]}]},{"@type":"BreadcrumbList","@id":"https:\/\/graziamagazine.com\/es\/articles\/como-bebemos-cafe-los-espanoles-dia-internacional-del-cafe\/#breadcrumb","itemListElement":[{"@type":"ListItem","position":1,"name":"Portada","item":"https:\/\/graziamagazine.com\/es\/"},{"@type":"ListItem","position":2,"name":"\u00bfC\u00f3mo bebemos caf\u00e9 los espa\u00f1oles?"}]},{"@type":"WebSite","@id":"https:\/\/graziamagazine.com\/es\/#website","url":"https:\/\/graziamagazine.com\/es\/","name":"Grazia","description":"Moda, belleza, celebrities, estilo de vida...","potentialAction":[{"@type":"SearchAction","target":{"@type":"EntryPoint","urlTemplate":"https:\/\/graziamagazine.com\/es\/?s={search_term_string}"},"query-input":"required name=search_term_string"}],"inLanguage":"es"}]}},"jetpack_sharing_enabled":true,"distributor_meta":false,"distributor_terms":false,"distributor_media":false,"distributor_original_site_name":"Grazia","distributor_original_site_url":"https:\/\/graziamagazine.com\/es","push-errors":false,"_links":{"self":[{"href":"https:\/\/graziamagazine.com\/es\/wp-json\/wp\/v2\/articles\/148166"}],"collection":[{"href":"https:\/\/graziamagazine.com\/es\/wp-json\/wp\/v2\/articles"}],"about":[{"href":"https:\/\/graziamagazine.com\/es\/wp-json\/wp\/v2\/types\/articles"}],"author":[{"embeddable":true,"href":"https:\/\/graziamagazine.com\/es\/wp-json\/wp\/v2\/users\/11653"}],"wp:featuredmedia":[{"embeddable":true,"href":"https:\/\/graziamagazine.com\/es\/wp-json\/wp\/v2\/media\/148171"}],"wp:attachment":[{"href":"https:\/\/graziamagazine.com\/es\/wp-json\/wp\/v2\/media?parent=148166"}],"wp:term":[{"taxonomy":"category","embeddable":true,"href":"https:\/\/graziamagazine.com\/es\/wp-json\/wp\/v2\/categories?post=148166"}],"curies":[{"name":"wp","href":"https:\/\/api.w.org\/{rel}","templated":true}]}}