{"id":148138,"date":"2019-09-30T19:09:52","date_gmt":"2019-09-30T17:09:52","guid":{"rendered":"https:\/\/graziamagazine.com\/es\/?p=148138"},"modified":"2019-09-30T19:51:18","modified_gmt":"2019-09-30T17:51:18","slug":"gisele-bundchen-se-convierte-en-la-nueva-imagen-de-capture-totale-de-dior","status":"publish","type":"articles","link":"https:\/\/graziamagazine.com\/es\/articles\/gisele-bundchen-se-convierte-en-la-nueva-imagen-de-capture-totale-de-dior\/","title":{"rendered":"Gisele B\u00fcndchen se convierte en la nueva imagen de Capture Totale de Dior"},"content":{"rendered":"<p><strong>Gisele B\u00fcndchen<\/strong> es una de esas modelos que no solo es guapa por fuera, porque lo es y mucho, tambi\u00e9n por dentro y todo gracias a un estilo de vida saludable que siempre ha hecho p\u00fablico, y una imagen natural, fresca y aut\u00e9ntica.<\/p>\n<p><strong>La modelo brasile\u00f1a se une a<\/strong> los rostros conocidos que son embajadores de las diferentes gamas cosm\u00e9ticas de<strong> la <em>maison<\/em> Dior<\/strong>, para ser la <strong>imagen de la l\u00ednea de cuidado facial Capture Totale<\/strong>.<\/p>\n<p><strong>\u00bfPor qu\u00e9 Gisele?<\/strong> Porque no solo es un rostro bonito, tambi\u00e9n es embajadora voluntaria para el programa medioambiental de las Naciones Unidas, posee un compromiso personal con la protecci\u00f3n del planeta, sigue un estilo de vida sano que ha compartido en su libro que ya es un <em>best-seller<\/em> en el New York Times y sobre todo porque representa la tendencia global en el mundo de la belleza, una imagen sin s\u00faper producciones y pr\u00e1cticamente a cara lavada.<\/p>\n<p><img loading=\"lazy\" decoding=\"async\" class=\"aligncenter size-full wp-image-148140\" src=\"https:\/\/graziamagazine.com\/es\/wp-content\/uploads\/sites\/12\/2019\/09\/Captura-de-pantalla-2019-09-30-a-las-19.01.38.png\" alt=\"Gisele B\u00fcndchen se convierte en la nueva imagen de Capture Totale de Dior\" width=\"482\" height=\"727\" srcset=\"https:\/\/graziamagazine.com\/es\/wp-content\/uploads\/sites\/12\/2019\/09\/Captura-de-pantalla-2019-09-30-a-las-19.01.38.png 482w, https:\/\/graziamagazine.com\/es\/wp-content\/uploads\/sites\/12\/2019\/09\/Captura-de-pantalla-2019-09-30-a-las-19.01.38.png?resize=199,300 199w, https:\/\/graziamagazine.com\/es\/wp-content\/uploads\/sites\/12\/2019\/09\/Captura-de-pantalla-2019-09-30-a-las-19.01.38.png?resize=143,215 143w\" sizes=\"(max-width: 482px) 100vw, 482px\" \/><\/p>\n<p>As\u00ed es esta <strong>nueva campa\u00f1a de Dior que protagoniza, la representaci\u00f3n de la mujer de hoy, con un rostro limpio, luminoso, sin artificios<\/strong>, una belleza que es m\u00e1s belleza gracias a un buen cuidado de la piel.<\/p>\n<p>La top model, que se retir\u00f3 de las pasarelas en 2015, encaja a la perfecci\u00f3n en la filosof\u00eda de Dior, como la propia marca afirma:\u00a0\u00ab<em>Un papel a medida para una personalidad cuya belleza legendaria es fruto de un estilo de vida sano. Su sentido de la responsabilidad y su voluntad de autenticidad son valores que comparte totalmente con la casa Dior<\/em>.\u00bb<\/p>\n<p>&nbsp;<\/p>\n","protected":false},"author":11653,"featured_media":148141,"template":"","format":"standard","categories":[7,13],"acf":[],"yoast_head":"<!-- This site is optimized with the Yoast SEO Premium plugin v18.5 (Yoast SEO v20.4) - https:\/\/yoast.com\/wordpress\/plugins\/seo\/ -->\n<title>Gisele B\u00fcndchen se convierte en la nueva imagen de Capture Totale de Dior | Grazia<\/title>\n<meta name=\"description\" content=\"Este nuevo fichaje aporta una mayor imagen de naturalidad y serenidad a la ic\u00f3nica l\u00ednea de cuidado facial de la maison.\" \/>\n<meta name=\"robots\" content=\"index, follow, max-snippet:-1, max-image-preview:large, max-video-preview:-1\" \/>\n<link rel=\"canonical\" href=\"https:\/\/graziamagazine.com\/es\/articles\/gisele-bundchen-se-convierte-en-la-nueva-imagen-de-capture-totale-de-dior\/\" \/>\n<meta property=\"og:locale\" content=\"es_ES\" \/>\n<meta property=\"og:type\" content=\"article\" \/>\n<meta property=\"og:title\" content=\"Gisele B\u00fcndchen se convierte en la nueva imagen de Capture Totale de Dior\" \/>\n<meta property=\"og:description\" content=\"Este nuevo fichaje aporta una mayor imagen de naturalidad y serenidad a la ic\u00f3nica l\u00ednea de cuidado facial de la maison.\" \/>\n<meta property=\"og:url\" content=\"https:\/\/graziamagazine.com\/es\/articles\/gisele-bundchen-se-convierte-en-la-nueva-imagen-de-capture-totale-de-dior\/\" \/>\n<meta property=\"og:site_name\" content=\"Grazia\" \/>\n<meta property=\"article:modified_time\" content=\"2019-09-30T17:51:18+00:00\" \/>\n<meta property=\"og:image\" content=\"https:\/\/graziamagazine.com\/es\/wp-content\/uploads\/sites\/12\/2019\/09\/GettyImages-1147433877.jpg?fit=1024%2C683\" \/>\n\t<meta property=\"og:image:width\" content=\"1024\" \/>\n\t<meta property=\"og:image:height\" content=\"683\" \/>\n\t<meta property=\"og:image:type\" content=\"image\/jpeg\" \/>\n<meta name=\"twitter:card\" content=\"summary_large_image\" \/>\n<meta name=\"twitter:label1\" content=\"Est. reading time\" \/>\n\t<meta name=\"twitter:data1\" content=\"1 minuto\" \/>\n<script type=\"application\/ld+json\" class=\"yoast-schema-graph\">{\"@context\":\"https:\/\/schema.org\",\"@graph\":[{\"@type\":\"WebPage\",\"@id\":\"https:\/\/graziamagazine.com\/es\/articles\/gisele-bundchen-se-convierte-en-la-nueva-imagen-de-capture-totale-de-dior\/\",\"url\":\"https:\/\/graziamagazine.com\/es\/articles\/gisele-bundchen-se-convierte-en-la-nueva-imagen-de-capture-totale-de-dior\/\",\"name\":\"Gisele B\u00fcndchen se convierte en la nueva imagen de Capture Totale de Dior | Grazia\",\"isPartOf\":{\"@id\":\"https:\/\/graziamagazine.com\/es\/#website\"},\"datePublished\":\"2019-09-30T17:09:52+00:00\",\"dateModified\":\"2019-09-30T17:51:18+00:00\",\"description\":\"Este nuevo fichaje aporta una mayor imagen de naturalidad y serenidad a la ic\u00f3nica l\u00ednea de cuidado facial de la maison.\",\"breadcrumb\":{\"@id\":\"https:\/\/graziamagazine.com\/es\/articles\/gisele-bundchen-se-convierte-en-la-nueva-imagen-de-capture-totale-de-dior\/#breadcrumb\"},\"inLanguage\":\"es\",\"potentialAction\":[{\"@type\":\"ReadAction\",\"target\":[\"https:\/\/graziamagazine.com\/es\/articles\/gisele-bundchen-se-convierte-en-la-nueva-imagen-de-capture-totale-de-dior\/\"]}]},{\"@type\":\"BreadcrumbList\",\"@id\":\"https:\/\/graziamagazine.com\/es\/articles\/gisele-bundchen-se-convierte-en-la-nueva-imagen-de-capture-totale-de-dior\/#breadcrumb\",\"itemListElement\":[{\"@type\":\"ListItem\",\"position\":1,\"name\":\"Portada\",\"item\":\"https:\/\/graziamagazine.com\/es\/\"},{\"@type\":\"ListItem\",\"position\":2,\"name\":\"Gisele B\u00fcndchen se convierte en la nueva imagen de Capture Totale de Dior\"}]},{\"@type\":\"WebSite\",\"@id\":\"https:\/\/graziamagazine.com\/es\/#website\",\"url\":\"https:\/\/graziamagazine.com\/es\/\",\"name\":\"Grazia\",\"description\":\"Moda, belleza, celebrities, estilo de vida...\",\"potentialAction\":[{\"@type\":\"SearchAction\",\"target\":{\"@type\":\"EntryPoint\",\"urlTemplate\":\"https:\/\/graziamagazine.com\/es\/?s={search_term_string}\"},\"query-input\":\"required name=search_term_string\"}],\"inLanguage\":\"es\"}]}<\/script>\n<!-- \/ Yoast SEO Premium plugin. -->","yoast_head_json":{"title":"Gisele B\u00fcndchen se convierte en la nueva imagen de Capture Totale de Dior | Grazia","description":"Este nuevo fichaje aporta una mayor imagen de naturalidad y serenidad a la ic\u00f3nica l\u00ednea de cuidado facial de la maison.","robots":{"index":"index","follow":"follow","max-snippet":"max-snippet:-1","max-image-preview":"max-image-preview:large","max-video-preview":"max-video-preview:-1"},"canonical":"https:\/\/graziamagazine.com\/es\/articles\/gisele-bundchen-se-convierte-en-la-nueva-imagen-de-capture-totale-de-dior\/","og_locale":"es_ES","og_type":"article","og_title":"Gisele B\u00fcndchen se convierte en la nueva imagen de Capture Totale de Dior","og_description":"Este nuevo fichaje aporta una mayor imagen de naturalidad y serenidad a la ic\u00f3nica l\u00ednea de cuidado facial de la maison.","og_url":"https:\/\/graziamagazine.com\/es\/articles\/gisele-bundchen-se-convierte-en-la-nueva-imagen-de-capture-totale-de-dior\/","og_site_name":"Grazia","article_modified_time":"2019-09-30T17:51:18+00:00","og_image":[{"width":1024,"height":683,"url":"https:\/\/graziamagazine.com\/es\/wp-content\/uploads\/sites\/12\/2019\/09\/GettyImages-1147433877.jpg?fit=1024%2C683","type":"image\/jpeg"}],"twitter_card":"summary_large_image","twitter_misc":{"Est. reading time":"1 minuto"},"schema":{"@context":"https:\/\/schema.org","@graph":[{"@type":"WebPage","@id":"https:\/\/graziamagazine.com\/es\/articles\/gisele-bundchen-se-convierte-en-la-nueva-imagen-de-capture-totale-de-dior\/","url":"https:\/\/graziamagazine.com\/es\/articles\/gisele-bundchen-se-convierte-en-la-nueva-imagen-de-capture-totale-de-dior\/","name":"Gisele B\u00fcndchen se convierte en la nueva imagen de Capture Totale de Dior | Grazia","isPartOf":{"@id":"https:\/\/graziamagazine.com\/es\/#website"},"datePublished":"2019-09-30T17:09:52+00:00","dateModified":"2019-09-30T17:51:18+00:00","description":"Este nuevo fichaje aporta una mayor imagen de naturalidad y serenidad a la ic\u00f3nica l\u00ednea de cuidado facial de la maison.","breadcrumb":{"@id":"https:\/\/graziamagazine.com\/es\/articles\/gisele-bundchen-se-convierte-en-la-nueva-imagen-de-capture-totale-de-dior\/#breadcrumb"},"inLanguage":"es","potentialAction":[{"@type":"ReadAction","target":["https:\/\/graziamagazine.com\/es\/articles\/gisele-bundchen-se-convierte-en-la-nueva-imagen-de-capture-totale-de-dior\/"]}]},{"@type":"BreadcrumbList","@id":"https:\/\/graziamagazine.com\/es\/articles\/gisele-bundchen-se-convierte-en-la-nueva-imagen-de-capture-totale-de-dior\/#breadcrumb","itemListElement":[{"@type":"ListItem","position":1,"name":"Portada","item":"https:\/\/graziamagazine.com\/es\/"},{"@type":"ListItem","position":2,"name":"Gisele B\u00fcndchen se convierte en la nueva imagen de Capture Totale de Dior"}]},{"@type":"WebSite","@id":"https:\/\/graziamagazine.com\/es\/#website","url":"https:\/\/graziamagazine.com\/es\/","name":"Grazia","description":"Moda, belleza, celebrities, estilo de vida...","potentialAction":[{"@type":"SearchAction","target":{"@type":"EntryPoint","urlTemplate":"https:\/\/graziamagazine.com\/es\/?s={search_term_string}"},"query-input":"required name=search_term_string"}],"inLanguage":"es"}]}},"jetpack_sharing_enabled":true,"distributor_meta":false,"distributor_terms":false,"distributor_media":false,"distributor_original_site_name":"Grazia","distributor_original_site_url":"https:\/\/graziamagazine.com\/es","push-errors":false,"_links":{"self":[{"href":"https:\/\/graziamagazine.com\/es\/wp-json\/wp\/v2\/articles\/148138"}],"collection":[{"href":"https:\/\/graziamagazine.com\/es\/wp-json\/wp\/v2\/articles"}],"about":[{"href":"https:\/\/graziamagazine.com\/es\/wp-json\/wp\/v2\/types\/articles"}],"author":[{"embeddable":true,"href":"https:\/\/graziamagazine.com\/es\/wp-json\/wp\/v2\/users\/11653"}],"wp:featuredmedia":[{"embeddable":true,"href":"https:\/\/graziamagazine.com\/es\/wp-json\/wp\/v2\/media\/148141"}],"wp:attachment":[{"href":"https:\/\/graziamagazine.com\/es\/wp-json\/wp\/v2\/media?parent=148138"}],"wp:term":[{"taxonomy":"category","embeddable":true,"href":"https:\/\/graziamagazine.com\/es\/wp-json\/wp\/v2\/categories?post=148138"}],"curies":[{"name":"wp","href":"https:\/\/api.w.org\/{rel}","templated":true}]}}