{"id":148038,"date":"2019-09-26T11:20:28","date_gmt":"2019-09-26T09:20:28","guid":{"rendered":"https:\/\/graziamagazine.com\/es\/?p=148038"},"modified":"2019-09-26T11:20:28","modified_gmt":"2019-09-26T09:20:28","slug":"hay-un-nuevo-estilista-en-el-mundo-de-la-moda-y-se-llama-facebook","status":"publish","type":"articles","link":"https:\/\/graziamagazine.com\/es\/articles\/hay-un-nuevo-estilista-en-el-mundo-de-la-moda-y-se-llama-facebook\/","title":{"rendered":"Hay un nuevo estilista en el mundo de la moda y se llama Facebook"},"content":{"rendered":"<p><strong>Facebook nunca deja de sorprendernos<\/strong> y lo ha vuelto a hacer: <strong>ahora tambi\u00e9n tendr\u00e1 un servicio de estilismo<\/strong> y estar\u00e1 incluido dentro de la propia aplicaci\u00f3n.<\/p>\n<p><strong>Estamos alucinando mucho<\/strong> porque estamos seguras que las amantes de la moda lo van a poner en pr\u00e1ctica r\u00e1pidamente, y es que adem\u00e1s <strong>no te va a costar nada ya que Facebook va a utilizar la inteligencia artificial para darte consejos de estilo<\/strong>. Seguramente esto te recuerde a una escena de la pel\u00edcula &#8216;<em>Fuera de onda<\/em>&#8216; (Clueless), pero aquello se va a volver una realidad gracias a que el\u00a0gigante tecnol\u00f3gico ha utilizado el\u00a0<i>know-how<\/i>\u00a0del popular juego Minecraft para desarrollar de esta nueva aplicaci\u00f3n.<\/p>\n<p>As\u00ed es como\u00a0<b><i>Fashion++ <\/i><\/b>se va a convertir en\u00a0tu nuevo mejor amigo: funciona por medio de c\u00f3digos y el sistema est\u00e1 dise\u00f1ado para hacer que tu\u00a0<i>outfit<\/i>\u00a0sea mucho m\u00e1s impactante \u2014es decir, no te ense\u00f1ar\u00e1 a coordinar un\u00a0<i>look<\/i>\u00a0desde cero, sino a embellecerlo a trav\u00e9s de prendas clave o trucos de estilismo. Lo mejor de todo, es que lo que te aconseje la herramienta estar\u00e1 basado en tu ubicaci\u00f3n (por aquello del tiempo), tu evento y tus gustos personales.<\/p>\n<p>Seg\u00fan\u00a0<a href=\"https:\/\/research.fb.com\/wp-content\/uploads\/sites\/12\/2019\/08\/Fashion-Minimal-Edits-for-Outfit-Improvement.pdf?\" target=\"_blank\" rel=\"noopener\" target=\"_blank\">el an\u00e1lisis exhaustivo y conclusi\u00f3n<\/a>\u00a0de Facebook, en un futuro\u00a0<i>Fashion++<\/i>\u00a0estar\u00e1 ligado a\u00a0<strong>Instagram<\/strong>, su popular plataforma, para hacer elecciones m\u00e1s oportunas y alineadas a tu personalidad. Algo que sin duda va a posicionar m\u00e1s todav\u00eda como la red social por excelencia.<\/p>\n<p><iframe loading=\"lazy\" title=\"Cher&#039;s closet from &#039;Clueless&#039;\" width=\"500\" height=\"281\" src=\"https:\/\/www.youtube.com\/embed\/XNDubWJU0aU?feature=oembed\" frameborder=\"0\" allow=\"accelerometer; autoplay; encrypted-media; gyroscope; picture-in-picture\" allowfullscreen><\/iframe><\/p>\n<p>Si eres de las que duda sobre c\u00f3mo la tecnolog\u00eda va a impactar en el mundo de la moda, y sobre todo en lo referente a la inteligencia artificial, el gigante de las redes sociales ha iniciado el cambio. As\u00ed que, si siempre so\u00f1aste con ser <strong>Cher Horowitz<\/strong>\u00a0y vivir en primera persona aquella escena cuando se est\u00e1 preparando para ir al colegio, no temas porque el momento est\u00e1 m\u00e1s cerca de lo que crees.<\/p>\n","protected":false},"author":24470,"featured_media":148039,"template":"","format":"standard","categories":[1],"acf":[],"yoast_head":"<!-- This site is optimized with the Yoast SEO Premium plugin v18.5 (Yoast SEO v20.4) - https:\/\/yoast.com\/wordpress\/plugins\/seo\/ -->\n<title>Hay un nuevo estilista en el mundo de la moda y se llama Facebook | Grazia<\/title>\n<meta name=\"description\" content=\"La red social lanza una nueva funci\u00f3n que te puede ayudar a vestirte cada d\u00eda y que recuerda mucho a una pel\u00edcula que seguramente recordar\u00e1s...\" \/>\n<meta name=\"robots\" content=\"index, follow, max-snippet:-1, max-image-preview:large, max-video-preview:-1\" \/>\n<link rel=\"canonical\" href=\"https:\/\/graziamagazine.com\/es\/articles\/hay-un-nuevo-estilista-en-el-mundo-de-la-moda-y-se-llama-facebook\/\" \/>\n<meta property=\"og:locale\" content=\"es_ES\" \/>\n<meta property=\"og:type\" content=\"article\" \/>\n<meta property=\"og:title\" content=\"Hay un nuevo estilista en el mundo de la moda y se llama Facebook\" \/>\n<meta property=\"og:description\" content=\"La red social lanza una nueva funci\u00f3n que te puede ayudar a vestirte cada d\u00eda y que recuerda mucho a una pel\u00edcula que seguramente recordar\u00e1s...\" \/>\n<meta property=\"og:url\" content=\"https:\/\/graziamagazine.com\/es\/articles\/hay-un-nuevo-estilista-en-el-mundo-de-la-moda-y-se-llama-facebook\/\" \/>\n<meta property=\"og:site_name\" content=\"Grazia\" \/>\n<meta property=\"og:image\" content=\"https:\/\/graziamagazine.com\/es\/wp-content\/uploads\/sites\/12\/2019\/09\/facebook-quiere-ser-tu-estilista-con-inteligencia-artificial-destacada.jpg?fit=500%2C278\" \/>\n\t<meta property=\"og:image:width\" content=\"500\" \/>\n\t<meta property=\"og:image:height\" content=\"278\" \/>\n\t<meta property=\"og:image:type\" content=\"image\/jpeg\" \/>\n<meta name=\"twitter:card\" content=\"summary_large_image\" \/>\n<meta name=\"twitter:label1\" content=\"Est. reading time\" \/>\n\t<meta name=\"twitter:data1\" content=\"2 minutos\" \/>\n<script type=\"application\/ld+json\" class=\"yoast-schema-graph\">{\"@context\":\"https:\/\/schema.org\",\"@graph\":[{\"@type\":\"WebPage\",\"@id\":\"https:\/\/graziamagazine.com\/es\/articles\/hay-un-nuevo-estilista-en-el-mundo-de-la-moda-y-se-llama-facebook\/\",\"url\":\"https:\/\/graziamagazine.com\/es\/articles\/hay-un-nuevo-estilista-en-el-mundo-de-la-moda-y-se-llama-facebook\/\",\"name\":\"Hay un nuevo estilista en el mundo de la moda y se llama Facebook | Grazia\",\"isPartOf\":{\"@id\":\"https:\/\/graziamagazine.com\/es\/#website\"},\"datePublished\":\"2019-09-26T09:20:28+00:00\",\"dateModified\":\"2019-09-26T09:20:28+00:00\",\"description\":\"La red social lanza una nueva funci\u00f3n que te puede ayudar a vestirte cada d\u00eda y que recuerda mucho a una pel\u00edcula que seguramente recordar\u00e1s...\",\"breadcrumb\":{\"@id\":\"https:\/\/graziamagazine.com\/es\/articles\/hay-un-nuevo-estilista-en-el-mundo-de-la-moda-y-se-llama-facebook\/#breadcrumb\"},\"inLanguage\":\"es\",\"potentialAction\":[{\"@type\":\"ReadAction\",\"target\":[\"https:\/\/graziamagazine.com\/es\/articles\/hay-un-nuevo-estilista-en-el-mundo-de-la-moda-y-se-llama-facebook\/\"]}]},{\"@type\":\"BreadcrumbList\",\"@id\":\"https:\/\/graziamagazine.com\/es\/articles\/hay-un-nuevo-estilista-en-el-mundo-de-la-moda-y-se-llama-facebook\/#breadcrumb\",\"itemListElement\":[{\"@type\":\"ListItem\",\"position\":1,\"name\":\"Portada\",\"item\":\"https:\/\/graziamagazine.com\/es\/\"},{\"@type\":\"ListItem\",\"position\":2,\"name\":\"Hay un nuevo estilista en el mundo de la moda y se llama Facebook\"}]},{\"@type\":\"WebSite\",\"@id\":\"https:\/\/graziamagazine.com\/es\/#website\",\"url\":\"https:\/\/graziamagazine.com\/es\/\",\"name\":\"Grazia\",\"description\":\"Moda, belleza, celebrities, estilo de vida...\",\"potentialAction\":[{\"@type\":\"SearchAction\",\"target\":{\"@type\":\"EntryPoint\",\"urlTemplate\":\"https:\/\/graziamagazine.com\/es\/?s={search_term_string}\"},\"query-input\":\"required name=search_term_string\"}],\"inLanguage\":\"es\"}]}<\/script>\n<!-- \/ Yoast SEO Premium plugin. -->","yoast_head_json":{"title":"Hay un nuevo estilista en el mundo de la moda y se llama Facebook | Grazia","description":"La red social lanza una nueva funci\u00f3n que te puede ayudar a vestirte cada d\u00eda y que recuerda mucho a una pel\u00edcula que seguramente recordar\u00e1s...","robots":{"index":"index","follow":"follow","max-snippet":"max-snippet:-1","max-image-preview":"max-image-preview:large","max-video-preview":"max-video-preview:-1"},"canonical":"https:\/\/graziamagazine.com\/es\/articles\/hay-un-nuevo-estilista-en-el-mundo-de-la-moda-y-se-llama-facebook\/","og_locale":"es_ES","og_type":"article","og_title":"Hay un nuevo estilista en el mundo de la moda y se llama Facebook","og_description":"La red social lanza una nueva funci\u00f3n que te puede ayudar a vestirte cada d\u00eda y que recuerda mucho a una pel\u00edcula que seguramente recordar\u00e1s...","og_url":"https:\/\/graziamagazine.com\/es\/articles\/hay-un-nuevo-estilista-en-el-mundo-de-la-moda-y-se-llama-facebook\/","og_site_name":"Grazia","og_image":[{"width":500,"height":278,"url":"https:\/\/graziamagazine.com\/es\/wp-content\/uploads\/sites\/12\/2019\/09\/facebook-quiere-ser-tu-estilista-con-inteligencia-artificial-destacada.jpg?fit=500%2C278","type":"image\/jpeg"}],"twitter_card":"summary_large_image","twitter_misc":{"Est. reading time":"2 minutos"},"schema":{"@context":"https:\/\/schema.org","@graph":[{"@type":"WebPage","@id":"https:\/\/graziamagazine.com\/es\/articles\/hay-un-nuevo-estilista-en-el-mundo-de-la-moda-y-se-llama-facebook\/","url":"https:\/\/graziamagazine.com\/es\/articles\/hay-un-nuevo-estilista-en-el-mundo-de-la-moda-y-se-llama-facebook\/","name":"Hay un nuevo estilista en el mundo de la moda y se llama Facebook | Grazia","isPartOf":{"@id":"https:\/\/graziamagazine.com\/es\/#website"},"datePublished":"2019-09-26T09:20:28+00:00","dateModified":"2019-09-26T09:20:28+00:00","description":"La red social lanza una nueva funci\u00f3n que te puede ayudar a vestirte cada d\u00eda y que recuerda mucho a una pel\u00edcula que seguramente recordar\u00e1s...","breadcrumb":{"@id":"https:\/\/graziamagazine.com\/es\/articles\/hay-un-nuevo-estilista-en-el-mundo-de-la-moda-y-se-llama-facebook\/#breadcrumb"},"inLanguage":"es","potentialAction":[{"@type":"ReadAction","target":["https:\/\/graziamagazine.com\/es\/articles\/hay-un-nuevo-estilista-en-el-mundo-de-la-moda-y-se-llama-facebook\/"]}]},{"@type":"BreadcrumbList","@id":"https:\/\/graziamagazine.com\/es\/articles\/hay-un-nuevo-estilista-en-el-mundo-de-la-moda-y-se-llama-facebook\/#breadcrumb","itemListElement":[{"@type":"ListItem","position":1,"name":"Portada","item":"https:\/\/graziamagazine.com\/es\/"},{"@type":"ListItem","position":2,"name":"Hay un nuevo estilista en el mundo de la moda y se llama Facebook"}]},{"@type":"WebSite","@id":"https:\/\/graziamagazine.com\/es\/#website","url":"https:\/\/graziamagazine.com\/es\/","name":"Grazia","description":"Moda, belleza, celebrities, estilo de vida...","potentialAction":[{"@type":"SearchAction","target":{"@type":"EntryPoint","urlTemplate":"https:\/\/graziamagazine.com\/es\/?s={search_term_string}"},"query-input":"required name=search_term_string"}],"inLanguage":"es"}]}},"jetpack_sharing_enabled":true,"distributor_meta":false,"distributor_terms":false,"distributor_media":false,"distributor_original_site_name":"Grazia","distributor_original_site_url":"https:\/\/graziamagazine.com\/es","push-errors":false,"_links":{"self":[{"href":"https:\/\/graziamagazine.com\/es\/wp-json\/wp\/v2\/articles\/148038"}],"collection":[{"href":"https:\/\/graziamagazine.com\/es\/wp-json\/wp\/v2\/articles"}],"about":[{"href":"https:\/\/graziamagazine.com\/es\/wp-json\/wp\/v2\/types\/articles"}],"author":[{"embeddable":true,"href":"https:\/\/graziamagazine.com\/es\/wp-json\/wp\/v2\/users\/24470"}],"wp:featuredmedia":[{"embeddable":true,"href":"https:\/\/graziamagazine.com\/es\/wp-json\/wp\/v2\/media\/148039"}],"wp:attachment":[{"href":"https:\/\/graziamagazine.com\/es\/wp-json\/wp\/v2\/media?parent=148038"}],"wp:term":[{"taxonomy":"category","embeddable":true,"href":"https:\/\/graziamagazine.com\/es\/wp-json\/wp\/v2\/categories?post=148038"}],"curies":[{"name":"wp","href":"https:\/\/api.w.org\/{rel}","templated":true}]}}