{"id":147827,"date":"2019-09-20T18:19:28","date_gmt":"2019-09-20T16:19:28","guid":{"rendered":"https:\/\/graziamagazine.com\/es\/?p=147827"},"modified":"2019-09-21T20:27:37","modified_gmt":"2019-09-21T18:27:37","slug":"los-looks-nieves-alvarez-desde-el-front-row-de-la-mfw","status":"publish","type":"articles","link":"https:\/\/graziamagazine.com\/es\/articles\/los-looks-nieves-alvarez-desde-el-front-row-de-la-mfw\/","title":{"rendered":"Los looks Nieves \u00c1lvarez, desde el front row de la MFW"},"content":{"rendered":"<p><strong>Es una de nuestras guapas y mejor vestidas siempre, all\u00e1 donde va<\/strong>. <strong>No hay alfombra roja que se le resista<\/strong>, y lo sabemos, por eso <strong>estamos pendientes de los diversos looks que va a lucir en la Milan Fashion Week<\/strong>, a la que ha llegado hoy mismo.<\/p>\n<p><a href=\"http:\/\/bit.ly\/2ZAUTOF\" target=\"_blank\">Despu\u00e9s de lo que vimos en el Festival de Cine de Venecia<\/a>, donde Nieves deslumbr\u00f3 a todos desde su llegada por los canales hasta su despedida, ahora<strong> ha llegado de nuevo a tierras italianas para presenciar algunos de los grandes desfiles de la #MFW<\/strong>. El primero de sus estilismos ya lo hemos podido ver hoy mismo, para asistir al desfile de Etro, vestida para la ocasi\u00f3n.<\/p>\n<p><img loading=\"lazy\" decoding=\"async\" class=\"aligncenter size-full wp-image-147828\" src=\"https:\/\/graziamagazine.com\/es\/wp-content\/uploads\/sites\/12\/2019\/09\/GettyImages-1175906032.jpg\" alt=\"Nieves \u00c1lvarez brilla en el desfile de Etro en Milan Fashion Week\" width=\"682\" height=\"1024\" srcset=\"https:\/\/graziamagazine.com\/es\/wp-content\/uploads\/sites\/12\/2019\/09\/GettyImages-1175906032.jpg 682w, https:\/\/graziamagazine.com\/es\/wp-content\/uploads\/sites\/12\/2019\/09\/GettyImages-1175906032.jpg?resize=200,300 200w, https:\/\/graziamagazine.com\/es\/wp-content\/uploads\/sites\/12\/2019\/09\/GettyImages-1175906032.jpg?resize=143,215 143w\" sizes=\"(max-width: 682px) 100vw, 682px\" \/><\/p>\n<p><strong>Su estilista personal desde hace a\u00f1os, V\u00edctor Blanco, nos da los detalles de este primer look<\/strong>, que nos encanta por la mezcla de colores. Se trata de un <strong>conjunto dos piezas de Etro de la temporada Resort 2020<\/strong>, en fondo negro y cuajado de flores amarillas. Una apuesta arriesgada que solo alguien como nuestra Nieves puede llevar as\u00ed de bien.<\/p>\n<p>Desde luego los accesorios lo dicen todo y Nieves se ha atrevido con un <strong>bolso Bulgari en azul turquesa<\/strong>, con cadena y unos <strong>salones destalonados en fucsia de Manolo Blahnik,\u00a0<\/strong>y para darle el toque m\u00e1s roquero, unas <strong>gafas de sol negras de Dsquare2<\/strong> y unos discretos <strong>pendientes de Jenny Bird<\/strong>.<\/p>\n<p>Veremos con m\u00e1s estilismos nos va sorprendiendo estos d\u00edas de desfiles y estaremos muy atentos.<\/p>\n<p>Para la cena de Etro, despu\u00e9s de asistir al desfile, eligi\u00f3 un mini vestido de la firma italiana, con cintur\u00f3n joya, unas <strong>botas XL de Louboutin<\/strong> y <strong>bolso de Bulgari<\/strong>.<\/p>\n<p><img loading=\"lazy\" decoding=\"async\" class=\"aligncenter size-full wp-image-147852\" src=\"https:\/\/graziamagazine.com\/es\/wp-content\/uploads\/sites\/12\/2019\/09\/IMG_147A7C8995C6-1.jpeg\" alt=\"Nieves \u00c1lvarez brilla en el desfile de Etro en Milan Fashion Week\" width=\"1056\" height=\"1459\" srcset=\"https:\/\/graziamagazine.com\/es\/wp-content\/uploads\/sites\/12\/2019\/09\/IMG_147A7C8995C6-1.jpeg 1056w, https:\/\/graziamagazine.com\/es\/wp-content\/uploads\/sites\/12\/2019\/09\/IMG_147A7C8995C6-1.jpeg?resize=217,300 217w, https:\/\/graziamagazine.com\/es\/wp-content\/uploads\/sites\/12\/2019\/09\/IMG_147A7C8995C6-1.jpeg?resize=768,1061 768w, https:\/\/graziamagazine.com\/es\/wp-content\/uploads\/sites\/12\/2019\/09\/IMG_147A7C8995C6-1.jpeg?resize=741,1024 741w, https:\/\/graziamagazine.com\/es\/wp-content\/uploads\/sites\/12\/2019\/09\/IMG_147A7C8995C6-1.jpeg?resize=155,215 155w\" sizes=\"(max-width: 1056px) 100vw, 1056px\" \/><\/p>\n<p><strong>El segundo d\u00eda en Mil\u00e1n de Nieves \u00c1lvarez nos ha vuelto a dejar algunos estilismos que nos dan ideas para inspirarnos en ella de d\u00eda y de noche<\/strong>. Hemos visto a una Nieves muy <em>working girl,<\/em> con un <strong>traje de estilo masculino y pantal\u00f3n capri, de Ermanno Scervino<\/strong>, combinado con un body lencero, muy en tendencia. Pero sin duda el toque final han sido los accesorios, sandalias Blumarine y bolso Zac Posen coordinados en rojo, y en contraste con la sobriedad del gris, y unas gafas de sol de Tommy Hilfiger.<\/p>\n<p><img loading=\"lazy\" decoding=\"async\" class=\"aligncenter size-full wp-image-147854\" src=\"https:\/\/graziamagazine.com\/es\/wp-content\/uploads\/sites\/12\/2019\/09\/Captura-de-pantalla-2019-09-21-a-las-20.13.34.png\" alt=\"Nieves \u00c1lvarez brilla en el desfile de Etro en Milan Fashion Week\" width=\"488\" height=\"721\" srcset=\"https:\/\/graziamagazine.com\/es\/wp-content\/uploads\/sites\/12\/2019\/09\/Captura-de-pantalla-2019-09-21-a-las-20.13.34.png 488w, https:\/\/graziamagazine.com\/es\/wp-content\/uploads\/sites\/12\/2019\/09\/Captura-de-pantalla-2019-09-21-a-las-20.13.34.png?resize=203,300 203w, https:\/\/graziamagazine.com\/es\/wp-content\/uploads\/sites\/12\/2019\/09\/Captura-de-pantalla-2019-09-21-a-las-20.13.34.png?resize=146,215 146w\" sizes=\"(max-width: 488px) 100vw, 488px\" \/><\/p>\n<p>Despu\u00e9s de este look elegante, Nieves nos ha sorprendido con un vestido de esos que pueden llevarse durante todo el d\u00eda con look perfecto. Es <strong>de Philosophy<\/strong>, combinado en negro y granate y <strong>bolso de mano Bulgari<\/strong>. Nos ha gustado el toque diferente que le da al vestido los <strong>botines Aquazzura en charol<\/strong>, con hebillas plateadas y unas gafas de sol Jimmy Choo que completan el look con un aire muy sofisticado.<\/p>\n<p>&nbsp;<\/p>\n","protected":false},"author":11653,"featured_media":147856,"template":"","format":"standard","categories":[13,2301],"acf":[],"yoast_head":"<!-- This site is optimized with the Yoast SEO Premium plugin v18.5 (Yoast SEO v20.4) - https:\/\/yoast.com\/wordpress\/plugins\/seo\/ -->\n<title>Los looks Nieves \u00c1lvarez, desde el front row de la MFW | Grazia<\/title>\n<meta name=\"description\" content=\"La modelo ya est\u00e1 en Mil\u00e1n y despu\u00e9s de lo que vimos en la Mostra de Venecia, promete regalarnos muy buenos momentos. Vamos a ir siguiendo sus outfits, de la mano de su estilista V\u00edctor Blanco.\" \/>\n<meta name=\"robots\" content=\"index, follow, max-snippet:-1, max-image-preview:large, max-video-preview:-1\" \/>\n<link rel=\"canonical\" href=\"https:\/\/graziamagazine.com\/es\/articles\/los-looks-nieves-alvarez-desde-el-front-row-de-la-mfw\/\" \/>\n<meta property=\"og:locale\" content=\"es_ES\" \/>\n<meta property=\"og:type\" content=\"article\" \/>\n<meta property=\"og:title\" content=\"Los looks Nieves \u00c1lvarez, desde el front row de la MFW\" \/>\n<meta property=\"og:description\" content=\"La modelo ya est\u00e1 en Mil\u00e1n y despu\u00e9s de lo que vimos en la Mostra de Venecia, promete regalarnos muy buenos momentos. Vamos a ir siguiendo sus outfits, de la mano de su estilista V\u00edctor Blanco.\" \/>\n<meta property=\"og:url\" content=\"https:\/\/graziamagazine.com\/es\/articles\/los-looks-nieves-alvarez-desde-el-front-row-de-la-mfw\/\" \/>\n<meta property=\"og:site_name\" content=\"Grazia\" \/>\n<meta property=\"article:modified_time\" content=\"2019-09-21T18:27:37+00:00\" \/>\n<meta property=\"og:image\" content=\"https:\/\/graziamagazine.com\/es\/wp-content\/uploads\/sites\/12\/2019\/09\/Captura-de-pantalla-2019-09-21-a-las-20.26.30.png?fit=498%2C279\" \/>\n\t<meta property=\"og:image:width\" content=\"498\" \/>\n\t<meta property=\"og:image:height\" content=\"279\" \/>\n\t<meta property=\"og:image:type\" content=\"image\/png\" \/>\n<meta name=\"twitter:card\" content=\"summary_large_image\" \/>\n<meta name=\"twitter:label1\" content=\"Est. reading time\" \/>\n\t<meta name=\"twitter:data1\" content=\"2 minutos\" \/>\n<script type=\"application\/ld+json\" class=\"yoast-schema-graph\">{\"@context\":\"https:\/\/schema.org\",\"@graph\":[{\"@type\":\"WebPage\",\"@id\":\"https:\/\/graziamagazine.com\/es\/articles\/los-looks-nieves-alvarez-desde-el-front-row-de-la-mfw\/\",\"url\":\"https:\/\/graziamagazine.com\/es\/articles\/los-looks-nieves-alvarez-desde-el-front-row-de-la-mfw\/\",\"name\":\"Los looks Nieves \u00c1lvarez, desde el front row de la MFW | Grazia\",\"isPartOf\":{\"@id\":\"https:\/\/graziamagazine.com\/es\/#website\"},\"datePublished\":\"2019-09-20T16:19:28+00:00\",\"dateModified\":\"2019-09-21T18:27:37+00:00\",\"description\":\"La modelo ya est\u00e1 en Mil\u00e1n y despu\u00e9s de lo que vimos en la Mostra de Venecia, promete regalarnos muy buenos momentos. Vamos a ir siguiendo sus outfits, de la mano de su estilista V\u00edctor Blanco.\",\"breadcrumb\":{\"@id\":\"https:\/\/graziamagazine.com\/es\/articles\/los-looks-nieves-alvarez-desde-el-front-row-de-la-mfw\/#breadcrumb\"},\"inLanguage\":\"es\",\"potentialAction\":[{\"@type\":\"ReadAction\",\"target\":[\"https:\/\/graziamagazine.com\/es\/articles\/los-looks-nieves-alvarez-desde-el-front-row-de-la-mfw\/\"]}]},{\"@type\":\"BreadcrumbList\",\"@id\":\"https:\/\/graziamagazine.com\/es\/articles\/los-looks-nieves-alvarez-desde-el-front-row-de-la-mfw\/#breadcrumb\",\"itemListElement\":[{\"@type\":\"ListItem\",\"position\":1,\"name\":\"Portada\",\"item\":\"https:\/\/graziamagazine.com\/es\/\"},{\"@type\":\"ListItem\",\"position\":2,\"name\":\"Los looks Nieves \u00c1lvarez, desde el front row de la MFW\"}]},{\"@type\":\"WebSite\",\"@id\":\"https:\/\/graziamagazine.com\/es\/#website\",\"url\":\"https:\/\/graziamagazine.com\/es\/\",\"name\":\"Grazia\",\"description\":\"Moda, belleza, celebrities, estilo de vida...\",\"potentialAction\":[{\"@type\":\"SearchAction\",\"target\":{\"@type\":\"EntryPoint\",\"urlTemplate\":\"https:\/\/graziamagazine.com\/es\/?s={search_term_string}\"},\"query-input\":\"required name=search_term_string\"}],\"inLanguage\":\"es\"}]}<\/script>\n<!-- \/ Yoast SEO Premium plugin. -->","yoast_head_json":{"title":"Los looks Nieves \u00c1lvarez, desde el front row de la MFW | Grazia","description":"La modelo ya est\u00e1 en Mil\u00e1n y despu\u00e9s de lo que vimos en la Mostra de Venecia, promete regalarnos muy buenos momentos. Vamos a ir siguiendo sus outfits, de la mano de su estilista V\u00edctor Blanco.","robots":{"index":"index","follow":"follow","max-snippet":"max-snippet:-1","max-image-preview":"max-image-preview:large","max-video-preview":"max-video-preview:-1"},"canonical":"https:\/\/graziamagazine.com\/es\/articles\/los-looks-nieves-alvarez-desde-el-front-row-de-la-mfw\/","og_locale":"es_ES","og_type":"article","og_title":"Los looks Nieves \u00c1lvarez, desde el front row de la MFW","og_description":"La modelo ya est\u00e1 en Mil\u00e1n y despu\u00e9s de lo que vimos en la Mostra de Venecia, promete regalarnos muy buenos momentos. Vamos a ir siguiendo sus outfits, de la mano de su estilista V\u00edctor Blanco.","og_url":"https:\/\/graziamagazine.com\/es\/articles\/los-looks-nieves-alvarez-desde-el-front-row-de-la-mfw\/","og_site_name":"Grazia","article_modified_time":"2019-09-21T18:27:37+00:00","og_image":[{"width":498,"height":279,"url":"https:\/\/graziamagazine.com\/es\/wp-content\/uploads\/sites\/12\/2019\/09\/Captura-de-pantalla-2019-09-21-a-las-20.26.30.png?fit=498%2C279","type":"image\/png"}],"twitter_card":"summary_large_image","twitter_misc":{"Est. reading time":"2 minutos"},"schema":{"@context":"https:\/\/schema.org","@graph":[{"@type":"WebPage","@id":"https:\/\/graziamagazine.com\/es\/articles\/los-looks-nieves-alvarez-desde-el-front-row-de-la-mfw\/","url":"https:\/\/graziamagazine.com\/es\/articles\/los-looks-nieves-alvarez-desde-el-front-row-de-la-mfw\/","name":"Los looks Nieves \u00c1lvarez, desde el front row de la MFW | Grazia","isPartOf":{"@id":"https:\/\/graziamagazine.com\/es\/#website"},"datePublished":"2019-09-20T16:19:28+00:00","dateModified":"2019-09-21T18:27:37+00:00","description":"La modelo ya est\u00e1 en Mil\u00e1n y despu\u00e9s de lo que vimos en la Mostra de Venecia, promete regalarnos muy buenos momentos. Vamos a ir siguiendo sus outfits, de la mano de su estilista V\u00edctor Blanco.","breadcrumb":{"@id":"https:\/\/graziamagazine.com\/es\/articles\/los-looks-nieves-alvarez-desde-el-front-row-de-la-mfw\/#breadcrumb"},"inLanguage":"es","potentialAction":[{"@type":"ReadAction","target":["https:\/\/graziamagazine.com\/es\/articles\/los-looks-nieves-alvarez-desde-el-front-row-de-la-mfw\/"]}]},{"@type":"BreadcrumbList","@id":"https:\/\/graziamagazine.com\/es\/articles\/los-looks-nieves-alvarez-desde-el-front-row-de-la-mfw\/#breadcrumb","itemListElement":[{"@type":"ListItem","position":1,"name":"Portada","item":"https:\/\/graziamagazine.com\/es\/"},{"@type":"ListItem","position":2,"name":"Los looks Nieves \u00c1lvarez, desde el front row de la MFW"}]},{"@type":"WebSite","@id":"https:\/\/graziamagazine.com\/es\/#website","url":"https:\/\/graziamagazine.com\/es\/","name":"Grazia","description":"Moda, belleza, celebrities, estilo de vida...","potentialAction":[{"@type":"SearchAction","target":{"@type":"EntryPoint","urlTemplate":"https:\/\/graziamagazine.com\/es\/?s={search_term_string}"},"query-input":"required name=search_term_string"}],"inLanguage":"es"}]}},"jetpack_sharing_enabled":true,"distributor_meta":false,"distributor_terms":false,"distributor_media":false,"distributor_original_site_name":"Grazia","distributor_original_site_url":"https:\/\/graziamagazine.com\/es","push-errors":false,"_links":{"self":[{"href":"https:\/\/graziamagazine.com\/es\/wp-json\/wp\/v2\/articles\/147827"}],"collection":[{"href":"https:\/\/graziamagazine.com\/es\/wp-json\/wp\/v2\/articles"}],"about":[{"href":"https:\/\/graziamagazine.com\/es\/wp-json\/wp\/v2\/types\/articles"}],"author":[{"embeddable":true,"href":"https:\/\/graziamagazine.com\/es\/wp-json\/wp\/v2\/users\/11653"}],"wp:featuredmedia":[{"embeddable":true,"href":"https:\/\/graziamagazine.com\/es\/wp-json\/wp\/v2\/media\/147856"}],"wp:attachment":[{"href":"https:\/\/graziamagazine.com\/es\/wp-json\/wp\/v2\/media?parent=147827"}],"wp:term":[{"taxonomy":"category","embeddable":true,"href":"https:\/\/graziamagazine.com\/es\/wp-json\/wp\/v2\/categories?post=147827"}],"curies":[{"name":"wp","href":"https:\/\/api.w.org\/{rel}","templated":true}]}}