{"id":147649,"date":"2019-09-15T10:15:12","date_gmt":"2019-09-15T08:15:12","guid":{"rendered":"https:\/\/graziamagazine.com\/es\/?p=147649"},"modified":"2019-09-18T10:57:21","modified_gmt":"2019-09-18T08:57:21","slug":"los-mejores-looks-de-tiff-toronto","status":"publish","type":"articles","link":"https:\/\/graziamagazine.com\/es\/articles\/los-mejores-looks-de-tiff-toronto\/","title":{"rendered":"Los mejores looks de&#8230; TIFF Toronto"},"content":{"rendered":"<p>El Festival de Cine de Toronto nos est\u00e1 dejando un sinf\u00edn <em>momentazos<\/em>, y c\u00f3mo no, de grandes look que merecen un espacio destacado. Hacemos una selecci\u00f3n de lo mejor que estamos viendo desfilar por su alfombra roja.<\/p>\n<p><strong>Priyanka Chopra<\/strong><\/p>\n<p>Vestido de organza y volantes en una combinaci\u00f3n de blanco y negro, <strong>de Marchesa<\/strong>.<\/p>\n<p><img loading=\"lazy\" decoding=\"async\" class=\"aligncenter size-full wp-image-147650\" src=\"https:\/\/graziamagazine.com\/es\/wp-content\/uploads\/sites\/12\/2019\/09\/GRAZIA-Tiff-Priyanka.jpg\" alt=\"Los mejores looks del TIFF de Toronto\" width=\"1200\" height=\"1803\" srcset=\"https:\/\/graziamagazine.com\/es\/wp-content\/uploads\/sites\/12\/2019\/09\/GRAZIA-Tiff-Priyanka.jpg 1200w, https:\/\/graziamagazine.com\/es\/wp-content\/uploads\/sites\/12\/2019\/09\/GRAZIA-Tiff-Priyanka.jpg?resize=200,300 200w, https:\/\/graziamagazine.com\/es\/wp-content\/uploads\/sites\/12\/2019\/09\/GRAZIA-Tiff-Priyanka.jpg?resize=768,1154 768w, https:\/\/graziamagazine.com\/es\/wp-content\/uploads\/sites\/12\/2019\/09\/GRAZIA-Tiff-Priyanka.jpg?resize=682,1024 682w, https:\/\/graziamagazine.com\/es\/wp-content\/uploads\/sites\/12\/2019\/09\/GRAZIA-Tiff-Priyanka.jpg?resize=1022,1536 1022w, https:\/\/graziamagazine.com\/es\/wp-content\/uploads\/sites\/12\/2019\/09\/GRAZIA-Tiff-Priyanka.jpg?resize=143,215 143w\" sizes=\"(max-width: 1200px) 100vw, 1200px\" \/><\/p>\n<p><strong>Natalie Portman<\/strong><\/p>\n<p>La actriz eligi\u00f3 total black para la ocasi\u00f3n, con escote asim\u00e9trico, encajes y transparencias, y un bajo espectacular tejido con flecos. <strong>Lo firmaba Dior<\/strong>.<\/p>\n<p><img loading=\"lazy\" decoding=\"async\" class=\"aligncenter size-full wp-image-147652\" src=\"https:\/\/graziamagazine.com\/es\/wp-content\/uploads\/sites\/12\/2019\/09\/Captura-de-pantalla-2019-09-12-a-las-19.54.48.png\" alt=\"Los mejores looks del TIFF de Toronto\" width=\"438\" height=\"725\" srcset=\"https:\/\/graziamagazine.com\/es\/wp-content\/uploads\/sites\/12\/2019\/09\/Captura-de-pantalla-2019-09-12-a-las-19.54.48.png 438w, https:\/\/graziamagazine.com\/es\/wp-content\/uploads\/sites\/12\/2019\/09\/Captura-de-pantalla-2019-09-12-a-las-19.54.48.png?resize=181,300 181w, https:\/\/graziamagazine.com\/es\/wp-content\/uploads\/sites\/12\/2019\/09\/Captura-de-pantalla-2019-09-12-a-las-19.54.48.png?resize=130,215 130w\" sizes=\"(max-width: 438px) 100vw, 438px\" \/><\/p>\n<p><strong>Dakota Johnson<\/strong><\/p>\n<p>Estaba impresionantemente guapa con un vestido de corpi\u00f1o de escote coraz\u00f3n y una falda de capas de tul, de la colecci\u00f3n de Alta Costura Oto\u00f1o-Invierno 2019\/20 <strong>de Dior<\/strong>.<\/p>\n<p><img loading=\"lazy\" decoding=\"async\" class=\"aligncenter size-full wp-image-147653\" src=\"https:\/\/graziamagazine.com\/es\/wp-content\/uploads\/sites\/12\/2019\/09\/GRAZIA-Tiff-Dakota.jpeg\" alt=\"\" width=\"1366\" height=\"2171\" srcset=\"https:\/\/graziamagazine.com\/es\/wp-content\/uploads\/sites\/12\/2019\/09\/GRAZIA-Tiff-Dakota.jpeg 1366w, https:\/\/graziamagazine.com\/es\/wp-content\/uploads\/sites\/12\/2019\/09\/GRAZIA-Tiff-Dakota.jpeg?resize=189,300 189w, https:\/\/graziamagazine.com\/es\/wp-content\/uploads\/sites\/12\/2019\/09\/GRAZIA-Tiff-Dakota.jpeg?resize=768,1221 768w, https:\/\/graziamagazine.com\/es\/wp-content\/uploads\/sites\/12\/2019\/09\/GRAZIA-Tiff-Dakota.jpeg?resize=644,1024 644w, https:\/\/graziamagazine.com\/es\/wp-content\/uploads\/sites\/12\/2019\/09\/GRAZIA-Tiff-Dakota.jpeg?resize=966,1536 966w, https:\/\/graziamagazine.com\/es\/wp-content\/uploads\/sites\/12\/2019\/09\/GRAZIA-Tiff-Dakota.jpeg?resize=1289,2048 1289w, https:\/\/graziamagazine.com\/es\/wp-content\/uploads\/sites\/12\/2019\/09\/GRAZIA-Tiff-Dakota.jpeg?resize=135,215 135w\" sizes=\"(max-width: 1366px) 100vw, 1366px\" \/><\/p>\n<p>El segundo look con el que la vimos, tambi\u00e9n era perfecto. En verde, <strong>de Valentino<\/strong>.<\/p>\n<p><img loading=\"lazy\" decoding=\"async\" class=\"aligncenter size-full wp-image-147659\" src=\"https:\/\/graziamagazine.com\/es\/wp-content\/uploads\/sites\/12\/2019\/09\/GRAZIA-Tiff-Dakota-2.jpg\" alt=\"Los mejores looks del TIFF de Toronto\" width=\"578\" height=\"900\" srcset=\"https:\/\/graziamagazine.com\/es\/wp-content\/uploads\/sites\/12\/2019\/09\/GRAZIA-Tiff-Dakota-2.jpg 578w, https:\/\/graziamagazine.com\/es\/wp-content\/uploads\/sites\/12\/2019\/09\/GRAZIA-Tiff-Dakota-2.jpg?resize=193,300 193w, https:\/\/graziamagazine.com\/es\/wp-content\/uploads\/sites\/12\/2019\/09\/GRAZIA-Tiff-Dakota-2.jpg?resize=138,215 138w\" sizes=\"(max-width: 578px) 100vw, 578px\" \/><\/p>\n<p><strong>Scarlett Johansson<\/strong><\/p>\n<p>Apost\u00f3 por un vestido plisado en plata, <strong>de Rodarte<\/strong>.<\/p>\n<p><img loading=\"lazy\" decoding=\"async\" class=\"aligncenter size-full wp-image-147654\" src=\"https:\/\/graziamagazine.com\/es\/wp-content\/uploads\/sites\/12\/2019\/09\/GRAZIA-Tiff-Scarlett.jpg\" alt=\"Los mejores looks del TIFF de Toronto\" width=\"605\" height=\"900\" srcset=\"https:\/\/graziamagazine.com\/es\/wp-content\/uploads\/sites\/12\/2019\/09\/GRAZIA-Tiff-Scarlett.jpg 605w, https:\/\/graziamagazine.com\/es\/wp-content\/uploads\/sites\/12\/2019\/09\/GRAZIA-Tiff-Scarlett.jpg?resize=202,300 202w, https:\/\/graziamagazine.com\/es\/wp-content\/uploads\/sites\/12\/2019\/09\/GRAZIA-Tiff-Scarlett.jpg?resize=145,215 145w\" sizes=\"(max-width: 605px) 100vw, 605px\" \/><\/p>\n<p><strong>Kristen Stewart<\/strong><\/p>\n<p>Nos dio la clave de lo que va a ser el oto\u00f1o con este dos piezas a cuadros, <strong>de Chanel<\/strong>.<\/p>\n<p><img loading=\"lazy\" decoding=\"async\" class=\"aligncenter size-full wp-image-147657\" src=\"https:\/\/graziamagazine.com\/es\/wp-content\/uploads\/sites\/12\/2019\/09\/GRAZIA-Tiff-Kristen.jpg\" alt=\"Los mejores looks del TIFF de Toronto\" width=\"600\" height=\"900\" srcset=\"https:\/\/graziamagazine.com\/es\/wp-content\/uploads\/sites\/12\/2019\/09\/GRAZIA-Tiff-Kristen.jpg 600w, https:\/\/graziamagazine.com\/es\/wp-content\/uploads\/sites\/12\/2019\/09\/GRAZIA-Tiff-Kristen.jpg?resize=200,300 200w, https:\/\/graziamagazine.com\/es\/wp-content\/uploads\/sites\/12\/2019\/09\/GRAZIA-Tiff-Kristen.jpg?resize=143,215 143w\" sizes=\"(max-width: 600px) 100vw, 600px\" \/><\/p>\n<p><strong>Nicole Kidman<\/strong><\/p>\n<p>Eligi\u00f3 un vestido joya midi con bordados y un escote palabra de honor. De <strong>Chanel<\/strong>.<\/p>\n<p><img loading=\"lazy\" decoding=\"async\" class=\"aligncenter size-full wp-image-147656\" src=\"https:\/\/graziamagazine.com\/es\/wp-content\/uploads\/sites\/12\/2019\/09\/GRAZIA-Tiff-Nicole.jpg\" alt=\"Los mejores looks del TIFF de Toronto\" width=\"654\" height=\"900\" srcset=\"https:\/\/graziamagazine.com\/es\/wp-content\/uploads\/sites\/12\/2019\/09\/GRAZIA-Tiff-Nicole.jpg 654w, https:\/\/graziamagazine.com\/es\/wp-content\/uploads\/sites\/12\/2019\/09\/GRAZIA-Tiff-Nicole.jpg?resize=218,300 218w, https:\/\/graziamagazine.com\/es\/wp-content\/uploads\/sites\/12\/2019\/09\/GRAZIA-Tiff-Nicole.jpg?resize=155,213 155w\" sizes=\"(max-width: 654px) 100vw, 654px\" \/><\/p>\n<p>&nbsp;<\/p>\n<p>En su segunda aparici\u00f3n, tambi\u00e9n en negro, apost\u00f3 por un vestido de manga larga y flores blancas bordadas.<\/p>\n<p><img loading=\"lazy\" decoding=\"async\" class=\"aligncenter size-full wp-image-147655\" src=\"https:\/\/graziamagazine.com\/es\/wp-content\/uploads\/sites\/12\/2019\/09\/GRAZIA-Tiff-Nicole-2.jpg\" alt=\"Los mejores looks del TIFF de Toronto\" width=\"629\" height=\"900\" srcset=\"https:\/\/graziamagazine.com\/es\/wp-content\/uploads\/sites\/12\/2019\/09\/GRAZIA-Tiff-Nicole-2.jpg 629w, https:\/\/graziamagazine.com\/es\/wp-content\/uploads\/sites\/12\/2019\/09\/GRAZIA-Tiff-Nicole-2.jpg?resize=210,300 210w, https:\/\/graziamagazine.com\/es\/wp-content\/uploads\/sites\/12\/2019\/09\/GRAZIA-Tiff-Nicole-2.jpg?resize=150,215 150w\" sizes=\"(max-width: 629px) 100vw, 629px\" \/><\/p>\n<p><strong>Jennifer Lopez\u00a0<\/strong><\/p>\n<p>Lo apost\u00f3 todo al amarillo con un look arriesgado del que sali\u00f3 victoriosa. Solo JLo puede llevar algo as\u00ed y que le quede bien. Es de\u00a0<strong>Maison Yeya<\/strong>.<\/p>\n<p><img loading=\"lazy\" decoding=\"async\" class=\"aligncenter size-full wp-image-147442\" src=\"https:\/\/graziamagazine.com\/es\/wp-content\/uploads\/sites\/12\/2019\/09\/GettyImages-1173039933.jpg\" alt=\"Jennifer Lopez y su arriesgado vestido amarillo en el Festival de Cine de Toronto\" width=\"2556\" height=\"3834\" srcset=\"https:\/\/graziamagazine.com\/es\/wp-content\/uploads\/sites\/12\/2019\/09\/GettyImages-1173039933.jpg 2556w, https:\/\/graziamagazine.com\/es\/wp-content\/uploads\/sites\/12\/2019\/09\/GettyImages-1173039933.jpg?resize=200,300 200w, https:\/\/graziamagazine.com\/es\/wp-content\/uploads\/sites\/12\/2019\/09\/GettyImages-1173039933.jpg?resize=768,1152 768w, https:\/\/graziamagazine.com\/es\/wp-content\/uploads\/sites\/12\/2019\/09\/GettyImages-1173039933.jpg?resize=683,1024 683w, https:\/\/graziamagazine.com\/es\/wp-content\/uploads\/sites\/12\/2019\/09\/GettyImages-1173039933.jpg?resize=1024,1536 1024w, https:\/\/graziamagazine.com\/es\/wp-content\/uploads\/sites\/12\/2019\/09\/GettyImages-1173039933.jpg?resize=1365,2048 1365w, https:\/\/graziamagazine.com\/es\/wp-content\/uploads\/sites\/12\/2019\/09\/GettyImages-1173039933.jpg?resize=143,215 143w\" sizes=\"(max-width: 2556px) 100vw, 2556px\" \/><\/p>\n<p>El segundo look que eligi\u00f3, en largo midi y lentejuelas, era pura inspiraci\u00f3n glitter para cualquier noche de fiesta.<\/p>\n<p><img loading=\"lazy\" decoding=\"async\" class=\"aligncenter size-full wp-image-147660\" src=\"https:\/\/graziamagazine.com\/es\/wp-content\/uploads\/sites\/12\/2019\/09\/GRAZIA-Tiff-Jlo-2.jpg\" alt=\"Los mejores looks del TIFF de Toronto\" width=\"622\" height=\"900\" srcset=\"https:\/\/graziamagazine.com\/es\/wp-content\/uploads\/sites\/12\/2019\/09\/GRAZIA-Tiff-Jlo-2.jpg 622w, https:\/\/graziamagazine.com\/es\/wp-content\/uploads\/sites\/12\/2019\/09\/GRAZIA-Tiff-Jlo-2.jpg?resize=207,300 207w, https:\/\/graziamagazine.com\/es\/wp-content\/uploads\/sites\/12\/2019\/09\/GRAZIA-Tiff-Jlo-2.jpg?resize=149,215 149w\" sizes=\"(max-width: 622px) 100vw, 622px\" \/><\/p>\n<p><strong>Ana de Armas<\/strong><\/p>\n<p>Sencilla y perfecta, con su mini vestido negra de lentejuelas con escote de v\u00e9rtigo, <strong>de Balmain<\/strong>.<\/p>\n<p><img loading=\"lazy\" decoding=\"async\" class=\"aligncenter size-full wp-image-147658\" src=\"https:\/\/graziamagazine.com\/es\/wp-content\/uploads\/sites\/12\/2019\/09\/GRAZIA-Tiff-Ana.jpg\" alt=\"Los mejores looks del TIFF de Toronto\" width=\"643\" height=\"900\" srcset=\"https:\/\/graziamagazine.com\/es\/wp-content\/uploads\/sites\/12\/2019\/09\/GRAZIA-Tiff-Ana.jpg 643w, https:\/\/graziamagazine.com\/es\/wp-content\/uploads\/sites\/12\/2019\/09\/GRAZIA-Tiff-Ana.jpg?resize=214,300 214w\" sizes=\"(max-width: 643px) 100vw, 643px\" \/><\/p>\n<p><strong>Lili Reinhart<\/strong><\/p>\n<p>Todo al blanco con un vestido lleno de vol\u00famenes, de <strong>Rodarte<\/strong>.<\/p>\n<p><img loading=\"lazy\" decoding=\"async\" class=\"aligncenter size-full wp-image-147661\" src=\"https:\/\/graziamagazine.com\/es\/wp-content\/uploads\/sites\/12\/2019\/09\/GRAZIA-Tiff-Lili.jpg\" alt=\"Los mejores looks del TIFF de Toronto\" width=\"612\" height=\"900\" srcset=\"https:\/\/graziamagazine.com\/es\/wp-content\/uploads\/sites\/12\/2019\/09\/GRAZIA-Tiff-Lili.jpg 612w, https:\/\/graziamagazine.com\/es\/wp-content\/uploads\/sites\/12\/2019\/09\/GRAZIA-Tiff-Lili.jpg?resize=204,300 204w, https:\/\/graziamagazine.com\/es\/wp-content\/uploads\/sites\/12\/2019\/09\/GRAZIA-Tiff-Lili.jpg?resize=146,215 146w\" sizes=\"(max-width: 612px) 100vw, 612px\" \/><\/p>\n<h1><\/h1>\n","protected":false},"author":11653,"featured_media":147651,"template":"","format":"standard","categories":[2324],"acf":[],"yoast_head":"<!-- This site is optimized with the Yoast SEO Premium plugin v18.5 (Yoast SEO v20.4) - https:\/\/yoast.com\/wordpress\/plugins\/seo\/ -->\n<title>Los mejores looks de... TIFF Toronto | Grazia<\/title>\n<meta name=\"description\" content=\"As\u00ed ha sido el paso de las actrices por la alfombra roja del Festival de Cine de Toronto.\" \/>\n<meta name=\"robots\" content=\"index, follow, max-snippet:-1, max-image-preview:large, max-video-preview:-1\" \/>\n<link rel=\"canonical\" href=\"https:\/\/graziamagazine.com\/es\/articles\/los-mejores-looks-de-tiff-toronto\/\" \/>\n<meta property=\"og:locale\" content=\"es_ES\" \/>\n<meta property=\"og:type\" content=\"article\" \/>\n<meta property=\"og:title\" content=\"Los mejores looks de... TIFF Toronto\" \/>\n<meta property=\"og:description\" content=\"As\u00ed ha sido el paso de las actrices por la alfombra roja del Festival de Cine de Toronto.\" \/>\n<meta property=\"og:url\" content=\"https:\/\/graziamagazine.com\/es\/articles\/los-mejores-looks-de-tiff-toronto\/\" \/>\n<meta property=\"og:site_name\" content=\"Grazia\" \/>\n<meta property=\"article:modified_time\" content=\"2019-09-18T08:57:21+00:00\" \/>\n<meta property=\"og:image\" content=\"https:\/\/graziamagazine.com\/es\/wp-content\/uploads\/sites\/12\/2019\/09\/gettyimages-1174527277-594x594.jpg?fit=594%2C396\" \/>\n\t<meta property=\"og:image:width\" content=\"594\" \/>\n\t<meta property=\"og:image:height\" content=\"396\" \/>\n\t<meta property=\"og:image:type\" content=\"image\/jpeg\" \/>\n<meta name=\"twitter:card\" content=\"summary_large_image\" \/>\n<meta name=\"twitter:label1\" content=\"Est. reading time\" \/>\n\t<meta name=\"twitter:data1\" content=\"1 minuto\" \/>\n<script type=\"application\/ld+json\" class=\"yoast-schema-graph\">{\"@context\":\"https:\/\/schema.org\",\"@graph\":[{\"@type\":\"WebPage\",\"@id\":\"https:\/\/graziamagazine.com\/es\/articles\/los-mejores-looks-de-tiff-toronto\/\",\"url\":\"https:\/\/graziamagazine.com\/es\/articles\/los-mejores-looks-de-tiff-toronto\/\",\"name\":\"Los mejores looks de... TIFF Toronto | Grazia\",\"isPartOf\":{\"@id\":\"https:\/\/graziamagazine.com\/es\/#website\"},\"datePublished\":\"2019-09-15T08:15:12+00:00\",\"dateModified\":\"2019-09-18T08:57:21+00:00\",\"description\":\"As\u00ed ha sido el paso de las actrices por la alfombra roja del Festival de Cine de Toronto.\",\"breadcrumb\":{\"@id\":\"https:\/\/graziamagazine.com\/es\/articles\/los-mejores-looks-de-tiff-toronto\/#breadcrumb\"},\"inLanguage\":\"es\",\"potentialAction\":[{\"@type\":\"ReadAction\",\"target\":[\"https:\/\/graziamagazine.com\/es\/articles\/los-mejores-looks-de-tiff-toronto\/\"]}]},{\"@type\":\"BreadcrumbList\",\"@id\":\"https:\/\/graziamagazine.com\/es\/articles\/los-mejores-looks-de-tiff-toronto\/#breadcrumb\",\"itemListElement\":[{\"@type\":\"ListItem\",\"position\":1,\"name\":\"Portada\",\"item\":\"https:\/\/graziamagazine.com\/es\/\"},{\"@type\":\"ListItem\",\"position\":2,\"name\":\"Los mejores looks de&#8230; TIFF Toronto\"}]},{\"@type\":\"WebSite\",\"@id\":\"https:\/\/graziamagazine.com\/es\/#website\",\"url\":\"https:\/\/graziamagazine.com\/es\/\",\"name\":\"Grazia\",\"description\":\"Moda, belleza, celebrities, estilo de vida...\",\"potentialAction\":[{\"@type\":\"SearchAction\",\"target\":{\"@type\":\"EntryPoint\",\"urlTemplate\":\"https:\/\/graziamagazine.com\/es\/?s={search_term_string}\"},\"query-input\":\"required name=search_term_string\"}],\"inLanguage\":\"es\"}]}<\/script>\n<!-- \/ Yoast SEO Premium plugin. -->","yoast_head_json":{"title":"Los mejores looks de... TIFF Toronto | Grazia","description":"As\u00ed ha sido el paso de las actrices por la alfombra roja del Festival de Cine de Toronto.","robots":{"index":"index","follow":"follow","max-snippet":"max-snippet:-1","max-image-preview":"max-image-preview:large","max-video-preview":"max-video-preview:-1"},"canonical":"https:\/\/graziamagazine.com\/es\/articles\/los-mejores-looks-de-tiff-toronto\/","og_locale":"es_ES","og_type":"article","og_title":"Los mejores looks de... TIFF Toronto","og_description":"As\u00ed ha sido el paso de las actrices por la alfombra roja del Festival de Cine de Toronto.","og_url":"https:\/\/graziamagazine.com\/es\/articles\/los-mejores-looks-de-tiff-toronto\/","og_site_name":"Grazia","article_modified_time":"2019-09-18T08:57:21+00:00","og_image":[{"width":594,"height":396,"url":"https:\/\/graziamagazine.com\/es\/wp-content\/uploads\/sites\/12\/2019\/09\/gettyimages-1174527277-594x594.jpg?fit=594%2C396","type":"image\/jpeg"}],"twitter_card":"summary_large_image","twitter_misc":{"Est. reading time":"1 minuto"},"schema":{"@context":"https:\/\/schema.org","@graph":[{"@type":"WebPage","@id":"https:\/\/graziamagazine.com\/es\/articles\/los-mejores-looks-de-tiff-toronto\/","url":"https:\/\/graziamagazine.com\/es\/articles\/los-mejores-looks-de-tiff-toronto\/","name":"Los mejores looks de... TIFF Toronto | Grazia","isPartOf":{"@id":"https:\/\/graziamagazine.com\/es\/#website"},"datePublished":"2019-09-15T08:15:12+00:00","dateModified":"2019-09-18T08:57:21+00:00","description":"As\u00ed ha sido el paso de las actrices por la alfombra roja del Festival de Cine de Toronto.","breadcrumb":{"@id":"https:\/\/graziamagazine.com\/es\/articles\/los-mejores-looks-de-tiff-toronto\/#breadcrumb"},"inLanguage":"es","potentialAction":[{"@type":"ReadAction","target":["https:\/\/graziamagazine.com\/es\/articles\/los-mejores-looks-de-tiff-toronto\/"]}]},{"@type":"BreadcrumbList","@id":"https:\/\/graziamagazine.com\/es\/articles\/los-mejores-looks-de-tiff-toronto\/#breadcrumb","itemListElement":[{"@type":"ListItem","position":1,"name":"Portada","item":"https:\/\/graziamagazine.com\/es\/"},{"@type":"ListItem","position":2,"name":"Los mejores looks de&#8230; TIFF Toronto"}]},{"@type":"WebSite","@id":"https:\/\/graziamagazine.com\/es\/#website","url":"https:\/\/graziamagazine.com\/es\/","name":"Grazia","description":"Moda, belleza, celebrities, estilo de vida...","potentialAction":[{"@type":"SearchAction","target":{"@type":"EntryPoint","urlTemplate":"https:\/\/graziamagazine.com\/es\/?s={search_term_string}"},"query-input":"required name=search_term_string"}],"inLanguage":"es"}]}},"jetpack_sharing_enabled":true,"distributor_meta":false,"distributor_terms":false,"distributor_media":false,"distributor_original_site_name":"Grazia","distributor_original_site_url":"https:\/\/graziamagazine.com\/es","push-errors":false,"_links":{"self":[{"href":"https:\/\/graziamagazine.com\/es\/wp-json\/wp\/v2\/articles\/147649"}],"collection":[{"href":"https:\/\/graziamagazine.com\/es\/wp-json\/wp\/v2\/articles"}],"about":[{"href":"https:\/\/graziamagazine.com\/es\/wp-json\/wp\/v2\/types\/articles"}],"author":[{"embeddable":true,"href":"https:\/\/graziamagazine.com\/es\/wp-json\/wp\/v2\/users\/11653"}],"wp:featuredmedia":[{"embeddable":true,"href":"https:\/\/graziamagazine.com\/es\/wp-json\/wp\/v2\/media\/147651"}],"wp:attachment":[{"href":"https:\/\/graziamagazine.com\/es\/wp-json\/wp\/v2\/media?parent=147649"}],"wp:term":[{"taxonomy":"category","embeddable":true,"href":"https:\/\/graziamagazine.com\/es\/wp-json\/wp\/v2\/categories?post=147649"}],"curies":[{"name":"wp","href":"https:\/\/api.w.org\/{rel}","templated":true}]}}