{"id":147588,"date":"2019-09-11T13:12:10","date_gmt":"2019-09-11T11:12:10","guid":{"rendered":"https:\/\/graziamagazine.com\/es\/?p=147588"},"modified":"2019-09-11T13:14:40","modified_gmt":"2019-09-11T11:14:40","slug":"la-reina-letizia-recupera-su-estilo-mas-sport-zapatillas-incluidas","status":"publish","type":"articles","link":"https:\/\/graziamagazine.com\/es\/articles\/la-reina-letizia-recupera-su-estilo-mas-sport-zapatillas-incluidas\/","title":{"rendered":"La reina Letizia recupera su estilo m\u00e1s sport, zapatillas incluidas"},"content":{"rendered":"<p>La agenda oficial de los Reyes ya comenzaba hace unos d\u00edas, sin embargo <strong>no hab\u00edamos visto todav\u00eda el regreso a clase de sus hija<\/strong>s. Hoy se ha producido ese momento, y c\u00f3mo no, <strong>hemos estado atentos al vestuario elegido por do\u00f1a Letizia<\/strong>.<\/p>\n<p>Despu\u00e9s de <a href=\"http:\/\/bit.ly\/2lHJgCc\" target=\"_blank\">verla ayer estrenando marca espa\u00f1ola, Po\u00e8te, y dos piezas con estrellas y corte lencero<\/a>, <strong>hoy la reina nos ha ofrecido un estilo mucho m\u00e1s relajado y casual,<\/strong> adem\u00e1s de juvenil.<\/p>\n<p>Do\u00f1a Letizia <strong>ha elegido<\/strong> para acompa\u00f1ar a sus hijas en el primer d\u00eda de clases un look muy fresco: <strong>una americana de cuadro pr\u00edncipe de Gales s\u00faper oto\u00f1al y unos pantalones muy ce\u00f1idos, tobilleras y con cremalleras en el bajo<\/strong>.<\/p>\n<ul>\n<li><img loading=\"lazy\" decoding=\"async\" class=\"size-full wp-image-147586\" src=\"https:\/\/graziamagazine.com\/es\/wp-content\/uploads\/sites\/12\/2019\/09\/img_4794.jpg\" width=\"279\" height=\"594\" srcset=\"https:\/\/graziamagazine.com\/es\/wp-content\/uploads\/sites\/12\/2019\/09\/img_4794.jpg 279w, https:\/\/graziamagazine.com\/es\/wp-content\/uploads\/sites\/12\/2019\/09\/img_4794-120x255.jpg 120w\" sizes=\"(max-width: 279px) 100vw, 279px\" \/><\/li>\n<\/ul>\n<p>Pero eso no es todo, <strong>de nuevo ha optado <\/strong>por bajarse de los tacones y <strong>lucir zapatillas<\/strong> de deporte, pero <a href=\"http:\/\/bit.ly\/2NAkzDK\" target=\"_blank\">esta vez no han sido las blancas que vimos en su visita al hospital cuando el rey em\u00e9rito fue operado<\/a>, si no <strong>unas negras de l\u00edneas m\u00e1s modernas y en las que se pod\u00eda leer la palabra &#8216;Hugo&#8217;, lo que hace referencia a Hugo Bos<\/strong>s, una de sus marcas fetiches. Tampoco ha llevado bolso, seguramente para ayudar a sus hijas, y su <em>beauty look<\/em> ha sido muy natural.<\/p>\n<p>Desde luego la reina Letizia sabe bien c\u00f3mo combinar las tendencias, para ofrecernos looks m\u00e1s sofisticados como m\u00e1s del d\u00eda a d\u00eda.<\/p>\n<p>*<em>Imag\u00e9nes: Getty Images<\/em><\/p>\n","protected":false},"author":11653,"featured_media":147587,"template":"","format":"standard","categories":[2147],"acf":[],"yoast_head":"<!-- This site is optimized with the Yoast SEO Premium plugin v18.5 (Yoast SEO v20.4) - https:\/\/yoast.com\/wordpress\/plugins\/seo\/ -->\n<title>La reina Letizia recupera su estilo m\u00e1s sport, zapatillas incluidas | Grazia<\/title>\n<meta name=\"description\" content=\"Los Reyes han acompa\u00f1ado a la princesa Leonor y la infanta Sof\u00eda en su primer d\u00eda de regreso a clases.\" \/>\n<meta name=\"robots\" content=\"index, follow, max-snippet:-1, max-image-preview:large, max-video-preview:-1\" \/>\n<link rel=\"canonical\" href=\"https:\/\/graziamagazine.com\/es\/articles\/la-reina-letizia-recupera-su-estilo-mas-sport-zapatillas-incluidas\/\" \/>\n<meta property=\"og:locale\" content=\"es_ES\" \/>\n<meta property=\"og:type\" content=\"article\" \/>\n<meta property=\"og:title\" content=\"La reina Letizia recupera su estilo m\u00e1s sport, zapatillas incluidas\" \/>\n<meta property=\"og:description\" content=\"Los Reyes han acompa\u00f1ado a la princesa Leonor y la infanta Sof\u00eda en su primer d\u00eda de regreso a clases.\" \/>\n<meta property=\"og:url\" content=\"https:\/\/graziamagazine.com\/es\/articles\/la-reina-letizia-recupera-su-estilo-mas-sport-zapatillas-incluidas\/\" \/>\n<meta property=\"og:site_name\" content=\"Grazia\" \/>\n<meta property=\"article:modified_time\" content=\"2019-09-11T11:14:40+00:00\" \/>\n<meta property=\"og:image\" content=\"https:\/\/graziamagazine.com\/es\/wp-content\/uploads\/sites\/12\/2019\/09\/img_4795.jpg?fit=1024%2C683\" \/>\n\t<meta property=\"og:image:width\" content=\"1024\" \/>\n\t<meta property=\"og:image:height\" content=\"683\" \/>\n\t<meta property=\"og:image:type\" content=\"image\/jpeg\" \/>\n<meta name=\"twitter:card\" content=\"summary_large_image\" \/>\n<meta name=\"twitter:label1\" content=\"Est. reading time\" \/>\n\t<meta name=\"twitter:data1\" content=\"1 minuto\" \/>\n<script type=\"application\/ld+json\" class=\"yoast-schema-graph\">{\"@context\":\"https:\/\/schema.org\",\"@graph\":[{\"@type\":\"WebPage\",\"@id\":\"https:\/\/graziamagazine.com\/es\/articles\/la-reina-letizia-recupera-su-estilo-mas-sport-zapatillas-incluidas\/\",\"url\":\"https:\/\/graziamagazine.com\/es\/articles\/la-reina-letizia-recupera-su-estilo-mas-sport-zapatillas-incluidas\/\",\"name\":\"La reina Letizia recupera su estilo m\u00e1s sport, zapatillas incluidas | Grazia\",\"isPartOf\":{\"@id\":\"https:\/\/graziamagazine.com\/es\/#website\"},\"datePublished\":\"2019-09-11T11:12:10+00:00\",\"dateModified\":\"2019-09-11T11:14:40+00:00\",\"description\":\"Los Reyes han acompa\u00f1ado a la princesa Leonor y la infanta Sof\u00eda en su primer d\u00eda de regreso a clases.\",\"breadcrumb\":{\"@id\":\"https:\/\/graziamagazine.com\/es\/articles\/la-reina-letizia-recupera-su-estilo-mas-sport-zapatillas-incluidas\/#breadcrumb\"},\"inLanguage\":\"es\",\"potentialAction\":[{\"@type\":\"ReadAction\",\"target\":[\"https:\/\/graziamagazine.com\/es\/articles\/la-reina-letizia-recupera-su-estilo-mas-sport-zapatillas-incluidas\/\"]}]},{\"@type\":\"BreadcrumbList\",\"@id\":\"https:\/\/graziamagazine.com\/es\/articles\/la-reina-letizia-recupera-su-estilo-mas-sport-zapatillas-incluidas\/#breadcrumb\",\"itemListElement\":[{\"@type\":\"ListItem\",\"position\":1,\"name\":\"Portada\",\"item\":\"https:\/\/graziamagazine.com\/es\/\"},{\"@type\":\"ListItem\",\"position\":2,\"name\":\"La reina Letizia recupera su estilo m\u00e1s sport, zapatillas incluidas\"}]},{\"@type\":\"WebSite\",\"@id\":\"https:\/\/graziamagazine.com\/es\/#website\",\"url\":\"https:\/\/graziamagazine.com\/es\/\",\"name\":\"Grazia\",\"description\":\"Moda, belleza, celebrities, estilo de vida...\",\"potentialAction\":[{\"@type\":\"SearchAction\",\"target\":{\"@type\":\"EntryPoint\",\"urlTemplate\":\"https:\/\/graziamagazine.com\/es\/?s={search_term_string}\"},\"query-input\":\"required name=search_term_string\"}],\"inLanguage\":\"es\"}]}<\/script>\n<!-- \/ Yoast SEO Premium plugin. -->","yoast_head_json":{"title":"La reina Letizia recupera su estilo m\u00e1s sport, zapatillas incluidas | Grazia","description":"Los Reyes han acompa\u00f1ado a la princesa Leonor y la infanta Sof\u00eda en su primer d\u00eda de regreso a clases.","robots":{"index":"index","follow":"follow","max-snippet":"max-snippet:-1","max-image-preview":"max-image-preview:large","max-video-preview":"max-video-preview:-1"},"canonical":"https:\/\/graziamagazine.com\/es\/articles\/la-reina-letizia-recupera-su-estilo-mas-sport-zapatillas-incluidas\/","og_locale":"es_ES","og_type":"article","og_title":"La reina Letizia recupera su estilo m\u00e1s sport, zapatillas incluidas","og_description":"Los Reyes han acompa\u00f1ado a la princesa Leonor y la infanta Sof\u00eda en su primer d\u00eda de regreso a clases.","og_url":"https:\/\/graziamagazine.com\/es\/articles\/la-reina-letizia-recupera-su-estilo-mas-sport-zapatillas-incluidas\/","og_site_name":"Grazia","article_modified_time":"2019-09-11T11:14:40+00:00","og_image":[{"width":1024,"height":683,"url":"https:\/\/graziamagazine.com\/es\/wp-content\/uploads\/sites\/12\/2019\/09\/img_4795.jpg?fit=1024%2C683","type":"image\/jpeg"}],"twitter_card":"summary_large_image","twitter_misc":{"Est. reading time":"1 minuto"},"schema":{"@context":"https:\/\/schema.org","@graph":[{"@type":"WebPage","@id":"https:\/\/graziamagazine.com\/es\/articles\/la-reina-letizia-recupera-su-estilo-mas-sport-zapatillas-incluidas\/","url":"https:\/\/graziamagazine.com\/es\/articles\/la-reina-letizia-recupera-su-estilo-mas-sport-zapatillas-incluidas\/","name":"La reina Letizia recupera su estilo m\u00e1s sport, zapatillas incluidas | Grazia","isPartOf":{"@id":"https:\/\/graziamagazine.com\/es\/#website"},"datePublished":"2019-09-11T11:12:10+00:00","dateModified":"2019-09-11T11:14:40+00:00","description":"Los Reyes han acompa\u00f1ado a la princesa Leonor y la infanta Sof\u00eda en su primer d\u00eda de regreso a clases.","breadcrumb":{"@id":"https:\/\/graziamagazine.com\/es\/articles\/la-reina-letizia-recupera-su-estilo-mas-sport-zapatillas-incluidas\/#breadcrumb"},"inLanguage":"es","potentialAction":[{"@type":"ReadAction","target":["https:\/\/graziamagazine.com\/es\/articles\/la-reina-letizia-recupera-su-estilo-mas-sport-zapatillas-incluidas\/"]}]},{"@type":"BreadcrumbList","@id":"https:\/\/graziamagazine.com\/es\/articles\/la-reina-letizia-recupera-su-estilo-mas-sport-zapatillas-incluidas\/#breadcrumb","itemListElement":[{"@type":"ListItem","position":1,"name":"Portada","item":"https:\/\/graziamagazine.com\/es\/"},{"@type":"ListItem","position":2,"name":"La reina Letizia recupera su estilo m\u00e1s sport, zapatillas incluidas"}]},{"@type":"WebSite","@id":"https:\/\/graziamagazine.com\/es\/#website","url":"https:\/\/graziamagazine.com\/es\/","name":"Grazia","description":"Moda, belleza, celebrities, estilo de vida...","potentialAction":[{"@type":"SearchAction","target":{"@type":"EntryPoint","urlTemplate":"https:\/\/graziamagazine.com\/es\/?s={search_term_string}"},"query-input":"required name=search_term_string"}],"inLanguage":"es"}]}},"jetpack_sharing_enabled":true,"distributor_meta":false,"distributor_terms":false,"distributor_media":false,"distributor_original_site_name":"Grazia","distributor_original_site_url":"https:\/\/graziamagazine.com\/es","push-errors":false,"_links":{"self":[{"href":"https:\/\/graziamagazine.com\/es\/wp-json\/wp\/v2\/articles\/147588"}],"collection":[{"href":"https:\/\/graziamagazine.com\/es\/wp-json\/wp\/v2\/articles"}],"about":[{"href":"https:\/\/graziamagazine.com\/es\/wp-json\/wp\/v2\/types\/articles"}],"author":[{"embeddable":true,"href":"https:\/\/graziamagazine.com\/es\/wp-json\/wp\/v2\/users\/11653"}],"wp:featuredmedia":[{"embeddable":true,"href":"https:\/\/graziamagazine.com\/es\/wp-json\/wp\/v2\/media\/147587"}],"wp:attachment":[{"href":"https:\/\/graziamagazine.com\/es\/wp-json\/wp\/v2\/media?parent=147588"}],"wp:term":[{"taxonomy":"category","embeddable":true,"href":"https:\/\/graziamagazine.com\/es\/wp-json\/wp\/v2\/categories?post=147588"}],"curies":[{"name":"wp","href":"https:\/\/api.w.org\/{rel}","templated":true}]}}