{"id":147394,"date":"2019-09-06T17:09:06","date_gmt":"2019-09-06T15:09:06","guid":{"rendered":"https:\/\/graziamagazine.com\/es\/?p=147394"},"modified":"2019-09-09T16:28:46","modified_gmt":"2019-09-09T14:28:46","slug":"quim-gutierrez-impecable-de-dior-nuestro-guapo-de-la-semana","status":"publish","type":"articles","link":"https:\/\/graziamagazine.com\/es\/articles\/quim-gutierrez-impecable-de-dior-nuestro-guapo-de-la-semana\/","title":{"rendered":"Quim Guti\u00e9rrez, impecable de Dior, nuestro guapo de la semana"},"content":{"rendered":"<p><strong>Estos d\u00edas hemos hablado mucho de alfombras rojas<\/strong>, y si <a href=\"http:\/\/bit.ly\/2Plh7z7\" target=\"_blank\">la semana pasada Brad Pitt volv\u00eda a entrar de lleno en esta secci\u00f3n de guapos<\/a>, tras pasar por el Festival de Cine de Venecia, <strong>esta semana apostamos por el producto nacional y nuestro guapo de la semana es \u00e9l, Quim Guti\u00e9rrez<\/strong>.<\/p>\n<p>No siempre nos fijamos en ellos sobre la <em>red carpet<\/em> como hacemos con ellas, pero nuestros famosos tambi\u00e9n nos ofrecen <em>outfits<\/em> de impresi\u00f3n. Suponemos que eso es lo que quiso Quim y, desde luego, lo ha conseguido.\u00a0Hoy se estrena su pel\u00edcula &#8216;<em>Litus<\/em>&#8216;, donde comparte cartel con Adri\u00e1n Lastra (que ya estuvo tambi\u00e9n en esta secci\u00f3n). Alex Garc\u00eda y Bel\u00e9n Cuesta, nuestra favorita en &#8216;<a href=\"http:\/\/bit.ly\/2kyHAKX\" target=\"_blank\"><em>Paquita Salas<\/em><\/a>&#8216;, con el permiso de Paquita, claro. Una pel\u00edcula que trata de la reuni\u00f3n de varios amigos tras el suicidio de uno.<\/p>\n<p>Para asistir al estreno de la pel\u00edcula <strong>Quim eligi\u00f3 un traje cruzado de Dior<\/strong>, firmado por Kim Jones, que pertenece a la <strong>colecci\u00f3n de Oto\u00f1o-Invierno 2019-2020<\/strong>. En lana negra, con doble solapa, y que combin\u00f3 con una camisa blanca cl\u00e1sica de algod\u00f3n y una corbata fina en seda negra.<\/p>\n<p><img loading=\"lazy\" decoding=\"async\" class=\"aligncenter size-full wp-image-147396\" src=\"https:\/\/graziamagazine.com\/es\/wp-content\/uploads\/sites\/12\/2019\/09\/Captura-de-pantalla-2019-09-06-a-las-16.36.42.png\" alt=\"Quim Guti\u00e9rrez elige Dior para asistir al estreno de Litus\" width=\"505\" height=\"723\" srcset=\"https:\/\/graziamagazine.com\/es\/wp-content\/uploads\/sites\/12\/2019\/09\/Captura-de-pantalla-2019-09-06-a-las-16.36.42.png 505w, https:\/\/graziamagazine.com\/es\/wp-content\/uploads\/sites\/12\/2019\/09\/Captura-de-pantalla-2019-09-06-a-las-16.36.42.png?resize=210,300 210w, https:\/\/graziamagazine.com\/es\/wp-content\/uploads\/sites\/12\/2019\/09\/Captura-de-pantalla-2019-09-06-a-las-16.36.42.png?resize=150,215 150w\" sizes=\"(max-width: 505px) 100vw, 505px\" \/><\/p>\n<p>Durante la premier, Quim dec\u00eda: \u00ab<em>Creo en las oportunidades, en reconocer que uno se ha equivocado<\/em>\u00ab. Pero debemos decir que \u00e9l no se ha equivocado, al contrario, su look fue todo un acierto. Adem\u00e1s,\u00a0nos ha dejado algunas im\u00e1genes este verano que solo confirman por qu\u00e9 este actor tan carism\u00e1tico cierra la semana como el m\u00e1s guapo.<\/p>\n<p><em>*Imagen: Cortes\u00eda de Dior.\u00a0<\/em><\/p>\n<p>&nbsp;<\/p>\n<p>&nbsp;<\/p>\n<p>&nbsp;<\/p>\n","protected":false},"author":11653,"featured_media":147398,"template":"","format":"standard","categories":[1583],"acf":[],"yoast_head":"<!-- This site is optimized with the Yoast SEO Premium plugin v18.5 (Yoast SEO v20.4) - https:\/\/yoast.com\/wordpress\/plugins\/seo\/ -->\n<title>Quim Guti\u00e9rrez, impecable de Dior, nuestro guapo de la semana | Grazia<\/title>\n<meta name=\"description\" content=\"Nuestro guapo de la semana se present\u00f3 as\u00ed de estupendo en la presentaci\u00f3n de su \u00faltima pel\u00edcula: &#039;Litus&#039;\" \/>\n<meta name=\"robots\" content=\"index, follow, max-snippet:-1, max-image-preview:large, max-video-preview:-1\" \/>\n<link rel=\"canonical\" href=\"https:\/\/graziamagazine.com\/es\/articles\/quim-gutierrez-impecable-de-dior-nuestro-guapo-de-la-semana\/\" \/>\n<meta property=\"og:locale\" content=\"es_ES\" \/>\n<meta property=\"og:type\" content=\"article\" \/>\n<meta property=\"og:title\" content=\"Quim Guti\u00e9rrez, impecable de Dior, nuestro guapo de la semana\" \/>\n<meta property=\"og:description\" content=\"Nuestro guapo de la semana se present\u00f3 as\u00ed de estupendo en la presentaci\u00f3n de su \u00faltima pel\u00edcula: &#039;Litus&#039;\" \/>\n<meta property=\"og:url\" content=\"https:\/\/graziamagazine.com\/es\/articles\/quim-gutierrez-impecable-de-dior-nuestro-guapo-de-la-semana\/\" \/>\n<meta property=\"og:site_name\" content=\"Grazia\" \/>\n<meta property=\"article:modified_time\" content=\"2019-09-09T14:28:46+00:00\" \/>\n<meta property=\"og:image\" content=\"https:\/\/graziamagazine.com\/es\/wp-content\/uploads\/sites\/12\/2019\/09\/gettyimages-1172057755-594x594.jpg?fit=594%2C396\" \/>\n\t<meta property=\"og:image:width\" content=\"594\" \/>\n\t<meta property=\"og:image:height\" content=\"396\" \/>\n\t<meta property=\"og:image:type\" content=\"image\/jpeg\" \/>\n<meta name=\"twitter:card\" content=\"summary_large_image\" \/>\n<meta name=\"twitter:label1\" content=\"Est. reading time\" \/>\n\t<meta name=\"twitter:data1\" content=\"1 minuto\" \/>\n<script type=\"application\/ld+json\" class=\"yoast-schema-graph\">{\"@context\":\"https:\/\/schema.org\",\"@graph\":[{\"@type\":\"WebPage\",\"@id\":\"https:\/\/graziamagazine.com\/es\/articles\/quim-gutierrez-impecable-de-dior-nuestro-guapo-de-la-semana\/\",\"url\":\"https:\/\/graziamagazine.com\/es\/articles\/quim-gutierrez-impecable-de-dior-nuestro-guapo-de-la-semana\/\",\"name\":\"Quim Guti\u00e9rrez, impecable de Dior, nuestro guapo de la semana | Grazia\",\"isPartOf\":{\"@id\":\"https:\/\/graziamagazine.com\/es\/#website\"},\"datePublished\":\"2019-09-06T15:09:06+00:00\",\"dateModified\":\"2019-09-09T14:28:46+00:00\",\"description\":\"Nuestro guapo de la semana se present\u00f3 as\u00ed de estupendo en la presentaci\u00f3n de su \u00faltima pel\u00edcula: 'Litus'\",\"breadcrumb\":{\"@id\":\"https:\/\/graziamagazine.com\/es\/articles\/quim-gutierrez-impecable-de-dior-nuestro-guapo-de-la-semana\/#breadcrumb\"},\"inLanguage\":\"es\",\"potentialAction\":[{\"@type\":\"ReadAction\",\"target\":[\"https:\/\/graziamagazine.com\/es\/articles\/quim-gutierrez-impecable-de-dior-nuestro-guapo-de-la-semana\/\"]}]},{\"@type\":\"BreadcrumbList\",\"@id\":\"https:\/\/graziamagazine.com\/es\/articles\/quim-gutierrez-impecable-de-dior-nuestro-guapo-de-la-semana\/#breadcrumb\",\"itemListElement\":[{\"@type\":\"ListItem\",\"position\":1,\"name\":\"Portada\",\"item\":\"https:\/\/graziamagazine.com\/es\/\"},{\"@type\":\"ListItem\",\"position\":2,\"name\":\"Quim Guti\u00e9rrez, impecable de Dior, nuestro guapo de la semana\"}]},{\"@type\":\"WebSite\",\"@id\":\"https:\/\/graziamagazine.com\/es\/#website\",\"url\":\"https:\/\/graziamagazine.com\/es\/\",\"name\":\"Grazia\",\"description\":\"Moda, belleza, celebrities, estilo de vida...\",\"potentialAction\":[{\"@type\":\"SearchAction\",\"target\":{\"@type\":\"EntryPoint\",\"urlTemplate\":\"https:\/\/graziamagazine.com\/es\/?s={search_term_string}\"},\"query-input\":\"required name=search_term_string\"}],\"inLanguage\":\"es\"}]}<\/script>\n<!-- \/ Yoast SEO Premium plugin. -->","yoast_head_json":{"title":"Quim Guti\u00e9rrez, impecable de Dior, nuestro guapo de la semana | Grazia","description":"Nuestro guapo de la semana se present\u00f3 as\u00ed de estupendo en la presentaci\u00f3n de su \u00faltima pel\u00edcula: 'Litus'","robots":{"index":"index","follow":"follow","max-snippet":"max-snippet:-1","max-image-preview":"max-image-preview:large","max-video-preview":"max-video-preview:-1"},"canonical":"https:\/\/graziamagazine.com\/es\/articles\/quim-gutierrez-impecable-de-dior-nuestro-guapo-de-la-semana\/","og_locale":"es_ES","og_type":"article","og_title":"Quim Guti\u00e9rrez, impecable de Dior, nuestro guapo de la semana","og_description":"Nuestro guapo de la semana se present\u00f3 as\u00ed de estupendo en la presentaci\u00f3n de su \u00faltima pel\u00edcula: 'Litus'","og_url":"https:\/\/graziamagazine.com\/es\/articles\/quim-gutierrez-impecable-de-dior-nuestro-guapo-de-la-semana\/","og_site_name":"Grazia","article_modified_time":"2019-09-09T14:28:46+00:00","og_image":[{"width":594,"height":396,"url":"https:\/\/graziamagazine.com\/es\/wp-content\/uploads\/sites\/12\/2019\/09\/gettyimages-1172057755-594x594.jpg?fit=594%2C396","type":"image\/jpeg"}],"twitter_card":"summary_large_image","twitter_misc":{"Est. reading time":"1 minuto"},"schema":{"@context":"https:\/\/schema.org","@graph":[{"@type":"WebPage","@id":"https:\/\/graziamagazine.com\/es\/articles\/quim-gutierrez-impecable-de-dior-nuestro-guapo-de-la-semana\/","url":"https:\/\/graziamagazine.com\/es\/articles\/quim-gutierrez-impecable-de-dior-nuestro-guapo-de-la-semana\/","name":"Quim Guti\u00e9rrez, impecable de Dior, nuestro guapo de la semana | Grazia","isPartOf":{"@id":"https:\/\/graziamagazine.com\/es\/#website"},"datePublished":"2019-09-06T15:09:06+00:00","dateModified":"2019-09-09T14:28:46+00:00","description":"Nuestro guapo de la semana se present\u00f3 as\u00ed de estupendo en la presentaci\u00f3n de su \u00faltima pel\u00edcula: 'Litus'","breadcrumb":{"@id":"https:\/\/graziamagazine.com\/es\/articles\/quim-gutierrez-impecable-de-dior-nuestro-guapo-de-la-semana\/#breadcrumb"},"inLanguage":"es","potentialAction":[{"@type":"ReadAction","target":["https:\/\/graziamagazine.com\/es\/articles\/quim-gutierrez-impecable-de-dior-nuestro-guapo-de-la-semana\/"]}]},{"@type":"BreadcrumbList","@id":"https:\/\/graziamagazine.com\/es\/articles\/quim-gutierrez-impecable-de-dior-nuestro-guapo-de-la-semana\/#breadcrumb","itemListElement":[{"@type":"ListItem","position":1,"name":"Portada","item":"https:\/\/graziamagazine.com\/es\/"},{"@type":"ListItem","position":2,"name":"Quim Guti\u00e9rrez, impecable de Dior, nuestro guapo de la semana"}]},{"@type":"WebSite","@id":"https:\/\/graziamagazine.com\/es\/#website","url":"https:\/\/graziamagazine.com\/es\/","name":"Grazia","description":"Moda, belleza, celebrities, estilo de vida...","potentialAction":[{"@type":"SearchAction","target":{"@type":"EntryPoint","urlTemplate":"https:\/\/graziamagazine.com\/es\/?s={search_term_string}"},"query-input":"required name=search_term_string"}],"inLanguage":"es"}]}},"jetpack_sharing_enabled":true,"distributor_meta":false,"distributor_terms":false,"distributor_media":false,"distributor_original_site_name":"Grazia","distributor_original_site_url":"https:\/\/graziamagazine.com\/es","push-errors":false,"_links":{"self":[{"href":"https:\/\/graziamagazine.com\/es\/wp-json\/wp\/v2\/articles\/147394"}],"collection":[{"href":"https:\/\/graziamagazine.com\/es\/wp-json\/wp\/v2\/articles"}],"about":[{"href":"https:\/\/graziamagazine.com\/es\/wp-json\/wp\/v2\/types\/articles"}],"author":[{"embeddable":true,"href":"https:\/\/graziamagazine.com\/es\/wp-json\/wp\/v2\/users\/11653"}],"wp:featuredmedia":[{"embeddable":true,"href":"https:\/\/graziamagazine.com\/es\/wp-json\/wp\/v2\/media\/147398"}],"wp:attachment":[{"href":"https:\/\/graziamagazine.com\/es\/wp-json\/wp\/v2\/media?parent=147394"}],"wp:term":[{"taxonomy":"category","embeddable":true,"href":"https:\/\/graziamagazine.com\/es\/wp-json\/wp\/v2\/categories?post=147394"}],"curies":[{"name":"wp","href":"https:\/\/api.w.org\/{rel}","templated":true}]}}