{"id":147365,"date":"2019-09-06T11:51:39","date_gmt":"2019-09-06T09:51:39","guid":{"rendered":"https:\/\/graziamagazine.com\/es\/?p=147365"},"modified":"2019-09-06T11:57:12","modified_gmt":"2019-09-06T09:57:12","slug":"maria-leon-y-sus-lookazos-de-invitada-para-el-dia-y-la-noche","status":"publish","type":"articles","link":"https:\/\/graziamagazine.com\/es\/articles\/maria-leon-y-sus-lookazos-de-invitada-para-el-dia-y-la-noche\/","title":{"rendered":"Mar\u00eda Le\u00f3n y sus &#8216;lookazos&#8217; de invitada para el d\u00eda y la noche"},"content":{"rendered":"<p>Si hablamos de\u00a0 &#8216;<em>La casa de las flores<\/em>&#8216; dos nombres aparecen en nuestra cabeza: Paulina de la Mora y Mar\u00eda Jos\u00e9\/Jos\u00e9 Mar\u00eda.Y, aunque amamos a estos personajes interpretados por Cecilia Su\u00e1rez y Paco Le\u00f3n,<strong><a href=\"http:\/\/bit.ly\/2yPS645\" target=\"_blank\"> hoy hablamos de uno de los nuevos fichajes de la segunda temporada que ya tiene fecha de estreno<\/a>: Mar\u00eda Le\u00f3n.<\/strong><\/p>\n<p>La actriz se suma al elenco, junto a otros actores espa\u00f1oles, ya que habr\u00e1 una parte de la serie que se ha grabado en Espa\u00f1a, y la hemos visto en el #FestVal2019, el \u00fanico festival en Espa\u00f1a centrado en el mundo de la televisi\u00f3n, para presentar la segunda temporada de la exitosa serie de Netflix. <strong>Mar\u00eda nos ha dejado dos grandes looks<\/strong>. Para <strong>el d\u00eda<\/strong> le quiso hacer un homenaje a la serie y vi\u00e9ndola resonaba en nuestra cabeza a Rosario cantando \u00ab<em>flores, flores, hay muchas flores, flores<\/em>\u00ab.<\/p>\n<p><img loading=\"lazy\" decoding=\"async\" class=\"aligncenter size-full wp-image-147366\" src=\"https:\/\/graziamagazine.com\/es\/wp-content\/uploads\/sites\/12\/2019\/09\/GRAZIA-maria-leon-festval-dia.jpeg\" alt=\"Mar\u00eda Le\u00f3n y sus lookazos en el FestVal 2019\" width=\"1366\" height=\"2049\" srcset=\"https:\/\/graziamagazine.com\/es\/wp-content\/uploads\/sites\/12\/2019\/09\/GRAZIA-maria-leon-festval-dia.jpeg 1366w, https:\/\/graziamagazine.com\/es\/wp-content\/uploads\/sites\/12\/2019\/09\/GRAZIA-maria-leon-festval-dia.jpeg?resize=200,300 200w, https:\/\/graziamagazine.com\/es\/wp-content\/uploads\/sites\/12\/2019\/09\/GRAZIA-maria-leon-festval-dia.jpeg?resize=768,1152 768w, https:\/\/graziamagazine.com\/es\/wp-content\/uploads\/sites\/12\/2019\/09\/GRAZIA-maria-leon-festval-dia.jpeg?resize=683,1024 683w, https:\/\/graziamagazine.com\/es\/wp-content\/uploads\/sites\/12\/2019\/09\/GRAZIA-maria-leon-festval-dia.jpeg?resize=1024,1536 1024w, https:\/\/graziamagazine.com\/es\/wp-content\/uploads\/sites\/12\/2019\/09\/GRAZIA-maria-leon-festval-dia.jpeg?resize=143,215 143w\" sizes=\"(max-width: 1366px) 100vw, 1366px\" \/><\/p>\n<p>Una combinaci\u00f3n ganadora que solo alguien con una personalidad como la suya, y mucho arte, puede lucir as\u00ed: un <strong>pantal\u00f3n floral de DELPOZO<\/strong>, un mini <strong>crop top blanco con flores en 3D de Dolores Cort\u00e9s\u00a0<\/strong>y unas <strong>sandalias<\/strong> de tiras cruzadas en plata, de <strong>Dsquared2<\/strong>.<\/p>\n<p>Para <strong>la noche<\/strong>, ha vuelto a elegir a <strong>Dsquared2<\/strong> en un <strong>vestido chaqueta<\/strong> con cintur\u00f3n y estampado arty y unas <strong>sandalias negras<\/strong>, tambi\u00e9n de tiras finas, de <strong>Jimmy Choo<\/strong>. Y, como estamos viendo en otras <a href=\"http:\/\/bit.ly\/2lyPYKI\" target=\"_blank\">alfombras rojas como las del Festival de Cine de Venecia<\/a>, para completar un <em>wet hair<\/em>, el look de temporada.<\/p>\n<p><img loading=\"lazy\" decoding=\"async\" class=\"aligncenter size-full wp-image-147367\" src=\"https:\/\/graziamagazine.com\/es\/wp-content\/uploads\/sites\/12\/2019\/09\/GRAZIA-maria-leon-festval-noche.jpeg\" alt=\"Mar\u00eda Le\u00f3n y sus lookazos en el FestVal 2019\" width=\"812\" height=\"1218\" srcset=\"https:\/\/graziamagazine.com\/es\/wp-content\/uploads\/sites\/12\/2019\/09\/GRAZIA-maria-leon-festval-noche.jpeg 812w, https:\/\/graziamagazine.com\/es\/wp-content\/uploads\/sites\/12\/2019\/09\/GRAZIA-maria-leon-festval-noche.jpeg?resize=200,300 200w, https:\/\/graziamagazine.com\/es\/wp-content\/uploads\/sites\/12\/2019\/09\/GRAZIA-maria-leon-festval-noche.jpeg?resize=768,1152 768w, https:\/\/graziamagazine.com\/es\/wp-content\/uploads\/sites\/12\/2019\/09\/GRAZIA-maria-leon-festval-noche.jpeg?resize=683,1024 683w, https:\/\/graziamagazine.com\/es\/wp-content\/uploads\/sites\/12\/2019\/09\/GRAZIA-maria-leon-festval-noche.jpeg?resize=143,215 143w\" sizes=\"(max-width: 812px) 100vw, 812px\" \/><\/p>\n<p>\u00a1Aplausos, Mar\u00eda! Estamos deseando verte en la segunda temporada.<\/p>\n<p><em>*Im\u00e1genes: FestVal 2019<\/em><\/p>\n<p>&nbsp;<\/p>\n","protected":false},"author":11653,"featured_media":147370,"template":"","format":"standard","categories":[2246],"acf":[],"yoast_head":"<!-- This site is optimized with the Yoast SEO Premium plugin v18.5 (Yoast SEO v20.4) - https:\/\/yoast.com\/wordpress\/plugins\/seo\/ -->\n<title>Mar\u00eda Le\u00f3n y sus &#039;lookazos&#039; de invitada para el d\u00eda y la noche | Grazia<\/title>\n<meta name=\"description\" content=\"La actriz se visti\u00f3 de flores para presentar en VItoria &#039;La Casa de las Flores&#039; segunda temporada.\" \/>\n<meta name=\"robots\" content=\"index, follow, max-snippet:-1, max-image-preview:large, max-video-preview:-1\" \/>\n<link rel=\"canonical\" href=\"https:\/\/graziamagazine.com\/es\/articles\/maria-leon-y-sus-lookazos-de-invitada-para-el-dia-y-la-noche\/\" \/>\n<meta property=\"og:locale\" content=\"es_ES\" \/>\n<meta property=\"og:type\" content=\"article\" \/>\n<meta property=\"og:title\" content=\"Mar\u00eda Le\u00f3n y sus &#039;lookazos&#039; de invitada para el d\u00eda y la noche\" \/>\n<meta property=\"og:description\" content=\"La actriz se visti\u00f3 de flores para presentar en VItoria &#039;La Casa de las Flores&#039; segunda temporada.\" \/>\n<meta property=\"og:url\" content=\"https:\/\/graziamagazine.com\/es\/articles\/maria-leon-y-sus-lookazos-de-invitada-para-el-dia-y-la-noche\/\" \/>\n<meta property=\"og:site_name\" content=\"Grazia\" \/>\n<meta property=\"article:modified_time\" content=\"2019-09-06T09:57:12+00:00\" \/>\n<meta property=\"og:image\" content=\"https:\/\/graziamagazine.com\/es\/wp-content\/uploads\/sites\/12\/2019\/09\/Captura-de-pantalla-2019-09-06-a-las-11.49.45.png?fit=472%2C287\" \/>\n\t<meta property=\"og:image:width\" content=\"472\" \/>\n\t<meta property=\"og:image:height\" content=\"287\" \/>\n\t<meta property=\"og:image:type\" content=\"image\/png\" \/>\n<meta name=\"twitter:card\" content=\"summary_large_image\" \/>\n<meta name=\"twitter:label1\" content=\"Est. reading time\" \/>\n\t<meta name=\"twitter:data1\" content=\"1 minuto\" \/>\n<script type=\"application\/ld+json\" class=\"yoast-schema-graph\">{\"@context\":\"https:\/\/schema.org\",\"@graph\":[{\"@type\":\"WebPage\",\"@id\":\"https:\/\/graziamagazine.com\/es\/articles\/maria-leon-y-sus-lookazos-de-invitada-para-el-dia-y-la-noche\/\",\"url\":\"https:\/\/graziamagazine.com\/es\/articles\/maria-leon-y-sus-lookazos-de-invitada-para-el-dia-y-la-noche\/\",\"name\":\"Mar\u00eda Le\u00f3n y sus 'lookazos' de invitada para el d\u00eda y la noche | Grazia\",\"isPartOf\":{\"@id\":\"https:\/\/graziamagazine.com\/es\/#website\"},\"datePublished\":\"2019-09-06T09:51:39+00:00\",\"dateModified\":\"2019-09-06T09:57:12+00:00\",\"description\":\"La actriz se visti\u00f3 de flores para presentar en VItoria 'La Casa de las Flores' segunda temporada.\",\"breadcrumb\":{\"@id\":\"https:\/\/graziamagazine.com\/es\/articles\/maria-leon-y-sus-lookazos-de-invitada-para-el-dia-y-la-noche\/#breadcrumb\"},\"inLanguage\":\"es\",\"potentialAction\":[{\"@type\":\"ReadAction\",\"target\":[\"https:\/\/graziamagazine.com\/es\/articles\/maria-leon-y-sus-lookazos-de-invitada-para-el-dia-y-la-noche\/\"]}]},{\"@type\":\"BreadcrumbList\",\"@id\":\"https:\/\/graziamagazine.com\/es\/articles\/maria-leon-y-sus-lookazos-de-invitada-para-el-dia-y-la-noche\/#breadcrumb\",\"itemListElement\":[{\"@type\":\"ListItem\",\"position\":1,\"name\":\"Portada\",\"item\":\"https:\/\/graziamagazine.com\/es\/\"},{\"@type\":\"ListItem\",\"position\":2,\"name\":\"Mar\u00eda Le\u00f3n y sus &#8216;lookazos&#8217; de invitada para el d\u00eda y la noche\"}]},{\"@type\":\"WebSite\",\"@id\":\"https:\/\/graziamagazine.com\/es\/#website\",\"url\":\"https:\/\/graziamagazine.com\/es\/\",\"name\":\"Grazia\",\"description\":\"Moda, belleza, celebrities, estilo de vida...\",\"potentialAction\":[{\"@type\":\"SearchAction\",\"target\":{\"@type\":\"EntryPoint\",\"urlTemplate\":\"https:\/\/graziamagazine.com\/es\/?s={search_term_string}\"},\"query-input\":\"required name=search_term_string\"}],\"inLanguage\":\"es\"}]}<\/script>\n<!-- \/ Yoast SEO Premium plugin. -->","yoast_head_json":{"title":"Mar\u00eda Le\u00f3n y sus 'lookazos' de invitada para el d\u00eda y la noche | Grazia","description":"La actriz se visti\u00f3 de flores para presentar en VItoria 'La Casa de las Flores' segunda temporada.","robots":{"index":"index","follow":"follow","max-snippet":"max-snippet:-1","max-image-preview":"max-image-preview:large","max-video-preview":"max-video-preview:-1"},"canonical":"https:\/\/graziamagazine.com\/es\/articles\/maria-leon-y-sus-lookazos-de-invitada-para-el-dia-y-la-noche\/","og_locale":"es_ES","og_type":"article","og_title":"Mar\u00eda Le\u00f3n y sus 'lookazos' de invitada para el d\u00eda y la noche","og_description":"La actriz se visti\u00f3 de flores para presentar en VItoria 'La Casa de las Flores' segunda temporada.","og_url":"https:\/\/graziamagazine.com\/es\/articles\/maria-leon-y-sus-lookazos-de-invitada-para-el-dia-y-la-noche\/","og_site_name":"Grazia","article_modified_time":"2019-09-06T09:57:12+00:00","og_image":[{"width":472,"height":287,"url":"https:\/\/graziamagazine.com\/es\/wp-content\/uploads\/sites\/12\/2019\/09\/Captura-de-pantalla-2019-09-06-a-las-11.49.45.png?fit=472%2C287","type":"image\/png"}],"twitter_card":"summary_large_image","twitter_misc":{"Est. reading time":"1 minuto"},"schema":{"@context":"https:\/\/schema.org","@graph":[{"@type":"WebPage","@id":"https:\/\/graziamagazine.com\/es\/articles\/maria-leon-y-sus-lookazos-de-invitada-para-el-dia-y-la-noche\/","url":"https:\/\/graziamagazine.com\/es\/articles\/maria-leon-y-sus-lookazos-de-invitada-para-el-dia-y-la-noche\/","name":"Mar\u00eda Le\u00f3n y sus 'lookazos' de invitada para el d\u00eda y la noche | Grazia","isPartOf":{"@id":"https:\/\/graziamagazine.com\/es\/#website"},"datePublished":"2019-09-06T09:51:39+00:00","dateModified":"2019-09-06T09:57:12+00:00","description":"La actriz se visti\u00f3 de flores para presentar en VItoria 'La Casa de las Flores' segunda temporada.","breadcrumb":{"@id":"https:\/\/graziamagazine.com\/es\/articles\/maria-leon-y-sus-lookazos-de-invitada-para-el-dia-y-la-noche\/#breadcrumb"},"inLanguage":"es","potentialAction":[{"@type":"ReadAction","target":["https:\/\/graziamagazine.com\/es\/articles\/maria-leon-y-sus-lookazos-de-invitada-para-el-dia-y-la-noche\/"]}]},{"@type":"BreadcrumbList","@id":"https:\/\/graziamagazine.com\/es\/articles\/maria-leon-y-sus-lookazos-de-invitada-para-el-dia-y-la-noche\/#breadcrumb","itemListElement":[{"@type":"ListItem","position":1,"name":"Portada","item":"https:\/\/graziamagazine.com\/es\/"},{"@type":"ListItem","position":2,"name":"Mar\u00eda Le\u00f3n y sus &#8216;lookazos&#8217; de invitada para el d\u00eda y la noche"}]},{"@type":"WebSite","@id":"https:\/\/graziamagazine.com\/es\/#website","url":"https:\/\/graziamagazine.com\/es\/","name":"Grazia","description":"Moda, belleza, celebrities, estilo de vida...","potentialAction":[{"@type":"SearchAction","target":{"@type":"EntryPoint","urlTemplate":"https:\/\/graziamagazine.com\/es\/?s={search_term_string}"},"query-input":"required name=search_term_string"}],"inLanguage":"es"}]}},"jetpack_sharing_enabled":true,"distributor_meta":false,"distributor_terms":false,"distributor_media":false,"distributor_original_site_name":"Grazia","distributor_original_site_url":"https:\/\/graziamagazine.com\/es","push-errors":false,"_links":{"self":[{"href":"https:\/\/graziamagazine.com\/es\/wp-json\/wp\/v2\/articles\/147365"}],"collection":[{"href":"https:\/\/graziamagazine.com\/es\/wp-json\/wp\/v2\/articles"}],"about":[{"href":"https:\/\/graziamagazine.com\/es\/wp-json\/wp\/v2\/types\/articles"}],"author":[{"embeddable":true,"href":"https:\/\/graziamagazine.com\/es\/wp-json\/wp\/v2\/users\/11653"}],"wp:featuredmedia":[{"embeddable":true,"href":"https:\/\/graziamagazine.com\/es\/wp-json\/wp\/v2\/media\/147370"}],"wp:attachment":[{"href":"https:\/\/graziamagazine.com\/es\/wp-json\/wp\/v2\/media?parent=147365"}],"wp:term":[{"taxonomy":"category","embeddable":true,"href":"https:\/\/graziamagazine.com\/es\/wp-json\/wp\/v2\/categories?post=147365"}],"curies":[{"name":"wp","href":"https:\/\/api.w.org\/{rel}","templated":true}]}}