{"id":147210,"date":"2019-09-03T15:30:26","date_gmt":"2019-09-03T13:30:26","guid":{"rendered":"https:\/\/graziamagazine.com\/es\/?p=147210"},"modified":"2019-09-03T15:33:42","modified_gmt":"2019-09-03T13:33:42","slug":"asi-son-los-zapatos-favoritos-de-la-reina-letizia","status":"publish","type":"articles","link":"https:\/\/graziamagazine.com\/es\/articles\/asi-son-los-zapatos-favoritos-de-la-reina-letizia\/","title":{"rendered":"As\u00ed son los zapatos favoritos de la reina Letizia"},"content":{"rendered":"<p><strong>El estilo de la reina Letizia es uno de los temas m\u00e1s analizados en los \u00faltimos tiempos<\/strong>, y es que cada prenda que se pone levanta pasiones y si est\u00e1 en <a href=\"http:\/\/bit.ly\/2NBip6L\" target=\"_blank\">alguna de las marcas low cost que forman parte de su armario<\/a>, se agotan de inmediato en cada aparici\u00f3n.<\/p>\n<p>Los complementos tambi\u00e9n captan toda nuestra atenci\u00f3n, pero sin duda <strong>la reina demuestra que tiene mucho m\u00e1s en com\u00fan con nosotras de lo que imaginamos: s\u00ed, es fan de los zapatos<\/strong>. <strong><a href=\"http:\/\/bit.ly\/2lP9oLo\" target=\"_blank\">Hoy en su regreso al trabajo<\/a> <\/strong>ha vuelto a usar uno de los que se han convertido en los m\u00e1s usados en sus \u00faltimas apariciones: los<strong> salones destalonados que firma Carolina Herrera<\/strong>.<\/p>\n<p>Do\u00f1a Letizia hace como muchas de nosotras, <strong>si algo le gusta se lo compra en varios colores<\/strong>. \u00a1Nooooormal! \u00bfO es que t\u00fa no lo has hecho m\u00e1s de una vez? As\u00ed ocurre con estos zapatos de la dise\u00f1adora venezolana, que parecen gustarle tanto que los tiene en varios colores.<\/p>\n<p><strong>Los azules<\/strong> no solo los ha lucido <strong>hoy en la vuelta al trabajo<\/strong> junto a su vestido azul de Maje, tambi\u00e9n durante el verano, por ejemplo <a href=\"http:\/\/bit.ly\/2ls9qsx\" target=\"_blank\">con el vestido de Zara que en rebajas no superaba los 20 euros<\/a>.<\/p>\n<p><img loading=\"lazy\" decoding=\"async\" class=\"aligncenter size-full wp-image-147216\" src=\"https:\/\/graziamagazine.com\/es\/wp-content\/uploads\/sites\/12\/2019\/09\/GRAZIA-salones-letizia-azul.jpg\" alt=\"As\u00ed son los zapatos de Carolina Herrera favoritos de la reina Letizia\" width=\"673\" height=\"1024\" srcset=\"https:\/\/graziamagazine.com\/es\/wp-content\/uploads\/sites\/12\/2019\/09\/GRAZIA-salones-letizia-azul.jpg 673w, https:\/\/graziamagazine.com\/es\/wp-content\/uploads\/sites\/12\/2019\/09\/GRAZIA-salones-letizia-azul.jpg?resize=197,300 197w, https:\/\/graziamagazine.com\/es\/wp-content\/uploads\/sites\/12\/2019\/09\/GRAZIA-salones-letizia-azul.jpg?resize=141,215 141w\" sizes=\"(max-width: 673px) 100vw, 673px\" \/><\/p>\n<p><strong>Los negros<\/strong> se los hemos visto en otras ocasiones, como el concierto de los Premios Pr\u00edncipe de Asturias, en octubre de 2018, o cuando asisti\u00f3 en Ginebra a la presentaci\u00f3n del\u00a0&#8216;Global Energy and health platform&#8217;, durante la Asamblea World Health, en mayo de este a\u00f1o; y m\u00e1s recientemente en la .<\/p>\n<p><img loading=\"lazy\" decoding=\"async\" class=\"aligncenter size-full wp-image-147211\" src=\"https:\/\/graziamagazine.com\/es\/wp-content\/uploads\/sites\/12\/2019\/09\/gettyimages-1052468608-594x594.jpg\" alt=\"As\u00ed son los zapatos de Carolina Herrera favoritos de la reina Letizia\" width=\"395\" height=\"594\" srcset=\"https:\/\/graziamagazine.com\/es\/wp-content\/uploads\/sites\/12\/2019\/09\/gettyimages-1052468608-594x594.jpg 395w, https:\/\/graziamagazine.com\/es\/wp-content\/uploads\/sites\/12\/2019\/09\/gettyimages-1052468608-594x594-120x180.jpg 120w, https:\/\/graziamagazine.com\/es\/wp-content\/uploads\/sites\/12\/2019\/09\/gettyimages-1052468608-594x594-100x150.jpg 100w, https:\/\/graziamagazine.com\/es\/wp-content\/uploads\/sites\/12\/2019\/09\/gettyimages-1052468608-594x594-151x227.jpg 151w, https:\/\/graziamagazine.com\/es\/wp-content\/uploads\/sites\/12\/2019\/09\/gettyimages-1052468608-594x594-157x236.jpg 157w, https:\/\/graziamagazine.com\/es\/wp-content\/uploads\/sites\/12\/2019\/09\/gettyimages-1052468608-594x594-360x541.jpg 360w, https:\/\/graziamagazine.com\/es\/wp-content\/uploads\/sites\/12\/2019\/09\/gettyimages-1052468608-594x594-298x448.jpg 298w, https:\/\/graziamagazine.com\/es\/wp-content\/uploads\/sites\/12\/2019\/09\/gettyimages-1052468608-594x594-128x192.jpg 128w, https:\/\/graziamagazine.com\/es\/wp-content\/uploads\/sites\/12\/2019\/09\/gettyimages-1052468608-594x594-364x546.jpg 364w, https:\/\/graziamagazine.com\/es\/wp-content\/uploads\/sites\/12\/2019\/09\/gettyimages-1052468608-594x594-220x330.jpg 220w\" sizes=\"(max-width: 395px) 100vw, 395px\" \/><\/p>\n<p><img loading=\"lazy\" decoding=\"async\" class=\"aligncenter size-full wp-image-147212\" src=\"https:\/\/graziamagazine.com\/es\/wp-content\/uploads\/sites\/12\/2019\/09\/gettyimages-1145328430-594x594.jpg\" alt=\"As\u00ed son los zapatos de Carolina Herrera favoritos de la reina Letizia\" width=\"594\" height=\"396\" srcset=\"https:\/\/graziamagazine.com\/es\/wp-content\/uploads\/sites\/12\/2019\/09\/gettyimages-1145328430-594x594.jpg 594w, https:\/\/graziamagazine.com\/es\/wp-content\/uploads\/sites\/12\/2019\/09\/gettyimages-1145328430-594x594-500x333.jpg 500w, https:\/\/graziamagazine.com\/es\/wp-content\/uploads\/sites\/12\/2019\/09\/gettyimages-1145328430-594x594-120x80.jpg 120w, https:\/\/graziamagazine.com\/es\/wp-content\/uploads\/sites\/12\/2019\/09\/gettyimages-1145328430-594x594-360x240.jpg 360w\" sizes=\"(max-width: 594px) 100vw, 594px\" \/><\/p>\n<p><img loading=\"lazy\" decoding=\"async\" class=\"aligncenter size-full wp-image-147215\" src=\"https:\/\/graziamagazine.com\/es\/wp-content\/uploads\/sites\/12\/2019\/09\/GRAZIA-zapatos-letizia-negros.png\" alt=\"As\u00ed son los zapatos de Carolina Herrera favoritos de la reina Letizia\" width=\"478\" height=\"723\" srcset=\"https:\/\/graziamagazine.com\/es\/wp-content\/uploads\/sites\/12\/2019\/09\/GRAZIA-zapatos-letizia-negros.png 478w, https:\/\/graziamagazine.com\/es\/wp-content\/uploads\/sites\/12\/2019\/09\/GRAZIA-zapatos-letizia-negros.png?resize=198,300 198w, https:\/\/graziamagazine.com\/es\/wp-content\/uploads\/sites\/12\/2019\/09\/GRAZIA-zapatos-letizia-negros.png?resize=142,215 142w\" sizes=\"(max-width: 478px) 100vw, 478px\" \/><\/p>\n<p><strong>Los nude<\/strong>, por ejemplo, los vimos el pasado mes de julio cuando asisti\u00f3 a la conferencia\u00a0la conferencia inaugural de los cursos de verano de la Escuela Internacional de M\u00fasica de la Fundaci\u00f3n Princesa de Asturias, y <a href=\"http:\/\/bit.ly\/2MaRYE6\" target=\"_blank\"><strong>los acompa\u00f1\u00f3 por primera vez con el vestido verde de Maje que estrenaba<\/strong><\/a>.<\/p>\n<p><img loading=\"lazy\" decoding=\"async\" class=\"aligncenter size-full wp-image-147213\" src=\"https:\/\/graziamagazine.com\/es\/wp-content\/uploads\/sites\/12\/2019\/09\/GRAZIA-zapatos-letizia-ch-nude.jpeg\" alt=\"As\u00ed son los zapatos de Carolina Herrera favoritos de la reina Letizia\" width=\"1767\" height=\"1245\" srcset=\"https:\/\/graziamagazine.com\/es\/wp-content\/uploads\/sites\/12\/2019\/09\/GRAZIA-zapatos-letizia-ch-nude.jpeg 1767w, https:\/\/graziamagazine.com\/es\/wp-content\/uploads\/sites\/12\/2019\/09\/GRAZIA-zapatos-letizia-ch-nude.jpeg?resize=300,211 300w, https:\/\/graziamagazine.com\/es\/wp-content\/uploads\/sites\/12\/2019\/09\/GRAZIA-zapatos-letizia-ch-nude.jpeg?resize=768,541 768w, https:\/\/graziamagazine.com\/es\/wp-content\/uploads\/sites\/12\/2019\/09\/GRAZIA-zapatos-letizia-ch-nude.jpeg?resize=1024,721 1024w, https:\/\/graziamagazine.com\/es\/wp-content\/uploads\/sites\/12\/2019\/09\/GRAZIA-zapatos-letizia-ch-nude.jpeg?resize=1536,1082 1536w, https:\/\/graziamagazine.com\/es\/wp-content\/uploads\/sites\/12\/2019\/09\/GRAZIA-zapatos-letizia-ch-nude.jpeg?resize=155,109 155w\" sizes=\"(max-width: 1767px) 100vw, 1767px\" \/><\/p>\n<p><strong>Los camel<\/strong> se los vimos con un look de 10: <strong>un dos piezas blanco de falda midi recta y un <em>blazer<\/em> chaleco<\/strong> sin mangas y botones dorados, estilo sahariana, que eligi\u00f3 para asisir en julio de 2018 a la entrega de despachos reales.<\/p>\n<p><img loading=\"lazy\" decoding=\"async\" class=\"aligncenter size-full wp-image-147214\" src=\"https:\/\/graziamagazine.com\/es\/wp-content\/uploads\/sites\/12\/2019\/09\/gettyimages-1001249434-594x594.jpg\" alt=\"As\u00ed son los zapatos de Carolina Herrera favoritos de la reina Letizia\" width=\"396\" height=\"594\" srcset=\"https:\/\/graziamagazine.com\/es\/wp-content\/uploads\/sites\/12\/2019\/09\/gettyimages-1001249434-594x594.jpg 396w, https:\/\/graziamagazine.com\/es\/wp-content\/uploads\/sites\/12\/2019\/09\/gettyimages-1001249434-594x594-120x180.jpg 120w, https:\/\/graziamagazine.com\/es\/wp-content\/uploads\/sites\/12\/2019\/09\/gettyimages-1001249434-594x594-100x150.jpg 100w, https:\/\/graziamagazine.com\/es\/wp-content\/uploads\/sites\/12\/2019\/09\/gettyimages-1001249434-594x594-151x227.jpg 151w, https:\/\/graziamagazine.com\/es\/wp-content\/uploads\/sites\/12\/2019\/09\/gettyimages-1001249434-594x594-157x236.jpg 157w, https:\/\/graziamagazine.com\/es\/wp-content\/uploads\/sites\/12\/2019\/09\/gettyimages-1001249434-594x594-360x540.jpg 360w, https:\/\/graziamagazine.com\/es\/wp-content\/uploads\/sites\/12\/2019\/09\/gettyimages-1001249434-594x594-298x448.jpg 298w, https:\/\/graziamagazine.com\/es\/wp-content\/uploads\/sites\/12\/2019\/09\/gettyimages-1001249434-594x594-128x192.jpg 128w, https:\/\/graziamagazine.com\/es\/wp-content\/uploads\/sites\/12\/2019\/09\/gettyimages-1001249434-594x594-364x546.jpg 364w, https:\/\/graziamagazine.com\/es\/wp-content\/uploads\/sites\/12\/2019\/09\/gettyimages-1001249434-594x594-220x330.jpg 220w\" sizes=\"(max-width: 396px) 100vw, 396px\" \/><\/p>\n<p>&nbsp;<\/p>\n<p>En la tienda online de Carolina Herrera ya no est\u00e1n esos mismos modelos pero s\u00ed otros salones destalonados, en <a href=\"https:\/\/chcarolinaherrera.com\/es\/es\/item\/salon-destalonado-coco-fucsia-bndaaczp45001896\" target=\"_blank\">piel efecto coco en color rojo fucsia y ante mostaza<\/a>\u00a0(390\u20ac y 295\u20ac), o en <a href=\"https:\/\/chcarolinaherrera.com\/es\/es\/item\/salon-destalonado-de-napa-champagne-bndaaczp34005251-a803177\" target=\"_blank\">napa metalizada color champagne<\/a> (295\u20ac) y otros tonos, con tac\u00f3n medio.<\/p>\n<p><em>*Im\u00e1genes: Casa Real y Getty Images<\/em><\/p>\n<p>&nbsp;<\/p>\n","protected":false},"author":11653,"featured_media":147205,"template":"","format":"standard","categories":[1,2147],"acf":[],"yoast_head":"<!-- This site is optimized with the Yoast SEO Premium plugin v18.5 (Yoast SEO v20.4) - https:\/\/yoast.com\/wordpress\/plugins\/seo\/ -->\n<title>As\u00ed son los zapatos favoritos de la reina Letizia | Grazia<\/title>\n<meta name=\"description\" content=\"Los hemos visto en m\u00faltiples ocasiones \u00faltimamente, por lo que entrar directo a los bestsellers del guardarropa de la reina.\" \/>\n<meta name=\"robots\" content=\"index, follow, max-snippet:-1, max-image-preview:large, max-video-preview:-1\" \/>\n<link rel=\"canonical\" href=\"https:\/\/graziamagazine.com\/es\/articles\/asi-son-los-zapatos-favoritos-de-la-reina-letizia\/\" \/>\n<meta property=\"og:locale\" content=\"es_ES\" \/>\n<meta property=\"og:type\" content=\"article\" \/>\n<meta property=\"og:title\" content=\"As\u00ed son los zapatos favoritos de la reina Letizia\" \/>\n<meta property=\"og:description\" content=\"Los hemos visto en m\u00faltiples ocasiones \u00faltimamente, por lo que entrar directo a los bestsellers del guardarropa de la reina.\" \/>\n<meta property=\"og:url\" content=\"https:\/\/graziamagazine.com\/es\/articles\/asi-son-los-zapatos-favoritos-de-la-reina-letizia\/\" \/>\n<meta property=\"og:site_name\" content=\"Grazia\" \/>\n<meta property=\"article:modified_time\" content=\"2019-09-03T13:33:42+00:00\" \/>\n<meta property=\"og:image\" content=\"https:\/\/graziamagazine.com\/es\/wp-content\/uploads\/sites\/12\/2019\/09\/gettyimages-1171898758-594x594.jpg?fit=553%2C594\" \/>\n\t<meta property=\"og:image:width\" content=\"553\" \/>\n\t<meta property=\"og:image:height\" content=\"594\" \/>\n\t<meta property=\"og:image:type\" content=\"image\/jpeg\" \/>\n<meta name=\"twitter:card\" content=\"summary_large_image\" \/>\n<meta name=\"twitter:label1\" content=\"Est. reading time\" \/>\n\t<meta name=\"twitter:data1\" content=\"2 minutos\" \/>\n<script type=\"application\/ld+json\" class=\"yoast-schema-graph\">{\"@context\":\"https:\/\/schema.org\",\"@graph\":[{\"@type\":\"WebPage\",\"@id\":\"https:\/\/graziamagazine.com\/es\/articles\/asi-son-los-zapatos-favoritos-de-la-reina-letizia\/\",\"url\":\"https:\/\/graziamagazine.com\/es\/articles\/asi-son-los-zapatos-favoritos-de-la-reina-letizia\/\",\"name\":\"As\u00ed son los zapatos favoritos de la reina Letizia | Grazia\",\"isPartOf\":{\"@id\":\"https:\/\/graziamagazine.com\/es\/#website\"},\"datePublished\":\"2019-09-03T13:30:26+00:00\",\"dateModified\":\"2019-09-03T13:33:42+00:00\",\"description\":\"Los hemos visto en m\u00faltiples ocasiones \u00faltimamente, por lo que entrar directo a los bestsellers del guardarropa de la reina.\",\"breadcrumb\":{\"@id\":\"https:\/\/graziamagazine.com\/es\/articles\/asi-son-los-zapatos-favoritos-de-la-reina-letizia\/#breadcrumb\"},\"inLanguage\":\"es\",\"potentialAction\":[{\"@type\":\"ReadAction\",\"target\":[\"https:\/\/graziamagazine.com\/es\/articles\/asi-son-los-zapatos-favoritos-de-la-reina-letizia\/\"]}]},{\"@type\":\"BreadcrumbList\",\"@id\":\"https:\/\/graziamagazine.com\/es\/articles\/asi-son-los-zapatos-favoritos-de-la-reina-letizia\/#breadcrumb\",\"itemListElement\":[{\"@type\":\"ListItem\",\"position\":1,\"name\":\"Portada\",\"item\":\"https:\/\/graziamagazine.com\/es\/\"},{\"@type\":\"ListItem\",\"position\":2,\"name\":\"As\u00ed son los zapatos favoritos de la reina Letizia\"}]},{\"@type\":\"WebSite\",\"@id\":\"https:\/\/graziamagazine.com\/es\/#website\",\"url\":\"https:\/\/graziamagazine.com\/es\/\",\"name\":\"Grazia\",\"description\":\"Moda, belleza, celebrities, estilo de vida...\",\"potentialAction\":[{\"@type\":\"SearchAction\",\"target\":{\"@type\":\"EntryPoint\",\"urlTemplate\":\"https:\/\/graziamagazine.com\/es\/?s={search_term_string}\"},\"query-input\":\"required name=search_term_string\"}],\"inLanguage\":\"es\"}]}<\/script>\n<!-- \/ Yoast SEO Premium plugin. -->","yoast_head_json":{"title":"As\u00ed son los zapatos favoritos de la reina Letizia | Grazia","description":"Los hemos visto en m\u00faltiples ocasiones \u00faltimamente, por lo que entrar directo a los bestsellers del guardarropa de la reina.","robots":{"index":"index","follow":"follow","max-snippet":"max-snippet:-1","max-image-preview":"max-image-preview:large","max-video-preview":"max-video-preview:-1"},"canonical":"https:\/\/graziamagazine.com\/es\/articles\/asi-son-los-zapatos-favoritos-de-la-reina-letizia\/","og_locale":"es_ES","og_type":"article","og_title":"As\u00ed son los zapatos favoritos de la reina Letizia","og_description":"Los hemos visto en m\u00faltiples ocasiones \u00faltimamente, por lo que entrar directo a los bestsellers del guardarropa de la reina.","og_url":"https:\/\/graziamagazine.com\/es\/articles\/asi-son-los-zapatos-favoritos-de-la-reina-letizia\/","og_site_name":"Grazia","article_modified_time":"2019-09-03T13:33:42+00:00","og_image":[{"width":553,"height":594,"url":"https:\/\/graziamagazine.com\/es\/wp-content\/uploads\/sites\/12\/2019\/09\/gettyimages-1171898758-594x594.jpg?fit=553%2C594","type":"image\/jpeg"}],"twitter_card":"summary_large_image","twitter_misc":{"Est. reading time":"2 minutos"},"schema":{"@context":"https:\/\/schema.org","@graph":[{"@type":"WebPage","@id":"https:\/\/graziamagazine.com\/es\/articles\/asi-son-los-zapatos-favoritos-de-la-reina-letizia\/","url":"https:\/\/graziamagazine.com\/es\/articles\/asi-son-los-zapatos-favoritos-de-la-reina-letizia\/","name":"As\u00ed son los zapatos favoritos de la reina Letizia | Grazia","isPartOf":{"@id":"https:\/\/graziamagazine.com\/es\/#website"},"datePublished":"2019-09-03T13:30:26+00:00","dateModified":"2019-09-03T13:33:42+00:00","description":"Los hemos visto en m\u00faltiples ocasiones \u00faltimamente, por lo que entrar directo a los bestsellers del guardarropa de la reina.","breadcrumb":{"@id":"https:\/\/graziamagazine.com\/es\/articles\/asi-son-los-zapatos-favoritos-de-la-reina-letizia\/#breadcrumb"},"inLanguage":"es","potentialAction":[{"@type":"ReadAction","target":["https:\/\/graziamagazine.com\/es\/articles\/asi-son-los-zapatos-favoritos-de-la-reina-letizia\/"]}]},{"@type":"BreadcrumbList","@id":"https:\/\/graziamagazine.com\/es\/articles\/asi-son-los-zapatos-favoritos-de-la-reina-letizia\/#breadcrumb","itemListElement":[{"@type":"ListItem","position":1,"name":"Portada","item":"https:\/\/graziamagazine.com\/es\/"},{"@type":"ListItem","position":2,"name":"As\u00ed son los zapatos favoritos de la reina Letizia"}]},{"@type":"WebSite","@id":"https:\/\/graziamagazine.com\/es\/#website","url":"https:\/\/graziamagazine.com\/es\/","name":"Grazia","description":"Moda, belleza, celebrities, estilo de vida...","potentialAction":[{"@type":"SearchAction","target":{"@type":"EntryPoint","urlTemplate":"https:\/\/graziamagazine.com\/es\/?s={search_term_string}"},"query-input":"required name=search_term_string"}],"inLanguage":"es"}]}},"jetpack_sharing_enabled":true,"distributor_meta":false,"distributor_terms":false,"distributor_media":false,"distributor_original_site_name":"Grazia","distributor_original_site_url":"https:\/\/graziamagazine.com\/es","push-errors":false,"_links":{"self":[{"href":"https:\/\/graziamagazine.com\/es\/wp-json\/wp\/v2\/articles\/147210"}],"collection":[{"href":"https:\/\/graziamagazine.com\/es\/wp-json\/wp\/v2\/articles"}],"about":[{"href":"https:\/\/graziamagazine.com\/es\/wp-json\/wp\/v2\/types\/articles"}],"author":[{"embeddable":true,"href":"https:\/\/graziamagazine.com\/es\/wp-json\/wp\/v2\/users\/11653"}],"wp:featuredmedia":[{"embeddable":true,"href":"https:\/\/graziamagazine.com\/es\/wp-json\/wp\/v2\/media\/147205"}],"wp:attachment":[{"href":"https:\/\/graziamagazine.com\/es\/wp-json\/wp\/v2\/media?parent=147210"}],"wp:term":[{"taxonomy":"category","embeddable":true,"href":"https:\/\/graziamagazine.com\/es\/wp-json\/wp\/v2\/categories?post=147210"}],"curies":[{"name":"wp","href":"https:\/\/api.w.org\/{rel}","templated":true}]}}