{"id":147129,"date":"2019-09-01T21:08:46","date_gmt":"2019-09-01T19:08:46","guid":{"rendered":"https:\/\/graziamagazine.com\/es\/?p=147129"},"modified":"2019-09-01T22:05:09","modified_gmt":"2019-09-01T20:05:09","slug":"dos-dias-cuatro-looks-los-secretos-del-espectacular-paso-de-nieves-alvarez-por-la-mostra","status":"publish","type":"articles","link":"https:\/\/graziamagazine.com\/es\/articles\/dos-dias-cuatro-looks-los-secretos-del-espectacular-paso-de-nieves-alvarez-por-la-mostra\/","title":{"rendered":"Dos d\u00edas, cuatro looks: los secretos del espectacular paso de Nieves \u00c1lvarez por la Mostra"},"content":{"rendered":"<p><strong>Siempre que hay una alfombra roja y sabemos que por ella va a desfilar Nieves \u00c1lvarez, estamos seguras que el estilismo elegido va a dar mucho que hablar, y para bien<\/strong>. Detr\u00e1s de los grandes looks de la modelo, que hemos visto las \u00faltimas temporadas en eventos como los Premios Goya o el Festival de Cine de Cannes, est\u00e1 <strong>V\u00edctor Blanco, quien lleva a\u00f1os convirtiendo a Nieves \u00c1lvarez en una de las mejor vestidas all\u00e1 donde va<\/strong>.<\/p>\n<p>Y este t\u00e1mdem perfecto <strong>lo ha vuelto a hacer, esta vez en el Festival de Cine de Venecia<\/strong>. Hasta all\u00ed llegaba Nieves impresionante, y nos ha dejado varios looks de los que <strong>te contamos los secretos del c\u00f3mo se hizo<\/strong>. La llegada de Nieves fue espectacular, como toda ella, y lo hizo vestida de Alberta Ferreti con un vestido blanco corto perfecto. V\u00edctor Blanco nos confiesa:<\/p>\n<blockquote><p>Me inspir\u00e9 en uno de los vestidos que us\u00f3 Carrie Bradshaww en SATC2, pero el de Nieves a\u00fan siendo parecido, incluye una especia de capa en la parte de atr\u00e1s. Para que fuera m\u00e1s espectacular todav\u00eda, lo combinamos con unas gafas de sol FENDI, unas sandalias Jimmy Choo y un bolsito de Alexander Bang para Bulgari que engrandecieron<\/p><\/blockquote>\n<p><img loading=\"lazy\" decoding=\"async\" class=\"aligncenter size-full wp-image-147130\" src=\"https:\/\/graziamagazine.com\/es\/wp-content\/uploads\/sites\/12\/2019\/09\/Unknown.jpeg\" alt=\"Los looks de Nieves \u00c1lvares en el Festival de Cine de Venecia\" width=\"1170\" height=\"1754\" srcset=\"https:\/\/graziamagazine.com\/es\/wp-content\/uploads\/sites\/12\/2019\/09\/Unknown.jpeg 1170w, https:\/\/graziamagazine.com\/es\/wp-content\/uploads\/sites\/12\/2019\/09\/Unknown.jpeg?resize=200,300 200w, https:\/\/graziamagazine.com\/es\/wp-content\/uploads\/sites\/12\/2019\/09\/Unknown.jpeg?resize=768,1151 768w, https:\/\/graziamagazine.com\/es\/wp-content\/uploads\/sites\/12\/2019\/09\/Unknown.jpeg?resize=683,1024 683w, https:\/\/graziamagazine.com\/es\/wp-content\/uploads\/sites\/12\/2019\/09\/Unknown.jpeg?resize=1025,1536 1025w, https:\/\/graziamagazine.com\/es\/wp-content\/uploads\/sites\/12\/2019\/09\/Unknown.jpeg?resize=143,215 143w\" sizes=\"(max-width: 1170px) 100vw, 1170px\" \/><\/p>\n<p><strong>V\u00edctor Blanco nos cuenta tambi\u00e9n c\u00f3mo se prepara una alfombra roja<\/strong> como \u00e9sta: \u00ab<em>Todo empez\u00f3 tras Cannes, y adem\u00e1s tenemos muy buena relaci\u00f3n con la firma Alberta Ferretti, as\u00ed que la conversaci\u00f3n se dio de una forma muy org\u00e1nica<\/em>\u00ab.<\/p>\n<blockquote><p>Se plante\u00f3 la idea de ir a Venecia sobre mayo y m\u00e1s o menos en julio cerramos todo. Antes de vacaciones hicimos un <em>fitting<\/em> en Madrid con algunos vestidos del desfile y de la l\u00ednea de Alta Costura para tener un poco la idea de que quer\u00edamos.<\/p><\/blockquote>\n<p><strong>A partir de este momento, como nos explica V\u00edctor, comienzan los ajustes, las pruebas y las decisiones<\/strong>. \u00ab<em>Probamos el look ganador de Alberta Ferreti y lo decidimos para la alfombra roja al ser una silueta no muy vista para la firma y decidimos por un vestido de sat\u00e9n color champagne de Philosophy para una de las fiestas a las que iba a acudir<\/em>\u00ab.<\/p>\n<div><img loading=\"lazy\" decoding=\"async\" class=\"aligncenter size-full wp-image-147131\" src=\"https:\/\/graziamagazine.com\/es\/wp-content\/uploads\/sites\/12\/2019\/09\/GRAZIA-festival-venecia-nieves-alvarez-2.jpeg\" alt=\"Los looks de Nieves \u00c1lvares en el Festival de Cine de Venecia\" width=\"1652\" height=\"2478\" srcset=\"https:\/\/graziamagazine.com\/es\/wp-content\/uploads\/sites\/12\/2019\/09\/GRAZIA-festival-venecia-nieves-alvarez-2.jpeg 1652w, https:\/\/graziamagazine.com\/es\/wp-content\/uploads\/sites\/12\/2019\/09\/GRAZIA-festival-venecia-nieves-alvarez-2.jpeg?resize=200,300 200w, https:\/\/graziamagazine.com\/es\/wp-content\/uploads\/sites\/12\/2019\/09\/GRAZIA-festival-venecia-nieves-alvarez-2.jpeg?resize=768,1152 768w, https:\/\/graziamagazine.com\/es\/wp-content\/uploads\/sites\/12\/2019\/09\/GRAZIA-festival-venecia-nieves-alvarez-2.jpeg?resize=683,1024 683w, https:\/\/graziamagazine.com\/es\/wp-content\/uploads\/sites\/12\/2019\/09\/GRAZIA-festival-venecia-nieves-alvarez-2.jpeg?resize=1024,1536 1024w, https:\/\/graziamagazine.com\/es\/wp-content\/uploads\/sites\/12\/2019\/09\/GRAZIA-festival-venecia-nieves-alvarez-2.jpeg?resize=1365,2048 1365w, https:\/\/graziamagazine.com\/es\/wp-content\/uploads\/sites\/12\/2019\/09\/GRAZIA-festival-venecia-nieves-alvarez-2.jpeg?resize=143,215 143w\" sizes=\"(max-width: 1652px) 100vw, 1652px\" \/><\/div>\n<div><\/div>\n<div>Decididos los dos look, V\u00edctor no quer\u00eda dejar de aprovechar la oportunidad para que Nieves luciera perfecta desde su llegada, con el vestido blanco de Alberta Ferreti hasta su salida: \u00ab<em>la prensa no solo est\u00e1 pendiente de la alfombra roja, tambi\u00e9n de las llegadas y las salidas de los hoteles, as\u00ed que era momento para crear m\u00e1s opciones<\/em>\u00ab. La elecci\u00f3n ha sido un <strong>estilo m\u00e1s relajado, con aires marineros, todo en azul de Alberta Ferretti y su nuevo bolso insignia de la casa<\/strong>, y el toque final de unas gafas de Moschino en azul marino que ya queremos y unos zapatos planos, estilo babucha, de Aquazzura.<\/div>\n<div><\/div>\n<div><img loading=\"lazy\" decoding=\"async\" class=\"aligncenter size-full wp-image-147138\" src=\"https:\/\/graziamagazine.com\/es\/wp-content\/uploads\/sites\/12\/2019\/09\/IMG_4198.jpg\" alt=\"Los looks de Nieves \u00c1lvares en el Festival de Cine de Venecia\" width=\"1856\" height=\"2784\" srcset=\"https:\/\/graziamagazine.com\/es\/wp-content\/uploads\/sites\/12\/2019\/09\/IMG_4198.jpg 1856w, https:\/\/graziamagazine.com\/es\/wp-content\/uploads\/sites\/12\/2019\/09\/IMG_4198.jpg?resize=200,300 200w, https:\/\/graziamagazine.com\/es\/wp-content\/uploads\/sites\/12\/2019\/09\/IMG_4198.jpg?resize=768,1152 768w, https:\/\/graziamagazine.com\/es\/wp-content\/uploads\/sites\/12\/2019\/09\/IMG_4198.jpg?resize=683,1024 683w, https:\/\/graziamagazine.com\/es\/wp-content\/uploads\/sites\/12\/2019\/09\/IMG_4198.jpg?resize=1024,1536 1024w, https:\/\/graziamagazine.com\/es\/wp-content\/uploads\/sites\/12\/2019\/09\/IMG_4198.jpg?resize=1365,2048 1365w, https:\/\/graziamagazine.com\/es\/wp-content\/uploads\/sites\/12\/2019\/09\/IMG_4198.jpg?resize=143,215 143w\" sizes=\"(max-width: 1856px) 100vw, 1856px\" \/><\/div>\n<div><\/div>\n<div>Pero, sin duda <strong>el lookazo del festival ha sido el que vimos sobre la alfombra roja de la premier de \u00ab<em>Joker<\/em>\u00ab<\/strong>, una de las grandes apuestas del festival con un Joaquin Phoenix que todo el mundo concuerda es que est\u00e1 maravilloso. Para la ocasi\u00f3n un Alberta Ferretti Alta Costura, totalmente cuajado de lentejuelas, y acompa\u00f1ado de joyas Bulgari y unos Christian Louboutin en exclusiva para ella.<\/div>\n<div><\/div>\n<div><img loading=\"lazy\" decoding=\"async\" class=\"aligncenter size-full wp-image-147115\" src=\"https:\/\/graziamagazine.com\/es\/wp-content\/uploads\/sites\/12\/2019\/08\/GRAZI-festival-venecia-nieves.jpeg\" alt=\"La alfombra roja del Festival de Cine de Venecia 2019\" width=\"853\" height=\"1280\" srcset=\"https:\/\/graziamagazine.com\/es\/wp-content\/uploads\/sites\/12\/2019\/08\/GRAZI-festival-venecia-nieves.jpeg 853w, https:\/\/graziamagazine.com\/es\/wp-content\/uploads\/sites\/12\/2019\/08\/GRAZI-festival-venecia-nieves.jpeg?resize=200,300 200w, https:\/\/graziamagazine.com\/es\/wp-content\/uploads\/sites\/12\/2019\/08\/GRAZI-festival-venecia-nieves.jpeg?resize=768,1152 768w, https:\/\/graziamagazine.com\/es\/wp-content\/uploads\/sites\/12\/2019\/08\/GRAZI-festival-venecia-nieves.jpeg?resize=682,1024 682w, https:\/\/graziamagazine.com\/es\/wp-content\/uploads\/sites\/12\/2019\/08\/GRAZI-festival-venecia-nieves.jpeg?resize=143,215 143w\" sizes=\"(max-width: 853px) 100vw, 853px\" \/><\/div>\n<div><\/div>\n<div><img loading=\"lazy\" decoding=\"async\" class=\"aligncenter size-full wp-image-147132\" src=\"https:\/\/graziamagazine.com\/es\/wp-content\/uploads\/sites\/12\/2019\/09\/GRAZIA-festival-venecia-nieves-alvarez-zapatos.jpeg\" alt=\"Los looks de Nieves \u00c1lvares en el Festival de Cine de Venecia\" width=\"1200\" height=\"1600\" srcset=\"https:\/\/graziamagazine.com\/es\/wp-content\/uploads\/sites\/12\/2019\/09\/GRAZIA-festival-venecia-nieves-alvarez-zapatos.jpeg 1200w, https:\/\/graziamagazine.com\/es\/wp-content\/uploads\/sites\/12\/2019\/09\/GRAZIA-festival-venecia-nieves-alvarez-zapatos.jpeg?resize=225,300 225w, https:\/\/graziamagazine.com\/es\/wp-content\/uploads\/sites\/12\/2019\/09\/GRAZIA-festival-venecia-nieves-alvarez-zapatos.jpeg?resize=768,1024 768w, https:\/\/graziamagazine.com\/es\/wp-content\/uploads\/sites\/12\/2019\/09\/GRAZIA-festival-venecia-nieves-alvarez-zapatos.jpeg?resize=1152,1536 1152w, https:\/\/graziamagazine.com\/es\/wp-content\/uploads\/sites\/12\/2019\/09\/GRAZIA-festival-venecia-nieves-alvarez-zapatos.jpeg?resize=155,207 155w\" sizes=\"(max-width: 1200px) 100vw, 1200px\" \/><\/div>\n<div><\/div>\n<p>Sin duda, unos d\u00edas intensos en los que Nieves \u00c1lvarez ha vuelto a demostrar por qu\u00e9 es una de nuestras mejores embajadoras sobre la alfombra roja.<\/p>\n<p><em>*Im\u00e1genes: Getty Images y cortes\u00eda de las marcas<\/em><\/p>\n<p>&nbsp;<\/p>\n","protected":false},"author":11653,"featured_media":147133,"template":"","format":"standard","categories":[2246,13,1],"acf":[],"yoast_head":"<!-- This site is optimized with the Yoast SEO Premium plugin v18.5 (Yoast SEO v20.4) - https:\/\/yoast.com\/wordpress\/plugins\/seo\/ -->\n<title>Dos d\u00edas, cuatro looks: los secretos del espectacular paso de Nieves \u00c1lvarez por la Mostra | Grazia<\/title>\n<meta name=\"description\" content=\"El estilista oficial de Nieves \u00c1lvarez, V\u00edctor Blanco, nos cuenta c\u00f3mo se prepar\u00f3 este fin de semana en Venecia donde la modelo ha sido una de las mejor vestidas, como siempre.\" \/>\n<meta name=\"robots\" content=\"index, follow, max-snippet:-1, max-image-preview:large, max-video-preview:-1\" \/>\n<link rel=\"canonical\" href=\"https:\/\/graziamagazine.com\/es\/articles\/dos-dias-cuatro-looks-los-secretos-del-espectacular-paso-de-nieves-alvarez-por-la-mostra\/\" \/>\n<meta property=\"og:locale\" content=\"es_ES\" \/>\n<meta property=\"og:type\" content=\"article\" \/>\n<meta property=\"og:title\" content=\"Dos d\u00edas, cuatro looks: los secretos del espectacular paso de Nieves \u00c1lvarez por la Mostra\" \/>\n<meta property=\"og:description\" content=\"El estilista oficial de Nieves \u00c1lvarez, V\u00edctor Blanco, nos cuenta c\u00f3mo se prepar\u00f3 este fin de semana en Venecia donde la modelo ha sido una de las mejor vestidas, como siempre.\" \/>\n<meta property=\"og:url\" content=\"https:\/\/graziamagazine.com\/es\/articles\/dos-dias-cuatro-looks-los-secretos-del-espectacular-paso-de-nieves-alvarez-por-la-mostra\/\" \/>\n<meta property=\"og:site_name\" content=\"Grazia\" \/>\n<meta property=\"article:modified_time\" content=\"2019-09-01T20:05:09+00:00\" \/>\n<meta property=\"og:image\" content=\"https:\/\/graziamagazine.com\/es\/wp-content\/uploads\/sites\/12\/2019\/09\/gettyimages-1165480760-594x594.jpg?fit=594%2C397\" \/>\n\t<meta property=\"og:image:width\" content=\"594\" \/>\n\t<meta property=\"og:image:height\" content=\"397\" \/>\n\t<meta property=\"og:image:type\" content=\"image\/jpeg\" \/>\n<meta name=\"twitter:card\" content=\"summary_large_image\" \/>\n<meta name=\"twitter:label1\" content=\"Est. reading time\" \/>\n\t<meta name=\"twitter:data1\" content=\"3 minutos\" \/>\n<script type=\"application\/ld+json\" class=\"yoast-schema-graph\">{\"@context\":\"https:\/\/schema.org\",\"@graph\":[{\"@type\":\"WebPage\",\"@id\":\"https:\/\/graziamagazine.com\/es\/articles\/dos-dias-cuatro-looks-los-secretos-del-espectacular-paso-de-nieves-alvarez-por-la-mostra\/\",\"url\":\"https:\/\/graziamagazine.com\/es\/articles\/dos-dias-cuatro-looks-los-secretos-del-espectacular-paso-de-nieves-alvarez-por-la-mostra\/\",\"name\":\"Dos d\u00edas, cuatro looks: los secretos del espectacular paso de Nieves \u00c1lvarez por la Mostra | Grazia\",\"isPartOf\":{\"@id\":\"https:\/\/graziamagazine.com\/es\/#website\"},\"datePublished\":\"2019-09-01T19:08:46+00:00\",\"dateModified\":\"2019-09-01T20:05:09+00:00\",\"description\":\"El estilista oficial de Nieves \u00c1lvarez, V\u00edctor Blanco, nos cuenta c\u00f3mo se prepar\u00f3 este fin de semana en Venecia donde la modelo ha sido una de las mejor vestidas, como siempre.\",\"breadcrumb\":{\"@id\":\"https:\/\/graziamagazine.com\/es\/articles\/dos-dias-cuatro-looks-los-secretos-del-espectacular-paso-de-nieves-alvarez-por-la-mostra\/#breadcrumb\"},\"inLanguage\":\"es\",\"potentialAction\":[{\"@type\":\"ReadAction\",\"target\":[\"https:\/\/graziamagazine.com\/es\/articles\/dos-dias-cuatro-looks-los-secretos-del-espectacular-paso-de-nieves-alvarez-por-la-mostra\/\"]}]},{\"@type\":\"BreadcrumbList\",\"@id\":\"https:\/\/graziamagazine.com\/es\/articles\/dos-dias-cuatro-looks-los-secretos-del-espectacular-paso-de-nieves-alvarez-por-la-mostra\/#breadcrumb\",\"itemListElement\":[{\"@type\":\"ListItem\",\"position\":1,\"name\":\"Portada\",\"item\":\"https:\/\/graziamagazine.com\/es\/\"},{\"@type\":\"ListItem\",\"position\":2,\"name\":\"Dos d\u00edas, cuatro looks: los secretos del espectacular paso de Nieves \u00c1lvarez por la Mostra\"}]},{\"@type\":\"WebSite\",\"@id\":\"https:\/\/graziamagazine.com\/es\/#website\",\"url\":\"https:\/\/graziamagazine.com\/es\/\",\"name\":\"Grazia\",\"description\":\"Moda, belleza, celebrities, estilo de vida...\",\"potentialAction\":[{\"@type\":\"SearchAction\",\"target\":{\"@type\":\"EntryPoint\",\"urlTemplate\":\"https:\/\/graziamagazine.com\/es\/?s={search_term_string}\"},\"query-input\":\"required name=search_term_string\"}],\"inLanguage\":\"es\"}]}<\/script>\n<!-- \/ Yoast SEO Premium plugin. -->","yoast_head_json":{"title":"Dos d\u00edas, cuatro looks: los secretos del espectacular paso de Nieves \u00c1lvarez por la Mostra | Grazia","description":"El estilista oficial de Nieves \u00c1lvarez, V\u00edctor Blanco, nos cuenta c\u00f3mo se prepar\u00f3 este fin de semana en Venecia donde la modelo ha sido una de las mejor vestidas, como siempre.","robots":{"index":"index","follow":"follow","max-snippet":"max-snippet:-1","max-image-preview":"max-image-preview:large","max-video-preview":"max-video-preview:-1"},"canonical":"https:\/\/graziamagazine.com\/es\/articles\/dos-dias-cuatro-looks-los-secretos-del-espectacular-paso-de-nieves-alvarez-por-la-mostra\/","og_locale":"es_ES","og_type":"article","og_title":"Dos d\u00edas, cuatro looks: los secretos del espectacular paso de Nieves \u00c1lvarez por la Mostra","og_description":"El estilista oficial de Nieves \u00c1lvarez, V\u00edctor Blanco, nos cuenta c\u00f3mo se prepar\u00f3 este fin de semana en Venecia donde la modelo ha sido una de las mejor vestidas, como siempre.","og_url":"https:\/\/graziamagazine.com\/es\/articles\/dos-dias-cuatro-looks-los-secretos-del-espectacular-paso-de-nieves-alvarez-por-la-mostra\/","og_site_name":"Grazia","article_modified_time":"2019-09-01T20:05:09+00:00","og_image":[{"width":594,"height":397,"url":"https:\/\/graziamagazine.com\/es\/wp-content\/uploads\/sites\/12\/2019\/09\/gettyimages-1165480760-594x594.jpg?fit=594%2C397","type":"image\/jpeg"}],"twitter_card":"summary_large_image","twitter_misc":{"Est. reading time":"3 minutos"},"schema":{"@context":"https:\/\/schema.org","@graph":[{"@type":"WebPage","@id":"https:\/\/graziamagazine.com\/es\/articles\/dos-dias-cuatro-looks-los-secretos-del-espectacular-paso-de-nieves-alvarez-por-la-mostra\/","url":"https:\/\/graziamagazine.com\/es\/articles\/dos-dias-cuatro-looks-los-secretos-del-espectacular-paso-de-nieves-alvarez-por-la-mostra\/","name":"Dos d\u00edas, cuatro looks: los secretos del espectacular paso de Nieves \u00c1lvarez por la Mostra | Grazia","isPartOf":{"@id":"https:\/\/graziamagazine.com\/es\/#website"},"datePublished":"2019-09-01T19:08:46+00:00","dateModified":"2019-09-01T20:05:09+00:00","description":"El estilista oficial de Nieves \u00c1lvarez, V\u00edctor Blanco, nos cuenta c\u00f3mo se prepar\u00f3 este fin de semana en Venecia donde la modelo ha sido una de las mejor vestidas, como siempre.","breadcrumb":{"@id":"https:\/\/graziamagazine.com\/es\/articles\/dos-dias-cuatro-looks-los-secretos-del-espectacular-paso-de-nieves-alvarez-por-la-mostra\/#breadcrumb"},"inLanguage":"es","potentialAction":[{"@type":"ReadAction","target":["https:\/\/graziamagazine.com\/es\/articles\/dos-dias-cuatro-looks-los-secretos-del-espectacular-paso-de-nieves-alvarez-por-la-mostra\/"]}]},{"@type":"BreadcrumbList","@id":"https:\/\/graziamagazine.com\/es\/articles\/dos-dias-cuatro-looks-los-secretos-del-espectacular-paso-de-nieves-alvarez-por-la-mostra\/#breadcrumb","itemListElement":[{"@type":"ListItem","position":1,"name":"Portada","item":"https:\/\/graziamagazine.com\/es\/"},{"@type":"ListItem","position":2,"name":"Dos d\u00edas, cuatro looks: los secretos del espectacular paso de Nieves \u00c1lvarez por la Mostra"}]},{"@type":"WebSite","@id":"https:\/\/graziamagazine.com\/es\/#website","url":"https:\/\/graziamagazine.com\/es\/","name":"Grazia","description":"Moda, belleza, celebrities, estilo de vida...","potentialAction":[{"@type":"SearchAction","target":{"@type":"EntryPoint","urlTemplate":"https:\/\/graziamagazine.com\/es\/?s={search_term_string}"},"query-input":"required name=search_term_string"}],"inLanguage":"es"}]}},"jetpack_sharing_enabled":true,"distributor_meta":false,"distributor_terms":false,"distributor_media":false,"distributor_original_site_name":"Grazia","distributor_original_site_url":"https:\/\/graziamagazine.com\/es","push-errors":false,"_links":{"self":[{"href":"https:\/\/graziamagazine.com\/es\/wp-json\/wp\/v2\/articles\/147129"}],"collection":[{"href":"https:\/\/graziamagazine.com\/es\/wp-json\/wp\/v2\/articles"}],"about":[{"href":"https:\/\/graziamagazine.com\/es\/wp-json\/wp\/v2\/types\/articles"}],"author":[{"embeddable":true,"href":"https:\/\/graziamagazine.com\/es\/wp-json\/wp\/v2\/users\/11653"}],"wp:featuredmedia":[{"embeddable":true,"href":"https:\/\/graziamagazine.com\/es\/wp-json\/wp\/v2\/media\/147133"}],"wp:attachment":[{"href":"https:\/\/graziamagazine.com\/es\/wp-json\/wp\/v2\/media?parent=147129"}],"wp:term":[{"taxonomy":"category","embeddable":true,"href":"https:\/\/graziamagazine.com\/es\/wp-json\/wp\/v2\/categories?post=147129"}],"curies":[{"name":"wp","href":"https:\/\/api.w.org\/{rel}","templated":true}]}}