{"id":146557,"date":"2019-08-08T17:49:39","date_gmt":"2019-08-08T15:49:39","guid":{"rendered":"https:\/\/graziamagazine.com\/es\/?p=146557"},"modified":"2019-08-08T17:49:39","modified_gmt":"2019-08-08T15:49:39","slug":"massimo-dutti-y-mango-las-marcas-elegidas-por-la-princesa-leonor-y-la-infanta-sofia-en-mallorca","status":"publish","type":"articles","link":"https:\/\/graziamagazine.com\/es\/articles\/massimo-dutti-y-mango-las-marcas-elegidas-por-la-princesa-leonor-y-la-infanta-sofia-en-mallorca\/","title":{"rendered":"Massimo Dutti y Mango, las marcas elegidas por la princesa Leonor y la infanta Sof\u00eda en Mallorca"},"content":{"rendered":"<p>Cada vez que aparece en p\u00fablico la Familia Real, todas las miradas se centran en la reina Letizia y los looks que elige para cada ocasi\u00f3n. As\u00ed est\u00e1 siendo el verano en Mallorca, m\u00e1s fashion que nunca, pero <strong>\u00faltimamente tambi\u00e9n las elecciones de la princesa Leonor y la infanta Sof\u00eda est\u00e1n siendo muy comentadas<\/strong>.<\/p>\n<p>Hoy mismo <strong>las hijas de los Reyes han acompa\u00f1ado a sus padres a visitar la Casa Museo de Son Marroig<\/strong>. Cada verano, siempre hay tiempo para una excursi\u00f3n familiar, y este a\u00f1o ha tocado este espacio, <strong>en el que destacaban de fondo los colores azules del mar Mediterr\u00e1neo, gracias a su enclave en la Sierra de la Tramuntana<\/strong>. <a href=\"https:\/\/graziamagazine.com\/es\/celebs\/la-reina-letizia-estrena-vestido-de-uterque-en-mallorca\/\">Los cuatro miembros de la familia iban a juego, en blanco y azul<\/a>, pero nos ha llamado la atenci\u00f3n los vestidos elegidos por las m\u00e1s peque\u00f1as de la casa.<\/p>\n<p><img loading=\"lazy\" decoding=\"async\" class=\"aligncenter size-full wp-image-146559\" src=\"https:\/\/graziamagazine.com\/es\/wp-content\/uploads\/sites\/12\/2019\/08\/Captura-de-pantalla-2019-08-08-a-las-16.31.08.png\" alt=\"La princesa Leonor y la infanta Sofia vestidas de Mango y Massimo Dutti\" width=\"519\" height=\"337\" srcset=\"https:\/\/graziamagazine.com\/es\/wp-content\/uploads\/sites\/12\/2019\/08\/Captura-de-pantalla-2019-08-08-a-las-16.31.08.png 519w, https:\/\/graziamagazine.com\/es\/wp-content\/uploads\/sites\/12\/2019\/08\/Captura-de-pantalla-2019-08-08-a-las-16.31.08.png?resize=300,195 300w, https:\/\/graziamagazine.com\/es\/wp-content\/uploads\/sites\/12\/2019\/08\/Captura-de-pantalla-2019-08-08-a-las-16.31.08.png?resize=155,101 155w\" sizes=\"(max-width: 519px) 100vw, 519px\" \/><\/p>\n<p class=\"body-text\">\n<p><strong>La princesa Leonor se ha decantado por el azul<\/strong>, a juego con su padre el rey Felipe VI, en un <strong>vestido<em> tye dye<\/em><\/strong> muy de tendencia, y firmado por <strong>Massimo Dutti<\/strong>, que parece ser una de sus marcas favoritas porque ya la vimos con un mono de la misma marca. De nuevo, sus cl\u00e1sicas sandalias menorquinas, en color natural. El vestido de rebajas <strong>cuesta 24,95 euros<\/strong>.<\/p>\n<p><img loading=\"lazy\" decoding=\"async\" class=\"aligncenter size-full wp-image-146552\" src=\"https:\/\/graziamagazine.com\/es\/wp-content\/uploads\/sites\/12\/2019\/08\/reina-letizia-vestido-blanco-uterque04-1565260788.jpg\" alt=\"La reina Letizia elige un vestido blanco de Uterq\u00fce en Mallorca\" width=\"768\" height=\"1152\" srcset=\"https:\/\/graziamagazine.com\/es\/wp-content\/uploads\/sites\/12\/2019\/08\/reina-letizia-vestido-blanco-uterque04-1565260788.jpg 768w, https:\/\/graziamagazine.com\/es\/wp-content\/uploads\/sites\/12\/2019\/08\/reina-letizia-vestido-blanco-uterque04-1565260788.jpg?resize=200,300 200w, https:\/\/graziamagazine.com\/es\/wp-content\/uploads\/sites\/12\/2019\/08\/reina-letizia-vestido-blanco-uterque04-1565260788.jpg?resize=683,1024 683w, https:\/\/graziamagazine.com\/es\/wp-content\/uploads\/sites\/12\/2019\/08\/reina-letizia-vestido-blanco-uterque04-1565260788.jpg?resize=143,215 143w\" sizes=\"(max-width: 768px) 100vw, 768px\" \/><\/p>\n<p>Su hermana, <strong>la infanta Sof\u00eda, ha preferido el blanco<\/strong>, a juego con su madre, con un estilo muy de estilo ibicenco, con volantes en el cuerpo, y <strong>firmado por Mango<\/strong>. Tambi\u00e9n sigue disponible a un <strong>precio de 22,99 euros<\/strong>.<\/p>\n<p><em>*Im\u00e1genes: Getty Images<\/em><\/p>\n","protected":false},"author":11653,"featured_media":146558,"template":"","format":"standard","categories":[14,13,1],"acf":[],"yoast_head":"<!-- This site is optimized with the Yoast SEO Premium plugin v18.5 (Yoast SEO v20.4) - https:\/\/yoast.com\/wordpress\/plugins\/seo\/ -->\n<title>Massimo Dutti y Mango, las marcas elegidas por la princesa Leonor y la infanta Sof\u00eda en Mallorca | Grazia<\/title>\n<meta name=\"description\" content=\"Las hijas de los Reyes de Espa\u00f1a apuestan por el losw cost, como su madre, y eligen dos vestidos made in Spain que marcan tendencia.\" \/>\n<meta name=\"robots\" content=\"index, follow, max-snippet:-1, max-image-preview:large, max-video-preview:-1\" \/>\n<link rel=\"canonical\" href=\"https:\/\/graziamagazine.com\/es\/articles\/massimo-dutti-y-mango-las-marcas-elegidas-por-la-princesa-leonor-y-la-infanta-sofia-en-mallorca\/\" \/>\n<meta property=\"og:locale\" content=\"es_ES\" \/>\n<meta property=\"og:type\" content=\"article\" \/>\n<meta property=\"og:title\" content=\"Massimo Dutti y Mango, las marcas elegidas por la princesa Leonor y la infanta Sof\u00eda en Mallorca\" \/>\n<meta property=\"og:description\" content=\"Las hijas de los Reyes de Espa\u00f1a apuestan por el losw cost, como su madre, y eligen dos vestidos made in Spain que marcan tendencia.\" \/>\n<meta property=\"og:url\" content=\"https:\/\/graziamagazine.com\/es\/articles\/massimo-dutti-y-mango-las-marcas-elegidas-por-la-princesa-leonor-y-la-infanta-sofia-en-mallorca\/\" \/>\n<meta property=\"og:site_name\" content=\"Grazia\" \/>\n<meta property=\"og:image\" content=\"https:\/\/graziamagazine.com\/es\/wp-content\/uploads\/sites\/12\/2019\/08\/Captura-de-pantalla-2019-08-08-a-las-17.26.42.png?fit=547%2C361\" \/>\n\t<meta property=\"og:image:width\" content=\"547\" \/>\n\t<meta property=\"og:image:height\" content=\"361\" \/>\n\t<meta property=\"og:image:type\" content=\"image\/png\" \/>\n<meta name=\"twitter:card\" content=\"summary_large_image\" \/>\n<meta name=\"twitter:label1\" content=\"Est. reading time\" \/>\n\t<meta name=\"twitter:data1\" content=\"1 minuto\" \/>\n<script type=\"application\/ld+json\" class=\"yoast-schema-graph\">{\"@context\":\"https:\/\/schema.org\",\"@graph\":[{\"@type\":\"WebPage\",\"@id\":\"https:\/\/graziamagazine.com\/es\/articles\/massimo-dutti-y-mango-las-marcas-elegidas-por-la-princesa-leonor-y-la-infanta-sofia-en-mallorca\/\",\"url\":\"https:\/\/graziamagazine.com\/es\/articles\/massimo-dutti-y-mango-las-marcas-elegidas-por-la-princesa-leonor-y-la-infanta-sofia-en-mallorca\/\",\"name\":\"Massimo Dutti y Mango, las marcas elegidas por la princesa Leonor y la infanta Sof\u00eda en Mallorca | Grazia\",\"isPartOf\":{\"@id\":\"https:\/\/graziamagazine.com\/es\/#website\"},\"datePublished\":\"2019-08-08T15:49:39+00:00\",\"dateModified\":\"2019-08-08T15:49:39+00:00\",\"description\":\"Las hijas de los Reyes de Espa\u00f1a apuestan por el losw cost, como su madre, y eligen dos vestidos made in Spain que marcan tendencia.\",\"breadcrumb\":{\"@id\":\"https:\/\/graziamagazine.com\/es\/articles\/massimo-dutti-y-mango-las-marcas-elegidas-por-la-princesa-leonor-y-la-infanta-sofia-en-mallorca\/#breadcrumb\"},\"inLanguage\":\"es\",\"potentialAction\":[{\"@type\":\"ReadAction\",\"target\":[\"https:\/\/graziamagazine.com\/es\/articles\/massimo-dutti-y-mango-las-marcas-elegidas-por-la-princesa-leonor-y-la-infanta-sofia-en-mallorca\/\"]}]},{\"@type\":\"BreadcrumbList\",\"@id\":\"https:\/\/graziamagazine.com\/es\/articles\/massimo-dutti-y-mango-las-marcas-elegidas-por-la-princesa-leonor-y-la-infanta-sofia-en-mallorca\/#breadcrumb\",\"itemListElement\":[{\"@type\":\"ListItem\",\"position\":1,\"name\":\"Portada\",\"item\":\"https:\/\/graziamagazine.com\/es\/\"},{\"@type\":\"ListItem\",\"position\":2,\"name\":\"Massimo Dutti y Mango, las marcas elegidas por la princesa Leonor y la infanta Sof\u00eda en Mallorca\"}]},{\"@type\":\"WebSite\",\"@id\":\"https:\/\/graziamagazine.com\/es\/#website\",\"url\":\"https:\/\/graziamagazine.com\/es\/\",\"name\":\"Grazia\",\"description\":\"Moda, belleza, celebrities, estilo de vida...\",\"potentialAction\":[{\"@type\":\"SearchAction\",\"target\":{\"@type\":\"EntryPoint\",\"urlTemplate\":\"https:\/\/graziamagazine.com\/es\/?s={search_term_string}\"},\"query-input\":\"required name=search_term_string\"}],\"inLanguage\":\"es\"}]}<\/script>\n<!-- \/ Yoast SEO Premium plugin. -->","yoast_head_json":{"title":"Massimo Dutti y Mango, las marcas elegidas por la princesa Leonor y la infanta Sof\u00eda en Mallorca | Grazia","description":"Las hijas de los Reyes de Espa\u00f1a apuestan por el losw cost, como su madre, y eligen dos vestidos made in Spain que marcan tendencia.","robots":{"index":"index","follow":"follow","max-snippet":"max-snippet:-1","max-image-preview":"max-image-preview:large","max-video-preview":"max-video-preview:-1"},"canonical":"https:\/\/graziamagazine.com\/es\/articles\/massimo-dutti-y-mango-las-marcas-elegidas-por-la-princesa-leonor-y-la-infanta-sofia-en-mallorca\/","og_locale":"es_ES","og_type":"article","og_title":"Massimo Dutti y Mango, las marcas elegidas por la princesa Leonor y la infanta Sof\u00eda en Mallorca","og_description":"Las hijas de los Reyes de Espa\u00f1a apuestan por el losw cost, como su madre, y eligen dos vestidos made in Spain que marcan tendencia.","og_url":"https:\/\/graziamagazine.com\/es\/articles\/massimo-dutti-y-mango-las-marcas-elegidas-por-la-princesa-leonor-y-la-infanta-sofia-en-mallorca\/","og_site_name":"Grazia","og_image":[{"width":547,"height":361,"url":"https:\/\/graziamagazine.com\/es\/wp-content\/uploads\/sites\/12\/2019\/08\/Captura-de-pantalla-2019-08-08-a-las-17.26.42.png?fit=547%2C361","type":"image\/png"}],"twitter_card":"summary_large_image","twitter_misc":{"Est. reading time":"1 minuto"},"schema":{"@context":"https:\/\/schema.org","@graph":[{"@type":"WebPage","@id":"https:\/\/graziamagazine.com\/es\/articles\/massimo-dutti-y-mango-las-marcas-elegidas-por-la-princesa-leonor-y-la-infanta-sofia-en-mallorca\/","url":"https:\/\/graziamagazine.com\/es\/articles\/massimo-dutti-y-mango-las-marcas-elegidas-por-la-princesa-leonor-y-la-infanta-sofia-en-mallorca\/","name":"Massimo Dutti y Mango, las marcas elegidas por la princesa Leonor y la infanta Sof\u00eda en Mallorca | Grazia","isPartOf":{"@id":"https:\/\/graziamagazine.com\/es\/#website"},"datePublished":"2019-08-08T15:49:39+00:00","dateModified":"2019-08-08T15:49:39+00:00","description":"Las hijas de los Reyes de Espa\u00f1a apuestan por el losw cost, como su madre, y eligen dos vestidos made in Spain que marcan tendencia.","breadcrumb":{"@id":"https:\/\/graziamagazine.com\/es\/articles\/massimo-dutti-y-mango-las-marcas-elegidas-por-la-princesa-leonor-y-la-infanta-sofia-en-mallorca\/#breadcrumb"},"inLanguage":"es","potentialAction":[{"@type":"ReadAction","target":["https:\/\/graziamagazine.com\/es\/articles\/massimo-dutti-y-mango-las-marcas-elegidas-por-la-princesa-leonor-y-la-infanta-sofia-en-mallorca\/"]}]},{"@type":"BreadcrumbList","@id":"https:\/\/graziamagazine.com\/es\/articles\/massimo-dutti-y-mango-las-marcas-elegidas-por-la-princesa-leonor-y-la-infanta-sofia-en-mallorca\/#breadcrumb","itemListElement":[{"@type":"ListItem","position":1,"name":"Portada","item":"https:\/\/graziamagazine.com\/es\/"},{"@type":"ListItem","position":2,"name":"Massimo Dutti y Mango, las marcas elegidas por la princesa Leonor y la infanta Sof\u00eda en Mallorca"}]},{"@type":"WebSite","@id":"https:\/\/graziamagazine.com\/es\/#website","url":"https:\/\/graziamagazine.com\/es\/","name":"Grazia","description":"Moda, belleza, celebrities, estilo de vida...","potentialAction":[{"@type":"SearchAction","target":{"@type":"EntryPoint","urlTemplate":"https:\/\/graziamagazine.com\/es\/?s={search_term_string}"},"query-input":"required name=search_term_string"}],"inLanguage":"es"}]}},"jetpack_sharing_enabled":true,"distributor_meta":false,"distributor_terms":false,"distributor_media":false,"distributor_original_site_name":"Grazia","distributor_original_site_url":"https:\/\/graziamagazine.com\/es","push-errors":false,"_links":{"self":[{"href":"https:\/\/graziamagazine.com\/es\/wp-json\/wp\/v2\/articles\/146557"}],"collection":[{"href":"https:\/\/graziamagazine.com\/es\/wp-json\/wp\/v2\/articles"}],"about":[{"href":"https:\/\/graziamagazine.com\/es\/wp-json\/wp\/v2\/types\/articles"}],"author":[{"embeddable":true,"href":"https:\/\/graziamagazine.com\/es\/wp-json\/wp\/v2\/users\/11653"}],"wp:featuredmedia":[{"embeddable":true,"href":"https:\/\/graziamagazine.com\/es\/wp-json\/wp\/v2\/media\/146558"}],"wp:attachment":[{"href":"https:\/\/graziamagazine.com\/es\/wp-json\/wp\/v2\/media?parent=146557"}],"wp:term":[{"taxonomy":"category","embeddable":true,"href":"https:\/\/graziamagazine.com\/es\/wp-json\/wp\/v2\/categories?post=146557"}],"curies":[{"name":"wp","href":"https:\/\/api.w.org\/{rel}","templated":true}]}}