{"id":146549,"date":"2019-08-08T16:56:52","date_gmt":"2019-08-08T14:56:52","guid":{"rendered":"https:\/\/graziamagazine.com\/es\/?p=146549"},"modified":"2019-08-08T16:56:52","modified_gmt":"2019-08-08T14:56:52","slug":"la-reina-letizia-estrena-vestido-de-uterque-en-mallorca","status":"publish","type":"articles","link":"https:\/\/graziamagazine.com\/es\/articles\/la-reina-letizia-estrena-vestido-de-uterque-en-mallorca\/","title":{"rendered":"En azul y blanco: la combinaci\u00f3n mediterr\u00e1nea perfecta de la Familia Real hoy"},"content":{"rendered":"<p>No nos hab\u00edamos recuperado todav\u00eda de la recepci\u00f3n anoche con las Autoridades Baleares en el Palacio de la Almudaina, cuando do\u00f1a Letizia apareci\u00f3 vestida de nuevo con un vestido rojo muy favorecedor, y hoy mismo los Reyes nos han dejado otra estampa, \u00e9sta vez m\u00e1s casual y veraniega.<\/p>\n<p><strong>La \u00faltima actividad de la agenda oficial de la Familia Real en Mallorca ha sido visitar la Casa Museo Son Marroig<\/strong>, y para ello, los cuatro miembros de la familia han elegido los <strong>tonos que representan por excelencia el Mediterr\u00e1neo: el azul y el blanco. <\/strong>Desde luego la elecci\u00f3n es m\u00e1s que perfecta, porque la familia al completo pareciera que formaba parte de una postal con los azules del mar de fondo, casi en la misma paleta de color que los outfits.<\/p>\n<p><img loading=\"lazy\" decoding=\"async\" class=\"aligncenter size-full wp-image-146553\" src=\"https:\/\/graziamagazine.com\/es\/wp-content\/uploads\/sites\/12\/2019\/08\/Captura-de-pantalla-2019-08-08-a-las-16.36.15.png\" alt=\"La reina Letizia elige un vestido blanco de Uterq\u00fce en Mallorca\" width=\"514\" height=\"339\" srcset=\"https:\/\/graziamagazine.com\/es\/wp-content\/uploads\/sites\/12\/2019\/08\/Captura-de-pantalla-2019-08-08-a-las-16.36.15.png 514w, https:\/\/graziamagazine.com\/es\/wp-content\/uploads\/sites\/12\/2019\/08\/Captura-de-pantalla-2019-08-08-a-las-16.36.15.png?resize=300,198 300w, https:\/\/graziamagazine.com\/es\/wp-content\/uploads\/sites\/12\/2019\/08\/Captura-de-pantalla-2019-08-08-a-las-16.36.15.png?resize=155,102 155w\" sizes=\"(max-width: 514px) 100vw, 514px\" \/><\/p>\n<p><strong>La reina ha estrenado un vestido, de nuevo midi, de nuevo camisero y de nuevo sin mangas, pero esta vez en algod\u00f3n de la marca Uterq\u00fce<\/strong>, ideal para aquellas que quieren marcar cintura. Abotonado por delante con una fila de botones, el detalle principal es el cintur\u00f3n trenzado, que estiliza la figura.<\/p>\n<p><strong>El vestido est\u00e1 disponible en todas las tallas en la firma de Inditex, y tiene un precio de 99 euros<\/strong>.<\/p>\n<p><img loading=\"lazy\" decoding=\"async\" class=\"aligncenter size-full wp-image-146551\" src=\"https:\/\/graziamagazine.com\/es\/wp-content\/uploads\/sites\/12\/2019\/08\/reina-letizia-vestido-blanco-uterque03-1565259830.jpg\" alt=\"La reina Letizia elige un vestido blanco de Uterq\u00fce en Mallorca\" width=\"768\" height=\"1054\" srcset=\"https:\/\/graziamagazine.com\/es\/wp-content\/uploads\/sites\/12\/2019\/08\/reina-letizia-vestido-blanco-uterque03-1565259830.jpg 768w, https:\/\/graziamagazine.com\/es\/wp-content\/uploads\/sites\/12\/2019\/08\/reina-letizia-vestido-blanco-uterque03-1565259830.jpg?resize=219,300 219w, https:\/\/graziamagazine.com\/es\/wp-content\/uploads\/sites\/12\/2019\/08\/reina-letizia-vestido-blanco-uterque03-1565259830.jpg?resize=746,1024 746w, https:\/\/graziamagazine.com\/es\/wp-content\/uploads\/sites\/12\/2019\/08\/reina-letizia-vestido-blanco-uterque03-1565259830.jpg?resize=155,213 155w\" sizes=\"(max-width: 768px) 100vw, 768px\" \/><\/p>\n<p>Para acompa\u00f1ar el look, <strong>la reina ha optado por un <em>tote bag<\/em> de tela estampado en colores azules y blanco<\/strong>, muy juvenil y ecol\u00f3gico, y <strong>unas sandalias con pulsera, caladas y de nuevo con cu\u00f1a de esparto<\/strong>.<\/p>\n<p><img loading=\"lazy\" decoding=\"async\" class=\"aligncenter size-full wp-image-146552\" src=\"https:\/\/graziamagazine.com\/es\/wp-content\/uploads\/sites\/12\/2019\/08\/reina-letizia-vestido-blanco-uterque04-1565260788.jpg\" alt=\"La reina Letizia elige un vestido blanco de Uterq\u00fce en Mallorca\" width=\"768\" height=\"1152\" srcset=\"https:\/\/graziamagazine.com\/es\/wp-content\/uploads\/sites\/12\/2019\/08\/reina-letizia-vestido-blanco-uterque04-1565260788.jpg 768w, https:\/\/graziamagazine.com\/es\/wp-content\/uploads\/sites\/12\/2019\/08\/reina-letizia-vestido-blanco-uterque04-1565260788.jpg?resize=200,300 200w, https:\/\/graziamagazine.com\/es\/wp-content\/uploads\/sites\/12\/2019\/08\/reina-letizia-vestido-blanco-uterque04-1565260788.jpg?resize=683,1024 683w, https:\/\/graziamagazine.com\/es\/wp-content\/uploads\/sites\/12\/2019\/08\/reina-letizia-vestido-blanco-uterque04-1565260788.jpg?resize=143,215 143w\" sizes=\"(max-width: 768px) 100vw, 768px\" \/><\/p>\n<p>La reina Letizia <strong>ha recuperado de nuevo la coleta con flequillo a un lado<\/strong>, que tanto le favorece, ya que estos d\u00edas en todas sus apariciones hab\u00eda optado por la melena suelta, a pesar del calor que se vive en las islas, y el viento que en algunos momentos ha hecho que tenga que recog\u00e9rselo con la mano.<\/p>\n<p><em>*Im\u00e1genes: Getty Images<\/em><\/p>\n<p>&nbsp;<\/p>\n","protected":false},"author":11653,"featured_media":146550,"template":"","format":"standard","categories":[14,13],"acf":[],"yoast_head":"<!-- This site is optimized with the Yoast SEO Premium plugin v18.5 (Yoast SEO v20.4) - https:\/\/yoast.com\/wordpress\/plugins\/seo\/ -->\n<title>En azul y blanco: la combinaci\u00f3n mediterr\u00e1nea perfecta de la Familia Real hoy | Grazia<\/title>\n<meta name=\"description\" content=\"La reina Letizia ha posado con un vestido blanco de Uterq\u00fce junto al rey Felipe y sus hijas Leonor y Sof\u00eda, en una visita a la Casa Museo Son Marroig, todos combinados en colores azul y blanco.\" \/>\n<meta name=\"robots\" content=\"index, follow, max-snippet:-1, max-image-preview:large, max-video-preview:-1\" \/>\n<link rel=\"canonical\" href=\"https:\/\/graziamagazine.com\/es\/articles\/la-reina-letizia-estrena-vestido-de-uterque-en-mallorca\/\" \/>\n<meta property=\"og:locale\" content=\"es_ES\" \/>\n<meta property=\"og:type\" content=\"article\" \/>\n<meta property=\"og:title\" content=\"En azul y blanco: la combinaci\u00f3n mediterr\u00e1nea perfecta de la Familia Real hoy\" \/>\n<meta property=\"og:description\" content=\"La reina Letizia ha posado con un vestido blanco de Uterq\u00fce junto al rey Felipe y sus hijas Leonor y Sof\u00eda, en una visita a la Casa Museo Son Marroig, todos combinados en colores azul y blanco.\" \/>\n<meta property=\"og:url\" content=\"https:\/\/graziamagazine.com\/es\/articles\/la-reina-letizia-estrena-vestido-de-uterque-en-mallorca\/\" \/>\n<meta property=\"og:site_name\" content=\"Grazia\" \/>\n<meta property=\"og:image\" content=\"https:\/\/graziamagazine.com\/es\/wp-content\/uploads\/sites\/12\/2019\/08\/Captura-de-pantalla-2019-08-08-a-las-16.53.26.png?fit=832%2C445\" \/>\n\t<meta property=\"og:image:width\" content=\"832\" \/>\n\t<meta property=\"og:image:height\" content=\"445\" \/>\n\t<meta property=\"og:image:type\" content=\"image\/png\" \/>\n<meta name=\"twitter:card\" content=\"summary_large_image\" \/>\n<meta name=\"twitter:label1\" content=\"Est. reading time\" \/>\n\t<meta name=\"twitter:data1\" content=\"2 minutos\" \/>\n<script type=\"application\/ld+json\" class=\"yoast-schema-graph\">{\"@context\":\"https:\/\/schema.org\",\"@graph\":[{\"@type\":\"WebPage\",\"@id\":\"https:\/\/graziamagazine.com\/es\/articles\/la-reina-letizia-estrena-vestido-de-uterque-en-mallorca\/\",\"url\":\"https:\/\/graziamagazine.com\/es\/articles\/la-reina-letizia-estrena-vestido-de-uterque-en-mallorca\/\",\"name\":\"En azul y blanco: la combinaci\u00f3n mediterr\u00e1nea perfecta de la Familia Real hoy | Grazia\",\"isPartOf\":{\"@id\":\"https:\/\/graziamagazine.com\/es\/#website\"},\"datePublished\":\"2019-08-08T14:56:52+00:00\",\"dateModified\":\"2019-08-08T14:56:52+00:00\",\"description\":\"La reina Letizia ha posado con un vestido blanco de Uterq\u00fce junto al rey Felipe y sus hijas Leonor y Sof\u00eda, en una visita a la Casa Museo Son Marroig, todos combinados en colores azul y blanco.\",\"breadcrumb\":{\"@id\":\"https:\/\/graziamagazine.com\/es\/articles\/la-reina-letizia-estrena-vestido-de-uterque-en-mallorca\/#breadcrumb\"},\"inLanguage\":\"es\",\"potentialAction\":[{\"@type\":\"ReadAction\",\"target\":[\"https:\/\/graziamagazine.com\/es\/articles\/la-reina-letizia-estrena-vestido-de-uterque-en-mallorca\/\"]}]},{\"@type\":\"BreadcrumbList\",\"@id\":\"https:\/\/graziamagazine.com\/es\/articles\/la-reina-letizia-estrena-vestido-de-uterque-en-mallorca\/#breadcrumb\",\"itemListElement\":[{\"@type\":\"ListItem\",\"position\":1,\"name\":\"Portada\",\"item\":\"https:\/\/graziamagazine.com\/es\/\"},{\"@type\":\"ListItem\",\"position\":2,\"name\":\"En azul y blanco: la combinaci\u00f3n mediterr\u00e1nea perfecta de la Familia Real hoy\"}]},{\"@type\":\"WebSite\",\"@id\":\"https:\/\/graziamagazine.com\/es\/#website\",\"url\":\"https:\/\/graziamagazine.com\/es\/\",\"name\":\"Grazia\",\"description\":\"Moda, belleza, celebrities, estilo de vida...\",\"potentialAction\":[{\"@type\":\"SearchAction\",\"target\":{\"@type\":\"EntryPoint\",\"urlTemplate\":\"https:\/\/graziamagazine.com\/es\/?s={search_term_string}\"},\"query-input\":\"required name=search_term_string\"}],\"inLanguage\":\"es\"}]}<\/script>\n<!-- \/ Yoast SEO Premium plugin. -->","yoast_head_json":{"title":"En azul y blanco: la combinaci\u00f3n mediterr\u00e1nea perfecta de la Familia Real hoy | Grazia","description":"La reina Letizia ha posado con un vestido blanco de Uterq\u00fce junto al rey Felipe y sus hijas Leonor y Sof\u00eda, en una visita a la Casa Museo Son Marroig, todos combinados en colores azul y blanco.","robots":{"index":"index","follow":"follow","max-snippet":"max-snippet:-1","max-image-preview":"max-image-preview:large","max-video-preview":"max-video-preview:-1"},"canonical":"https:\/\/graziamagazine.com\/es\/articles\/la-reina-letizia-estrena-vestido-de-uterque-en-mallorca\/","og_locale":"es_ES","og_type":"article","og_title":"En azul y blanco: la combinaci\u00f3n mediterr\u00e1nea perfecta de la Familia Real hoy","og_description":"La reina Letizia ha posado con un vestido blanco de Uterq\u00fce junto al rey Felipe y sus hijas Leonor y Sof\u00eda, en una visita a la Casa Museo Son Marroig, todos combinados en colores azul y blanco.","og_url":"https:\/\/graziamagazine.com\/es\/articles\/la-reina-letizia-estrena-vestido-de-uterque-en-mallorca\/","og_site_name":"Grazia","og_image":[{"width":832,"height":445,"url":"https:\/\/graziamagazine.com\/es\/wp-content\/uploads\/sites\/12\/2019\/08\/Captura-de-pantalla-2019-08-08-a-las-16.53.26.png?fit=832%2C445","type":"image\/png"}],"twitter_card":"summary_large_image","twitter_misc":{"Est. reading time":"2 minutos"},"schema":{"@context":"https:\/\/schema.org","@graph":[{"@type":"WebPage","@id":"https:\/\/graziamagazine.com\/es\/articles\/la-reina-letizia-estrena-vestido-de-uterque-en-mallorca\/","url":"https:\/\/graziamagazine.com\/es\/articles\/la-reina-letizia-estrena-vestido-de-uterque-en-mallorca\/","name":"En azul y blanco: la combinaci\u00f3n mediterr\u00e1nea perfecta de la Familia Real hoy | Grazia","isPartOf":{"@id":"https:\/\/graziamagazine.com\/es\/#website"},"datePublished":"2019-08-08T14:56:52+00:00","dateModified":"2019-08-08T14:56:52+00:00","description":"La reina Letizia ha posado con un vestido blanco de Uterq\u00fce junto al rey Felipe y sus hijas Leonor y Sof\u00eda, en una visita a la Casa Museo Son Marroig, todos combinados en colores azul y blanco.","breadcrumb":{"@id":"https:\/\/graziamagazine.com\/es\/articles\/la-reina-letizia-estrena-vestido-de-uterque-en-mallorca\/#breadcrumb"},"inLanguage":"es","potentialAction":[{"@type":"ReadAction","target":["https:\/\/graziamagazine.com\/es\/articles\/la-reina-letizia-estrena-vestido-de-uterque-en-mallorca\/"]}]},{"@type":"BreadcrumbList","@id":"https:\/\/graziamagazine.com\/es\/articles\/la-reina-letizia-estrena-vestido-de-uterque-en-mallorca\/#breadcrumb","itemListElement":[{"@type":"ListItem","position":1,"name":"Portada","item":"https:\/\/graziamagazine.com\/es\/"},{"@type":"ListItem","position":2,"name":"En azul y blanco: la combinaci\u00f3n mediterr\u00e1nea perfecta de la Familia Real hoy"}]},{"@type":"WebSite","@id":"https:\/\/graziamagazine.com\/es\/#website","url":"https:\/\/graziamagazine.com\/es\/","name":"Grazia","description":"Moda, belleza, celebrities, estilo de vida...","potentialAction":[{"@type":"SearchAction","target":{"@type":"EntryPoint","urlTemplate":"https:\/\/graziamagazine.com\/es\/?s={search_term_string}"},"query-input":"required name=search_term_string"}],"inLanguage":"es"}]}},"jetpack_sharing_enabled":true,"distributor_meta":false,"distributor_terms":false,"distributor_media":false,"distributor_original_site_name":"Grazia","distributor_original_site_url":"https:\/\/graziamagazine.com\/es","push-errors":false,"_links":{"self":[{"href":"https:\/\/graziamagazine.com\/es\/wp-json\/wp\/v2\/articles\/146549"}],"collection":[{"href":"https:\/\/graziamagazine.com\/es\/wp-json\/wp\/v2\/articles"}],"about":[{"href":"https:\/\/graziamagazine.com\/es\/wp-json\/wp\/v2\/types\/articles"}],"author":[{"embeddable":true,"href":"https:\/\/graziamagazine.com\/es\/wp-json\/wp\/v2\/users\/11653"}],"wp:featuredmedia":[{"embeddable":true,"href":"https:\/\/graziamagazine.com\/es\/wp-json\/wp\/v2\/media\/146550"}],"wp:attachment":[{"href":"https:\/\/graziamagazine.com\/es\/wp-json\/wp\/v2\/media?parent=146549"}],"wp:term":[{"taxonomy":"category","embeddable":true,"href":"https:\/\/graziamagazine.com\/es\/wp-json\/wp\/v2\/categories?post=146549"}],"curies":[{"name":"wp","href":"https:\/\/api.w.org\/{rel}","templated":true}]}}