{"id":145998,"date":"2019-07-15T15:05:12","date_gmt":"2019-07-15T13:05:12","guid":{"rendered":"https:\/\/graziamagazine.com\/es\/?p=145998"},"modified":"2019-07-31T00:44:24","modified_gmt":"2019-07-30T22:44:24","slug":"mini-me-la-coleccion-de-mango-para-que-las-peques-copien-el-look-a-mama","status":"publish","type":"articles","link":"https:\/\/graziamagazine.com\/es\/articles\/mini-me-la-coleccion-de-mango-para-que-las-peques-copien-el-look-a-mama\/","title":{"rendered":"Mini Me, la colecci\u00f3n de Mango para que las peques copien el look a mam\u00e1"},"content":{"rendered":"<p>Una de las frases que m\u00e1s reciben las madres, cuando tienen hijos es: \u00ab<em>\u00bfY a qui\u00e9n se parece?<\/em>\u00ab. Ahora m\u00e1s que nunca esa frase va a tener una respuesta clara y rotunda: a mam\u00e1.<\/p>\n<p>Y todo gracias a <strong>Mango que ha lanzado hoy Mini Me<\/strong>, <strong>una colecci\u00f3n para que madres e hijas elijan las mismas prendas<\/strong> y luzcan pr\u00e1cticamente iguales. La moda infantil ha ido cambiando y los m\u00e1s peque\u00f1os tambi\u00e9n est\u00e1n encantando con <a href=\"https:\/\/graziamagazine.com\/es\/moda\/este-es-el-nuevo-blazer-de-mango-que-las-mejores-influencers-se-mueren-por-tener\/\">lucir las \u00faltimas tendencias<\/a>, las marcas lo saben y como Mango, no quieren dejar pasar la oportunidad de vestir a los peques de la casa.<\/p>\n<p><img loading=\"lazy\" decoding=\"async\" class=\"aligncenter size-full wp-image-146001\" src=\"https:\/\/graziamagazine.com\/es\/wp-content\/uploads\/sites\/12\/2019\/07\/1366_2000-1.jpg\" alt=\"Mango lanza la colecci\u00f3n Mini Me que viste a madres e hijas\" width=\"1365\" height=\"2048\" srcset=\"https:\/\/graziamagazine.com\/es\/wp-content\/uploads\/sites\/12\/2019\/07\/1366_2000-1.jpg 1365w, https:\/\/graziamagazine.com\/es\/wp-content\/uploads\/sites\/12\/2019\/07\/1366_2000-1.jpg?resize=200,300 200w, https:\/\/graziamagazine.com\/es\/wp-content\/uploads\/sites\/12\/2019\/07\/1366_2000-1.jpg?resize=768,1152 768w, https:\/\/graziamagazine.com\/es\/wp-content\/uploads\/sites\/12\/2019\/07\/1366_2000-1.jpg?resize=683,1024 683w, https:\/\/graziamagazine.com\/es\/wp-content\/uploads\/sites\/12\/2019\/07\/1366_2000-1.jpg?resize=1024,1536 1024w, https:\/\/graziamagazine.com\/es\/wp-content\/uploads\/sites\/12\/2019\/07\/1366_2000-1.jpg?resize=143,215 143w\" sizes=\"(max-width: 1365px) 100vw, 1365px\" \/><\/p>\n<p>&nbsp;<\/p>\n<p><img loading=\"lazy\" decoding=\"async\" class=\"aligncenter size-full wp-image-146000\" src=\"https:\/\/graziamagazine.com\/es\/wp-content\/uploads\/sites\/12\/2019\/07\/1366_2000-22.jpg\" alt=\"Mango lanza la colecci\u00f3n Mini Me que viste a madres e hijas\" width=\"1024\" height=\"1536\" srcset=\"https:\/\/graziamagazine.com\/es\/wp-content\/uploads\/sites\/12\/2019\/07\/1366_2000-22.jpg 1024w, https:\/\/graziamagazine.com\/es\/wp-content\/uploads\/sites\/12\/2019\/07\/1366_2000-22.jpg?resize=200,300 200w, https:\/\/graziamagazine.com\/es\/wp-content\/uploads\/sites\/12\/2019\/07\/1366_2000-22.jpg?resize=768,1152 768w, https:\/\/graziamagazine.com\/es\/wp-content\/uploads\/sites\/12\/2019\/07\/1366_2000-22.jpg?resize=683,1024 683w, https:\/\/graziamagazine.com\/es\/wp-content\/uploads\/sites\/12\/2019\/07\/1366_2000-22.jpg?resize=143,215 143w\" sizes=\"(max-width: 1024px) 100vw, 1024px\" \/><\/p>\n<p><a href=\"https:\/\/graziamagazine.com\/es\/celebs\/queremos-el-look-feminista-de-carmen-calvo\/\">La propuesta de Mango<\/a> se adapta a todas las edades, utiliza los mismos tejidos y estampados que la ropa de mam\u00e1, pero sabiendo que el cuerpo de las peque\u00f1as no es igual, por lo que se pueden elegir varias versiones de las prendas.<\/p>\n<p><img loading=\"lazy\" decoding=\"async\" class=\"aligncenter size-full wp-image-145999\" src=\"https:\/\/graziamagazine.com\/es\/wp-content\/uploads\/sites\/12\/2019\/07\/1366_2000-41.jpg\" alt=\"Mango lanza la colecci\u00f3n Mini Me que viste a madres e hijas\" width=\"1024\" height=\"1536\" srcset=\"https:\/\/graziamagazine.com\/es\/wp-content\/uploads\/sites\/12\/2019\/07\/1366_2000-41.jpg 1024w, https:\/\/graziamagazine.com\/es\/wp-content\/uploads\/sites\/12\/2019\/07\/1366_2000-41.jpg?resize=200,300 200w, https:\/\/graziamagazine.com\/es\/wp-content\/uploads\/sites\/12\/2019\/07\/1366_2000-41.jpg?resize=768,1152 768w, https:\/\/graziamagazine.com\/es\/wp-content\/uploads\/sites\/12\/2019\/07\/1366_2000-41.jpg?resize=683,1024 683w, https:\/\/graziamagazine.com\/es\/wp-content\/uploads\/sites\/12\/2019\/07\/1366_2000-41.jpg?resize=143,215 143w\" sizes=\"(max-width: 1024px) 100vw, 1024px\" \/><\/p>\n<p>&nbsp;<\/p>\n<p><img loading=\"lazy\" decoding=\"async\" class=\"aligncenter size-full wp-image-146003\" src=\"https:\/\/graziamagazine.com\/es\/wp-content\/uploads\/sites\/12\/2019\/07\/1366_20001.jpg\" alt=\"Mango lanza la colecci\u00f3n Mini Me que viste a madres e hijas\" width=\"1024\" height=\"1536\" srcset=\"https:\/\/graziamagazine.com\/es\/wp-content\/uploads\/sites\/12\/2019\/07\/1366_20001.jpg 1024w, https:\/\/graziamagazine.com\/es\/wp-content\/uploads\/sites\/12\/2019\/07\/1366_20001.jpg?resize=200,300 200w, https:\/\/graziamagazine.com\/es\/wp-content\/uploads\/sites\/12\/2019\/07\/1366_20001.jpg?resize=768,1152 768w, https:\/\/graziamagazine.com\/es\/wp-content\/uploads\/sites\/12\/2019\/07\/1366_20001.jpg?resize=683,1024 683w, https:\/\/graziamagazine.com\/es\/wp-content\/uploads\/sites\/12\/2019\/07\/1366_20001.jpg?resize=143,215 143w\" sizes=\"(max-width: 1024px) 100vw, 1024px\" \/><\/p>\n<p>Dentro de Mini Me, tambi\u00e9n existe la opci\u00f3n de elegir prendas opuestas pero que mantienen cierta similitud en cuanto a estilo, tejidos similares, cortes parecidos en las prendas e incluso la misma paleta crom\u00e1tica, pero combinada de diferente manera.<\/p>\n<p><strong><em>*Im\u00e1genes: Mango<\/em><\/strong><\/p>\n","protected":false},"author":11653,"featured_media":146004,"template":"","format":"standard","categories":[3,1],"acf":[],"yoast_head":"<!-- This site is optimized with the Yoast SEO Premium plugin v18.5 (Yoast SEO v20.4) - https:\/\/yoast.com\/wordpress\/plugins\/seo\/ -->\n<title>Mini Me, la colecci\u00f3n de Mango para que las peques copien el look a mam\u00e1 | Grazia<\/title>\n<meta name=\"description\" content=\"La firma espa\u00f1ola crea por primera vez una colecci\u00f3n para que madre e hija se vistan pr\u00e1cticamente igual.\" \/>\n<meta name=\"robots\" content=\"index, follow, max-snippet:-1, max-image-preview:large, max-video-preview:-1\" \/>\n<link rel=\"canonical\" href=\"https:\/\/graziamagazine.com\/es\/articles\/mini-me-la-coleccion-de-mango-para-que-las-peques-copien-el-look-a-mama\/\" \/>\n<meta property=\"og:locale\" content=\"es_ES\" \/>\n<meta property=\"og:type\" content=\"article\" \/>\n<meta property=\"og:title\" content=\"Mini Me, la colecci\u00f3n de Mango para que las peques copien el look a mam\u00e1\" \/>\n<meta property=\"og:description\" content=\"La firma espa\u00f1ola crea por primera vez una colecci\u00f3n para que madre e hija se vistan pr\u00e1cticamente igual.\" \/>\n<meta property=\"og:url\" content=\"https:\/\/graziamagazine.com\/es\/articles\/mini-me-la-coleccion-de-mango-para-que-las-peques-copien-el-look-a-mama\/\" \/>\n<meta property=\"og:site_name\" content=\"Grazia\" \/>\n<meta property=\"article:modified_time\" content=\"2019-07-30T22:44:24+00:00\" \/>\n<meta property=\"og:image\" content=\"https:\/\/graziamagazine.com\/es\/wp-content\/uploads\/sites\/12\/2019\/07\/Captura-de-pantalla-2019-07-15-a-las-12.22.54.png?fit=489%2C352\" \/>\n\t<meta property=\"og:image:width\" content=\"489\" \/>\n\t<meta property=\"og:image:height\" content=\"352\" \/>\n\t<meta property=\"og:image:type\" content=\"image\/png\" \/>\n<meta name=\"twitter:card\" content=\"summary_large_image\" \/>\n<meta name=\"twitter:label1\" content=\"Est. reading time\" \/>\n\t<meta name=\"twitter:data1\" content=\"1 minuto\" \/>\n<script type=\"application\/ld+json\" class=\"yoast-schema-graph\">{\"@context\":\"https:\/\/schema.org\",\"@graph\":[{\"@type\":\"WebPage\",\"@id\":\"https:\/\/graziamagazine.com\/es\/articles\/mini-me-la-coleccion-de-mango-para-que-las-peques-copien-el-look-a-mama\/\",\"url\":\"https:\/\/graziamagazine.com\/es\/articles\/mini-me-la-coleccion-de-mango-para-que-las-peques-copien-el-look-a-mama\/\",\"name\":\"Mini Me, la colecci\u00f3n de Mango para que las peques copien el look a mam\u00e1 | Grazia\",\"isPartOf\":{\"@id\":\"https:\/\/graziamagazine.com\/es\/#website\"},\"datePublished\":\"2019-07-15T13:05:12+00:00\",\"dateModified\":\"2019-07-30T22:44:24+00:00\",\"description\":\"La firma espa\u00f1ola crea por primera vez una colecci\u00f3n para que madre e hija se vistan pr\u00e1cticamente igual.\",\"breadcrumb\":{\"@id\":\"https:\/\/graziamagazine.com\/es\/articles\/mini-me-la-coleccion-de-mango-para-que-las-peques-copien-el-look-a-mama\/#breadcrumb\"},\"inLanguage\":\"es\",\"potentialAction\":[{\"@type\":\"ReadAction\",\"target\":[\"https:\/\/graziamagazine.com\/es\/articles\/mini-me-la-coleccion-de-mango-para-que-las-peques-copien-el-look-a-mama\/\"]}]},{\"@type\":\"BreadcrumbList\",\"@id\":\"https:\/\/graziamagazine.com\/es\/articles\/mini-me-la-coleccion-de-mango-para-que-las-peques-copien-el-look-a-mama\/#breadcrumb\",\"itemListElement\":[{\"@type\":\"ListItem\",\"position\":1,\"name\":\"Portada\",\"item\":\"https:\/\/graziamagazine.com\/es\/\"},{\"@type\":\"ListItem\",\"position\":2,\"name\":\"Mini Me, la colecci\u00f3n de Mango para que las peques copien el look a mam\u00e1\"}]},{\"@type\":\"WebSite\",\"@id\":\"https:\/\/graziamagazine.com\/es\/#website\",\"url\":\"https:\/\/graziamagazine.com\/es\/\",\"name\":\"Grazia\",\"description\":\"Moda, belleza, celebrities, estilo de vida...\",\"potentialAction\":[{\"@type\":\"SearchAction\",\"target\":{\"@type\":\"EntryPoint\",\"urlTemplate\":\"https:\/\/graziamagazine.com\/es\/?s={search_term_string}\"},\"query-input\":\"required name=search_term_string\"}],\"inLanguage\":\"es\"}]}<\/script>\n<!-- \/ Yoast SEO Premium plugin. -->","yoast_head_json":{"title":"Mini Me, la colecci\u00f3n de Mango para que las peques copien el look a mam\u00e1 | Grazia","description":"La firma espa\u00f1ola crea por primera vez una colecci\u00f3n para que madre e hija se vistan pr\u00e1cticamente igual.","robots":{"index":"index","follow":"follow","max-snippet":"max-snippet:-1","max-image-preview":"max-image-preview:large","max-video-preview":"max-video-preview:-1"},"canonical":"https:\/\/graziamagazine.com\/es\/articles\/mini-me-la-coleccion-de-mango-para-que-las-peques-copien-el-look-a-mama\/","og_locale":"es_ES","og_type":"article","og_title":"Mini Me, la colecci\u00f3n de Mango para que las peques copien el look a mam\u00e1","og_description":"La firma espa\u00f1ola crea por primera vez una colecci\u00f3n para que madre e hija se vistan pr\u00e1cticamente igual.","og_url":"https:\/\/graziamagazine.com\/es\/articles\/mini-me-la-coleccion-de-mango-para-que-las-peques-copien-el-look-a-mama\/","og_site_name":"Grazia","article_modified_time":"2019-07-30T22:44:24+00:00","og_image":[{"width":489,"height":352,"url":"https:\/\/graziamagazine.com\/es\/wp-content\/uploads\/sites\/12\/2019\/07\/Captura-de-pantalla-2019-07-15-a-las-12.22.54.png?fit=489%2C352","type":"image\/png"}],"twitter_card":"summary_large_image","twitter_misc":{"Est. reading time":"1 minuto"},"schema":{"@context":"https:\/\/schema.org","@graph":[{"@type":"WebPage","@id":"https:\/\/graziamagazine.com\/es\/articles\/mini-me-la-coleccion-de-mango-para-que-las-peques-copien-el-look-a-mama\/","url":"https:\/\/graziamagazine.com\/es\/articles\/mini-me-la-coleccion-de-mango-para-que-las-peques-copien-el-look-a-mama\/","name":"Mini Me, la colecci\u00f3n de Mango para que las peques copien el look a mam\u00e1 | Grazia","isPartOf":{"@id":"https:\/\/graziamagazine.com\/es\/#website"},"datePublished":"2019-07-15T13:05:12+00:00","dateModified":"2019-07-30T22:44:24+00:00","description":"La firma espa\u00f1ola crea por primera vez una colecci\u00f3n para que madre e hija se vistan pr\u00e1cticamente igual.","breadcrumb":{"@id":"https:\/\/graziamagazine.com\/es\/articles\/mini-me-la-coleccion-de-mango-para-que-las-peques-copien-el-look-a-mama\/#breadcrumb"},"inLanguage":"es","potentialAction":[{"@type":"ReadAction","target":["https:\/\/graziamagazine.com\/es\/articles\/mini-me-la-coleccion-de-mango-para-que-las-peques-copien-el-look-a-mama\/"]}]},{"@type":"BreadcrumbList","@id":"https:\/\/graziamagazine.com\/es\/articles\/mini-me-la-coleccion-de-mango-para-que-las-peques-copien-el-look-a-mama\/#breadcrumb","itemListElement":[{"@type":"ListItem","position":1,"name":"Portada","item":"https:\/\/graziamagazine.com\/es\/"},{"@type":"ListItem","position":2,"name":"Mini Me, la colecci\u00f3n de Mango para que las peques copien el look a mam\u00e1"}]},{"@type":"WebSite","@id":"https:\/\/graziamagazine.com\/es\/#website","url":"https:\/\/graziamagazine.com\/es\/","name":"Grazia","description":"Moda, belleza, celebrities, estilo de vida...","potentialAction":[{"@type":"SearchAction","target":{"@type":"EntryPoint","urlTemplate":"https:\/\/graziamagazine.com\/es\/?s={search_term_string}"},"query-input":"required name=search_term_string"}],"inLanguage":"es"}]}},"jetpack_sharing_enabled":true,"distributor_meta":false,"distributor_terms":false,"distributor_media":false,"distributor_original_site_name":"Grazia","distributor_original_site_url":"https:\/\/graziamagazine.com\/es","push-errors":false,"_links":{"self":[{"href":"https:\/\/graziamagazine.com\/es\/wp-json\/wp\/v2\/articles\/145998"}],"collection":[{"href":"https:\/\/graziamagazine.com\/es\/wp-json\/wp\/v2\/articles"}],"about":[{"href":"https:\/\/graziamagazine.com\/es\/wp-json\/wp\/v2\/types\/articles"}],"author":[{"embeddable":true,"href":"https:\/\/graziamagazine.com\/es\/wp-json\/wp\/v2\/users\/11653"}],"wp:featuredmedia":[{"embeddable":true,"href":"https:\/\/graziamagazine.com\/es\/wp-json\/wp\/v2\/media\/146004"}],"wp:attachment":[{"href":"https:\/\/graziamagazine.com\/es\/wp-json\/wp\/v2\/media?parent=145998"}],"wp:term":[{"taxonomy":"category","embeddable":true,"href":"https:\/\/graziamagazine.com\/es\/wp-json\/wp\/v2\/categories?post=145998"}],"curies":[{"name":"wp","href":"https:\/\/api.w.org\/{rel}","templated":true}]}}