{"id":145980,"date":"2019-07-15T12:46:25","date_gmt":"2019-07-15T10:46:25","guid":{"rendered":"https:\/\/graziamagazine.com\/es\/?p=145980"},"modified":"2019-07-15T17:07:29","modified_gmt":"2019-07-15T15:07:29","slug":"beyonce-y-el-rey-leon-la-banda-sonora-mas-esperada","status":"publish","type":"articles","link":"https:\/\/graziamagazine.com\/es\/articles\/beyonce-y-el-rey-leon-la-banda-sonora-mas-esperada\/","title":{"rendered":"Beyonc\u00e9 y &#8216;El rey le\u00f3n&#8217;, la banda sonora m\u00e1s esperada"},"content":{"rendered":"<p>Ya por fin lleg\u00f3 el momento m\u00e1s esperado del a\u00f1o, si hablamos de cine. <strong>Anoche en Londres ten\u00eda lugar la premier de la pel\u00edcula \u00ab<em>El rey le\u00f3n<\/em>\u00ab<\/strong> y el tan, tambi\u00e9n, esperado encuentro entre Meghan Markle y Beyonc\u00e9, quien acudi\u00f3 a al cita acompa\u00f1ada de su marido.<\/p>\n<p>Fue en 1994 cuando todos nos convertimos en fieles seguidores de Simba, en la pel\u00edcula que Disney estrenaba y que adem\u00e1s, consegu\u00eda dos Oscar, cuatro premios Grammy y dos Globos de Oro. Con estos antecedentes, <strong>la versi\u00f3n actual, que no es animada, si no que cuenta con personajes reales<\/strong>, lo ten\u00eda dif\u00edcil, pero el director Jon Favreau eligi\u00f3 a una estrella para <strong>poner voz al tema principal: <a href=\"https:\/\/graziamagazine.com\/es\/celebs\/homecoming-el-docuemntal-que-celebra-la-carrera-de-beyonce\/\">Beyonc\u00e9<\/a><\/strong>.<\/p>\n<p>La m\u00fasica en esta nueva versi\u00f3n original corre a cargo de nuevo del compositor Hans Zimmer junto a Beyonc\u00e9 que no solo interpreta la canci\u00f3n <em>Can you feel the love tonight<\/em>, tambi\u00e9n es productora, compositora de los temas <strong>y adem\u00e1s, es la voz de Nala<\/strong>. Y por si fuera poco, tambi\u00e9n produce y forma parte de una segunda BSO que se inspira en la pel\u00edcula y que se va a estrenar el pr\u00f3ximo 18 de julio: &#8216;<em>The lion king: The gift<\/em>&#8216;.<\/p>\n<p>Aqu\u00ed te dejamos la primera canci\u00f3n, Spirit, que desde luego es s\u00faper inspiradora.<\/p>\n<p><iframe loading=\"lazy\" title=\"SPIRIT (From Disney&#039;s &quot;The Lion King&quot;)\" width=\"500\" height=\"281\" src=\"https:\/\/www.youtube.com\/embed\/mXblqtzy_tE?feature=oembed\" frameborder=\"0\" allow=\"accelerometer; autoplay; encrypted-media; gyroscope; picture-in-picture\" allowfullscreen><\/iframe><\/p>\n<p><em>*Im\u00e1genes: Disney<\/em><\/p>\n","protected":false},"author":11653,"featured_media":145981,"template":"","format":"standard","categories":[14,13,18,21],"acf":[],"yoast_head":"<!-- This site is optimized with the Yoast SEO Premium plugin v18.5 (Yoast SEO v20.4) - https:\/\/yoast.com\/wordpress\/plugins\/seo\/ -->\n<title>Beyonc\u00e9 y &#039;El rey le\u00f3n&#039;, la banda sonora m\u00e1s esperada | Grazia<\/title>\n<meta name=\"description\" content=\"Por fin llega la pel\u00edcula del a\u00f1o y la artista se convierte en la voz del tema principal.\" \/>\n<meta name=\"robots\" content=\"index, follow, max-snippet:-1, max-image-preview:large, max-video-preview:-1\" \/>\n<link rel=\"canonical\" href=\"https:\/\/graziamagazine.com\/es\/articles\/beyonce-y-el-rey-leon-la-banda-sonora-mas-esperada\/\" \/>\n<meta property=\"og:locale\" content=\"es_ES\" \/>\n<meta property=\"og:type\" content=\"article\" \/>\n<meta property=\"og:title\" content=\"Beyonc\u00e9 y &#039;El rey le\u00f3n&#039;, la banda sonora m\u00e1s esperada\" \/>\n<meta property=\"og:description\" content=\"Por fin llega la pel\u00edcula del a\u00f1o y la artista se convierte en la voz del tema principal.\" \/>\n<meta property=\"og:url\" content=\"https:\/\/graziamagazine.com\/es\/articles\/beyonce-y-el-rey-leon-la-banda-sonora-mas-esperada\/\" \/>\n<meta property=\"og:site_name\" content=\"Grazia\" \/>\n<meta property=\"article:modified_time\" content=\"2019-07-15T15:07:29+00:00\" \/>\n<meta property=\"og:image\" content=\"https:\/\/graziamagazine.com\/es\/wp-content\/uploads\/sites\/12\/2019\/07\/1366_2000.jpg?fit=1366%2C769\" \/>\n\t<meta property=\"og:image:width\" content=\"1366\" \/>\n\t<meta property=\"og:image:height\" content=\"769\" \/>\n\t<meta property=\"og:image:type\" content=\"image\/jpeg\" \/>\n<meta name=\"twitter:card\" content=\"summary_large_image\" \/>\n<meta name=\"twitter:label1\" content=\"Est. reading time\" \/>\n\t<meta name=\"twitter:data1\" content=\"1 minuto\" \/>\n<script type=\"application\/ld+json\" class=\"yoast-schema-graph\">{\"@context\":\"https:\/\/schema.org\",\"@graph\":[{\"@type\":\"WebPage\",\"@id\":\"https:\/\/graziamagazine.com\/es\/articles\/beyonce-y-el-rey-leon-la-banda-sonora-mas-esperada\/\",\"url\":\"https:\/\/graziamagazine.com\/es\/articles\/beyonce-y-el-rey-leon-la-banda-sonora-mas-esperada\/\",\"name\":\"Beyonc\u00e9 y 'El rey le\u00f3n', la banda sonora m\u00e1s esperada | Grazia\",\"isPartOf\":{\"@id\":\"https:\/\/graziamagazine.com\/es\/#website\"},\"datePublished\":\"2019-07-15T10:46:25+00:00\",\"dateModified\":\"2019-07-15T15:07:29+00:00\",\"description\":\"Por fin llega la pel\u00edcula del a\u00f1o y la artista se convierte en la voz del tema principal.\",\"breadcrumb\":{\"@id\":\"https:\/\/graziamagazine.com\/es\/articles\/beyonce-y-el-rey-leon-la-banda-sonora-mas-esperada\/#breadcrumb\"},\"inLanguage\":\"es\",\"potentialAction\":[{\"@type\":\"ReadAction\",\"target\":[\"https:\/\/graziamagazine.com\/es\/articles\/beyonce-y-el-rey-leon-la-banda-sonora-mas-esperada\/\"]}]},{\"@type\":\"BreadcrumbList\",\"@id\":\"https:\/\/graziamagazine.com\/es\/articles\/beyonce-y-el-rey-leon-la-banda-sonora-mas-esperada\/#breadcrumb\",\"itemListElement\":[{\"@type\":\"ListItem\",\"position\":1,\"name\":\"Portada\",\"item\":\"https:\/\/graziamagazine.com\/es\/\"},{\"@type\":\"ListItem\",\"position\":2,\"name\":\"Beyonc\u00e9 y &#8216;El rey le\u00f3n&#8217;, la banda sonora m\u00e1s esperada\"}]},{\"@type\":\"WebSite\",\"@id\":\"https:\/\/graziamagazine.com\/es\/#website\",\"url\":\"https:\/\/graziamagazine.com\/es\/\",\"name\":\"Grazia\",\"description\":\"Moda, belleza, celebrities, estilo de vida...\",\"potentialAction\":[{\"@type\":\"SearchAction\",\"target\":{\"@type\":\"EntryPoint\",\"urlTemplate\":\"https:\/\/graziamagazine.com\/es\/?s={search_term_string}\"},\"query-input\":\"required name=search_term_string\"}],\"inLanguage\":\"es\"}]}<\/script>\n<!-- \/ Yoast SEO Premium plugin. -->","yoast_head_json":{"title":"Beyonc\u00e9 y 'El rey le\u00f3n', la banda sonora m\u00e1s esperada | Grazia","description":"Por fin llega la pel\u00edcula del a\u00f1o y la artista se convierte en la voz del tema principal.","robots":{"index":"index","follow":"follow","max-snippet":"max-snippet:-1","max-image-preview":"max-image-preview:large","max-video-preview":"max-video-preview:-1"},"canonical":"https:\/\/graziamagazine.com\/es\/articles\/beyonce-y-el-rey-leon-la-banda-sonora-mas-esperada\/","og_locale":"es_ES","og_type":"article","og_title":"Beyonc\u00e9 y 'El rey le\u00f3n', la banda sonora m\u00e1s esperada","og_description":"Por fin llega la pel\u00edcula del a\u00f1o y la artista se convierte en la voz del tema principal.","og_url":"https:\/\/graziamagazine.com\/es\/articles\/beyonce-y-el-rey-leon-la-banda-sonora-mas-esperada\/","og_site_name":"Grazia","article_modified_time":"2019-07-15T15:07:29+00:00","og_image":[{"width":1366,"height":769,"url":"https:\/\/graziamagazine.com\/es\/wp-content\/uploads\/sites\/12\/2019\/07\/1366_2000.jpg?fit=1366%2C769","type":"image\/jpeg"}],"twitter_card":"summary_large_image","twitter_misc":{"Est. reading time":"1 minuto"},"schema":{"@context":"https:\/\/schema.org","@graph":[{"@type":"WebPage","@id":"https:\/\/graziamagazine.com\/es\/articles\/beyonce-y-el-rey-leon-la-banda-sonora-mas-esperada\/","url":"https:\/\/graziamagazine.com\/es\/articles\/beyonce-y-el-rey-leon-la-banda-sonora-mas-esperada\/","name":"Beyonc\u00e9 y 'El rey le\u00f3n', la banda sonora m\u00e1s esperada | Grazia","isPartOf":{"@id":"https:\/\/graziamagazine.com\/es\/#website"},"datePublished":"2019-07-15T10:46:25+00:00","dateModified":"2019-07-15T15:07:29+00:00","description":"Por fin llega la pel\u00edcula del a\u00f1o y la artista se convierte en la voz del tema principal.","breadcrumb":{"@id":"https:\/\/graziamagazine.com\/es\/articles\/beyonce-y-el-rey-leon-la-banda-sonora-mas-esperada\/#breadcrumb"},"inLanguage":"es","potentialAction":[{"@type":"ReadAction","target":["https:\/\/graziamagazine.com\/es\/articles\/beyonce-y-el-rey-leon-la-banda-sonora-mas-esperada\/"]}]},{"@type":"BreadcrumbList","@id":"https:\/\/graziamagazine.com\/es\/articles\/beyonce-y-el-rey-leon-la-banda-sonora-mas-esperada\/#breadcrumb","itemListElement":[{"@type":"ListItem","position":1,"name":"Portada","item":"https:\/\/graziamagazine.com\/es\/"},{"@type":"ListItem","position":2,"name":"Beyonc\u00e9 y &#8216;El rey le\u00f3n&#8217;, la banda sonora m\u00e1s esperada"}]},{"@type":"WebSite","@id":"https:\/\/graziamagazine.com\/es\/#website","url":"https:\/\/graziamagazine.com\/es\/","name":"Grazia","description":"Moda, belleza, celebrities, estilo de vida...","potentialAction":[{"@type":"SearchAction","target":{"@type":"EntryPoint","urlTemplate":"https:\/\/graziamagazine.com\/es\/?s={search_term_string}"},"query-input":"required name=search_term_string"}],"inLanguage":"es"}]}},"jetpack_sharing_enabled":true,"distributor_meta":false,"distributor_terms":false,"distributor_media":false,"distributor_original_site_name":"Grazia","distributor_original_site_url":"https:\/\/graziamagazine.com\/es","push-errors":false,"_links":{"self":[{"href":"https:\/\/graziamagazine.com\/es\/wp-json\/wp\/v2\/articles\/145980"}],"collection":[{"href":"https:\/\/graziamagazine.com\/es\/wp-json\/wp\/v2\/articles"}],"about":[{"href":"https:\/\/graziamagazine.com\/es\/wp-json\/wp\/v2\/types\/articles"}],"author":[{"embeddable":true,"href":"https:\/\/graziamagazine.com\/es\/wp-json\/wp\/v2\/users\/11653"}],"wp:featuredmedia":[{"embeddable":true,"href":"https:\/\/graziamagazine.com\/es\/wp-json\/wp\/v2\/media\/145981"}],"wp:attachment":[{"href":"https:\/\/graziamagazine.com\/es\/wp-json\/wp\/v2\/media?parent=145980"}],"wp:term":[{"taxonomy":"category","embeddable":true,"href":"https:\/\/graziamagazine.com\/es\/wp-json\/wp\/v2\/categories?post=145980"}],"curies":[{"name":"wp","href":"https:\/\/api.w.org\/{rel}","templated":true}]}}