{"id":145778,"date":"2019-07-08T18:00:07","date_gmt":"2019-07-08T16:00:07","guid":{"rendered":"https:\/\/graziamagazine.com\/es\/?p=145778"},"modified":"2019-07-11T00:25:47","modified_gmt":"2019-07-10T22:25:47","slug":"custo-barcelona-su-ultimo-desfile-en-la-mbfwmadrid-antes-de-irse-a-italia","status":"publish","type":"articles","link":"https:\/\/graziamagazine.com\/es\/articles\/custo-barcelona-su-ultimo-desfile-en-la-mbfwmadrid-antes-de-irse-a-italia\/","title":{"rendered":"Custo Barcelona, su \u00faltimo desfile en la MBFWMadrid antes de irse a Italia"},"content":{"rendered":"<p>Hoy no ha sido un d\u00eda como otros en la Mercedes Fashion Week Madrid. Por la pasarela madrile\u00f1a ha desfilado por \u00faltima vez uno de los grandes nombres de la moda espa\u00f1ola, e internacional: Custo Barcelona.<\/p>\n<p><img loading=\"lazy\" decoding=\"async\" class=\"aligncenter size-full wp-image-145785\" src=\"https:\/\/graziamagazine.com\/es\/wp-content\/uploads\/sites\/12\/2019\/07\/GRAZIA_CustoBarcelona_MBFWMadrid_2020___.png\" alt=\"\" width=\"1069\" height=\"705\" srcset=\"https:\/\/graziamagazine.com\/es\/wp-content\/uploads\/sites\/12\/2019\/07\/GRAZIA_CustoBarcelona_MBFWMadrid_2020___.png 1069w, https:\/\/graziamagazine.com\/es\/wp-content\/uploads\/sites\/12\/2019\/07\/GRAZIA_CustoBarcelona_MBFWMadrid_2020___.png?resize=300,198 300w, https:\/\/graziamagazine.com\/es\/wp-content\/uploads\/sites\/12\/2019\/07\/GRAZIA_CustoBarcelona_MBFWMadrid_2020___.png?resize=768,506 768w, https:\/\/graziamagazine.com\/es\/wp-content\/uploads\/sites\/12\/2019\/07\/GRAZIA_CustoBarcelona_MBFWMadrid_2020___.png?resize=1024,675 1024w, https:\/\/graziamagazine.com\/es\/wp-content\/uploads\/sites\/12\/2019\/07\/GRAZIA_CustoBarcelona_MBFWMadrid_2020___.png?resize=155,102 155w\" sizes=\"(max-width: 1069px) 100vw, 1069px\" \/><\/p>\n<p>\u00bfLa raz\u00f3n? No es porque Custo Dalmau se retire del mundo de la moda, no, al contrario, <strong>la firma espa\u00f1ola ha decidido iniciar una nueva etapa internacional<\/strong> y para eso se ha aliado con el grupo italiano Velmar, que pertenece a Aeffe, quien gestiona otras marcas del lujo internacional como Moschino o Alberta Ferretti. As\u00ed, <strong>Custo Barcelona se mudar\u00e1 de Barcelona a Rimini (Italia)<\/strong> desde donde comenzar\u00e1 a operar y desde donde saldr\u00e1n los nuevos dise\u00f1os de las siguientes colecciones, que esperemos sigan manteniendo el esp\u00edritu transgresor y colorido de la firma. \u00ab<em>Es como si a un piloto le ficha Ferarri<\/em>\u00ab, ha reconocido el dise\u00f1ador ante el futuro que espera a la marca.<\/p>\n<p>Hoy, sobre la pasarela de IFEMA <strong>se ha visto una \u00faltima colecci\u00f3n <em>made in Spain<\/em><\/strong>,\u00a0 y en algunas de sus prendas la nostalgia del adi\u00f3s y la llegada de un nuevo horizonte, con frases en sus prendas como <em>Good bye<\/em> o <em>Je te quite<\/em> (Te dejo),<\/p>\n<p><img loading=\"lazy\" decoding=\"async\" class=\"aligncenter size-full wp-image-145780\" src=\"https:\/\/graziamagazine.com\/es\/wp-content\/uploads\/sites\/12\/2019\/07\/GRAZIA_CustoBarcelona_MBFWMadrid_2020__.png\" alt=\"\" width=\"480\" height=\"725\" srcset=\"https:\/\/graziamagazine.com\/es\/wp-content\/uploads\/sites\/12\/2019\/07\/GRAZIA_CustoBarcelona_MBFWMadrid_2020__.png 480w, https:\/\/graziamagazine.com\/es\/wp-content\/uploads\/sites\/12\/2019\/07\/GRAZIA_CustoBarcelona_MBFWMadrid_2020__.png?resize=199,300 199w, https:\/\/graziamagazine.com\/es\/wp-content\/uploads\/sites\/12\/2019\/07\/GRAZIA_CustoBarcelona_MBFWMadrid_2020__.png?resize=142,215 142w\" sizes=\"(max-width: 480px) 100vw, 480px\" \/><\/p>\n<p><img loading=\"lazy\" decoding=\"async\" class=\"aligncenter size-full wp-image-145782\" src=\"https:\/\/graziamagazine.com\/es\/wp-content\/uploads\/sites\/12\/2019\/07\/RAZIA_CustoBarcelona_MBFWMadrid_2020.png\" alt=\"\" width=\"476\" height=\"724\" srcset=\"https:\/\/graziamagazine.com\/es\/wp-content\/uploads\/sites\/12\/2019\/07\/RAZIA_CustoBarcelona_MBFWMadrid_2020.png 476w, https:\/\/graziamagazine.com\/es\/wp-content\/uploads\/sites\/12\/2019\/07\/RAZIA_CustoBarcelona_MBFWMadrid_2020-120x183.png 120w, https:\/\/graziamagazine.com\/es\/wp-content\/uploads\/sites\/12\/2019\/07\/RAZIA_CustoBarcelona_MBFWMadrid_2020-360x548.png 360w\" sizes=\"(max-width: 476px) 100vw, 476px\" \/><\/p>\n<p><img loading=\"lazy\" decoding=\"async\" class=\"aligncenter size-full wp-image-145781\" src=\"https:\/\/graziamagazine.com\/es\/wp-content\/uploads\/sites\/12\/2019\/07\/GRAZIA_CustoBarcelona_MBFWMadrid_2020_.png\" alt=\"\" width=\"472\" height=\"718\" srcset=\"https:\/\/graziamagazine.com\/es\/wp-content\/uploads\/sites\/12\/2019\/07\/GRAZIA_CustoBarcelona_MBFWMadrid_2020_.png 472w, https:\/\/graziamagazine.com\/es\/wp-content\/uploads\/sites\/12\/2019\/07\/GRAZIA_CustoBarcelona_MBFWMadrid_2020_.png?resize=197,300 197w, https:\/\/graziamagazine.com\/es\/wp-content\/uploads\/sites\/12\/2019\/07\/GRAZIA_CustoBarcelona_MBFWMadrid_2020_.png?resize=141,215 141w\" sizes=\"(max-width: 472px) 100vw, 472px\" \/><\/p>\n<p><em>*Im\u00e1genes: Mercedes-Benz Fashion Week Madrid<\/em><\/p>\n<div class=\"article-asset article-asset-normal article-asset-center\"><\/div>\n<p>&nbsp;<\/p>\n","protected":false},"author":11653,"featured_media":145786,"template":"","format":"standard","categories":[3,1],"acf":[],"yoast_head":"<!-- This site is optimized with the Yoast SEO Premium plugin v18.5 (Yoast SEO v20.4) - https:\/\/yoast.com\/wordpress\/plugins\/seo\/ -->\n<title>Custo Barcelona, su \u00faltimo desfile en la MBFWMadrid antes de irse a Italia | Grazia<\/title>\n<meta name=\"description\" content=\"El dise\u00f1ador firm\u00f3 hace unos d\u00edas un acuerdo para formar parte del grupo italiano Velmar, perteneciente a Aeffe que cuenta con firmas de la talla de Moschino o Alberta Ferretti.\" \/>\n<meta name=\"robots\" content=\"index, follow, max-snippet:-1, max-image-preview:large, max-video-preview:-1\" \/>\n<link rel=\"canonical\" href=\"https:\/\/graziamagazine.com\/es\/articles\/custo-barcelona-su-ultimo-desfile-en-la-mbfwmadrid-antes-de-irse-a-italia\/\" \/>\n<meta property=\"og:locale\" content=\"es_ES\" \/>\n<meta property=\"og:type\" content=\"article\" \/>\n<meta property=\"og:title\" content=\"Custo Barcelona, su \u00faltimo desfile en la MBFWMadrid antes de irse a Italia\" \/>\n<meta property=\"og:description\" content=\"El dise\u00f1ador firm\u00f3 hace unos d\u00edas un acuerdo para formar parte del grupo italiano Velmar, perteneciente a Aeffe que cuenta con firmas de la talla de Moschino o Alberta Ferretti.\" \/>\n<meta property=\"og:url\" content=\"https:\/\/graziamagazine.com\/es\/articles\/custo-barcelona-su-ultimo-desfile-en-la-mbfwmadrid-antes-de-irse-a-italia\/\" \/>\n<meta property=\"og:site_name\" content=\"Grazia\" \/>\n<meta property=\"article:modified_time\" content=\"2019-07-10T22:25:47+00:00\" \/>\n<meta property=\"og:image\" content=\"https:\/\/graziamagazine.com\/es\/wp-content\/uploads\/sites\/12\/2019\/07\/Captura-de-pantalla-2019-07-08-a-las-17.29.42.png?fit=485%2C311\" \/>\n\t<meta property=\"og:image:width\" content=\"485\" \/>\n\t<meta property=\"og:image:height\" content=\"311\" \/>\n\t<meta property=\"og:image:type\" content=\"image\/png\" \/>\n<meta name=\"twitter:card\" content=\"summary_large_image\" \/>\n<meta name=\"twitter:label1\" content=\"Est. reading time\" \/>\n\t<meta name=\"twitter:data1\" content=\"1 minuto\" \/>\n<script type=\"application\/ld+json\" class=\"yoast-schema-graph\">{\"@context\":\"https:\/\/schema.org\",\"@graph\":[{\"@type\":\"WebPage\",\"@id\":\"https:\/\/graziamagazine.com\/es\/articles\/custo-barcelona-su-ultimo-desfile-en-la-mbfwmadrid-antes-de-irse-a-italia\/\",\"url\":\"https:\/\/graziamagazine.com\/es\/articles\/custo-barcelona-su-ultimo-desfile-en-la-mbfwmadrid-antes-de-irse-a-italia\/\",\"name\":\"Custo Barcelona, su \u00faltimo desfile en la MBFWMadrid antes de irse a Italia | Grazia\",\"isPartOf\":{\"@id\":\"https:\/\/graziamagazine.com\/es\/#website\"},\"datePublished\":\"2019-07-08T16:00:07+00:00\",\"dateModified\":\"2019-07-10T22:25:47+00:00\",\"description\":\"El dise\u00f1ador firm\u00f3 hace unos d\u00edas un acuerdo para formar parte del grupo italiano Velmar, perteneciente a Aeffe que cuenta con firmas de la talla de Moschino o Alberta Ferretti.\",\"breadcrumb\":{\"@id\":\"https:\/\/graziamagazine.com\/es\/articles\/custo-barcelona-su-ultimo-desfile-en-la-mbfwmadrid-antes-de-irse-a-italia\/#breadcrumb\"},\"inLanguage\":\"es\",\"potentialAction\":[{\"@type\":\"ReadAction\",\"target\":[\"https:\/\/graziamagazine.com\/es\/articles\/custo-barcelona-su-ultimo-desfile-en-la-mbfwmadrid-antes-de-irse-a-italia\/\"]}]},{\"@type\":\"BreadcrumbList\",\"@id\":\"https:\/\/graziamagazine.com\/es\/articles\/custo-barcelona-su-ultimo-desfile-en-la-mbfwmadrid-antes-de-irse-a-italia\/#breadcrumb\",\"itemListElement\":[{\"@type\":\"ListItem\",\"position\":1,\"name\":\"Portada\",\"item\":\"https:\/\/graziamagazine.com\/es\/\"},{\"@type\":\"ListItem\",\"position\":2,\"name\":\"Custo Barcelona, su \u00faltimo desfile en la MBFWMadrid antes de irse a Italia\"}]},{\"@type\":\"WebSite\",\"@id\":\"https:\/\/graziamagazine.com\/es\/#website\",\"url\":\"https:\/\/graziamagazine.com\/es\/\",\"name\":\"Grazia\",\"description\":\"Moda, belleza, celebrities, estilo de vida...\",\"potentialAction\":[{\"@type\":\"SearchAction\",\"target\":{\"@type\":\"EntryPoint\",\"urlTemplate\":\"https:\/\/graziamagazine.com\/es\/?s={search_term_string}\"},\"query-input\":\"required name=search_term_string\"}],\"inLanguage\":\"es\"}]}<\/script>\n<!-- \/ Yoast SEO Premium plugin. -->","yoast_head_json":{"title":"Custo Barcelona, su \u00faltimo desfile en la MBFWMadrid antes de irse a Italia | Grazia","description":"El dise\u00f1ador firm\u00f3 hace unos d\u00edas un acuerdo para formar parte del grupo italiano Velmar, perteneciente a Aeffe que cuenta con firmas de la talla de Moschino o Alberta Ferretti.","robots":{"index":"index","follow":"follow","max-snippet":"max-snippet:-1","max-image-preview":"max-image-preview:large","max-video-preview":"max-video-preview:-1"},"canonical":"https:\/\/graziamagazine.com\/es\/articles\/custo-barcelona-su-ultimo-desfile-en-la-mbfwmadrid-antes-de-irse-a-italia\/","og_locale":"es_ES","og_type":"article","og_title":"Custo Barcelona, su \u00faltimo desfile en la MBFWMadrid antes de irse a Italia","og_description":"El dise\u00f1ador firm\u00f3 hace unos d\u00edas un acuerdo para formar parte del grupo italiano Velmar, perteneciente a Aeffe que cuenta con firmas de la talla de Moschino o Alberta Ferretti.","og_url":"https:\/\/graziamagazine.com\/es\/articles\/custo-barcelona-su-ultimo-desfile-en-la-mbfwmadrid-antes-de-irse-a-italia\/","og_site_name":"Grazia","article_modified_time":"2019-07-10T22:25:47+00:00","og_image":[{"width":485,"height":311,"url":"https:\/\/graziamagazine.com\/es\/wp-content\/uploads\/sites\/12\/2019\/07\/Captura-de-pantalla-2019-07-08-a-las-17.29.42.png?fit=485%2C311","type":"image\/png"}],"twitter_card":"summary_large_image","twitter_misc":{"Est. reading time":"1 minuto"},"schema":{"@context":"https:\/\/schema.org","@graph":[{"@type":"WebPage","@id":"https:\/\/graziamagazine.com\/es\/articles\/custo-barcelona-su-ultimo-desfile-en-la-mbfwmadrid-antes-de-irse-a-italia\/","url":"https:\/\/graziamagazine.com\/es\/articles\/custo-barcelona-su-ultimo-desfile-en-la-mbfwmadrid-antes-de-irse-a-italia\/","name":"Custo Barcelona, su \u00faltimo desfile en la MBFWMadrid antes de irse a Italia | Grazia","isPartOf":{"@id":"https:\/\/graziamagazine.com\/es\/#website"},"datePublished":"2019-07-08T16:00:07+00:00","dateModified":"2019-07-10T22:25:47+00:00","description":"El dise\u00f1ador firm\u00f3 hace unos d\u00edas un acuerdo para formar parte del grupo italiano Velmar, perteneciente a Aeffe que cuenta con firmas de la talla de Moschino o Alberta Ferretti.","breadcrumb":{"@id":"https:\/\/graziamagazine.com\/es\/articles\/custo-barcelona-su-ultimo-desfile-en-la-mbfwmadrid-antes-de-irse-a-italia\/#breadcrumb"},"inLanguage":"es","potentialAction":[{"@type":"ReadAction","target":["https:\/\/graziamagazine.com\/es\/articles\/custo-barcelona-su-ultimo-desfile-en-la-mbfwmadrid-antes-de-irse-a-italia\/"]}]},{"@type":"BreadcrumbList","@id":"https:\/\/graziamagazine.com\/es\/articles\/custo-barcelona-su-ultimo-desfile-en-la-mbfwmadrid-antes-de-irse-a-italia\/#breadcrumb","itemListElement":[{"@type":"ListItem","position":1,"name":"Portada","item":"https:\/\/graziamagazine.com\/es\/"},{"@type":"ListItem","position":2,"name":"Custo Barcelona, su \u00faltimo desfile en la MBFWMadrid antes de irse a Italia"}]},{"@type":"WebSite","@id":"https:\/\/graziamagazine.com\/es\/#website","url":"https:\/\/graziamagazine.com\/es\/","name":"Grazia","description":"Moda, belleza, celebrities, estilo de vida...","potentialAction":[{"@type":"SearchAction","target":{"@type":"EntryPoint","urlTemplate":"https:\/\/graziamagazine.com\/es\/?s={search_term_string}"},"query-input":"required name=search_term_string"}],"inLanguage":"es"}]}},"jetpack_sharing_enabled":true,"distributor_meta":false,"distributor_terms":false,"distributor_media":false,"distributor_original_site_name":"Grazia","distributor_original_site_url":"https:\/\/graziamagazine.com\/es","push-errors":false,"_links":{"self":[{"href":"https:\/\/graziamagazine.com\/es\/wp-json\/wp\/v2\/articles\/145778"}],"collection":[{"href":"https:\/\/graziamagazine.com\/es\/wp-json\/wp\/v2\/articles"}],"about":[{"href":"https:\/\/graziamagazine.com\/es\/wp-json\/wp\/v2\/types\/articles"}],"author":[{"embeddable":true,"href":"https:\/\/graziamagazine.com\/es\/wp-json\/wp\/v2\/users\/11653"}],"wp:featuredmedia":[{"embeddable":true,"href":"https:\/\/graziamagazine.com\/es\/wp-json\/wp\/v2\/media\/145786"}],"wp:attachment":[{"href":"https:\/\/graziamagazine.com\/es\/wp-json\/wp\/v2\/media?parent=145778"}],"wp:term":[{"taxonomy":"category","embeddable":true,"href":"https:\/\/graziamagazine.com\/es\/wp-json\/wp\/v2\/categories?post=145778"}],"curies":[{"name":"wp","href":"https:\/\/api.w.org\/{rel}","templated":true}]}}