{"id":145598,"date":"2019-07-07T12:40:01","date_gmt":"2019-07-07T10:40:01","guid":{"rendered":"https:\/\/graziamagazine.com\/es\/?p=145598"},"modified":"2019-07-09T00:51:24","modified_gmt":"2019-07-08T22:51:24","slug":"samsung-ego-de-madrid-fashion-week-primavera-verano-2020-israel-rodriguez","status":"publish","type":"articles","link":"https:\/\/graziamagazine.com\/es\/articles\/samsung-ego-de-madrid-fashion-week-primavera-verano-2020-israel-rodriguez\/","title":{"rendered":"Samsung EGO de Madrid Fashion Week Primavera-verano 2020: Israel Rodr\u00edguez"},"content":{"rendered":"","protected":false},"author":11653,"featured_media":145596,"template":"","format":"gallery","categories":[1],"acf":[],"yoast_head":"<!-- This site is optimized with the Yoast SEO Premium plugin v18.5 (Yoast SEO v20.4) - https:\/\/yoast.com\/wordpress\/plugins\/seo\/ -->\n<title>Samsung EGO de Madrid Fashion Week Primavera-verano 2020: Israel Rodr\u00edguez | Grazia<\/title>\n<meta name=\"description\" content=\"Present\u00f3 fuera de IFEMA una colecci\u00f3n primavera-verano 2020 llena de color, tocados y muchos looks de perfecta invitada.\" \/>\n<meta name=\"robots\" content=\"index, follow, max-snippet:-1, max-image-preview:large, max-video-preview:-1\" \/>\n<link rel=\"canonical\" href=\"https:\/\/graziamagazine.com\/es\/articles\/samsung-ego-de-madrid-fashion-week-primavera-verano-2020-israel-rodriguez\/\" \/>\n<meta property=\"og:locale\" content=\"es_ES\" \/>\n<meta property=\"og:type\" content=\"article\" \/>\n<meta property=\"og:title\" content=\"Samsung EGO de Madrid Fashion Week Primavera-verano 2020: Israel Rodr\u00edguez\" \/>\n<meta property=\"og:description\" content=\"Present\u00f3 fuera de IFEMA una colecci\u00f3n primavera-verano 2020 llena de color, tocados y muchos looks de perfecta invitada.\" \/>\n<meta property=\"og:url\" content=\"https:\/\/graziamagazine.com\/es\/articles\/samsung-ego-de-madrid-fashion-week-primavera-verano-2020-israel-rodriguez\/\" \/>\n<meta property=\"og:site_name\" content=\"Grazia\" \/>\n<meta property=\"article:modified_time\" content=\"2019-07-08T22:51:24+00:00\" \/>\n<meta property=\"og:image\" content=\"https:\/\/graziamagazine.com\/es\/wp-content\/uploads\/sites\/12\/2019\/07\/PJ19_Israel_Rodriguez_0618.JPG_cmyk.jpg?fit=2592%2C1728\" \/>\n\t<meta property=\"og:image:width\" content=\"2592\" \/>\n\t<meta property=\"og:image:height\" content=\"1728\" \/>\n\t<meta property=\"og:image:type\" content=\"image\/jpeg\" \/>\n<meta name=\"twitter:card\" content=\"summary_large_image\" \/>\n<script type=\"application\/ld+json\" class=\"yoast-schema-graph\">{\"@context\":\"https:\/\/schema.org\",\"@graph\":[{\"@type\":\"WebPage\",\"@id\":\"https:\/\/graziamagazine.com\/es\/articles\/samsung-ego-de-madrid-fashion-week-primavera-verano-2020-israel-rodriguez\/\",\"url\":\"https:\/\/graziamagazine.com\/es\/articles\/samsung-ego-de-madrid-fashion-week-primavera-verano-2020-israel-rodriguez\/\",\"name\":\"Samsung EGO de Madrid Fashion Week Primavera-verano 2020: Israel Rodr\u00edguez | Grazia\",\"isPartOf\":{\"@id\":\"https:\/\/graziamagazine.com\/es\/#website\"},\"datePublished\":\"2019-07-07T10:40:01+00:00\",\"dateModified\":\"2019-07-08T22:51:24+00:00\",\"description\":\"Present\u00f3 fuera de IFEMA una colecci\u00f3n primavera-verano 2020 llena de color, tocados y muchos looks de perfecta invitada.\",\"breadcrumb\":{\"@id\":\"https:\/\/graziamagazine.com\/es\/articles\/samsung-ego-de-madrid-fashion-week-primavera-verano-2020-israel-rodriguez\/#breadcrumb\"},\"inLanguage\":\"es\",\"potentialAction\":[{\"@type\":\"ReadAction\",\"target\":[\"https:\/\/graziamagazine.com\/es\/articles\/samsung-ego-de-madrid-fashion-week-primavera-verano-2020-israel-rodriguez\/\"]}]},{\"@type\":\"BreadcrumbList\",\"@id\":\"https:\/\/graziamagazine.com\/es\/articles\/samsung-ego-de-madrid-fashion-week-primavera-verano-2020-israel-rodriguez\/#breadcrumb\",\"itemListElement\":[{\"@type\":\"ListItem\",\"position\":1,\"name\":\"Portada\",\"item\":\"https:\/\/graziamagazine.com\/es\/\"},{\"@type\":\"ListItem\",\"position\":2,\"name\":\"Samsung EGO de Madrid Fashion Week Primavera-verano 2020: Israel Rodr\u00edguez\"}]},{\"@type\":\"WebSite\",\"@id\":\"https:\/\/graziamagazine.com\/es\/#website\",\"url\":\"https:\/\/graziamagazine.com\/es\/\",\"name\":\"Grazia\",\"description\":\"Moda, belleza, celebrities, estilo de vida...\",\"potentialAction\":[{\"@type\":\"SearchAction\",\"target\":{\"@type\":\"EntryPoint\",\"urlTemplate\":\"https:\/\/graziamagazine.com\/es\/?s={search_term_string}\"},\"query-input\":\"required name=search_term_string\"}],\"inLanguage\":\"es\"}]}<\/script>\n<!-- \/ Yoast SEO Premium plugin. -->","yoast_head_json":{"title":"Samsung EGO de Madrid Fashion Week Primavera-verano 2020: Israel Rodr\u00edguez | Grazia","description":"Present\u00f3 fuera de IFEMA una colecci\u00f3n primavera-verano 2020 llena de color, tocados y muchos looks de perfecta invitada.","robots":{"index":"index","follow":"follow","max-snippet":"max-snippet:-1","max-image-preview":"max-image-preview:large","max-video-preview":"max-video-preview:-1"},"canonical":"https:\/\/graziamagazine.com\/es\/articles\/samsung-ego-de-madrid-fashion-week-primavera-verano-2020-israel-rodriguez\/","og_locale":"es_ES","og_type":"article","og_title":"Samsung EGO de Madrid Fashion Week Primavera-verano 2020: Israel Rodr\u00edguez","og_description":"Present\u00f3 fuera de IFEMA una colecci\u00f3n primavera-verano 2020 llena de color, tocados y muchos looks de perfecta invitada.","og_url":"https:\/\/graziamagazine.com\/es\/articles\/samsung-ego-de-madrid-fashion-week-primavera-verano-2020-israel-rodriguez\/","og_site_name":"Grazia","article_modified_time":"2019-07-08T22:51:24+00:00","og_image":[{"width":2592,"height":1728,"url":"https:\/\/graziamagazine.com\/es\/wp-content\/uploads\/sites\/12\/2019\/07\/PJ19_Israel_Rodriguez_0618.JPG_cmyk.jpg?fit=2592%2C1728","type":"image\/jpeg"}],"twitter_card":"summary_large_image","schema":{"@context":"https:\/\/schema.org","@graph":[{"@type":"WebPage","@id":"https:\/\/graziamagazine.com\/es\/articles\/samsung-ego-de-madrid-fashion-week-primavera-verano-2020-israel-rodriguez\/","url":"https:\/\/graziamagazine.com\/es\/articles\/samsung-ego-de-madrid-fashion-week-primavera-verano-2020-israel-rodriguez\/","name":"Samsung EGO de Madrid Fashion Week Primavera-verano 2020: Israel Rodr\u00edguez | Grazia","isPartOf":{"@id":"https:\/\/graziamagazine.com\/es\/#website"},"datePublished":"2019-07-07T10:40:01+00:00","dateModified":"2019-07-08T22:51:24+00:00","description":"Present\u00f3 fuera de IFEMA una colecci\u00f3n primavera-verano 2020 llena de color, tocados y muchos looks de perfecta invitada.","breadcrumb":{"@id":"https:\/\/graziamagazine.com\/es\/articles\/samsung-ego-de-madrid-fashion-week-primavera-verano-2020-israel-rodriguez\/#breadcrumb"},"inLanguage":"es","potentialAction":[{"@type":"ReadAction","target":["https:\/\/graziamagazine.com\/es\/articles\/samsung-ego-de-madrid-fashion-week-primavera-verano-2020-israel-rodriguez\/"]}]},{"@type":"BreadcrumbList","@id":"https:\/\/graziamagazine.com\/es\/articles\/samsung-ego-de-madrid-fashion-week-primavera-verano-2020-israel-rodriguez\/#breadcrumb","itemListElement":[{"@type":"ListItem","position":1,"name":"Portada","item":"https:\/\/graziamagazine.com\/es\/"},{"@type":"ListItem","position":2,"name":"Samsung EGO de Madrid Fashion Week Primavera-verano 2020: Israel Rodr\u00edguez"}]},{"@type":"WebSite","@id":"https:\/\/graziamagazine.com\/es\/#website","url":"https:\/\/graziamagazine.com\/es\/","name":"Grazia","description":"Moda, belleza, celebrities, estilo de vida...","potentialAction":[{"@type":"SearchAction","target":{"@type":"EntryPoint","urlTemplate":"https:\/\/graziamagazine.com\/es\/?s={search_term_string}"},"query-input":"required name=search_term_string"}],"inLanguage":"es"}]}},"jetpack_sharing_enabled":true,"distributor_meta":false,"distributor_terms":false,"distributor_media":false,"distributor_original_site_name":"Grazia","distributor_original_site_url":"https:\/\/graziamagazine.com\/es","push-errors":false,"_links":{"self":[{"href":"https:\/\/graziamagazine.com\/es\/wp-json\/wp\/v2\/articles\/145598"}],"collection":[{"href":"https:\/\/graziamagazine.com\/es\/wp-json\/wp\/v2\/articles"}],"about":[{"href":"https:\/\/graziamagazine.com\/es\/wp-json\/wp\/v2\/types\/articles"}],"author":[{"embeddable":true,"href":"https:\/\/graziamagazine.com\/es\/wp-json\/wp\/v2\/users\/11653"}],"wp:featuredmedia":[{"embeddable":true,"href":"https:\/\/graziamagazine.com\/es\/wp-json\/wp\/v2\/media\/145596"}],"wp:attachment":[{"href":"https:\/\/graziamagazine.com\/es\/wp-json\/wp\/v2\/media?parent=145598"}],"wp:term":[{"taxonomy":"category","embeddable":true,"href":"https:\/\/graziamagazine.com\/es\/wp-json\/wp\/v2\/categories?post=145598"}],"curies":[{"name":"wp","href":"https:\/\/api.w.org\/{rel}","templated":true}]}}