{"id":144835,"date":"2019-06-24T15:17:37","date_gmt":"2019-06-24T13:17:37","guid":{"rendered":"https:\/\/graziamagazine.com\/es\/?p=144835"},"modified":"2019-06-24T20:51:58","modified_gmt":"2019-06-24T18:51:58","slug":"esprit-inaugura-una-pop-up-store-con-motivo-del-orgullo","status":"publish","type":"articles","link":"https:\/\/graziamagazine.com\/es\/articles\/esprit-inaugura-una-pop-up-store-con-motivo-del-orgullo\/","title":{"rendered":"ESPRIT inaugura una pop up store con motivo del Orgullo"},"content":{"rendered":"<p><strong>Hoy arranca la semana m\u00e1s intensa para dar la bienvenida al D\u00eda del Orgulo LGBT<\/strong> que se celebra el pr\u00f3ximo viernes 28 de junio en todo el mundo. En Madrid, como ya es habitual, el Barrio de Chueca se viste de fiesta para recibir varios d\u00edas de celebraci\u00f3n (del 28 de junio al 7 de julio) y en donde el acto principal ser\u00e1 la Manifestaci\u00f3n Mundial del Orgullo LGBT, la m\u00e1s grande del mundo, el pr\u00f3ximo s\u00e1bado 6 de julio.<\/p>\n<p>Para celebrar la diversidad, <a href=\"https:\/\/graziamagazine.com\/es\/moda\/hm-celebra-el-dia-del-orgullo-con-una-coleccion-llena-de-color-y-amor\/\">muchas marcas han creado colecciones c\u00e1psula o acciones.<\/a> La \u00faltima ha sido la firma de moda <strong>ESPRIT, que hoy mismo inauguraba en El Corte Ingl\u00e9s de Preciados, el m\u00e1s c\u00e9ntrico de todo el pa\u00eds, una pop up store exclusiva<\/strong>. En ella, desde hoy hasta el d\u00eda 7 de julio, se pueden comprar las piezas de la colecci\u00f3n que han creado para este Orgullo 2019, exclusivas y limitadas, la colecci\u00f3n es unisex y en ella destacan los colores fuerte, vibrantes y los gr\u00e1ficos.<\/p>\n<p><img loading=\"lazy\" decoding=\"async\" class=\"aligncenter size-full wp-image-144837\" src=\"https:\/\/graziamagazine.com\/es\/wp-content\/uploads\/sites\/12\/2019\/06\/GRAZIA-Espirit-2.jpg\" alt=\"\" width=\"3000\" height=\"2000\" srcset=\"https:\/\/graziamagazine.com\/es\/wp-content\/uploads\/sites\/12\/2019\/06\/GRAZIA-Espirit-2.jpg 3000w, https:\/\/graziamagazine.com\/es\/wp-content\/uploads\/sites\/12\/2019\/06\/GRAZIA-Espirit-2.jpg?resize=300,200 300w, https:\/\/graziamagazine.com\/es\/wp-content\/uploads\/sites\/12\/2019\/06\/GRAZIA-Espirit-2.jpg?resize=768,512 768w, https:\/\/graziamagazine.com\/es\/wp-content\/uploads\/sites\/12\/2019\/06\/GRAZIA-Espirit-2.jpg?resize=1024,683 1024w, https:\/\/graziamagazine.com\/es\/wp-content\/uploads\/sites\/12\/2019\/06\/GRAZIA-Espirit-2.jpg?resize=1536,1024 1536w, https:\/\/graziamagazine.com\/es\/wp-content\/uploads\/sites\/12\/2019\/06\/GRAZIA-Espirit-2.jpg?resize=2048,1365 2048w, https:\/\/graziamagazine.com\/es\/wp-content\/uploads\/sites\/12\/2019\/06\/GRAZIA-Espirit-2.jpg?resize=155,103 155w\" sizes=\"(max-width: 3000px) 100vw, 3000px\" \/><\/p>\n<p>La colecci\u00f3n, 8 prendas y 26 combinaciones coloridas, ha sido <strong>creada por el d\u00fao de dise\u00f1adores Craig &amp; Karl<\/strong>, quienes quieren a trav\u00e9s de las piezas propagar un mensaje de amor, igualdad y unidad, algo que siempre ha estado presente en el ADN de ESPRIT desde su nacimiento en California en 1968. El espacio tambi\u00e9n est\u00e1 cargado de color y pensado para que todos los que se acerquen a celebrar al centro de la capital, tengan adem\u00e1s un espacio en el que visitar y vestirse con los colores de la bandera del arco\u00edris.<\/p>\n<p><img loading=\"lazy\" decoding=\"async\" class=\"aligncenter size-full wp-image-144838\" src=\"https:\/\/graziamagazine.com\/es\/wp-content\/uploads\/sites\/12\/2019\/06\/GRAZIA-Espirit-Creadores.jpg\" alt=\"\" width=\"3000\" height=\"2000\" srcset=\"https:\/\/graziamagazine.com\/es\/wp-content\/uploads\/sites\/12\/2019\/06\/GRAZIA-Espirit-Creadores.jpg 3000w, https:\/\/graziamagazine.com\/es\/wp-content\/uploads\/sites\/12\/2019\/06\/GRAZIA-Espirit-Creadores.jpg?resize=300,200 300w, https:\/\/graziamagazine.com\/es\/wp-content\/uploads\/sites\/12\/2019\/06\/GRAZIA-Espirit-Creadores.jpg?resize=768,512 768w, https:\/\/graziamagazine.com\/es\/wp-content\/uploads\/sites\/12\/2019\/06\/GRAZIA-Espirit-Creadores.jpg?resize=1024,683 1024w, https:\/\/graziamagazine.com\/es\/wp-content\/uploads\/sites\/12\/2019\/06\/GRAZIA-Espirit-Creadores.jpg?resize=1536,1024 1536w, https:\/\/graziamagazine.com\/es\/wp-content\/uploads\/sites\/12\/2019\/06\/GRAZIA-Espirit-Creadores.jpg?resize=2048,1365 2048w, https:\/\/graziamagazine.com\/es\/wp-content\/uploads\/sites\/12\/2019\/06\/GRAZIA-Espirit-Creadores.jpg?resize=155,103 155w\" sizes=\"(max-width: 3000px) 100vw, 3000px\" \/><\/p>\n<p>&nbsp;<\/p>\n<p>Adem\u00e1s, a ra\u00edz del lanzamiento de esta colecci\u00f3n, ESPRIT ha colaborado, con una donaci\u00f3n de 12.500 comidas, con el\u00a0Centro Ali Forney en Nueva York, que da cobijo y alimento a m\u00e1s de 1.400 adolescentes LGBTQ+ sin techo al a\u00f1o. La moda demuestra una vez m\u00e1s que sirve para dar un mensaje de harmon\u00eda, visibilidad y lucha por la igualdad de derechos.<\/p>\n<p>&nbsp;<\/p>\n<p>&nbsp;<\/p>\n","protected":false},"author":11653,"featured_media":144836,"template":"","format":"standard","categories":[3,1],"acf":[],"yoast_head":"<!-- This site is optimized with the Yoast SEO Premium plugin v18.5 (Yoast SEO v20.4) - https:\/\/yoast.com\/wordpress\/plugins\/seo\/ -->\n<title>ESPRIT inaugura una pop up store con motivo del Orgullo | Grazia<\/title>\n<meta name=\"description\" content=\"Apenas falta una semana para que se celebre el D\u00eda del Orgullo LGBT, y las marcas siguen generando acciones para sumarse a este d\u00eda y a los diferentes colectivos que enarbolan en el mundo la bandera de la diversidad.\" \/>\n<meta name=\"robots\" content=\"index, follow, max-snippet:-1, max-image-preview:large, max-video-preview:-1\" \/>\n<link rel=\"canonical\" href=\"https:\/\/graziamagazine.com\/es\/articles\/esprit-inaugura-una-pop-up-store-con-motivo-del-orgullo\/\" \/>\n<meta property=\"og:locale\" content=\"es_ES\" \/>\n<meta property=\"og:type\" content=\"article\" \/>\n<meta property=\"og:title\" content=\"ESPRIT inaugura una pop up store con motivo del Orgullo\" \/>\n<meta property=\"og:description\" content=\"Apenas falta una semana para que se celebre el D\u00eda del Orgullo LGBT, y las marcas siguen generando acciones para sumarse a este d\u00eda y a los diferentes colectivos que enarbolan en el mundo la bandera de la diversidad.\" \/>\n<meta property=\"og:url\" content=\"https:\/\/graziamagazine.com\/es\/articles\/esprit-inaugura-una-pop-up-store-con-motivo-del-orgullo\/\" \/>\n<meta property=\"og:site_name\" content=\"Grazia\" \/>\n<meta property=\"article:modified_time\" content=\"2019-06-24T18:51:58+00:00\" \/>\n<meta property=\"og:image\" content=\"https:\/\/graziamagazine.com\/es\/wp-content\/uploads\/sites\/12\/2019\/06\/Espirit-1.jpg?fit=3500%2C2335\" \/>\n\t<meta property=\"og:image:width\" content=\"3500\" \/>\n\t<meta property=\"og:image:height\" content=\"2335\" \/>\n\t<meta property=\"og:image:type\" content=\"image\/jpeg\" \/>\n<meta name=\"twitter:card\" content=\"summary_large_image\" \/>\n<meta name=\"twitter:label1\" content=\"Est. reading time\" \/>\n\t<meta name=\"twitter:data1\" content=\"2 minutos\" \/>\n<script type=\"application\/ld+json\" class=\"yoast-schema-graph\">{\"@context\":\"https:\/\/schema.org\",\"@graph\":[{\"@type\":\"WebPage\",\"@id\":\"https:\/\/graziamagazine.com\/es\/articles\/esprit-inaugura-una-pop-up-store-con-motivo-del-orgullo\/\",\"url\":\"https:\/\/graziamagazine.com\/es\/articles\/esprit-inaugura-una-pop-up-store-con-motivo-del-orgullo\/\",\"name\":\"ESPRIT inaugura una pop up store con motivo del Orgullo | Grazia\",\"isPartOf\":{\"@id\":\"https:\/\/graziamagazine.com\/es\/#website\"},\"datePublished\":\"2019-06-24T13:17:37+00:00\",\"dateModified\":\"2019-06-24T18:51:58+00:00\",\"description\":\"Apenas falta una semana para que se celebre el D\u00eda del Orgullo LGBT, y las marcas siguen generando acciones para sumarse a este d\u00eda y a los diferentes colectivos que enarbolan en el mundo la bandera de la diversidad.\",\"breadcrumb\":{\"@id\":\"https:\/\/graziamagazine.com\/es\/articles\/esprit-inaugura-una-pop-up-store-con-motivo-del-orgullo\/#breadcrumb\"},\"inLanguage\":\"es\",\"potentialAction\":[{\"@type\":\"ReadAction\",\"target\":[\"https:\/\/graziamagazine.com\/es\/articles\/esprit-inaugura-una-pop-up-store-con-motivo-del-orgullo\/\"]}]},{\"@type\":\"BreadcrumbList\",\"@id\":\"https:\/\/graziamagazine.com\/es\/articles\/esprit-inaugura-una-pop-up-store-con-motivo-del-orgullo\/#breadcrumb\",\"itemListElement\":[{\"@type\":\"ListItem\",\"position\":1,\"name\":\"Portada\",\"item\":\"https:\/\/graziamagazine.com\/es\/\"},{\"@type\":\"ListItem\",\"position\":2,\"name\":\"ESPRIT inaugura una pop up store con motivo del Orgullo\"}]},{\"@type\":\"WebSite\",\"@id\":\"https:\/\/graziamagazine.com\/es\/#website\",\"url\":\"https:\/\/graziamagazine.com\/es\/\",\"name\":\"Grazia\",\"description\":\"Moda, belleza, celebrities, estilo de vida...\",\"potentialAction\":[{\"@type\":\"SearchAction\",\"target\":{\"@type\":\"EntryPoint\",\"urlTemplate\":\"https:\/\/graziamagazine.com\/es\/?s={search_term_string}\"},\"query-input\":\"required name=search_term_string\"}],\"inLanguage\":\"es\"}]}<\/script>\n<!-- \/ Yoast SEO Premium plugin. -->","yoast_head_json":{"title":"ESPRIT inaugura una pop up store con motivo del Orgullo | Grazia","description":"Apenas falta una semana para que se celebre el D\u00eda del Orgullo LGBT, y las marcas siguen generando acciones para sumarse a este d\u00eda y a los diferentes colectivos que enarbolan en el mundo la bandera de la diversidad.","robots":{"index":"index","follow":"follow","max-snippet":"max-snippet:-1","max-image-preview":"max-image-preview:large","max-video-preview":"max-video-preview:-1"},"canonical":"https:\/\/graziamagazine.com\/es\/articles\/esprit-inaugura-una-pop-up-store-con-motivo-del-orgullo\/","og_locale":"es_ES","og_type":"article","og_title":"ESPRIT inaugura una pop up store con motivo del Orgullo","og_description":"Apenas falta una semana para que se celebre el D\u00eda del Orgullo LGBT, y las marcas siguen generando acciones para sumarse a este d\u00eda y a los diferentes colectivos que enarbolan en el mundo la bandera de la diversidad.","og_url":"https:\/\/graziamagazine.com\/es\/articles\/esprit-inaugura-una-pop-up-store-con-motivo-del-orgullo\/","og_site_name":"Grazia","article_modified_time":"2019-06-24T18:51:58+00:00","og_image":[{"width":3500,"height":2335,"url":"https:\/\/graziamagazine.com\/es\/wp-content\/uploads\/sites\/12\/2019\/06\/Espirit-1.jpg?fit=3500%2C2335","type":"image\/jpeg"}],"twitter_card":"summary_large_image","twitter_misc":{"Est. reading time":"2 minutos"},"schema":{"@context":"https:\/\/schema.org","@graph":[{"@type":"WebPage","@id":"https:\/\/graziamagazine.com\/es\/articles\/esprit-inaugura-una-pop-up-store-con-motivo-del-orgullo\/","url":"https:\/\/graziamagazine.com\/es\/articles\/esprit-inaugura-una-pop-up-store-con-motivo-del-orgullo\/","name":"ESPRIT inaugura una pop up store con motivo del Orgullo | Grazia","isPartOf":{"@id":"https:\/\/graziamagazine.com\/es\/#website"},"datePublished":"2019-06-24T13:17:37+00:00","dateModified":"2019-06-24T18:51:58+00:00","description":"Apenas falta una semana para que se celebre el D\u00eda del Orgullo LGBT, y las marcas siguen generando acciones para sumarse a este d\u00eda y a los diferentes colectivos que enarbolan en el mundo la bandera de la diversidad.","breadcrumb":{"@id":"https:\/\/graziamagazine.com\/es\/articles\/esprit-inaugura-una-pop-up-store-con-motivo-del-orgullo\/#breadcrumb"},"inLanguage":"es","potentialAction":[{"@type":"ReadAction","target":["https:\/\/graziamagazine.com\/es\/articles\/esprit-inaugura-una-pop-up-store-con-motivo-del-orgullo\/"]}]},{"@type":"BreadcrumbList","@id":"https:\/\/graziamagazine.com\/es\/articles\/esprit-inaugura-una-pop-up-store-con-motivo-del-orgullo\/#breadcrumb","itemListElement":[{"@type":"ListItem","position":1,"name":"Portada","item":"https:\/\/graziamagazine.com\/es\/"},{"@type":"ListItem","position":2,"name":"ESPRIT inaugura una pop up store con motivo del Orgullo"}]},{"@type":"WebSite","@id":"https:\/\/graziamagazine.com\/es\/#website","url":"https:\/\/graziamagazine.com\/es\/","name":"Grazia","description":"Moda, belleza, celebrities, estilo de vida...","potentialAction":[{"@type":"SearchAction","target":{"@type":"EntryPoint","urlTemplate":"https:\/\/graziamagazine.com\/es\/?s={search_term_string}"},"query-input":"required name=search_term_string"}],"inLanguage":"es"}]}},"jetpack_sharing_enabled":true,"distributor_meta":false,"distributor_terms":false,"distributor_media":false,"distributor_original_site_name":"Grazia","distributor_original_site_url":"https:\/\/graziamagazine.com\/es","push-errors":false,"_links":{"self":[{"href":"https:\/\/graziamagazine.com\/es\/wp-json\/wp\/v2\/articles\/144835"}],"collection":[{"href":"https:\/\/graziamagazine.com\/es\/wp-json\/wp\/v2\/articles"}],"about":[{"href":"https:\/\/graziamagazine.com\/es\/wp-json\/wp\/v2\/types\/articles"}],"author":[{"embeddable":true,"href":"https:\/\/graziamagazine.com\/es\/wp-json\/wp\/v2\/users\/11653"}],"wp:featuredmedia":[{"embeddable":true,"href":"https:\/\/graziamagazine.com\/es\/wp-json\/wp\/v2\/media\/144836"}],"wp:attachment":[{"href":"https:\/\/graziamagazine.com\/es\/wp-json\/wp\/v2\/media?parent=144835"}],"wp:term":[{"taxonomy":"category","embeddable":true,"href":"https:\/\/graziamagazine.com\/es\/wp-json\/wp\/v2\/categories?post=144835"}],"curies":[{"name":"wp","href":"https:\/\/api.w.org\/{rel}","templated":true}]}}