{"id":144724,"date":"2019-06-18T11:44:18","date_gmt":"2019-06-18T09:44:18","guid":{"rendered":"https:\/\/graziamagazine.com\/es\/?p=144724"},"modified":"2019-06-18T16:48:56","modified_gmt":"2019-06-18T14:48:56","slug":"la-vecina-rubia-x-tous-una-coleccion-de-joyas-que-te-alegrara-el-dia","status":"publish","type":"articles","link":"https:\/\/graziamagazine.com\/es\/articles\/la-vecina-rubia-x-tous-una-coleccion-de-joyas-que-te-alegrara-el-dia\/","title":{"rendered":"La vecina rubia x Tous, una colecci\u00f3n de joyas que te alegrar\u00e1 el d\u00eda"},"content":{"rendered":"<p>Es uno de los perfiles de redes m\u00e1s seguidos en Espa\u00f1a, <strong>La Vecina Rubia ha conseguido tener un lugar destacado en el mundo virtual gracias a una manera de ver la vida, y contarla, que a todos nos alegra el d\u00eda<\/strong>. Sus ocurrencias, los posteos sin pelos en la lengua y su acidez ir\u00f3nica en muchas ocasiones, hacen que solo su perfil de Instagram tenga 2 millones de seguidores, y el de Facebook 1,2 millones. Pero no solo eso, ha conseguido crear conciencia en la donaci\u00f3n de cabello en la lucha contra el c\u00e1ncer, y hacer entender la importancia de la ortograf\u00eda y escribir bien gracias a su App y su perfil @elconejitoortografico.<\/p>\n<p>Frases como \u00ab<em>tengo pelazo y coraz\u00f3n debajo<\/em>\u00ab, o \u00ab<em>madrugar es de guapas<\/em>\u00ab, o \u00ab<em>si es rosa y brilla, lo quiero<\/em>\u00ab, son ya un cl\u00e1sico en las redes sociales, y ahora toman forma fuera del mundo virtual y lo hacen <strong>en forma de joyas junto a<\/strong> una de las m\u00e1s internacionales marcas espa\u00f1olas, <a href=\"https:\/\/graziamagazine.com\/es\/moda\/tous-propone-un-otono-que-perdura-mas-alla-del-tiempo\/\"><strong>Tous<\/strong><\/a>.<\/p>\n<p><strong>#LVRXTOUS o lo que es lo mismo, &#8216;La Vecina Rubia X Tous&#8217;<\/strong>, es una <strong>colecci\u00f3n c\u00e1psula con piezas en plata de ley<\/strong>, vermeil ros\u00e9 donde abundan dos cosas que la caracterizas, los corazones y la purpurina, y que se puede adquirir <strong>a trav\u00e9s de la web de Tous del 17 al 19 de junio<\/strong>, y ya <strong>a partir del d\u00eda 20 en todas las tiendas f\u00edsicas y El Corte Ingl\u00e9s, hasta el 31 de julio<\/strong> o hasta agotar existencias.<\/p>\n<p>\u00ab<em>Es una colecci\u00f3n hecha con toda la ilusi\u00f3n del mundo y desde dentro del coraz\u00f3n. El eje de la colecci\u00f3n es el coraz\u00f3n con pelazo, que para m\u00ed simboliza la uni\u00f3n entre nuestra parte m\u00e1s emotiva que llevamos dentro y la parte m\u00e1s positiva que sacamos fuera. Tener pelazo es una actitud y se demuestra poni\u00e9ndole coraz\u00f3n a lo que haces<\/em>\u00ab, <strong>ha compartido la influencer en su perfil de Instagram<\/strong> anunciando el lanzamiento de esta colaboraci\u00f3n.<\/p>\n<blockquote class=\"instagram-media\" data-instgrm-captioned data-instgrm-permalink=\"https:\/\/www.instagram.com\/p\/By0EtHfC4Sh\/?utm_source=ig_embed&amp;utm_campaign=loading\" data-instgrm-version=\"12\" style=\" background:#FFF; border:0; border-radius:3px; box-shadow:0 0 1px 0 rgba(0,0,0,0.5),0 1px 10px 0 rgba(0,0,0,0.15); margin: 1px; max-width:500px; min-width:326px; padding:0; width:99.375%; width:-webkit-calc(100% - 2px); width:calc(100% - 2px);\">\n<div style=\"padding:16px;\"> <a href=\"https:\/\/www.instagram.com\/p\/By0EtHfC4Sh\/?utm_source=ig_embed&amp;utm_campaign=loading\" style=\" background:#FFFFFF; line-height:0; padding:0 0; text-align:center; text-decoration:none; width:100%;\" target=\"_blank\"> <\/p>\n<div style=\" display: flex; flex-direction: row; align-items: center;\">\n<div style=\"background-color: #F4F4F4; border-radius: 50%; flex-grow: 0; height: 40px; margin-right: 14px; width: 40px;\"><\/div>\n<div style=\"display: flex; flex-direction: column; flex-grow: 1; justify-content: center;\">\n<div style=\" background-color: #F4F4F4; border-radius: 4px; flex-grow: 0; height: 14px; margin-bottom: 6px; width: 100px;\"><\/div>\n<div style=\" background-color: #F4F4F4; border-radius: 4px; flex-grow: 0; height: 14px; width: 60px;\"><\/div>\n<\/div>\n<\/div>\n<div style=\"padding: 19% 0;\"><\/div>\n<div style=\"display:block; height:50px; margin:0 auto 12px; width:50px;\"><svg width=\"50px\" height=\"50px\" viewBox=\"0 0 60 60\" version=\"1.1\" xmlns=\"https:\/\/www.w3.org\/2000\/svg\" xmlns:xlink=\"https:\/\/www.w3.org\/1999\/xlink\"><g stroke=\"none\" stroke-width=\"1\" fill=\"none\" fill-rule=\"evenodd\"><g transform=\"translate(-511.000000, -20.000000)\" fill=\"#000000\"><g><path d=\"M556.869,30.41 C554.814,30.41 553.148,32.076 553.148,34.131 C553.148,36.186 554.814,37.852 556.869,37.852 C558.924,37.852 560.59,36.186 560.59,34.131 C560.59,32.076 558.924,30.41 556.869,30.41 M541,60.657 C535.114,60.657 530.342,55.887 530.342,50 C530.342,44.114 535.114,39.342 541,39.342 C546.887,39.342 551.658,44.114 551.658,50 C551.658,55.887 546.887,60.657 541,60.657 M541,33.886 C532.1,33.886 524.886,41.1 524.886,50 C524.886,58.899 532.1,66.113 541,66.113 C549.9,66.113 557.115,58.899 557.115,50 C557.115,41.1 549.9,33.886 541,33.886 M565.378,62.101 C565.244,65.022 564.756,66.606 564.346,67.663 C563.803,69.06 563.154,70.057 562.106,71.106 C561.058,72.155 560.06,72.803 558.662,73.347 C557.607,73.757 556.021,74.244 553.102,74.378 C549.944,74.521 548.997,74.552 541,74.552 C533.003,74.552 532.056,74.521 528.898,74.378 C525.979,74.244 524.393,73.757 523.338,73.347 C521.94,72.803 520.942,72.155 519.894,71.106 C518.846,70.057 518.197,69.06 517.654,67.663 C517.244,66.606 516.755,65.022 516.623,62.101 C516.479,58.943 516.448,57.996 516.448,50 C516.448,42.003 516.479,41.056 516.623,37.899 C516.755,34.978 517.244,33.391 517.654,32.338 C518.197,30.938 518.846,29.942 519.894,28.894 C520.942,27.846 521.94,27.196 523.338,26.654 C524.393,26.244 525.979,25.756 528.898,25.623 C532.057,25.479 533.004,25.448 541,25.448 C548.997,25.448 549.943,25.479 553.102,25.623 C556.021,25.756 557.607,26.244 558.662,26.654 C560.06,27.196 561.058,27.846 562.106,28.894 C563.154,29.942 563.803,30.938 564.346,32.338 C564.756,33.391 565.244,34.978 565.378,37.899 C565.522,41.056 565.552,42.003 565.552,50 C565.552,57.996 565.522,58.943 565.378,62.101 M570.82,37.631 C570.674,34.438 570.167,32.258 569.425,30.349 C568.659,28.377 567.633,26.702 565.965,25.035 C564.297,23.368 562.623,22.342 560.652,21.575 C558.743,20.834 556.562,20.326 553.369,20.18 C550.169,20.033 549.148,20 541,20 C532.853,20 531.831,20.033 528.631,20.18 C525.438,20.326 523.257,20.834 521.349,21.575 C519.376,22.342 517.703,23.368 516.035,25.035 C514.368,26.702 513.342,28.377 512.574,30.349 C511.834,32.258 511.326,34.438 511.181,37.631 C511.035,40.831 511,41.851 511,50 C511,58.147 511.035,59.17 511.181,62.369 C511.326,65.562 511.834,67.743 512.574,69.651 C513.342,71.625 514.368,73.296 516.035,74.965 C517.703,76.634 519.376,77.658 521.349,78.425 C523.257,79.167 525.438,79.673 528.631,79.82 C531.831,79.965 532.853,80.001 541,80.001 C549.148,80.001 550.169,79.965 553.369,79.82 C556.562,79.673 558.743,79.167 560.652,78.425 C562.623,77.658 564.297,76.634 565.965,74.965 C567.633,73.296 568.659,71.625 569.425,69.651 C570.167,67.743 570.674,65.562 570.82,62.369 C570.966,59.17 571,58.147 571,50 C571,41.851 570.966,40.831 570.82,37.631\"><\/path><\/g><\/g><\/g><\/svg><\/div>\n<div style=\"padding-top: 8px;\">\n<div style=\" color:#3897f0; font-family:Arial,sans-serif; font-size:14px; font-style:normal; font-weight:550; line-height:18px;\"> View this post on Instagram<\/div>\n<\/div>\n<div style=\"padding: 12.5% 0;\"><\/div>\n<div style=\"display: flex; flex-direction: row; margin-bottom: 14px; align-items: center;\">\n<div>\n<div style=\"background-color: #F4F4F4; border-radius: 50%; height: 12.5px; width: 12.5px; transform: translateX(0px) translateY(7px);\"><\/div>\n<div style=\"background-color: #F4F4F4; height: 12.5px; transform: rotate(-45deg) translateX(3px) translateY(1px); width: 12.5px; flex-grow: 0; margin-right: 14px; margin-left: 2px;\"><\/div>\n<div style=\"background-color: #F4F4F4; border-radius: 50%; height: 12.5px; width: 12.5px; transform: translateX(9px) translateY(-18px);\"><\/div>\n<\/div>\n<div style=\"margin-left: 8px;\">\n<div style=\" background-color: #F4F4F4; border-radius: 50%; flex-grow: 0; height: 20px; width: 20px;\"><\/div>\n<div style=\" width: 0; height: 0; border-top: 2px solid transparent; border-left: 6px solid #f4f4f4; border-bottom: 2px solid transparent; transform: translateX(16px) translateY(-4px) rotate(30deg)\"><\/div>\n<\/div>\n<div style=\"margin-left: auto;\">\n<div style=\" width: 0px; border-top: 8px solid #F4F4F4; border-right: 8px solid transparent; transform: translateY(16px);\"><\/div>\n<div style=\" background-color: #F4F4F4; flex-grow: 0; height: 12px; width: 16px; transform: translateY(-4px);\"><\/div>\n<div style=\" width: 0; height: 0; border-top: 8px solid #F4F4F4; border-left: 8px solid transparent; transform: translateY(-4px) translateX(8px);\"><\/div>\n<\/div>\n<\/div>\n<p><\/a> <\/p>\n<p style=\" margin:8px 0 0 0; padding:0 4px;\"> <a href=\"https:\/\/www.instagram.com\/p\/By0EtHfC4Sh\/?utm_source=ig_embed&amp;utm_campaign=loading\" style=\" color:#000; font-family:Arial,sans-serif; font-size:14px; font-style:normal; font-weight:normal; line-height:17px; text-decoration:none; word-wrap:break-word;\" target=\"_blank\" target=\"_blank\">\u00a1Hoy sale a la luz la colaboraci\u00f3n con Tous #LVRXTOUS! Es una colecci\u00f3n hecha con toda la ilusi\u00f3n del mundo y desde dentro del coraz\u00f3n. El eje de la colecci\u00f3n es el coraz\u00f3n con pelazo, que para m\u00ed simboliza la uni\u00f3n entre nuestra parte m\u00e1s emotiva que llevamos dentro y la parte m\u00e1s positiva que sacamos fuera. Tener pelazo es una actitud y se demuestra poni\u00e9ndole coraz\u00f3n a lo que haces. Un parte muy especial de esta colaboraci\u00f3n es la colecci\u00f3n solidaria que lleva dentro. Est\u00e1 compuesta por tres colgantes que combinan el coraz\u00f3n y el pelazo con el arco\u00edris.  El 10 % sin IVA de la venta de cada una de estas joyas, ir\u00e1 destinado a la Fundaci\u00f3n Menudos Corazones, que ayuda a ni\u00f1os y j\u00f3venes con cardiopat\u00edas cong\u00e9nitas. Conoc\u00ed esta fundaci\u00f3n ya que hace unos meses, la hija de unos amigos se fue al arco\u00edris de los beb\u00e9s a los pocos d\u00edas de nacer, pero antes de irse, don\u00f3 su coraz\u00f3n ya que sus padres pensaron que podr\u00eda ayudar a otro beb\u00e9.  No hay mayor muestra de generosidad que la de esos padres. Para m\u00ed esta colecci\u00f3n tiene el nombre de Sophie, ese \u00e1ngel que nos ense\u00f1\u00f3 que incluso en los peores momentos puedes dar lo mejor de ti. La Fundaci\u00f3n Menudos Corazones ayuda a los ni\u00f1os con cardiopat\u00edas cong\u00e9nitas y ofrece, entre otros programas, alojamiento gratuito a familias que han de desplazarse a algunos de los hospitales de referencia en cardiopat\u00edas cong\u00e9nitas de Madrid por la hospitalizaci\u00f3n de sus hijos. Estos ingresos pueden alargarse durante semanas o meses. Tambi\u00e9n ofrece atenci\u00f3n psicol\u00f3gica y emocional, acompa\u00f1amiento, y actividades l\u00fadico-educativas a los ni\u00f1os en hospitales. Su ayuda es fundamental en momentos dif\u00edciles para las familias.  Adem\u00e1s de estas tres piezas solidarias, hay medallas con frases, una colecci\u00f3n de palabras preciosas, arco\u00edris y otras cositas que os ir\u00e9 ense\u00f1ando estos d\u00edas y que espero que os gusten tanto como a TOUS y a m\u00ed nos ilusion\u00f3 crearlas. La colecci\u00f3n estar\u00e1 disponible en la web de TOUS desde hoy hasta el 31 de julio, os dejo link en stories y en la b\u00edo para que pod\u00e1is verla completa. A partir del 20 de junio tambi\u00e9n estar\u00e1 en las tiendas TOUS f\u00edsicas y en El Corte Ingl\u00e9s. \u00a1Espero que os guste tanto como a m\u00ed compartir esto!<\/a><\/p>\n<p style=\" color:#c9c8cd; font-family:Arial,sans-serif; font-size:14px; line-height:17px; margin-bottom:0; margin-top:8px; overflow:hidden; padding:8px 0 7px; text-align:center; text-overflow:ellipsis; white-space:nowrap;\">A post shared by <a href=\"https:\/\/www.instagram.com\/lavecinarubia\/?utm_source=ig_embed&amp;utm_campaign=loading\" style=\" color:#c9c8cd; font-family:Arial,sans-serif; font-size:14px; font-style:normal; font-weight:normal; line-height:17px;\" target=\"_blank\" target=\"_blank\"> La Vecina Rubia<\/a> (@lavecinarubia) on <time style=\" font-family:Arial,sans-serif; font-size:14px; line-height:17px;\" datetime=\"2019-06-17T14:07:34+00:00\">Jun 17, 2019 at 7:07am PDT<\/time><\/p>\n<\/div>\n<\/blockquote>\n<p><script async src=\"\/\/www.instagram.com\/embed.js\"><\/script><\/p>\n<p>&nbsp;<\/p>\n<p>De hecho, <em><strong>&#8216;Tengo pelazo y coraz\u00f3n debajo&#8217;<\/strong><\/em> es una de las l\u00edneas de la colecci\u00f3n, representada por 8 piezas en forma de coraz\u00f3n, colgantes, mini pendientes y cadenas finitas, de la cual durante los meses de junio y julio (del 17 de junio al 31 de julio) se destinar\u00e1 una parte de los beneficios de 3 de sus piezas -tres corazones en distintos acabados- a la Fundaci\u00f3n Menudos Corazones, que trabaja junto a ni\u00f1os que padecen cardiopat\u00edas severas.<\/p>\n<p><img loading=\"lazy\" decoding=\"async\" class=\"aligncenter size-full wp-image-144725\" src=\"https:\/\/graziamagazine.com\/es\/wp-content\/uploads\/sites\/12\/2019\/06\/Corazones.jpg\" alt=\"\" width=\"1920\" height=\"1080\" srcset=\"https:\/\/graziamagazine.com\/es\/wp-content\/uploads\/sites\/12\/2019\/06\/Corazones.jpg 1920w, https:\/\/graziamagazine.com\/es\/wp-content\/uploads\/sites\/12\/2019\/06\/Corazones.jpg?resize=300,169 300w, https:\/\/graziamagazine.com\/es\/wp-content\/uploads\/sites\/12\/2019\/06\/Corazones.jpg?resize=768,432 768w, https:\/\/graziamagazine.com\/es\/wp-content\/uploads\/sites\/12\/2019\/06\/Corazones.jpg?resize=1024,576 1024w, https:\/\/graziamagazine.com\/es\/wp-content\/uploads\/sites\/12\/2019\/06\/Corazones.jpg?resize=1536,864 1536w, https:\/\/graziamagazine.com\/es\/wp-content\/uploads\/sites\/12\/2019\/06\/Corazones.jpg?resize=155,87 155w\" sizes=\"(max-width: 1920px) 100vw, 1920px\" \/><\/p>\n<p><em><strong>&#8216;Palabras Preciosas&#8217;<\/strong><\/em>\u00a0es la segunda l\u00ednea de la colecci\u00f3n, y reproduce las frases m\u00e1s emblem\u00e1ticas de la instagramer a trav\u00e9s de 11 piezas.<\/p>\n<p><img loading=\"lazy\" decoding=\"async\" class=\"aligncenter size-full wp-image-144726\" src=\"https:\/\/graziamagazine.com\/es\/wp-content\/uploads\/sites\/12\/2019\/06\/Madrugar.jpg\" alt=\"\" width=\"1920\" height=\"1080\" srcset=\"https:\/\/graziamagazine.com\/es\/wp-content\/uploads\/sites\/12\/2019\/06\/Madrugar.jpg 1920w, https:\/\/graziamagazine.com\/es\/wp-content\/uploads\/sites\/12\/2019\/06\/Madrugar.jpg?resize=300,169 300w, https:\/\/graziamagazine.com\/es\/wp-content\/uploads\/sites\/12\/2019\/06\/Madrugar.jpg?resize=768,432 768w, https:\/\/graziamagazine.com\/es\/wp-content\/uploads\/sites\/12\/2019\/06\/Madrugar.jpg?resize=1024,576 1024w, https:\/\/graziamagazine.com\/es\/wp-content\/uploads\/sites\/12\/2019\/06\/Madrugar.jpg?resize=1536,864 1536w, https:\/\/graziamagazine.com\/es\/wp-content\/uploads\/sites\/12\/2019\/06\/Madrugar.jpg?resize=155,87 155w\" sizes=\"(max-width: 1920px) 100vw, 1920px\" \/><\/p>\n<p>&nbsp;<\/p>\n<p>Y por \u00faltimo no pod\u00eda faltar el arco\u00edris en esta colecci\u00f3n,<em><strong> &#8216;Arco\u00edris No Drama&#8217;<\/strong><\/em>, son dos piezas de arco\u00edris, una en plata de ley con esmalte y otra en vermeil ros\u00e9 con zafiros multicolor. Porque nadie mejor que La Vecina Rubia nos hace ver a diario que, pase lo que pase, siempre sale el sol y la alegr\u00eda en los d\u00edas de lluvia.<br \/>\n<img loading=\"lazy\" decoding=\"async\" class=\"aligncenter size-full wp-image-144727\" src=\"https:\/\/graziamagazine.com\/es\/wp-content\/uploads\/sites\/12\/2019\/06\/Drama.jpg\" alt=\"\" width=\"1920\" height=\"1080\" srcset=\"https:\/\/graziamagazine.com\/es\/wp-content\/uploads\/sites\/12\/2019\/06\/Drama.jpg 1920w, https:\/\/graziamagazine.com\/es\/wp-content\/uploads\/sites\/12\/2019\/06\/Drama.jpg?resize=300,169 300w, https:\/\/graziamagazine.com\/es\/wp-content\/uploads\/sites\/12\/2019\/06\/Drama.jpg?resize=768,432 768w, https:\/\/graziamagazine.com\/es\/wp-content\/uploads\/sites\/12\/2019\/06\/Drama.jpg?resize=1024,576 1024w, https:\/\/graziamagazine.com\/es\/wp-content\/uploads\/sites\/12\/2019\/06\/Drama.jpg?resize=1536,864 1536w, https:\/\/graziamagazine.com\/es\/wp-content\/uploads\/sites\/12\/2019\/06\/Drama.jpg?resize=155,87 155w\" sizes=\"(max-width: 1920px) 100vw, 1920px\" \/><\/p>\n","protected":false},"author":11653,"featured_media":144728,"template":"","format":"standard","categories":[3,14,13,1],"acf":[],"yoast_head":"<!-- This site is optimized with the Yoast SEO Premium plugin v18.5 (Yoast SEO v20.4) - https:\/\/yoast.com\/wordpress\/plugins\/seo\/ -->\n<title>La vecina rubia x Tous, una colecci\u00f3n de joyas que te alegrar\u00e1 el d\u00eda | Grazia<\/title>\n<meta name=\"description\" content=\"La colecci\u00f3n de joyas no solo es divertida, tambi\u00e9n comprometida con una buena causa.\" \/>\n<meta name=\"robots\" content=\"index, follow, max-snippet:-1, max-image-preview:large, max-video-preview:-1\" \/>\n<link rel=\"canonical\" href=\"https:\/\/graziamagazine.com\/es\/articles\/la-vecina-rubia-x-tous-una-coleccion-de-joyas-que-te-alegrara-el-dia\/\" \/>\n<meta property=\"og:locale\" content=\"es_ES\" \/>\n<meta property=\"og:type\" content=\"article\" \/>\n<meta property=\"og:title\" content=\"La vecina rubia x Tous, una colecci\u00f3n de joyas que te alegrar\u00e1 el d\u00eda\" \/>\n<meta property=\"og:description\" content=\"La colecci\u00f3n de joyas no solo es divertida, tambi\u00e9n comprometida con una buena causa.\" \/>\n<meta property=\"og:url\" content=\"https:\/\/graziamagazine.com\/es\/articles\/la-vecina-rubia-x-tous-una-coleccion-de-joyas-que-te-alegrara-el-dia\/\" \/>\n<meta property=\"og:site_name\" content=\"Grazia\" \/>\n<meta property=\"article:modified_time\" content=\"2019-06-18T14:48:56+00:00\" \/>\n<meta property=\"og:image\" content=\"https:\/\/graziamagazine.com\/es\/wp-content\/uploads\/sites\/12\/2019\/06\/LOGO-JPG-GUAY.jpg?fit=960%2C960\" \/>\n\t<meta property=\"og:image:width\" content=\"960\" \/>\n\t<meta property=\"og:image:height\" content=\"960\" \/>\n\t<meta property=\"og:image:type\" content=\"image\/jpeg\" \/>\n<meta name=\"twitter:card\" content=\"summary_large_image\" \/>\n<meta name=\"twitter:label1\" content=\"Est. reading time\" \/>\n\t<meta name=\"twitter:data1\" content=\"3 minutos\" \/>\n<script type=\"application\/ld+json\" class=\"yoast-schema-graph\">{\"@context\":\"https:\/\/schema.org\",\"@graph\":[{\"@type\":\"WebPage\",\"@id\":\"https:\/\/graziamagazine.com\/es\/articles\/la-vecina-rubia-x-tous-una-coleccion-de-joyas-que-te-alegrara-el-dia\/\",\"url\":\"https:\/\/graziamagazine.com\/es\/articles\/la-vecina-rubia-x-tous-una-coleccion-de-joyas-que-te-alegrara-el-dia\/\",\"name\":\"La vecina rubia x Tous, una colecci\u00f3n de joyas que te alegrar\u00e1 el d\u00eda | Grazia\",\"isPartOf\":{\"@id\":\"https:\/\/graziamagazine.com\/es\/#website\"},\"datePublished\":\"2019-06-18T09:44:18+00:00\",\"dateModified\":\"2019-06-18T14:48:56+00:00\",\"description\":\"La colecci\u00f3n de joyas no solo es divertida, tambi\u00e9n comprometida con una buena causa.\",\"breadcrumb\":{\"@id\":\"https:\/\/graziamagazine.com\/es\/articles\/la-vecina-rubia-x-tous-una-coleccion-de-joyas-que-te-alegrara-el-dia\/#breadcrumb\"},\"inLanguage\":\"es\",\"potentialAction\":[{\"@type\":\"ReadAction\",\"target\":[\"https:\/\/graziamagazine.com\/es\/articles\/la-vecina-rubia-x-tous-una-coleccion-de-joyas-que-te-alegrara-el-dia\/\"]}]},{\"@type\":\"BreadcrumbList\",\"@id\":\"https:\/\/graziamagazine.com\/es\/articles\/la-vecina-rubia-x-tous-una-coleccion-de-joyas-que-te-alegrara-el-dia\/#breadcrumb\",\"itemListElement\":[{\"@type\":\"ListItem\",\"position\":1,\"name\":\"Portada\",\"item\":\"https:\/\/graziamagazine.com\/es\/\"},{\"@type\":\"ListItem\",\"position\":2,\"name\":\"La vecina rubia x Tous, una colecci\u00f3n de joyas que te alegrar\u00e1 el d\u00eda\"}]},{\"@type\":\"WebSite\",\"@id\":\"https:\/\/graziamagazine.com\/es\/#website\",\"url\":\"https:\/\/graziamagazine.com\/es\/\",\"name\":\"Grazia\",\"description\":\"Moda, belleza, celebrities, estilo de vida...\",\"potentialAction\":[{\"@type\":\"SearchAction\",\"target\":{\"@type\":\"EntryPoint\",\"urlTemplate\":\"https:\/\/graziamagazine.com\/es\/?s={search_term_string}\"},\"query-input\":\"required name=search_term_string\"}],\"inLanguage\":\"es\"}]}<\/script>\n<!-- \/ Yoast SEO Premium plugin. -->","yoast_head_json":{"title":"La vecina rubia x Tous, una colecci\u00f3n de joyas que te alegrar\u00e1 el d\u00eda | Grazia","description":"La colecci\u00f3n de joyas no solo es divertida, tambi\u00e9n comprometida con una buena causa.","robots":{"index":"index","follow":"follow","max-snippet":"max-snippet:-1","max-image-preview":"max-image-preview:large","max-video-preview":"max-video-preview:-1"},"canonical":"https:\/\/graziamagazine.com\/es\/articles\/la-vecina-rubia-x-tous-una-coleccion-de-joyas-que-te-alegrara-el-dia\/","og_locale":"es_ES","og_type":"article","og_title":"La vecina rubia x Tous, una colecci\u00f3n de joyas que te alegrar\u00e1 el d\u00eda","og_description":"La colecci\u00f3n de joyas no solo es divertida, tambi\u00e9n comprometida con una buena causa.","og_url":"https:\/\/graziamagazine.com\/es\/articles\/la-vecina-rubia-x-tous-una-coleccion-de-joyas-que-te-alegrara-el-dia\/","og_site_name":"Grazia","article_modified_time":"2019-06-18T14:48:56+00:00","og_image":[{"width":960,"height":960,"url":"https:\/\/graziamagazine.com\/es\/wp-content\/uploads\/sites\/12\/2019\/06\/LOGO-JPG-GUAY.jpg?fit=960%2C960","type":"image\/jpeg"}],"twitter_card":"summary_large_image","twitter_misc":{"Est. reading time":"3 minutos"},"schema":{"@context":"https:\/\/schema.org","@graph":[{"@type":"WebPage","@id":"https:\/\/graziamagazine.com\/es\/articles\/la-vecina-rubia-x-tous-una-coleccion-de-joyas-que-te-alegrara-el-dia\/","url":"https:\/\/graziamagazine.com\/es\/articles\/la-vecina-rubia-x-tous-una-coleccion-de-joyas-que-te-alegrara-el-dia\/","name":"La vecina rubia x Tous, una colecci\u00f3n de joyas que te alegrar\u00e1 el d\u00eda | Grazia","isPartOf":{"@id":"https:\/\/graziamagazine.com\/es\/#website"},"datePublished":"2019-06-18T09:44:18+00:00","dateModified":"2019-06-18T14:48:56+00:00","description":"La colecci\u00f3n de joyas no solo es divertida, tambi\u00e9n comprometida con una buena causa.","breadcrumb":{"@id":"https:\/\/graziamagazine.com\/es\/articles\/la-vecina-rubia-x-tous-una-coleccion-de-joyas-que-te-alegrara-el-dia\/#breadcrumb"},"inLanguage":"es","potentialAction":[{"@type":"ReadAction","target":["https:\/\/graziamagazine.com\/es\/articles\/la-vecina-rubia-x-tous-una-coleccion-de-joyas-que-te-alegrara-el-dia\/"]}]},{"@type":"BreadcrumbList","@id":"https:\/\/graziamagazine.com\/es\/articles\/la-vecina-rubia-x-tous-una-coleccion-de-joyas-que-te-alegrara-el-dia\/#breadcrumb","itemListElement":[{"@type":"ListItem","position":1,"name":"Portada","item":"https:\/\/graziamagazine.com\/es\/"},{"@type":"ListItem","position":2,"name":"La vecina rubia x Tous, una colecci\u00f3n de joyas que te alegrar\u00e1 el d\u00eda"}]},{"@type":"WebSite","@id":"https:\/\/graziamagazine.com\/es\/#website","url":"https:\/\/graziamagazine.com\/es\/","name":"Grazia","description":"Moda, belleza, celebrities, estilo de vida...","potentialAction":[{"@type":"SearchAction","target":{"@type":"EntryPoint","urlTemplate":"https:\/\/graziamagazine.com\/es\/?s={search_term_string}"},"query-input":"required name=search_term_string"}],"inLanguage":"es"}]}},"jetpack_sharing_enabled":true,"distributor_meta":false,"distributor_terms":false,"distributor_media":false,"distributor_original_site_name":"Grazia","distributor_original_site_url":"https:\/\/graziamagazine.com\/es","push-errors":false,"_links":{"self":[{"href":"https:\/\/graziamagazine.com\/es\/wp-json\/wp\/v2\/articles\/144724"}],"collection":[{"href":"https:\/\/graziamagazine.com\/es\/wp-json\/wp\/v2\/articles"}],"about":[{"href":"https:\/\/graziamagazine.com\/es\/wp-json\/wp\/v2\/types\/articles"}],"author":[{"embeddable":true,"href":"https:\/\/graziamagazine.com\/es\/wp-json\/wp\/v2\/users\/11653"}],"wp:featuredmedia":[{"embeddable":true,"href":"https:\/\/graziamagazine.com\/es\/wp-json\/wp\/v2\/media\/144728"}],"wp:attachment":[{"href":"https:\/\/graziamagazine.com\/es\/wp-json\/wp\/v2\/media?parent=144724"}],"wp:term":[{"taxonomy":"category","embeddable":true,"href":"https:\/\/graziamagazine.com\/es\/wp-json\/wp\/v2\/categories?post=144724"}],"curies":[{"name":"wp","href":"https:\/\/api.w.org\/{rel}","templated":true}]}}