{"id":144419,"date":"2019-06-05T12:00:02","date_gmt":"2019-06-05T10:00:02","guid":{"rendered":"https:\/\/graziamagazine.com\/es\/?p=144419"},"modified":"2019-06-05T16:00:29","modified_gmt":"2019-06-05T14:00:29","slug":"hm-celebra-el-dia-del-orgullo-con-una-coleccion-llena-de-color-y-amor","status":"publish","type":"articles","link":"https:\/\/graziamagazine.com\/es\/articles\/hm-celebra-el-dia-del-orgullo-con-una-coleccion-llena-de-color-y-amor\/","title":{"rendered":"H&#038;M celebra el D\u00eda del Orgullo con una colecci\u00f3n llena de color y amor"},"content":{"rendered":"<p><span style=\"font-weight: 400;\">Junio es el mes del amor en pr\u00e1cticamente todo el mundo, una reivindicaci\u00f3n del amor sea para quien sea, <a href=\"https:\/\/graziamagazine.com\/es\/lifestyle\/el-orgullo-nace-del-respeto-hacia-cualquier-forma-de-amor\/\">por eso en las ciudades del mundo se celebra el Pride,<\/a> antiguo D\u00eda del Orgullo Gay y actual <strong>D\u00eda del Orgullo LGTBI en Espa\u00f1a<\/strong>, que este a\u00f1o tendr\u00e1 lugar el d\u00eda <strong>28 de junio<\/strong>.<\/span><\/p>\n<p><img loading=\"lazy\" decoding=\"async\" class=\"aligncenter size-full wp-image-144422\" src=\"https:\/\/graziamagazine.com\/es\/wp-content\/uploads\/sites\/12\/2019\/06\/1366_2000-1.jpg\" alt=\"\" width=\"777\" height=\"777\" srcset=\"https:\/\/graziamagazine.com\/es\/wp-content\/uploads\/sites\/12\/2019\/06\/1366_2000-1.jpg 777w, https:\/\/graziamagazine.com\/es\/wp-content\/uploads\/sites\/12\/2019\/06\/1366_2000-1.jpg?resize=150,150 150w, https:\/\/graziamagazine.com\/es\/wp-content\/uploads\/sites\/12\/2019\/06\/1366_2000-1.jpg?resize=300,300 300w, https:\/\/graziamagazine.com\/es\/wp-content\/uploads\/sites\/12\/2019\/06\/1366_2000-1.jpg?resize=768,768 768w, https:\/\/graziamagazine.com\/es\/wp-content\/uploads\/sites\/12\/2019\/06\/1366_2000-1.jpg?resize=155,155 155w\" sizes=\"(max-width: 777px) 100vw, 777px\" \/><\/p>\n<p><span style=\"font-weight: 400;\">Es momento, como la propia marca sueca expresa, de \u201c<em>\u00a1celebrar el amor, la igualdad y la uni\u00f3n en todas sus expresiones!<\/em>\u201d, por ello <a href=\"https:\/\/graziamagazine.com\/es\/moda\/giambattista-valli-hm-la-colaboracion-2019-que-es-pura-fantasia\/\">H&amp;M<\/a> lanza <strong><em>Love for All<\/em><\/strong>, una <strong>colecci\u00f3n colorida, c\u00f3moda y con ciertos toques sport<\/strong>, que adem\u00e1s busca ser<strong> incluyente y apuesta por la diversidad<\/strong>, donde el arco iris que representa el movimiento LGTBI est\u00e1 presente de manera muy clara en las diferentes prendas.<\/span><\/p>\n<p><img loading=\"lazy\" decoding=\"async\" class=\"aligncenter size-full wp-image-144423\" src=\"https:\/\/graziamagazine.com\/es\/wp-content\/uploads\/sites\/12\/2019\/06\/1366_2000-3.jpg\" alt=\"\" width=\"787\" height=\"783\" srcset=\"https:\/\/graziamagazine.com\/es\/wp-content\/uploads\/sites\/12\/2019\/06\/1366_2000-3.jpg 787w, https:\/\/graziamagazine.com\/es\/wp-content\/uploads\/sites\/12\/2019\/06\/1366_2000-3.jpg?resize=150,150 150w, https:\/\/graziamagazine.com\/es\/wp-content\/uploads\/sites\/12\/2019\/06\/1366_2000-3.jpg?resize=300,298 300w, https:\/\/graziamagazine.com\/es\/wp-content\/uploads\/sites\/12\/2019\/06\/1366_2000-3.jpg?resize=768,764 768w, https:\/\/graziamagazine.com\/es\/wp-content\/uploads\/sites\/12\/2019\/06\/1366_2000-3.jpg?resize=155,154 155w\" sizes=\"(max-width: 787px) 100vw, 787px\" \/><\/p>\n<p><img loading=\"lazy\" decoding=\"async\" class=\"aligncenter size-full wp-image-144424\" src=\"https:\/\/graziamagazine.com\/es\/wp-content\/uploads\/sites\/12\/2019\/06\/1366_2000-4.jpg\" alt=\"\" width=\"784\" height=\"796\" srcset=\"https:\/\/graziamagazine.com\/es\/wp-content\/uploads\/sites\/12\/2019\/06\/1366_2000-4.jpg 784w, https:\/\/graziamagazine.com\/es\/wp-content\/uploads\/sites\/12\/2019\/06\/1366_2000-4.jpg?resize=295,300 295w, https:\/\/graziamagazine.com\/es\/wp-content\/uploads\/sites\/12\/2019\/06\/1366_2000-4.jpg?resize=768,780 768w, https:\/\/graziamagazine.com\/es\/wp-content\/uploads\/sites\/12\/2019\/06\/1366_2000-4.jpg?resize=155,157 155w\" sizes=\"(max-width: 784px) 100vw, 784px\" \/><\/p>\n<p><span style=\"font-weight: 400;\">Camisetas con mensajes reivindicativos, shorts, cazadoras cortavientos, body, calcetines, chanclas, gorras y hasta una ri\u00f1onera (19,99\u20ac), <a href=\"https:\/\/www2.hm.com\/es_es\/divided\/campaigns\/6079a-love-for-all.html\" target=\"_blank\">forman la colecci\u00f3n<\/a>. Pero si hay una prenda que nos encanta es la <strong>camiseta con la bandera gay en lentejuelas (14,99\u20ac)<\/strong>, que al cambiar su sentido, aparece la palabra Love, un dos en uno para cualquier momento de d\u00eda o de noche.\u00a0<\/span><\/p>\n<p><img loading=\"lazy\" decoding=\"async\" class=\"aligncenter size-full wp-image-144420\" src=\"https:\/\/graziamagazine.com\/es\/wp-content\/uploads\/sites\/12\/2019\/06\/hmgoepprod.jpg\" alt=\"\" width=\"657\" height=\"987\" srcset=\"https:\/\/graziamagazine.com\/es\/wp-content\/uploads\/sites\/12\/2019\/06\/hmgoepprod.jpg 657w, https:\/\/graziamagazine.com\/es\/wp-content\/uploads\/sites\/12\/2019\/06\/hmgoepprod.jpg?resize=200,300 200w, https:\/\/graziamagazine.com\/es\/wp-content\/uploads\/sites\/12\/2019\/06\/hmgoepprod.jpg?resize=143,215 143w\" sizes=\"(max-width: 657px) 100vw, 657px\" \/><\/p>\n<p><span style=\"font-weight: 400;\">Otra cosa que nos gusta: <strong>el 10% de las ventas de esta colecci\u00f3n se destinar\u00e1 a la campa\u00f1a Libres e Iguales de la ONU<\/strong>.\u00a0<\/span><\/p>\n<p><iframe loading=\"lazy\" title=\"H&amp;M Presents: Love for All\" width=\"500\" height=\"281\" src=\"https:\/\/www.youtube.com\/embed\/jBSWUNQgsmA?feature=oembed\" frameborder=\"0\" allow=\"accelerometer; autoplay; encrypted-media; gyroscope; picture-in-picture\" allowfullscreen><\/iframe><\/p>\n<p>&nbsp;<\/p>\n","protected":false},"author":11653,"featured_media":144421,"template":"","format":"standard","categories":[3,1],"acf":[],"yoast_head":"<!-- This site is optimized with the Yoast SEO Premium plugin v18.5 (Yoast SEO v20.4) - https:\/\/yoast.com\/wordpress\/plugins\/seo\/ -->\n<title>H&amp;M celebra el D\u00eda del Orgullo con una colecci\u00f3n llena de color y amor | Grazia<\/title>\n<meta name=\"description\" content=\"La marca sueca lanza Love for All, con prendas de las que es imposible no enamorarse.\" \/>\n<meta name=\"robots\" content=\"index, follow, max-snippet:-1, max-image-preview:large, max-video-preview:-1\" \/>\n<link rel=\"canonical\" href=\"https:\/\/graziamagazine.com\/es\/articles\/hm-celebra-el-dia-del-orgullo-con-una-coleccion-llena-de-color-y-amor\/\" \/>\n<meta property=\"og:locale\" content=\"es_ES\" \/>\n<meta property=\"og:type\" content=\"article\" \/>\n<meta property=\"og:title\" content=\"H&amp;M celebra el D\u00eda del Orgullo con una colecci\u00f3n llena de color y amor\" \/>\n<meta property=\"og:description\" content=\"La marca sueca lanza Love for All, con prendas de las que es imposible no enamorarse.\" \/>\n<meta property=\"og:url\" content=\"https:\/\/graziamagazine.com\/es\/articles\/hm-celebra-el-dia-del-orgullo-con-una-coleccion-llena-de-color-y-amor\/\" \/>\n<meta property=\"og:site_name\" content=\"Grazia\" \/>\n<meta property=\"article:modified_time\" content=\"2019-06-05T14:00:29+00:00\" \/>\n<meta property=\"og:image\" content=\"https:\/\/graziamagazine.com\/es\/wp-content\/uploads\/sites\/12\/2019\/06\/1366_2000-5.jpg?fit=961%2C708\" \/>\n\t<meta property=\"og:image:width\" content=\"961\" \/>\n\t<meta property=\"og:image:height\" content=\"708\" \/>\n\t<meta property=\"og:image:type\" content=\"image\/jpeg\" \/>\n<meta name=\"twitter:card\" content=\"summary_large_image\" \/>\n<meta name=\"twitter:label1\" content=\"Est. reading time\" \/>\n\t<meta name=\"twitter:data1\" content=\"1 minuto\" \/>\n<script type=\"application\/ld+json\" class=\"yoast-schema-graph\">{\"@context\":\"https:\/\/schema.org\",\"@graph\":[{\"@type\":\"WebPage\",\"@id\":\"https:\/\/graziamagazine.com\/es\/articles\/hm-celebra-el-dia-del-orgullo-con-una-coleccion-llena-de-color-y-amor\/\",\"url\":\"https:\/\/graziamagazine.com\/es\/articles\/hm-celebra-el-dia-del-orgullo-con-una-coleccion-llena-de-color-y-amor\/\",\"name\":\"H&M celebra el D\u00eda del Orgullo con una colecci\u00f3n llena de color y amor | Grazia\",\"isPartOf\":{\"@id\":\"https:\/\/graziamagazine.com\/es\/#website\"},\"datePublished\":\"2019-06-05T10:00:02+00:00\",\"dateModified\":\"2019-06-05T14:00:29+00:00\",\"description\":\"La marca sueca lanza Love for All, con prendas de las que es imposible no enamorarse.\",\"breadcrumb\":{\"@id\":\"https:\/\/graziamagazine.com\/es\/articles\/hm-celebra-el-dia-del-orgullo-con-una-coleccion-llena-de-color-y-amor\/#breadcrumb\"},\"inLanguage\":\"es\",\"potentialAction\":[{\"@type\":\"ReadAction\",\"target\":[\"https:\/\/graziamagazine.com\/es\/articles\/hm-celebra-el-dia-del-orgullo-con-una-coleccion-llena-de-color-y-amor\/\"]}]},{\"@type\":\"BreadcrumbList\",\"@id\":\"https:\/\/graziamagazine.com\/es\/articles\/hm-celebra-el-dia-del-orgullo-con-una-coleccion-llena-de-color-y-amor\/#breadcrumb\",\"itemListElement\":[{\"@type\":\"ListItem\",\"position\":1,\"name\":\"Portada\",\"item\":\"https:\/\/graziamagazine.com\/es\/\"},{\"@type\":\"ListItem\",\"position\":2,\"name\":\"H&#038;M celebra el D\u00eda del Orgullo con una colecci\u00f3n llena de color y amor\"}]},{\"@type\":\"WebSite\",\"@id\":\"https:\/\/graziamagazine.com\/es\/#website\",\"url\":\"https:\/\/graziamagazine.com\/es\/\",\"name\":\"Grazia\",\"description\":\"Moda, belleza, celebrities, estilo de vida...\",\"potentialAction\":[{\"@type\":\"SearchAction\",\"target\":{\"@type\":\"EntryPoint\",\"urlTemplate\":\"https:\/\/graziamagazine.com\/es\/?s={search_term_string}\"},\"query-input\":\"required name=search_term_string\"}],\"inLanguage\":\"es\"}]}<\/script>\n<!-- \/ Yoast SEO Premium plugin. -->","yoast_head_json":{"title":"H&M celebra el D\u00eda del Orgullo con una colecci\u00f3n llena de color y amor | Grazia","description":"La marca sueca lanza Love for All, con prendas de las que es imposible no enamorarse.","robots":{"index":"index","follow":"follow","max-snippet":"max-snippet:-1","max-image-preview":"max-image-preview:large","max-video-preview":"max-video-preview:-1"},"canonical":"https:\/\/graziamagazine.com\/es\/articles\/hm-celebra-el-dia-del-orgullo-con-una-coleccion-llena-de-color-y-amor\/","og_locale":"es_ES","og_type":"article","og_title":"H&M celebra el D\u00eda del Orgullo con una colecci\u00f3n llena de color y amor","og_description":"La marca sueca lanza Love for All, con prendas de las que es imposible no enamorarse.","og_url":"https:\/\/graziamagazine.com\/es\/articles\/hm-celebra-el-dia-del-orgullo-con-una-coleccion-llena-de-color-y-amor\/","og_site_name":"Grazia","article_modified_time":"2019-06-05T14:00:29+00:00","og_image":[{"width":961,"height":708,"url":"https:\/\/graziamagazine.com\/es\/wp-content\/uploads\/sites\/12\/2019\/06\/1366_2000-5.jpg?fit=961%2C708","type":"image\/jpeg"}],"twitter_card":"summary_large_image","twitter_misc":{"Est. reading time":"1 minuto"},"schema":{"@context":"https:\/\/schema.org","@graph":[{"@type":"WebPage","@id":"https:\/\/graziamagazine.com\/es\/articles\/hm-celebra-el-dia-del-orgullo-con-una-coleccion-llena-de-color-y-amor\/","url":"https:\/\/graziamagazine.com\/es\/articles\/hm-celebra-el-dia-del-orgullo-con-una-coleccion-llena-de-color-y-amor\/","name":"H&M celebra el D\u00eda del Orgullo con una colecci\u00f3n llena de color y amor | Grazia","isPartOf":{"@id":"https:\/\/graziamagazine.com\/es\/#website"},"datePublished":"2019-06-05T10:00:02+00:00","dateModified":"2019-06-05T14:00:29+00:00","description":"La marca sueca lanza Love for All, con prendas de las que es imposible no enamorarse.","breadcrumb":{"@id":"https:\/\/graziamagazine.com\/es\/articles\/hm-celebra-el-dia-del-orgullo-con-una-coleccion-llena-de-color-y-amor\/#breadcrumb"},"inLanguage":"es","potentialAction":[{"@type":"ReadAction","target":["https:\/\/graziamagazine.com\/es\/articles\/hm-celebra-el-dia-del-orgullo-con-una-coleccion-llena-de-color-y-amor\/"]}]},{"@type":"BreadcrumbList","@id":"https:\/\/graziamagazine.com\/es\/articles\/hm-celebra-el-dia-del-orgullo-con-una-coleccion-llena-de-color-y-amor\/#breadcrumb","itemListElement":[{"@type":"ListItem","position":1,"name":"Portada","item":"https:\/\/graziamagazine.com\/es\/"},{"@type":"ListItem","position":2,"name":"H&#038;M celebra el D\u00eda del Orgullo con una colecci\u00f3n llena de color y amor"}]},{"@type":"WebSite","@id":"https:\/\/graziamagazine.com\/es\/#website","url":"https:\/\/graziamagazine.com\/es\/","name":"Grazia","description":"Moda, belleza, celebrities, estilo de vida...","potentialAction":[{"@type":"SearchAction","target":{"@type":"EntryPoint","urlTemplate":"https:\/\/graziamagazine.com\/es\/?s={search_term_string}"},"query-input":"required name=search_term_string"}],"inLanguage":"es"}]}},"jetpack_sharing_enabled":true,"distributor_meta":false,"distributor_terms":false,"distributor_media":false,"distributor_original_site_name":"Grazia","distributor_original_site_url":"https:\/\/graziamagazine.com\/es","push-errors":false,"_links":{"self":[{"href":"https:\/\/graziamagazine.com\/es\/wp-json\/wp\/v2\/articles\/144419"}],"collection":[{"href":"https:\/\/graziamagazine.com\/es\/wp-json\/wp\/v2\/articles"}],"about":[{"href":"https:\/\/graziamagazine.com\/es\/wp-json\/wp\/v2\/types\/articles"}],"author":[{"embeddable":true,"href":"https:\/\/graziamagazine.com\/es\/wp-json\/wp\/v2\/users\/11653"}],"wp:featuredmedia":[{"embeddable":true,"href":"https:\/\/graziamagazine.com\/es\/wp-json\/wp\/v2\/media\/144421"}],"wp:attachment":[{"href":"https:\/\/graziamagazine.com\/es\/wp-json\/wp\/v2\/media?parent=144419"}],"wp:term":[{"taxonomy":"category","embeddable":true,"href":"https:\/\/graziamagazine.com\/es\/wp-json\/wp\/v2\/categories?post=144419"}],"curies":[{"name":"wp","href":"https:\/\/api.w.org\/{rel}","templated":true}]}}