{"id":144400,"date":"2019-06-04T13:30:33","date_gmt":"2019-06-04T11:30:33","guid":{"rendered":"https:\/\/graziamagazine.com\/es\/?p=144400"},"modified":"2019-06-04T23:04:22","modified_gmt":"2019-06-04T21:04:22","slug":"essential-shock-intense-cream-la-edicion-limitada-con-la-que-natura-bisse-celebra-40-anos","status":"publish","type":"articles","link":"https:\/\/graziamagazine.com\/es\/articles\/essential-shock-intense-cream-la-edicion-limitada-con-la-que-natura-bisse-celebra-40-anos\/","title":{"rendered":"Essential Shock Intense Cream, la edici\u00f3n limitada con la que Natura Biss\u00e9 celebra 40 a\u00f1os"},"content":{"rendered":"<p><span style=\"font-weight: 400;\">Hace cuarenta a\u00f1os, <strong>en 1979, nac\u00eda <a href=\"https:\/\/graziamagazine.com\/es\/belleza\/natura-bisse-quiere-que-luzcas-preciosa-este-verano\/\">Natura Biss\u00e9<\/a><\/strong>, una firma espa\u00f1ola que siempre tuvo claro que se convertir\u00eda en un referente de la cosm\u00e9tica de lujo no solo en Espa\u00f1a, tambi\u00e9n en el mundo. 2019 se est\u00e1 convirtiendo en un a\u00f1o celebraci\u00f3n, y para <strong>conmemorar este 40 aniversario<\/strong>, est\u00e1 rindiendo homenaje a sus productos m\u00e1s ic\u00f3nicos. <\/span><\/p>\n<p><span style=\"font-weight: 400;\">Uno de ellos es <strong><em>Essential Shock Intense Cream<\/em><\/strong>, una de sus cremas m\u00e1s vendidas y uno de los cinco primeros productos que lanz\u00f3 al mercado, pero que sale al mercado en <strong>edici\u00f3n limitada de 100ml<\/strong> (el formato original es de 75ml) y que est\u00e1 disponible desde el 1 de junio en spas y centros de belleza seleccionados.<\/span><\/p>\n<p><img loading=\"lazy\" decoding=\"async\" class=\"aligncenter size-full wp-image-144404\" src=\"https:\/\/graziamagazine.com\/es\/wp-content\/uploads\/sites\/12\/2019\/06\/mail-1.jpg\" alt=\"\" width=\"797\" height=\"544\" srcset=\"https:\/\/graziamagazine.com\/es\/wp-content\/uploads\/sites\/12\/2019\/06\/mail-1.jpg 797w, https:\/\/graziamagazine.com\/es\/wp-content\/uploads\/sites\/12\/2019\/06\/mail-1.jpg?resize=300,205 300w, https:\/\/graziamagazine.com\/es\/wp-content\/uploads\/sites\/12\/2019\/06\/mail-1.jpg?resize=768,524 768w, https:\/\/graziamagazine.com\/es\/wp-content\/uploads\/sites\/12\/2019\/06\/mail-1.jpg?resize=155,106 155w\" sizes=\"(max-width: 797px) 100vw, 797px\" \/><\/p>\n<p><span style=\"font-weight: 400;\">En estos a\u00f1os en el mercado, se ha convertido en uno de los productos favoritos de la <em>beauty experts<\/em> del todo el mundo, gracias a su rica textura, que nutre e hidrata de manera intensa la piel, y adem\u00e1s aporta elasticidad. Todo ello gracias al <\/span><span style=\"font-weight: 400;\">complejo <em>Proteoglycan-Derma Complex<\/em> incluido en la f\u00f3rmula contribuye a aumentar la producci\u00f3n de col\u00e1geno, activa la regeneraci\u00f3n de la dermis y mejora visiblemente la densidad de la piel.<\/span><\/p>\n<p><span style=\"font-weight: 400;\">Si buscas una piel profundamente hidratada, firme y remodelada, entonces busca esta edici\u00f3n limitada y devu\u00e9lvele vida a tu rostro. <\/span><\/p>\n","protected":false},"author":11653,"featured_media":144402,"template":"","format":"standard","categories":[7,11],"acf":[],"yoast_head":"<!-- This site is optimized with the Yoast SEO Premium plugin v18.5 (Yoast SEO v20.4) - https:\/\/yoast.com\/wordpress\/plugins\/seo\/ -->\n<title>Essential Shock Intense Cream, la edici\u00f3n limitada con la que Natura Biss\u00e9 celebra 40 a\u00f1os | Grazia<\/title>\n<meta name=\"description\" content=\"La casa cosm\u00e9tica sigue celebrando sus cuatro d\u00e9cadas, con versiones especiales de sus m\u00e1s ic\u00f3nicos productos.\" \/>\n<meta name=\"robots\" content=\"index, follow, max-snippet:-1, max-image-preview:large, max-video-preview:-1\" \/>\n<link rel=\"canonical\" href=\"https:\/\/graziamagazine.com\/es\/articles\/essential-shock-intense-cream-la-edicion-limitada-con-la-que-natura-bisse-celebra-40-anos\/\" \/>\n<meta property=\"og:locale\" content=\"es_ES\" \/>\n<meta property=\"og:type\" content=\"article\" \/>\n<meta property=\"og:title\" content=\"Essential Shock Intense Cream, la edici\u00f3n limitada con la que Natura Biss\u00e9 celebra 40 a\u00f1os\" \/>\n<meta property=\"og:description\" content=\"La casa cosm\u00e9tica sigue celebrando sus cuatro d\u00e9cadas, con versiones especiales de sus m\u00e1s ic\u00f3nicos productos.\" \/>\n<meta property=\"og:url\" content=\"https:\/\/graziamagazine.com\/es\/articles\/essential-shock-intense-cream-la-edicion-limitada-con-la-que-natura-bisse-celebra-40-anos\/\" \/>\n<meta property=\"og:site_name\" content=\"Grazia\" \/>\n<meta property=\"article:modified_time\" content=\"2019-06-04T21:04:22+00:00\" \/>\n<meta property=\"og:image\" content=\"https:\/\/graziamagazine.com\/es\/wp-content\/uploads\/sites\/12\/2019\/06\/Essential_Shock_Intense_Line_treatment.jpg?fit=562%2C624\" \/>\n\t<meta property=\"og:image:width\" content=\"562\" \/>\n\t<meta property=\"og:image:height\" content=\"624\" \/>\n\t<meta property=\"og:image:type\" content=\"image\/jpeg\" \/>\n<meta name=\"twitter:card\" content=\"summary_large_image\" \/>\n<meta name=\"twitter:label1\" content=\"Est. reading time\" \/>\n\t<meta name=\"twitter:data1\" content=\"1 minuto\" \/>\n<script type=\"application\/ld+json\" class=\"yoast-schema-graph\">{\"@context\":\"https:\/\/schema.org\",\"@graph\":[{\"@type\":\"WebPage\",\"@id\":\"https:\/\/graziamagazine.com\/es\/articles\/essential-shock-intense-cream-la-edicion-limitada-con-la-que-natura-bisse-celebra-40-anos\/\",\"url\":\"https:\/\/graziamagazine.com\/es\/articles\/essential-shock-intense-cream-la-edicion-limitada-con-la-que-natura-bisse-celebra-40-anos\/\",\"name\":\"Essential Shock Intense Cream, la edici\u00f3n limitada con la que Natura Biss\u00e9 celebra 40 a\u00f1os | Grazia\",\"isPartOf\":{\"@id\":\"https:\/\/graziamagazine.com\/es\/#website\"},\"datePublished\":\"2019-06-04T11:30:33+00:00\",\"dateModified\":\"2019-06-04T21:04:22+00:00\",\"description\":\"La casa cosm\u00e9tica sigue celebrando sus cuatro d\u00e9cadas, con versiones especiales de sus m\u00e1s ic\u00f3nicos productos.\",\"breadcrumb\":{\"@id\":\"https:\/\/graziamagazine.com\/es\/articles\/essential-shock-intense-cream-la-edicion-limitada-con-la-que-natura-bisse-celebra-40-anos\/#breadcrumb\"},\"inLanguage\":\"es\",\"potentialAction\":[{\"@type\":\"ReadAction\",\"target\":[\"https:\/\/graziamagazine.com\/es\/articles\/essential-shock-intense-cream-la-edicion-limitada-con-la-que-natura-bisse-celebra-40-anos\/\"]}]},{\"@type\":\"BreadcrumbList\",\"@id\":\"https:\/\/graziamagazine.com\/es\/articles\/essential-shock-intense-cream-la-edicion-limitada-con-la-que-natura-bisse-celebra-40-anos\/#breadcrumb\",\"itemListElement\":[{\"@type\":\"ListItem\",\"position\":1,\"name\":\"Portada\",\"item\":\"https:\/\/graziamagazine.com\/es\/\"},{\"@type\":\"ListItem\",\"position\":2,\"name\":\"Essential Shock Intense Cream, la edici\u00f3n limitada con la que Natura Biss\u00e9 celebra 40 a\u00f1os\"}]},{\"@type\":\"WebSite\",\"@id\":\"https:\/\/graziamagazine.com\/es\/#website\",\"url\":\"https:\/\/graziamagazine.com\/es\/\",\"name\":\"Grazia\",\"description\":\"Moda, belleza, celebrities, estilo de vida...\",\"potentialAction\":[{\"@type\":\"SearchAction\",\"target\":{\"@type\":\"EntryPoint\",\"urlTemplate\":\"https:\/\/graziamagazine.com\/es\/?s={search_term_string}\"},\"query-input\":\"required name=search_term_string\"}],\"inLanguage\":\"es\"}]}<\/script>\n<!-- \/ Yoast SEO Premium plugin. -->","yoast_head_json":{"title":"Essential Shock Intense Cream, la edici\u00f3n limitada con la que Natura Biss\u00e9 celebra 40 a\u00f1os | Grazia","description":"La casa cosm\u00e9tica sigue celebrando sus cuatro d\u00e9cadas, con versiones especiales de sus m\u00e1s ic\u00f3nicos productos.","robots":{"index":"index","follow":"follow","max-snippet":"max-snippet:-1","max-image-preview":"max-image-preview:large","max-video-preview":"max-video-preview:-1"},"canonical":"https:\/\/graziamagazine.com\/es\/articles\/essential-shock-intense-cream-la-edicion-limitada-con-la-que-natura-bisse-celebra-40-anos\/","og_locale":"es_ES","og_type":"article","og_title":"Essential Shock Intense Cream, la edici\u00f3n limitada con la que Natura Biss\u00e9 celebra 40 a\u00f1os","og_description":"La casa cosm\u00e9tica sigue celebrando sus cuatro d\u00e9cadas, con versiones especiales de sus m\u00e1s ic\u00f3nicos productos.","og_url":"https:\/\/graziamagazine.com\/es\/articles\/essential-shock-intense-cream-la-edicion-limitada-con-la-que-natura-bisse-celebra-40-anos\/","og_site_name":"Grazia","article_modified_time":"2019-06-04T21:04:22+00:00","og_image":[{"width":562,"height":624,"url":"https:\/\/graziamagazine.com\/es\/wp-content\/uploads\/sites\/12\/2019\/06\/Essential_Shock_Intense_Line_treatment.jpg?fit=562%2C624","type":"image\/jpeg"}],"twitter_card":"summary_large_image","twitter_misc":{"Est. reading time":"1 minuto"},"schema":{"@context":"https:\/\/schema.org","@graph":[{"@type":"WebPage","@id":"https:\/\/graziamagazine.com\/es\/articles\/essential-shock-intense-cream-la-edicion-limitada-con-la-que-natura-bisse-celebra-40-anos\/","url":"https:\/\/graziamagazine.com\/es\/articles\/essential-shock-intense-cream-la-edicion-limitada-con-la-que-natura-bisse-celebra-40-anos\/","name":"Essential Shock Intense Cream, la edici\u00f3n limitada con la que Natura Biss\u00e9 celebra 40 a\u00f1os | Grazia","isPartOf":{"@id":"https:\/\/graziamagazine.com\/es\/#website"},"datePublished":"2019-06-04T11:30:33+00:00","dateModified":"2019-06-04T21:04:22+00:00","description":"La casa cosm\u00e9tica sigue celebrando sus cuatro d\u00e9cadas, con versiones especiales de sus m\u00e1s ic\u00f3nicos productos.","breadcrumb":{"@id":"https:\/\/graziamagazine.com\/es\/articles\/essential-shock-intense-cream-la-edicion-limitada-con-la-que-natura-bisse-celebra-40-anos\/#breadcrumb"},"inLanguage":"es","potentialAction":[{"@type":"ReadAction","target":["https:\/\/graziamagazine.com\/es\/articles\/essential-shock-intense-cream-la-edicion-limitada-con-la-que-natura-bisse-celebra-40-anos\/"]}]},{"@type":"BreadcrumbList","@id":"https:\/\/graziamagazine.com\/es\/articles\/essential-shock-intense-cream-la-edicion-limitada-con-la-que-natura-bisse-celebra-40-anos\/#breadcrumb","itemListElement":[{"@type":"ListItem","position":1,"name":"Portada","item":"https:\/\/graziamagazine.com\/es\/"},{"@type":"ListItem","position":2,"name":"Essential Shock Intense Cream, la edici\u00f3n limitada con la que Natura Biss\u00e9 celebra 40 a\u00f1os"}]},{"@type":"WebSite","@id":"https:\/\/graziamagazine.com\/es\/#website","url":"https:\/\/graziamagazine.com\/es\/","name":"Grazia","description":"Moda, belleza, celebrities, estilo de vida...","potentialAction":[{"@type":"SearchAction","target":{"@type":"EntryPoint","urlTemplate":"https:\/\/graziamagazine.com\/es\/?s={search_term_string}"},"query-input":"required name=search_term_string"}],"inLanguage":"es"}]}},"jetpack_sharing_enabled":true,"distributor_meta":false,"distributor_terms":false,"distributor_media":false,"distributor_original_site_name":"Grazia","distributor_original_site_url":"https:\/\/graziamagazine.com\/es","push-errors":false,"_links":{"self":[{"href":"https:\/\/graziamagazine.com\/es\/wp-json\/wp\/v2\/articles\/144400"}],"collection":[{"href":"https:\/\/graziamagazine.com\/es\/wp-json\/wp\/v2\/articles"}],"about":[{"href":"https:\/\/graziamagazine.com\/es\/wp-json\/wp\/v2\/types\/articles"}],"author":[{"embeddable":true,"href":"https:\/\/graziamagazine.com\/es\/wp-json\/wp\/v2\/users\/11653"}],"wp:featuredmedia":[{"embeddable":true,"href":"https:\/\/graziamagazine.com\/es\/wp-json\/wp\/v2\/media\/144402"}],"wp:attachment":[{"href":"https:\/\/graziamagazine.com\/es\/wp-json\/wp\/v2\/media?parent=144400"}],"wp:term":[{"taxonomy":"category","embeddable":true,"href":"https:\/\/graziamagazine.com\/es\/wp-json\/wp\/v2\/categories?post=144400"}],"curies":[{"name":"wp","href":"https:\/\/api.w.org\/{rel}","templated":true}]}}