{"id":144117,"date":"2019-05-14T19:27:19","date_gmt":"2019-05-14T17:27:19","guid":{"rendered":"https:\/\/graziamagazine.com\/es\/?p=144117"},"modified":"2019-05-20T20:01:48","modified_gmt":"2019-05-20T18:01:48","slug":"burberry-se-vuelve-loco-con-la-logomania","status":"publish","type":"articles","link":"https:\/\/graziamagazine.com\/es\/articles\/burberry-se-vuelve-loco-con-la-logomania\/","title":{"rendered":"Burberry se vuelve loco con la logoman\u00eda"},"content":{"rendered":"<p><span style=\"font-weight: 400\">Mostrar el logo de las marcas parece que es una tendencia que regresa y lo hace con fuerza. Ahora le toca el turno a la casa brit\u00e1nica <a href=\"https:\/\/graziamagazine.com\/es\/moda\/burberry-se-quiere-olvidar-del-plastico\/\">Burberry<\/a> quien, desde la llegada de su nuevo director creativo,<strong> Ricardo Tisci<\/strong>, est\u00e1 dando un giro a sus colecciones.<\/span><\/p>\n<p><img loading=\"lazy\" decoding=\"async\" class=\"aligncenter size-full wp-image-144120\" src=\"https:\/\/graziamagazine.com\/es\/wp-content\/uploads\/sites\/12\/2019\/05\/Burberry1.jpg\" alt=\"\" width=\"768\" height=\"921\" srcset=\"https:\/\/graziamagazine.com\/es\/wp-content\/uploads\/sites\/12\/2019\/05\/Burberry1.jpg 768w, https:\/\/graziamagazine.com\/es\/wp-content\/uploads\/sites\/12\/2019\/05\/Burberry1.jpg?resize=250,300 250w, https:\/\/graziamagazine.com\/es\/wp-content\/uploads\/sites\/12\/2019\/05\/Burberry1.jpg?resize=155,186 155w\" sizes=\"(max-width: 768px) 100vw, 768px\" \/><\/p>\n<p><span style=\"font-weight: 400\">La nueva creaci\u00f3n se llama <strong>Burberry Monogram<\/strong>, y en ella el logo aparece en superlativo en todas las prendas. Un logo que ha creado el mismo Tisci en colaboraci\u00f3n con el dise\u00f1ador gr\u00e1fico Peter Saville. En \u00e9l <strong>las iniciales T y B se entrelazan, y se inspiran en el que Thomas Burberry ideara para la marca en sus comienzos<\/strong>, usando los tradicionales colores de los cuadros Burberry: beige y marr\u00f3n.<\/span><\/p>\n<p><img loading=\"lazy\" decoding=\"async\" class=\"aligncenter size-full wp-image-144121\" src=\"https:\/\/graziamagazine.com\/es\/wp-content\/uploads\/sites\/12\/2019\/05\/1366_2000-5.jpg\" alt=\"\" width=\"1366\" height=\"1708\" srcset=\"https:\/\/graziamagazine.com\/es\/wp-content\/uploads\/sites\/12\/2019\/05\/1366_2000-5.jpg 1366w, https:\/\/graziamagazine.com\/es\/wp-content\/uploads\/sites\/12\/2019\/05\/1366_2000-5.jpg?resize=240,300 240w, https:\/\/graziamagazine.com\/es\/wp-content\/uploads\/sites\/12\/2019\/05\/1366_2000-5.jpg?resize=768,960 768w, https:\/\/graziamagazine.com\/es\/wp-content\/uploads\/sites\/12\/2019\/05\/1366_2000-5.jpg?resize=819,1024 819w, https:\/\/graziamagazine.com\/es\/wp-content\/uploads\/sites\/12\/2019\/05\/1366_2000-5.jpg?resize=1228,1536 1228w, https:\/\/graziamagazine.com\/es\/wp-content\/uploads\/sites\/12\/2019\/05\/1366_2000-5.jpg?resize=155,194 155w\" sizes=\"(max-width: 1366px) 100vw, 1366px\" \/><\/p>\n<p><span style=\"font-weight: 400\">Para tal ocasi\u00f3n, la modelo <strong>Gigi Hadid es la imagen de la nueva colecci\u00f3n<\/strong>, algo parec\u00eda adivinarse cuando apareci\u00f3 desfilando junto a la marca en la \u00faltima Fashion Week de Londres, pero el lanzamiento de esta campa\u00f1a es la confirmaci\u00f3n de la nueva colaboraci\u00f3n junto a la firma brit\u00e1nica. En ella <strong>muestra su lado m\u00e1s camale\u00f3nico<\/strong> con looks femeninos, masculinos, y hasta pensados para los m\u00e1s peque\u00f1os.\u00a0<\/span><\/p>\n<p><img loading=\"lazy\" decoding=\"async\" class=\"aligncenter size-full wp-image-144122\" src=\"https:\/\/graziamagazine.com\/es\/wp-content\/uploads\/sites\/12\/2019\/05\/Burberry2.jpg\" alt=\"\" width=\"768\" height=\"921\" srcset=\"https:\/\/graziamagazine.com\/es\/wp-content\/uploads\/sites\/12\/2019\/05\/Burberry2.jpg 768w, https:\/\/graziamagazine.com\/es\/wp-content\/uploads\/sites\/12\/2019\/05\/Burberry2.jpg?resize=250,300 250w, https:\/\/graziamagazine.com\/es\/wp-content\/uploads\/sites\/12\/2019\/05\/Burberry2.jpg?resize=155,186 155w\" sizes=\"(max-width: 768px) 100vw, 768px\" \/><\/p>\n<p><span style=\"font-weight: 400\">\u201c<\/span><i><span style=\"font-weight: 400\">La idea era crear im\u00e1genes que le permitieran a Gigi transformarse para representar nuestras cuatro personalidad, la dama, el caballero, la chica y el chico<\/span><\/i><span style=\"font-weight: 400\">\u201d, Nick Knight.<\/span><\/p>\n<p><img loading=\"lazy\" decoding=\"async\" class=\"aligncenter size-full wp-image-144125\" src=\"https:\/\/graziamagazine.com\/es\/wp-content\/uploads\/sites\/12\/2019\/05\/Burberry4.jpg\" alt=\"\" width=\"768\" height=\"921\" srcset=\"https:\/\/graziamagazine.com\/es\/wp-content\/uploads\/sites\/12\/2019\/05\/Burberry4.jpg 768w, https:\/\/graziamagazine.com\/es\/wp-content\/uploads\/sites\/12\/2019\/05\/Burberry4.jpg?resize=250,300 250w, https:\/\/graziamagazine.com\/es\/wp-content\/uploads\/sites\/12\/2019\/05\/Burberry4.jpg?resize=155,186 155w\" sizes=\"(max-width: 768px) 100vw, 768px\" \/><\/p>\n<p><span style=\"font-weight: 400\">La colecci\u00f3n<strong> se lanza al mercado el pr\u00f3ximo 22 de mayo<\/strong>, y estar\u00e1 disponible en las <strong>boutiques<\/strong> y \u00a0<strong><a href=\"https:\/\/es.burberry.com\/\" target=\"_blank\">tienda online de Burberry<\/a><\/strong>.<\/span><\/p>\n<p><i><span style=\"font-weight: 400\">*Im\u00e1genes: Cortes\u00eda Burberry<\/span><\/i><\/p>\n","protected":false},"author":11653,"featured_media":144118,"template":"","format":"standard","categories":[1,4],"acf":[],"yoast_head":"<!-- This site is optimized with the Yoast SEO Premium plugin v18.5 (Yoast SEO v20.4) - https:\/\/yoast.com\/wordpress\/plugins\/seo\/ -->\n<title>Burberry se vuelve loco con la logoman\u00eda | Grazia<\/title>\n<meta name=\"description\" content=\"La casa de modas brit\u00e1nica lanza Burberry Monogram, una colecci\u00f3n donde el logo y Gigi Hadid, son los protagonistas.\" \/>\n<meta name=\"robots\" content=\"index, follow, max-snippet:-1, max-image-preview:large, max-video-preview:-1\" \/>\n<link rel=\"canonical\" href=\"https:\/\/graziamagazine.com\/es\/articles\/burberry-se-vuelve-loco-con-la-logomania\/\" \/>\n<meta property=\"og:locale\" content=\"es_ES\" \/>\n<meta property=\"og:type\" content=\"article\" \/>\n<meta property=\"og:title\" content=\"Burberry se vuelve loco con la logoman\u00eda\" \/>\n<meta property=\"og:description\" content=\"La casa de modas brit\u00e1nica lanza Burberry Monogram, una colecci\u00f3n donde el logo y Gigi Hadid, son los protagonistas.\" \/>\n<meta property=\"og:url\" content=\"https:\/\/graziamagazine.com\/es\/articles\/burberry-se-vuelve-loco-con-la-logomania\/\" \/>\n<meta property=\"og:site_name\" content=\"Grazia\" \/>\n<meta property=\"article:modified_time\" content=\"2019-05-20T18:01:48+00:00\" \/>\n<meta property=\"og:image\" content=\"https:\/\/graziamagazine.com\/es\/wp-content\/uploads\/sites\/12\/2019\/05\/dt_hero_gigi_mono_11.jpg?fit=1312%2C630\" \/>\n\t<meta property=\"og:image:width\" content=\"1312\" \/>\n\t<meta property=\"og:image:height\" content=\"630\" \/>\n\t<meta property=\"og:image:type\" content=\"image\/jpeg\" \/>\n<meta name=\"twitter:card\" content=\"summary_large_image\" \/>\n<meta name=\"twitter:label1\" content=\"Est. reading time\" \/>\n\t<meta name=\"twitter:data1\" content=\"1 minuto\" \/>\n<script type=\"application\/ld+json\" class=\"yoast-schema-graph\">{\"@context\":\"https:\/\/schema.org\",\"@graph\":[{\"@type\":\"WebPage\",\"@id\":\"https:\/\/graziamagazine.com\/es\/articles\/burberry-se-vuelve-loco-con-la-logomania\/\",\"url\":\"https:\/\/graziamagazine.com\/es\/articles\/burberry-se-vuelve-loco-con-la-logomania\/\",\"name\":\"Burberry se vuelve loco con la logoman\u00eda | Grazia\",\"isPartOf\":{\"@id\":\"https:\/\/graziamagazine.com\/es\/#website\"},\"datePublished\":\"2019-05-14T17:27:19+00:00\",\"dateModified\":\"2019-05-20T18:01:48+00:00\",\"description\":\"La casa de modas brit\u00e1nica lanza Burberry Monogram, una colecci\u00f3n donde el logo y Gigi Hadid, son los protagonistas.\",\"breadcrumb\":{\"@id\":\"https:\/\/graziamagazine.com\/es\/articles\/burberry-se-vuelve-loco-con-la-logomania\/#breadcrumb\"},\"inLanguage\":\"es\",\"potentialAction\":[{\"@type\":\"ReadAction\",\"target\":[\"https:\/\/graziamagazine.com\/es\/articles\/burberry-se-vuelve-loco-con-la-logomania\/\"]}]},{\"@type\":\"BreadcrumbList\",\"@id\":\"https:\/\/graziamagazine.com\/es\/articles\/burberry-se-vuelve-loco-con-la-logomania\/#breadcrumb\",\"itemListElement\":[{\"@type\":\"ListItem\",\"position\":1,\"name\":\"Portada\",\"item\":\"https:\/\/graziamagazine.com\/es\/\"},{\"@type\":\"ListItem\",\"position\":2,\"name\":\"Burberry se vuelve loco con la logoman\u00eda\"}]},{\"@type\":\"WebSite\",\"@id\":\"https:\/\/graziamagazine.com\/es\/#website\",\"url\":\"https:\/\/graziamagazine.com\/es\/\",\"name\":\"Grazia\",\"description\":\"Moda, belleza, celebrities, estilo de vida...\",\"potentialAction\":[{\"@type\":\"SearchAction\",\"target\":{\"@type\":\"EntryPoint\",\"urlTemplate\":\"https:\/\/graziamagazine.com\/es\/?s={search_term_string}\"},\"query-input\":\"required name=search_term_string\"}],\"inLanguage\":\"es\"}]}<\/script>\n<!-- \/ Yoast SEO Premium plugin. -->","yoast_head_json":{"title":"Burberry se vuelve loco con la logoman\u00eda | Grazia","description":"La casa de modas brit\u00e1nica lanza Burberry Monogram, una colecci\u00f3n donde el logo y Gigi Hadid, son los protagonistas.","robots":{"index":"index","follow":"follow","max-snippet":"max-snippet:-1","max-image-preview":"max-image-preview:large","max-video-preview":"max-video-preview:-1"},"canonical":"https:\/\/graziamagazine.com\/es\/articles\/burberry-se-vuelve-loco-con-la-logomania\/","og_locale":"es_ES","og_type":"article","og_title":"Burberry se vuelve loco con la logoman\u00eda","og_description":"La casa de modas brit\u00e1nica lanza Burberry Monogram, una colecci\u00f3n donde el logo y Gigi Hadid, son los protagonistas.","og_url":"https:\/\/graziamagazine.com\/es\/articles\/burberry-se-vuelve-loco-con-la-logomania\/","og_site_name":"Grazia","article_modified_time":"2019-05-20T18:01:48+00:00","og_image":[{"width":1312,"height":630,"url":"https:\/\/graziamagazine.com\/es\/wp-content\/uploads\/sites\/12\/2019\/05\/dt_hero_gigi_mono_11.jpg?fit=1312%2C630","type":"image\/jpeg"}],"twitter_card":"summary_large_image","twitter_misc":{"Est. reading time":"1 minuto"},"schema":{"@context":"https:\/\/schema.org","@graph":[{"@type":"WebPage","@id":"https:\/\/graziamagazine.com\/es\/articles\/burberry-se-vuelve-loco-con-la-logomania\/","url":"https:\/\/graziamagazine.com\/es\/articles\/burberry-se-vuelve-loco-con-la-logomania\/","name":"Burberry se vuelve loco con la logoman\u00eda | Grazia","isPartOf":{"@id":"https:\/\/graziamagazine.com\/es\/#website"},"datePublished":"2019-05-14T17:27:19+00:00","dateModified":"2019-05-20T18:01:48+00:00","description":"La casa de modas brit\u00e1nica lanza Burberry Monogram, una colecci\u00f3n donde el logo y Gigi Hadid, son los protagonistas.","breadcrumb":{"@id":"https:\/\/graziamagazine.com\/es\/articles\/burberry-se-vuelve-loco-con-la-logomania\/#breadcrumb"},"inLanguage":"es","potentialAction":[{"@type":"ReadAction","target":["https:\/\/graziamagazine.com\/es\/articles\/burberry-se-vuelve-loco-con-la-logomania\/"]}]},{"@type":"BreadcrumbList","@id":"https:\/\/graziamagazine.com\/es\/articles\/burberry-se-vuelve-loco-con-la-logomania\/#breadcrumb","itemListElement":[{"@type":"ListItem","position":1,"name":"Portada","item":"https:\/\/graziamagazine.com\/es\/"},{"@type":"ListItem","position":2,"name":"Burberry se vuelve loco con la logoman\u00eda"}]},{"@type":"WebSite","@id":"https:\/\/graziamagazine.com\/es\/#website","url":"https:\/\/graziamagazine.com\/es\/","name":"Grazia","description":"Moda, belleza, celebrities, estilo de vida...","potentialAction":[{"@type":"SearchAction","target":{"@type":"EntryPoint","urlTemplate":"https:\/\/graziamagazine.com\/es\/?s={search_term_string}"},"query-input":"required name=search_term_string"}],"inLanguage":"es"}]}},"jetpack_sharing_enabled":true,"distributor_meta":false,"distributor_terms":false,"distributor_media":false,"distributor_original_site_name":"Grazia","distributor_original_site_url":"https:\/\/graziamagazine.com\/es","push-errors":false,"_links":{"self":[{"href":"https:\/\/graziamagazine.com\/es\/wp-json\/wp\/v2\/articles\/144117"}],"collection":[{"href":"https:\/\/graziamagazine.com\/es\/wp-json\/wp\/v2\/articles"}],"about":[{"href":"https:\/\/graziamagazine.com\/es\/wp-json\/wp\/v2\/types\/articles"}],"author":[{"embeddable":true,"href":"https:\/\/graziamagazine.com\/es\/wp-json\/wp\/v2\/users\/11653"}],"wp:featuredmedia":[{"embeddable":true,"href":"https:\/\/graziamagazine.com\/es\/wp-json\/wp\/v2\/media\/144118"}],"wp:attachment":[{"href":"https:\/\/graziamagazine.com\/es\/wp-json\/wp\/v2\/media?parent=144117"}],"wp:term":[{"taxonomy":"category","embeddable":true,"href":"https:\/\/graziamagazine.com\/es\/wp-json\/wp\/v2\/categories?post=144117"}],"curies":[{"name":"wp","href":"https:\/\/api.w.org\/{rel}","templated":true}]}}