{"id":144057,"date":"2019-04-30T16:58:45","date_gmt":"2019-04-30T14:58:45","guid":{"rendered":"https:\/\/graziamagazine.com\/es\/?p=144057"},"modified":"2019-04-30T16:58:55","modified_gmt":"2019-04-30T14:58:55","slug":"queremos-el-look-feminista-de-carmen-calvo","status":"publish","type":"articles","link":"https:\/\/graziamagazine.com\/es\/articles\/queremos-el-look-feminista-de-carmen-calvo\/","title":{"rendered":"\u00a1Queremos el look feminista de Carmen Calvo!"},"content":{"rendered":"<p>El domingo pasado en el balc\u00f3n de la sede del PSOE en Ferraz, tras la victoria del partido en las elecciones del #28A, muchas miradas se posaron en una mujer: <strong>Carmen Calvo<\/strong>.<\/p>\n<p>La que hasta la fecha, antes de que se convocaran las nuevas elecciones ocupada el cargo de Ministra de Igualdad, hizo un gui\u00f1o desde su <em>look<\/em> al movimiento que hoy mueve el mundo: <strong>el feminismo<\/strong>.<\/p>\n<p>Como ella misma ha reconocido en numerosas ocasiones, es feminista desde que tiene uso de raz\u00f3n, y ayer lo dej\u00f3 claro en un balc\u00f3n donde predominaban las mujeres, algo que tambi\u00e9n ha caracterizado el gobierno de Pedro S\u00e1nchez durante estos \u00faltimos 10 meses desde la moci\u00f3n de censura que sac\u00f3 a Mariano Rajoy y el PP de la presidencia.<\/p>\n<p><strong><em>\u201cYes, I\u2019m feminist\u201d<\/em><\/strong> era el lema que dejaba entrever el blazer abierto en una camiseta blanca con las letras grabadas en rojo.<\/p>\n<p>\u00bfQuieres saber de d\u00f3nde es el <em>look<\/em> que eligi\u00f3 la pol\u00edtica? Te tenemos una buena noticia, este <em>total look<\/em> es muy muy <em>low cost<\/em>, con prendas de <strong>Zara<\/strong> y <strong>Mango<\/strong>. Pero la parte mala de esta historia es que, al menos de momento, las prendas est\u00e1n agotadas pero queremos dejarte la ruta para que puedas hacerte con ellas en el momento que regresen a la venta.<\/p>\n<p><a href=\"https:\/\/shop.mango.com\/es\/mujer\/camisetas-y-tops-manga-corta\/camiseta-algodon-mensaje_13000760.html\" target=\"_blank\" rel=\"noopener\" target=\"_blank\">La camiseta, de Mango,<\/a> tiene un precio de 17,99 euros en su tienda <em>online<\/em>. Ninguna talla (S, M, L) est\u00e1 disponible, pero puedes dejar tu correo electr\u00f3nico y te avisar\u00e1n en cuanto vuelva a estar disponible la talla que buscas.<\/p>\n<p>El traje dos piezas, de Zara, sigue una de las tendencias estivales: los cuadros Vichy en tonos rosa. <a href=\"https:\/\/www.zara.com\/es\/es\/blazer-cuadro-vichy-p08073137.html?v1=8646081&amp;v2=1180481\" target=\"_blank\" rel=\"noopener\" target=\"_blank\">La chaqueta<\/a> cuesta 29,95 euros y <a href=\"https:\/\/www.zara.com\/es\/es\/pantal%C3%B3n-cuadro-vichy-p08073037.html?v1=8646095&amp;v2=1180481\" target=\"_blank\" rel=\"noopener\" target=\"_blank\">el pantal\u00f3n<\/a> 19,95 euros, y de momento en la web solo puedes comprar la combinaci\u00f3n blanco y azul, pero parece que muy pronto la versi\u00f3n rosa estar\u00e1 de nuevo a la venta.<\/p>\n<p>En cuanto regresen las prendas a las tiendas, estamos seguros que el <em>look<\/em> Carmen Calvo lo vamos a ver mucho por las calles en las pr\u00f3ximas semanas.<\/p>\n<p><img loading=\"lazy\" decoding=\"async\" class=\"aligncenter size-full wp-image-144061\" src=\"https:\/\/graziamagazine.com\/es\/wp-content\/uploads\/sites\/12\/2019\/04\/13000760_01-1.jpg\" alt=\"La playera feminista de Carmen Calvo.\" width=\"480\" height=\"671\" srcset=\"https:\/\/graziamagazine.com\/es\/wp-content\/uploads\/sites\/12\/2019\/04\/13000760_01-1.jpg 480w, https:\/\/graziamagazine.com\/es\/wp-content\/uploads\/sites\/12\/2019\/04\/13000760_01-1.jpg?resize=215,300 215w\" sizes=\"(max-width: 480px) 100vw, 480px\" \/> <img loading=\"lazy\" decoding=\"async\" class=\"aligncenter size-full wp-image-144060\" src=\"https:\/\/graziamagazine.com\/es\/wp-content\/uploads\/sites\/12\/2019\/04\/13000760_01_D2.jpg\" alt=\"La playera feminista de Carmen Calvo.\" width=\"312\" height=\"436\" srcset=\"https:\/\/graziamagazine.com\/es\/wp-content\/uploads\/sites\/12\/2019\/04\/13000760_01_D2.jpg 312w, https:\/\/graziamagazine.com\/es\/wp-content\/uploads\/sites\/12\/2019\/04\/13000760_01_D2.jpg?resize=215,300 215w\" sizes=\"(max-width: 312px) 100vw, 312px\" \/> <img loading=\"lazy\" decoding=\"async\" class=\"aligncenter size-full wp-image-144059\" src=\"https:\/\/graziamagazine.com\/es\/wp-content\/uploads\/sites\/12\/2019\/04\/13000760_01_D1.jpg\" alt=\"La playera feminista de Carmen Calvo.\" width=\"312\" height=\"436\" srcset=\"https:\/\/graziamagazine.com\/es\/wp-content\/uploads\/sites\/12\/2019\/04\/13000760_01_D1.jpg 312w, https:\/\/graziamagazine.com\/es\/wp-content\/uploads\/sites\/12\/2019\/04\/13000760_01_D1.jpg?resize=215,300 215w\" sizes=\"(max-width: 312px) 100vw, 312px\" \/><\/p>\n","protected":false},"author":11653,"featured_media":144058,"template":"","format":"standard","categories":[14,13],"acf":[],"yoast_head":"<!-- This site is optimized with the Yoast SEO Premium plugin v18.5 (Yoast SEO v20.4) - https:\/\/yoast.com\/wordpress\/plugins\/seo\/ -->\n<title>\u00a1Queremos el look feminista de Carmen Calvo! | Grazia<\/title>\n<meta name=\"description\" content=\"Sabemos que t\u00fa tambi\u00e9n, y, aunque hasta el momento est\u00e1 agotado, te decimos d\u00f3nde puedes estar pendiente de ver si regresa a las tiendas.\" \/>\n<meta name=\"robots\" content=\"index, follow, max-snippet:-1, max-image-preview:large, max-video-preview:-1\" \/>\n<link rel=\"canonical\" href=\"https:\/\/graziamagazine.com\/es\/articles\/queremos-el-look-feminista-de-carmen-calvo\/\" \/>\n<meta property=\"og:locale\" content=\"es_ES\" \/>\n<meta property=\"og:type\" content=\"article\" \/>\n<meta property=\"og:title\" content=\"\u00a1Queremos el look feminista de Carmen Calvo!\" \/>\n<meta property=\"og:description\" content=\"Sabemos que t\u00fa tambi\u00e9n, y, aunque hasta el momento est\u00e1 agotado, te decimos d\u00f3nde puedes estar pendiente de ver si regresa a las tiendas.\" \/>\n<meta property=\"og:url\" content=\"https:\/\/graziamagazine.com\/es\/articles\/queremos-el-look-feminista-de-carmen-calvo\/\" \/>\n<meta property=\"og:site_name\" content=\"Grazia\" \/>\n<meta property=\"article:modified_time\" content=\"2019-04-30T14:58:55+00:00\" \/>\n<meta property=\"og:image\" content=\"https:\/\/graziamagazine.com\/es\/wp-content\/uploads\/sites\/12\/2019\/04\/GettyImages-1140043442.jpg?fit=1024%2C682\" \/>\n\t<meta property=\"og:image:width\" content=\"1024\" \/>\n\t<meta property=\"og:image:height\" content=\"682\" \/>\n\t<meta property=\"og:image:type\" content=\"image\/jpeg\" \/>\n<meta name=\"twitter:card\" content=\"summary_large_image\" \/>\n<meta name=\"twitter:label1\" content=\"Est. reading time\" \/>\n\t<meta name=\"twitter:data1\" content=\"2 minutos\" \/>\n<script type=\"application\/ld+json\" class=\"yoast-schema-graph\">{\"@context\":\"https:\/\/schema.org\",\"@graph\":[{\"@type\":\"WebPage\",\"@id\":\"https:\/\/graziamagazine.com\/es\/articles\/queremos-el-look-feminista-de-carmen-calvo\/\",\"url\":\"https:\/\/graziamagazine.com\/es\/articles\/queremos-el-look-feminista-de-carmen-calvo\/\",\"name\":\"\u00a1Queremos el look feminista de Carmen Calvo! | Grazia\",\"isPartOf\":{\"@id\":\"https:\/\/graziamagazine.com\/es\/#website\"},\"datePublished\":\"2019-04-30T14:58:45+00:00\",\"dateModified\":\"2019-04-30T14:58:55+00:00\",\"description\":\"Sabemos que t\u00fa tambi\u00e9n, y, aunque hasta el momento est\u00e1 agotado, te decimos d\u00f3nde puedes estar pendiente de ver si regresa a las tiendas.\",\"breadcrumb\":{\"@id\":\"https:\/\/graziamagazine.com\/es\/articles\/queremos-el-look-feminista-de-carmen-calvo\/#breadcrumb\"},\"inLanguage\":\"es\",\"potentialAction\":[{\"@type\":\"ReadAction\",\"target\":[\"https:\/\/graziamagazine.com\/es\/articles\/queremos-el-look-feminista-de-carmen-calvo\/\"]}]},{\"@type\":\"BreadcrumbList\",\"@id\":\"https:\/\/graziamagazine.com\/es\/articles\/queremos-el-look-feminista-de-carmen-calvo\/#breadcrumb\",\"itemListElement\":[{\"@type\":\"ListItem\",\"position\":1,\"name\":\"Portada\",\"item\":\"https:\/\/graziamagazine.com\/es\/\"},{\"@type\":\"ListItem\",\"position\":2,\"name\":\"\u00a1Queremos el look feminista de Carmen Calvo!\"}]},{\"@type\":\"WebSite\",\"@id\":\"https:\/\/graziamagazine.com\/es\/#website\",\"url\":\"https:\/\/graziamagazine.com\/es\/\",\"name\":\"Grazia\",\"description\":\"Moda, belleza, celebrities, estilo de vida...\",\"potentialAction\":[{\"@type\":\"SearchAction\",\"target\":{\"@type\":\"EntryPoint\",\"urlTemplate\":\"https:\/\/graziamagazine.com\/es\/?s={search_term_string}\"},\"query-input\":\"required name=search_term_string\"}],\"inLanguage\":\"es\"}]}<\/script>\n<!-- \/ Yoast SEO Premium plugin. -->","yoast_head_json":{"title":"\u00a1Queremos el look feminista de Carmen Calvo! | Grazia","description":"Sabemos que t\u00fa tambi\u00e9n, y, aunque hasta el momento est\u00e1 agotado, te decimos d\u00f3nde puedes estar pendiente de ver si regresa a las tiendas.","robots":{"index":"index","follow":"follow","max-snippet":"max-snippet:-1","max-image-preview":"max-image-preview:large","max-video-preview":"max-video-preview:-1"},"canonical":"https:\/\/graziamagazine.com\/es\/articles\/queremos-el-look-feminista-de-carmen-calvo\/","og_locale":"es_ES","og_type":"article","og_title":"\u00a1Queremos el look feminista de Carmen Calvo!","og_description":"Sabemos que t\u00fa tambi\u00e9n, y, aunque hasta el momento est\u00e1 agotado, te decimos d\u00f3nde puedes estar pendiente de ver si regresa a las tiendas.","og_url":"https:\/\/graziamagazine.com\/es\/articles\/queremos-el-look-feminista-de-carmen-calvo\/","og_site_name":"Grazia","article_modified_time":"2019-04-30T14:58:55+00:00","og_image":[{"width":1024,"height":682,"url":"https:\/\/graziamagazine.com\/es\/wp-content\/uploads\/sites\/12\/2019\/04\/GettyImages-1140043442.jpg?fit=1024%2C682","type":"image\/jpeg"}],"twitter_card":"summary_large_image","twitter_misc":{"Est. reading time":"2 minutos"},"schema":{"@context":"https:\/\/schema.org","@graph":[{"@type":"WebPage","@id":"https:\/\/graziamagazine.com\/es\/articles\/queremos-el-look-feminista-de-carmen-calvo\/","url":"https:\/\/graziamagazine.com\/es\/articles\/queremos-el-look-feminista-de-carmen-calvo\/","name":"\u00a1Queremos el look feminista de Carmen Calvo! | Grazia","isPartOf":{"@id":"https:\/\/graziamagazine.com\/es\/#website"},"datePublished":"2019-04-30T14:58:45+00:00","dateModified":"2019-04-30T14:58:55+00:00","description":"Sabemos que t\u00fa tambi\u00e9n, y, aunque hasta el momento est\u00e1 agotado, te decimos d\u00f3nde puedes estar pendiente de ver si regresa a las tiendas.","breadcrumb":{"@id":"https:\/\/graziamagazine.com\/es\/articles\/queremos-el-look-feminista-de-carmen-calvo\/#breadcrumb"},"inLanguage":"es","potentialAction":[{"@type":"ReadAction","target":["https:\/\/graziamagazine.com\/es\/articles\/queremos-el-look-feminista-de-carmen-calvo\/"]}]},{"@type":"BreadcrumbList","@id":"https:\/\/graziamagazine.com\/es\/articles\/queremos-el-look-feminista-de-carmen-calvo\/#breadcrumb","itemListElement":[{"@type":"ListItem","position":1,"name":"Portada","item":"https:\/\/graziamagazine.com\/es\/"},{"@type":"ListItem","position":2,"name":"\u00a1Queremos el look feminista de Carmen Calvo!"}]},{"@type":"WebSite","@id":"https:\/\/graziamagazine.com\/es\/#website","url":"https:\/\/graziamagazine.com\/es\/","name":"Grazia","description":"Moda, belleza, celebrities, estilo de vida...","potentialAction":[{"@type":"SearchAction","target":{"@type":"EntryPoint","urlTemplate":"https:\/\/graziamagazine.com\/es\/?s={search_term_string}"},"query-input":"required name=search_term_string"}],"inLanguage":"es"}]}},"jetpack_sharing_enabled":true,"distributor_meta":false,"distributor_terms":false,"distributor_media":false,"distributor_original_site_name":"Grazia","distributor_original_site_url":"https:\/\/graziamagazine.com\/es","push-errors":false,"_links":{"self":[{"href":"https:\/\/graziamagazine.com\/es\/wp-json\/wp\/v2\/articles\/144057"}],"collection":[{"href":"https:\/\/graziamagazine.com\/es\/wp-json\/wp\/v2\/articles"}],"about":[{"href":"https:\/\/graziamagazine.com\/es\/wp-json\/wp\/v2\/types\/articles"}],"author":[{"embeddable":true,"href":"https:\/\/graziamagazine.com\/es\/wp-json\/wp\/v2\/users\/11653"}],"wp:featuredmedia":[{"embeddable":true,"href":"https:\/\/graziamagazine.com\/es\/wp-json\/wp\/v2\/media\/144058"}],"wp:attachment":[{"href":"https:\/\/graziamagazine.com\/es\/wp-json\/wp\/v2\/media?parent=144057"}],"wp:term":[{"taxonomy":"category","embeddable":true,"href":"https:\/\/graziamagazine.com\/es\/wp-json\/wp\/v2\/categories?post=144057"}],"curies":[{"name":"wp","href":"https:\/\/api.w.org\/{rel}","templated":true}]}}