{"id":143804,"date":"2019-03-15T16:37:59","date_gmt":"2019-03-15T15:37:59","guid":{"rendered":"https:\/\/graziamagazine.com\/es\/?p=143804"},"modified":"2019-03-15T16:38:03","modified_gmt":"2019-03-15T15:38:03","slug":"esto-es-lo-que-el-caso-michael-jackson-significa-para-louis-vuitton","status":"publish","type":"articles","link":"https:\/\/graziamagazine.com\/es\/articles\/esto-es-lo-que-el-caso-michael-jackson-significa-para-louis-vuitton\/","title":{"rendered":"Esto es lo que el caso Michael Jackson significa para Louis Vuitton"},"content":{"rendered":"<p class=\"p1\"><span class=\"s1\">El 17 de enero en el Jardin des Tuileries de Par\u00eds, <b>Virgil Abloh<\/b>, director creativo de <i>menswear<\/i> de <b>Louis Vuitton<\/b>, present\u00f3 la colecci\u00f3n oto\u00f1o\/invierno 2019. Su inspiraci\u00f3n principal era <b>Michael Jackson<\/b>. La invitaci\u00f3n al desfile fue una r\u00e9plica del ic\u00f3nico guante blanco que Jackson us\u00f3 cuando cant\u00f3 <i>Billie Jean <\/i>en el especial de televisi\u00f3n de Motown en 1983. <\/span><\/p>\n<p class=\"p1\"><span class=\"s1\">Para el desfile, Virgil pidi\u00f3 un set que se asemejara al Manhattan del video de <i>Billie Jean<\/i> \u2014una calle con latas en el piso, botes de basura, humo, un hombre con gabardina, una barber\u00eda. La m\u00fasica del show por supuesto era de Michael Jackson. La colecci\u00f3n, como todos los proyectos que realiza Abloh, fue aceptada por la industria con cr\u00edticas positivas y miles de fotos y stories en Instagram. Lo cual, en estos tiempos, es una buena se\u00f1al. <\/span><\/p>\n<p><iframe loading=\"lazy\" src=\"https:\/\/www.youtube.com\/embed\/FmW_rxxkUT4\" width=\"560\" height=\"315\" frameborder=\"0\"><\/iframe><\/p>\n<p class=\"p1\"><span class=\"s1\">Ocho d\u00edas despu\u00e9s del desfile de Louis Vuitton, <i>Leaving Neverland <\/i>debut\u00f3 en el Festival de Cine de Sundance. En un documental de cuatro horas, dividido en dos partes, Wade Robson y James Safechuck cuentan a detalle c\u00f3mo Jackson abus\u00f3 sexualmente de ellos por a\u00f1os. El \u201ccaso Jackson\u201d explot\u00f3 cuando el documental se estren\u00f3 el 4 de marzo en HBO con un rating de 3.67 millones de espectadores. Siendo el tercer documental m\u00e1s visto en la \u00faltima d\u00e9cada en la historia de HBO. <\/span><\/p>\n<p class=\"p1\"><span class=\"s1\">En un reciente perfil del <i>New Yorker<\/i>, (cuya entrevista se llev\u00f3 a cabo antes del desfile) una de las preguntas para Virgil Abloh fue si sab\u00eda algo del documental <i>Leaving Neverland<\/i>. Su respuesta fue negativa. \u201cEl Michael que yo tengo en mente es universalmente aceptado\u201d, contest\u00f3. Anteriormente Abloh le dijo al <i>New York Times<\/i> que siempre hab\u00eda admirado a Jackson no solo por su m\u00fasica, sino \u201cpor ser una de las personas que m\u00e1s innov\u00f3 en cuanto a ropa se refiere\u201d. \u201cCuando tengo a Michael Jackson cantando en el fondo, una camisa es diferente, las botas son diferentes, el <i>fit<\/i> de los pantalones es diferente\u201d.<\/span><\/p>\n<figure id=\"attachment_62984\" aria-describedby=\"caption-attachment-62984\" style=\"width: 700px\" class=\"wp-caption alignnone\"><img loading=\"lazy\" decoding=\"async\" class=\"wp-image-62984 size-large\" src=\"https:\/\/grazia.mx\/wp-content\/uploads\/sites\/12\/2019\/03\/virgil_abloh-700x394.jpg\" alt=\"\" width=\"700\" height=\"394\" \/><figcaption id=\"caption-attachment-62984\" class=\"wp-caption-text\">Virgil Abloh<\/figcaption><\/figure>\n<p class=\"p1\"><span class=\"s1\">\u00bfQu\u00e9 hacer cuando tu \u00eddolo es acusado de abuso sexual? En el caso de R. Kelly es sencillo no escuchar sus canciones (sobre todo si <i>I Believe I Can Fly<\/i> es la \u00fanica canci\u00f3n que conozco gracias a <i>Space Jam<\/i>), pero cuando se trata de Michael Jackson, un cantante que marc\u00f3 la industria de la m\u00fasica, simplemente \u00bfpodemos silenciarlo? \u00bfPodemos dejar de emocionarnos al escuchar <i>Beat It<\/i> o <i>The Way You Make Me Feel<\/i>?<\/span><\/p>\n<p class=\"p1\"><span class=\"s1\">Estaciones de radio en Canad\u00e1 han dejado de programar sus canciones. Drake ya no canta <i>Don\u2019t Matter to Me <\/i>en su tour por Reino Unido y los Lakers ya no ponen <i>Beat It<\/i> durante su \u00abAir Band Cam\u00bb. Entonces, la pregunta para Louis Vuitton es: \u00bfqu\u00e9 hacer ahora? <\/span><\/p>\n<p class=\"p1\"><span class=\"s1\">De acuerdo a <i>Business of Fashion<\/i> la casa francesa tiene en riesgo los 28 billones de d\u00f3lares que vale la firma. Muchas de las piezas est\u00e1n inspiradas en los <em>outfits<\/em> del rey del pop y algunas prendas tienen elementos que directamente est\u00e1n asociados con el cantante. La gente podr\u00e1 comprarlos o no, pero el impacto del esc\u00e1ndalo de Jackson y la opini\u00f3n p\u00fablica es como realmente afectar\u00e1 la reputaci\u00f3n de Vuitton. \u00a0<\/span><\/p>\n<p class=\"p1\"><span class=\"s1\">Esta ma\u00f1ana, Virgil Abloh lanz\u00f3 una declaraci\u00f3n en exclusiva para\u00a0<em>WWD<\/em>: \u201cEstoy consciente de que debido al documental, el desfile ha generado diferentes reacciones. Condeno cualquier forma de abuso infantil, violencia o da\u00f1o a los derechos humanos\u201d, asegura. \u201cMi intenci\u00f3n con el desfile era referirme a Michael Jackson como un artista de la cultura pop. Me inspir\u00e9 en su vida p\u00fablica y en el legado que ha influenciado a una generaci\u00f3n de artistas y dise\u00f1adores\u201d. <\/span><\/p>\n<p class=\"p1\"><span class=\"s1\">En el comunicado, la marca ha dicho que las piezas que tienen los elementos cl\u00e1sicos de Jackson como la playera negra con los loafers y calcetines blancos, no entrar\u00e1n a producci\u00f3n. Por otro lado, est\u00e1 tambi\u00e9n la m\u00e1xima de que cualquier publicidad buena o mala es al final, publicidad. Es real que la atenci\u00f3n que est\u00e1 recibiendo Louis Vuitton en estos momentos generar\u00e1 un <em>brand awareness<\/em> que va m\u00e1s all\u00e1 de lo que cualquier campa\u00f1a publicitaria pueda lograr.<\/span><\/p>\n<p class=\"p1\"><span class=\"s1\">Como menciona el art\u00edculo de <i>Business of Fashion<\/i>, en la naturaleza de la industria, est\u00e1 crear colecciones que provoquen al p\u00fablico por su cr\u00edtica social y pol\u00edtica. Al final, en teor\u00eda, no existen l\u00edmites creativos en la moda. En el caso de Louis Vuitton, la inspiraci\u00f3n de la colecci\u00f3n tuvo un <i>timing<\/i> poco favorecedor en medio de un debate sobre si Michael Jackson es culpable o no de lo que se le acusa. El impacto econ\u00f3mico del \u00abcaso Jackson\u00bb en la casa francesa lo podremos conocer hasta que la colecci\u00f3n de Abloh llegue a tiendas.\u00a0<\/span><\/p>\n<p>&nbsp;<\/p>\n<figure id=\"attachment_62983\" aria-describedby=\"caption-attachment-62983\" style=\"width: 600px\" class=\"wp-caption alignnone\"><img loading=\"lazy\" decoding=\"async\" class=\"wp-image-62983 size-full\" src=\"https:\/\/grazia.mx\/wp-content\/uploads\/sites\/12\/2019\/03\/merlin_149323911_c0cea9aa-8941-42ab-8841-89da3f9a5347-articleLarge.jpg\" alt=\"\" width=\"600\" height=\"900\" \/><figcaption id=\"caption-attachment-62983\" class=\"wp-caption-text\">Louis Vuitton, menswear, FW19<\/figcaption><\/figure>\n<p>Foto: Getty Images<\/p>\n","protected":false},"author":11646,"featured_media":143805,"template":"","format":"standard","categories":[3,1],"acf":[],"yoast_head":"<!-- This site is optimized with the Yoast SEO Premium plugin v18.5 (Yoast SEO v20.4) - https:\/\/yoast.com\/wordpress\/plugins\/seo\/ -->\n<title>Esto es lo que el caso Michael Jackson significa para Louis Vuitton | Grazia<\/title>\n<meta name=\"description\" content=\"\u00bfQu\u00e9 hacer cuando el personaje que inspir\u00f3 tu colecci\u00f3n es Michael Jackson y est\u00e1 acusado de abuso sexual?\" \/>\n<meta name=\"robots\" content=\"index, follow, max-snippet:-1, max-image-preview:large, max-video-preview:-1\" \/>\n<link rel=\"canonical\" href=\"https:\/\/graziamagazine.com\/es\/articles\/esto-es-lo-que-el-caso-michael-jackson-significa-para-louis-vuitton\/\" \/>\n<meta property=\"og:locale\" content=\"es_ES\" \/>\n<meta property=\"og:type\" content=\"article\" \/>\n<meta property=\"og:title\" content=\"Esto es lo que el caso Michael Jackson significa para Louis Vuitton\" \/>\n<meta property=\"og:description\" content=\"\u00bfQu\u00e9 hacer cuando el personaje que inspir\u00f3 tu colecci\u00f3n es Michael Jackson y est\u00e1 acusado de abuso sexual?\" \/>\n<meta property=\"og:url\" content=\"https:\/\/graziamagazine.com\/es\/articles\/esto-es-lo-que-el-caso-michael-jackson-significa-para-louis-vuitton\/\" \/>\n<meta property=\"og:site_name\" content=\"Grazia\" \/>\n<meta property=\"article:modified_time\" content=\"2019-03-15T15:38:03+00:00\" \/>\n<meta property=\"og:image\" content=\"https:\/\/graziamagazine.com\/es\/wp-content\/uploads\/sites\/12\/2019\/03\/vuitton_michael_jackson.jpg?fit=1240%2C744\" \/>\n\t<meta property=\"og:image:width\" content=\"1240\" \/>\n\t<meta property=\"og:image:height\" content=\"744\" \/>\n\t<meta property=\"og:image:type\" content=\"image\/jpeg\" \/>\n<meta name=\"twitter:card\" content=\"summary_large_image\" \/>\n<meta name=\"twitter:label1\" content=\"Est. reading time\" \/>\n\t<meta name=\"twitter:data1\" content=\"4 minutos\" \/>\n<script type=\"application\/ld+json\" class=\"yoast-schema-graph\">{\"@context\":\"https:\/\/schema.org\",\"@graph\":[{\"@type\":\"WebPage\",\"@id\":\"https:\/\/graziamagazine.com\/es\/articles\/esto-es-lo-que-el-caso-michael-jackson-significa-para-louis-vuitton\/\",\"url\":\"https:\/\/graziamagazine.com\/es\/articles\/esto-es-lo-que-el-caso-michael-jackson-significa-para-louis-vuitton\/\",\"name\":\"Esto es lo que el caso Michael Jackson significa para Louis Vuitton | Grazia\",\"isPartOf\":{\"@id\":\"https:\/\/graziamagazine.com\/es\/#website\"},\"datePublished\":\"2019-03-15T15:37:59+00:00\",\"dateModified\":\"2019-03-15T15:38:03+00:00\",\"description\":\"\u00bfQu\u00e9 hacer cuando el personaje que inspir\u00f3 tu colecci\u00f3n es Michael Jackson y est\u00e1 acusado de abuso sexual?\",\"breadcrumb\":{\"@id\":\"https:\/\/graziamagazine.com\/es\/articles\/esto-es-lo-que-el-caso-michael-jackson-significa-para-louis-vuitton\/#breadcrumb\"},\"inLanguage\":\"es\",\"potentialAction\":[{\"@type\":\"ReadAction\",\"target\":[\"https:\/\/graziamagazine.com\/es\/articles\/esto-es-lo-que-el-caso-michael-jackson-significa-para-louis-vuitton\/\"]}]},{\"@type\":\"BreadcrumbList\",\"@id\":\"https:\/\/graziamagazine.com\/es\/articles\/esto-es-lo-que-el-caso-michael-jackson-significa-para-louis-vuitton\/#breadcrumb\",\"itemListElement\":[{\"@type\":\"ListItem\",\"position\":1,\"name\":\"Portada\",\"item\":\"https:\/\/graziamagazine.com\/es\/\"},{\"@type\":\"ListItem\",\"position\":2,\"name\":\"Esto es lo que el caso Michael Jackson significa para Louis Vuitton\"}]},{\"@type\":\"WebSite\",\"@id\":\"https:\/\/graziamagazine.com\/es\/#website\",\"url\":\"https:\/\/graziamagazine.com\/es\/\",\"name\":\"Grazia\",\"description\":\"Moda, belleza, celebrities, estilo de vida...\",\"potentialAction\":[{\"@type\":\"SearchAction\",\"target\":{\"@type\":\"EntryPoint\",\"urlTemplate\":\"https:\/\/graziamagazine.com\/es\/?s={search_term_string}\"},\"query-input\":\"required name=search_term_string\"}],\"inLanguage\":\"es\"}]}<\/script>\n<!-- \/ Yoast SEO Premium plugin. -->","yoast_head_json":{"title":"Esto es lo que el caso Michael Jackson significa para Louis Vuitton | Grazia","description":"\u00bfQu\u00e9 hacer cuando el personaje que inspir\u00f3 tu colecci\u00f3n es Michael Jackson y est\u00e1 acusado de abuso sexual?","robots":{"index":"index","follow":"follow","max-snippet":"max-snippet:-1","max-image-preview":"max-image-preview:large","max-video-preview":"max-video-preview:-1"},"canonical":"https:\/\/graziamagazine.com\/es\/articles\/esto-es-lo-que-el-caso-michael-jackson-significa-para-louis-vuitton\/","og_locale":"es_ES","og_type":"article","og_title":"Esto es lo que el caso Michael Jackson significa para Louis Vuitton","og_description":"\u00bfQu\u00e9 hacer cuando el personaje que inspir\u00f3 tu colecci\u00f3n es Michael Jackson y est\u00e1 acusado de abuso sexual?","og_url":"https:\/\/graziamagazine.com\/es\/articles\/esto-es-lo-que-el-caso-michael-jackson-significa-para-louis-vuitton\/","og_site_name":"Grazia","article_modified_time":"2019-03-15T15:38:03+00:00","og_image":[{"width":1240,"height":744,"url":"https:\/\/graziamagazine.com\/es\/wp-content\/uploads\/sites\/12\/2019\/03\/vuitton_michael_jackson.jpg?fit=1240%2C744","type":"image\/jpeg"}],"twitter_card":"summary_large_image","twitter_misc":{"Est. reading time":"4 minutos"},"schema":{"@context":"https:\/\/schema.org","@graph":[{"@type":"WebPage","@id":"https:\/\/graziamagazine.com\/es\/articles\/esto-es-lo-que-el-caso-michael-jackson-significa-para-louis-vuitton\/","url":"https:\/\/graziamagazine.com\/es\/articles\/esto-es-lo-que-el-caso-michael-jackson-significa-para-louis-vuitton\/","name":"Esto es lo que el caso Michael Jackson significa para Louis Vuitton | Grazia","isPartOf":{"@id":"https:\/\/graziamagazine.com\/es\/#website"},"datePublished":"2019-03-15T15:37:59+00:00","dateModified":"2019-03-15T15:38:03+00:00","description":"\u00bfQu\u00e9 hacer cuando el personaje que inspir\u00f3 tu colecci\u00f3n es Michael Jackson y est\u00e1 acusado de abuso sexual?","breadcrumb":{"@id":"https:\/\/graziamagazine.com\/es\/articles\/esto-es-lo-que-el-caso-michael-jackson-significa-para-louis-vuitton\/#breadcrumb"},"inLanguage":"es","potentialAction":[{"@type":"ReadAction","target":["https:\/\/graziamagazine.com\/es\/articles\/esto-es-lo-que-el-caso-michael-jackson-significa-para-louis-vuitton\/"]}]},{"@type":"BreadcrumbList","@id":"https:\/\/graziamagazine.com\/es\/articles\/esto-es-lo-que-el-caso-michael-jackson-significa-para-louis-vuitton\/#breadcrumb","itemListElement":[{"@type":"ListItem","position":1,"name":"Portada","item":"https:\/\/graziamagazine.com\/es\/"},{"@type":"ListItem","position":2,"name":"Esto es lo que el caso Michael Jackson significa para Louis Vuitton"}]},{"@type":"WebSite","@id":"https:\/\/graziamagazine.com\/es\/#website","url":"https:\/\/graziamagazine.com\/es\/","name":"Grazia","description":"Moda, belleza, celebrities, estilo de vida...","potentialAction":[{"@type":"SearchAction","target":{"@type":"EntryPoint","urlTemplate":"https:\/\/graziamagazine.com\/es\/?s={search_term_string}"},"query-input":"required name=search_term_string"}],"inLanguage":"es"}]}},"jetpack_sharing_enabled":true,"distributor_meta":false,"distributor_terms":false,"distributor_media":false,"distributor_original_site_name":"Grazia","distributor_original_site_url":"https:\/\/graziamagazine.com\/es","push-errors":false,"_links":{"self":[{"href":"https:\/\/graziamagazine.com\/es\/wp-json\/wp\/v2\/articles\/143804"}],"collection":[{"href":"https:\/\/graziamagazine.com\/es\/wp-json\/wp\/v2\/articles"}],"about":[{"href":"https:\/\/graziamagazine.com\/es\/wp-json\/wp\/v2\/types\/articles"}],"author":[{"embeddable":true,"href":"https:\/\/graziamagazine.com\/es\/wp-json\/wp\/v2\/users\/11646"}],"wp:featuredmedia":[{"embeddable":true,"href":"https:\/\/graziamagazine.com\/es\/wp-json\/wp\/v2\/media\/143805"}],"wp:attachment":[{"href":"https:\/\/graziamagazine.com\/es\/wp-json\/wp\/v2\/media?parent=143804"}],"wp:term":[{"taxonomy":"category","embeddable":true,"href":"https:\/\/graziamagazine.com\/es\/wp-json\/wp\/v2\/categories?post=143804"}],"curies":[{"name":"wp","href":"https:\/\/api.w.org\/{rel}","templated":true}]}}