{"id":143388,"date":"2018-12-07T00:06:04","date_gmt":"2018-12-06T23:06:04","guid":{"rendered":"https:\/\/graziamagazine.com\/es\/?p=143388"},"modified":"2018-12-07T00:08:52","modified_gmt":"2018-12-06T23:08:52","slug":"y-el-color-del-2019-segun-pantone-es","status":"publish","type":"articles","link":"https:\/\/graziamagazine.com\/es\/articles\/y-el-color-del-2019-segun-pantone-es\/","title":{"rendered":"Y el color del 2019 seg\u00fan Pantone es&#8230;"},"content":{"rendered":"<p>Energ\u00e9tico, optimista y vibrante, as\u00ed fue descrito el color elegido por <b>Pantone<\/b> para el a\u00f1o 2019, <b>Living Coral<\/b>. El tono durazno\/rosa fue elegido por un grupo de expertos en Pantone, en un momento de decisi\u00f3n digno de <i>The Devil Wears Prada <\/i>y la escena de los cinturones. <em>\u201cIt\u2019s not just blue, it\u2019s not turquoise, it\u2019s not lapis, it\u2019s actually cerulean<\/em>\u201d.<\/p>\n<p><span style=\"font-weight: 400;\">Aqu\u00ed va, por si no lo recuerdas:<\/span><\/p>\n<p><iframe loading=\"lazy\" src=\"https:\/\/www.youtube.com\/embed\/Yj8mHwvFxMc\" width=\"560\" height=\"315\" frameborder=\"0\"><\/iframe><\/p>\n<p>&nbsp;<\/p>\n<p><span style=\"font-weight: 400;\">Ahora, un poco de historia. Todo empez\u00f3 hace 20 a\u00f1os, cuando Pantone, influenciado por el desarrollo de productos en industrias que van desde la decoraci\u00f3n de interiores hasta la moda, decidi\u00f3 hacer un estudio de tendencias. <\/span><\/p>\n<h2><b>\u00bfC\u00f3mo lo hacen?<\/b><\/h2>\n<p><span style=\"font-weight: 400;\">Para llegar a la decisi\u00f3n final, un grupo de expertos analizan las tendencias y hacen una extensa investigaci\u00f3n que les permite ver cuales son los colores que m\u00e1s se usan. Observan los colores en la pel\u00edculas, en las obras de los artistas contempor\u00e1neos, los looks que ponen los dise\u00f1adores en pasarelas, el <\/span><i><span style=\"font-weight: 400;\">street style<\/span><\/i><span style=\"font-weight: 400;\"> de ciudades grandes, los destinos donde la gente vacaciona y por supuesto, analizan todo el comportamiento de los usuarios en redes sociales. \u00a0<\/span><\/p>\n<p><span style=\"font-weight: 400;\">Una vez que eligen el color la gente empieza a reaccionar y <em>boom!<\/em> de repente quieres un lipstick en ese tono, o quieres correr por un blush de <strong>NARS<\/strong> o quieres pintar tu cuarto de ese color. <\/span><\/p>\n<p><span style=\"font-weight: 400;\">Debes saber que el color que eligen ya existe en la paleta de Pantone, as\u00ed que no, no lo est\u00e1n inventando. El hecho de que lo diga un instituto tan reconocido hace que la gente lo considere como decisi\u00f3n final. Y lo \u00fanico que quiere Pantone cada a\u00f1o es sencillo: quiere que te diviertas y lo uses como forma de expresi\u00f3n. <\/span><\/p>\n<p><span style=\"font-weight: 400;\">As\u00ed que, decidimos hacer un mood board con productos en tonos coral para que empieces a adoptar la tendencia\u2026 y no, no tiene peces.<\/span><\/p>\n<p>&nbsp;<\/p>\n<figure id=\"attachment_59738\" aria-describedby=\"caption-attachment-59738\" style=\"width: 669px\" class=\"wp-caption alignnone\"><img loading=\"lazy\" decoding=\"async\" class=\"wp-image-59738 size-large\" src=\"https:\/\/grazia.mx\/wp-content\/uploads\/sites\/12\/2018\/12\/f88bf4b8bbfabf2aca38f9075250aaa8-700x1072.jpg\" alt=\"\" width=\"669\" height=\"1024\" \/><figcaption id=\"caption-attachment-59738\" class=\"wp-caption-text\">Campa\u00f1a C\u00e9line por Juergen Teller.<\/figcaption><\/figure>\n<figure id=\"attachment_59739\" aria-describedby=\"caption-attachment-59739\" style=\"width: 683px\" class=\"wp-caption alignnone\"><img loading=\"lazy\" decoding=\"async\" class=\"wp-image-59739 size-large\" src=\"https:\/\/grazia.mx\/wp-content\/uploads\/sites\/12\/2018\/12\/1069074_in_xl-700x1050.jpg\" alt=\"\" width=\"683\" height=\"1024\" \/><figcaption id=\"caption-attachment-59739\" class=\"wp-caption-text\">Tenis Off-White.<\/figcaption><\/figure>\n<p>&nbsp;<\/p>\n<figure id=\"attachment_59740\" aria-describedby=\"caption-attachment-59740\" style=\"width: 683px\" class=\"wp-caption alignnone\"><img loading=\"lazy\" decoding=\"async\" class=\"wp-image-59740 size-large\" src=\"https:\/\/grazia.mx\/wp-content\/uploads\/sites\/12\/2018\/12\/1110355_in_xl-700x1050.jpg\" alt=\"\" width=\"683\" height=\"1024\" \/><figcaption id=\"caption-attachment-59740\" class=\"wp-caption-text\">Pantal\u00f3n Victoria Beckham.<\/figcaption><\/figure>\n<p>&nbsp;<\/p>\n<figure id=\"attachment_59741\" aria-describedby=\"caption-attachment-59741\" style=\"width: 700px\" class=\"wp-caption alignnone\"><img loading=\"lazy\" decoding=\"async\" class=\"wp-image-59741 size-large\" src=\"https:\/\/grazia.mx\/wp-content\/uploads\/sites\/12\/2018\/12\/31326510_223997991691446_4358738068467875840_n-700x875.jpg\" alt=\"\" width=\"700\" height=\"875\" \/><figcaption id=\"caption-attachment-59741\" class=\"wp-caption-text\">Marylin Monroe.<\/figcaption><\/figure>\n<p>&nbsp;<\/p>\n<figure id=\"attachment_59742\" aria-describedby=\"caption-attachment-59742\" style=\"width: 700px\" class=\"wp-caption alignnone\"><img loading=\"lazy\" decoding=\"async\" class=\"wp-image-59742 size-large\" src=\"https:\/\/grazia.mx\/wp-content\/uploads\/sites\/12\/2018\/12\/dior-vernis-445-coral-crush-700x998.jpg\" alt=\"\" width=\"700\" height=\"998\" \/><figcaption id=\"caption-attachment-59742\" class=\"wp-caption-text\">Barniz en Coral Crush de Dior.<\/figcaption><\/figure>\n<p>&nbsp;<\/p>\n<p><em><strong>Im\u00e1genes cortes\u00eda.<br \/>\nTexto originalmente publicado en <a href=\"https:\/\/grazia.mx\/\" target=\"_blank\" rel=\"noopener\" target=\"_blank\">Grazia.mx<\/a>.<\/strong><\/em><\/p>\n","protected":false},"author":24470,"featured_media":143390,"template":"","format":"standard","categories":[3,1],"acf":[],"yoast_head":"<!-- This site is optimized with the Yoast SEO Premium plugin v18.5 (Yoast SEO v20.4) - https:\/\/yoast.com\/wordpress\/plugins\/seo\/ -->\n<title>Y el color del 2019 seg\u00fan Pantone es... | Grazia<\/title>\n<meta name=\"description\" content=\"Pantone ha elegido el color del a\u00f1o 2019, as\u00ed que prep\u00e1rate para ver tu feed de Instagram lleno de tonos corales.\" \/>\n<meta name=\"robots\" content=\"index, follow, max-snippet:-1, max-image-preview:large, max-video-preview:-1\" \/>\n<link rel=\"canonical\" href=\"https:\/\/graziamagazine.com\/es\/articles\/y-el-color-del-2019-segun-pantone-es\/\" \/>\n<meta property=\"og:locale\" content=\"es_ES\" \/>\n<meta property=\"og:type\" content=\"article\" \/>\n<meta property=\"og:title\" content=\"Y el color del 2019 seg\u00fan Pantone es...\" \/>\n<meta property=\"og:description\" content=\"Pantone ha elegido el color del a\u00f1o 2019, as\u00ed que prep\u00e1rate para ver tu feed de Instagram lleno de tonos corales.\" \/>\n<meta property=\"og:url\" content=\"https:\/\/graziamagazine.com\/es\/articles\/y-el-color-del-2019-segun-pantone-es\/\" \/>\n<meta property=\"og:site_name\" content=\"Grazia\" \/>\n<meta property=\"article:modified_time\" content=\"2018-12-06T23:08:52+00:00\" \/>\n<meta property=\"og:image\" content=\"https:\/\/graziamagazine.com\/es\/wp-content\/uploads\/sites\/12\/2018\/12\/pantone_gres.jpg?fit=1800%2C1200\" \/>\n\t<meta property=\"og:image:width\" content=\"1800\" \/>\n\t<meta property=\"og:image:height\" content=\"1200\" \/>\n\t<meta property=\"og:image:type\" content=\"image\/jpeg\" \/>\n<meta name=\"twitter:card\" content=\"summary_large_image\" \/>\n<meta name=\"twitter:label1\" content=\"Est. reading time\" \/>\n\t<meta name=\"twitter:data1\" content=\"2 minutos\" \/>\n<script type=\"application\/ld+json\" class=\"yoast-schema-graph\">{\"@context\":\"https:\/\/schema.org\",\"@graph\":[{\"@type\":\"WebPage\",\"@id\":\"https:\/\/graziamagazine.com\/es\/articles\/y-el-color-del-2019-segun-pantone-es\/\",\"url\":\"https:\/\/graziamagazine.com\/es\/articles\/y-el-color-del-2019-segun-pantone-es\/\",\"name\":\"Y el color del 2019 seg\u00fan Pantone es... | Grazia\",\"isPartOf\":{\"@id\":\"https:\/\/graziamagazine.com\/es\/#website\"},\"datePublished\":\"2018-12-06T23:06:04+00:00\",\"dateModified\":\"2018-12-06T23:08:52+00:00\",\"description\":\"Pantone ha elegido el color del a\u00f1o 2019, as\u00ed que prep\u00e1rate para ver tu feed de Instagram lleno de tonos corales.\",\"breadcrumb\":{\"@id\":\"https:\/\/graziamagazine.com\/es\/articles\/y-el-color-del-2019-segun-pantone-es\/#breadcrumb\"},\"inLanguage\":\"es\",\"potentialAction\":[{\"@type\":\"ReadAction\",\"target\":[\"https:\/\/graziamagazine.com\/es\/articles\/y-el-color-del-2019-segun-pantone-es\/\"]}]},{\"@type\":\"BreadcrumbList\",\"@id\":\"https:\/\/graziamagazine.com\/es\/articles\/y-el-color-del-2019-segun-pantone-es\/#breadcrumb\",\"itemListElement\":[{\"@type\":\"ListItem\",\"position\":1,\"name\":\"Portada\",\"item\":\"https:\/\/graziamagazine.com\/es\/\"},{\"@type\":\"ListItem\",\"position\":2,\"name\":\"Y el color del 2019 seg\u00fan Pantone es&#8230;\"}]},{\"@type\":\"WebSite\",\"@id\":\"https:\/\/graziamagazine.com\/es\/#website\",\"url\":\"https:\/\/graziamagazine.com\/es\/\",\"name\":\"Grazia\",\"description\":\"Moda, belleza, celebrities, estilo de vida...\",\"potentialAction\":[{\"@type\":\"SearchAction\",\"target\":{\"@type\":\"EntryPoint\",\"urlTemplate\":\"https:\/\/graziamagazine.com\/es\/?s={search_term_string}\"},\"query-input\":\"required name=search_term_string\"}],\"inLanguage\":\"es\"}]}<\/script>\n<!-- \/ Yoast SEO Premium plugin. -->","yoast_head_json":{"title":"Y el color del 2019 seg\u00fan Pantone es... | Grazia","description":"Pantone ha elegido el color del a\u00f1o 2019, as\u00ed que prep\u00e1rate para ver tu feed de Instagram lleno de tonos corales.","robots":{"index":"index","follow":"follow","max-snippet":"max-snippet:-1","max-image-preview":"max-image-preview:large","max-video-preview":"max-video-preview:-1"},"canonical":"https:\/\/graziamagazine.com\/es\/articles\/y-el-color-del-2019-segun-pantone-es\/","og_locale":"es_ES","og_type":"article","og_title":"Y el color del 2019 seg\u00fan Pantone es...","og_description":"Pantone ha elegido el color del a\u00f1o 2019, as\u00ed que prep\u00e1rate para ver tu feed de Instagram lleno de tonos corales.","og_url":"https:\/\/graziamagazine.com\/es\/articles\/y-el-color-del-2019-segun-pantone-es\/","og_site_name":"Grazia","article_modified_time":"2018-12-06T23:08:52+00:00","og_image":[{"width":1800,"height":1200,"url":"https:\/\/graziamagazine.com\/es\/wp-content\/uploads\/sites\/12\/2018\/12\/pantone_gres.jpg?fit=1800%2C1200","type":"image\/jpeg"}],"twitter_card":"summary_large_image","twitter_misc":{"Est. reading time":"2 minutos"},"schema":{"@context":"https:\/\/schema.org","@graph":[{"@type":"WebPage","@id":"https:\/\/graziamagazine.com\/es\/articles\/y-el-color-del-2019-segun-pantone-es\/","url":"https:\/\/graziamagazine.com\/es\/articles\/y-el-color-del-2019-segun-pantone-es\/","name":"Y el color del 2019 seg\u00fan Pantone es... | Grazia","isPartOf":{"@id":"https:\/\/graziamagazine.com\/es\/#website"},"datePublished":"2018-12-06T23:06:04+00:00","dateModified":"2018-12-06T23:08:52+00:00","description":"Pantone ha elegido el color del a\u00f1o 2019, as\u00ed que prep\u00e1rate para ver tu feed de Instagram lleno de tonos corales.","breadcrumb":{"@id":"https:\/\/graziamagazine.com\/es\/articles\/y-el-color-del-2019-segun-pantone-es\/#breadcrumb"},"inLanguage":"es","potentialAction":[{"@type":"ReadAction","target":["https:\/\/graziamagazine.com\/es\/articles\/y-el-color-del-2019-segun-pantone-es\/"]}]},{"@type":"BreadcrumbList","@id":"https:\/\/graziamagazine.com\/es\/articles\/y-el-color-del-2019-segun-pantone-es\/#breadcrumb","itemListElement":[{"@type":"ListItem","position":1,"name":"Portada","item":"https:\/\/graziamagazine.com\/es\/"},{"@type":"ListItem","position":2,"name":"Y el color del 2019 seg\u00fan Pantone es&#8230;"}]},{"@type":"WebSite","@id":"https:\/\/graziamagazine.com\/es\/#website","url":"https:\/\/graziamagazine.com\/es\/","name":"Grazia","description":"Moda, belleza, celebrities, estilo de vida...","potentialAction":[{"@type":"SearchAction","target":{"@type":"EntryPoint","urlTemplate":"https:\/\/graziamagazine.com\/es\/?s={search_term_string}"},"query-input":"required name=search_term_string"}],"inLanguage":"es"}]}},"jetpack_sharing_enabled":true,"distributor_meta":false,"distributor_terms":false,"distributor_media":false,"distributor_original_site_name":"Grazia","distributor_original_site_url":"https:\/\/graziamagazine.com\/es","push-errors":false,"_links":{"self":[{"href":"https:\/\/graziamagazine.com\/es\/wp-json\/wp\/v2\/articles\/143388"}],"collection":[{"href":"https:\/\/graziamagazine.com\/es\/wp-json\/wp\/v2\/articles"}],"about":[{"href":"https:\/\/graziamagazine.com\/es\/wp-json\/wp\/v2\/types\/articles"}],"author":[{"embeddable":true,"href":"https:\/\/graziamagazine.com\/es\/wp-json\/wp\/v2\/users\/24470"}],"wp:featuredmedia":[{"embeddable":true,"href":"https:\/\/graziamagazine.com\/es\/wp-json\/wp\/v2\/media\/143390"}],"wp:attachment":[{"href":"https:\/\/graziamagazine.com\/es\/wp-json\/wp\/v2\/media?parent=143388"}],"wp:term":[{"taxonomy":"category","embeddable":true,"href":"https:\/\/graziamagazine.com\/es\/wp-json\/wp\/v2\/categories?post=143388"}],"curies":[{"name":"wp","href":"https:\/\/api.w.org\/{rel}","templated":true}]}}