{"id":143339,"date":"2018-12-03T18:33:40","date_gmt":"2018-12-03T17:33:40","guid":{"rendered":"https:\/\/graziamagazine.com\/es\/?p=143339"},"modified":"2018-12-03T18:33:45","modified_gmt":"2018-12-03T17:33:45","slug":"versace-resucita-el-iconico-modelo-que-dejo-ver-mas-de-lo-esperado-del-cuerpo-de-jennifer-lopez-en-el-2000","status":"publish","type":"articles","link":"https:\/\/graziamagazine.com\/es\/articles\/versace-resucita-el-iconico-modelo-que-dejo-ver-mas-de-lo-esperado-del-cuerpo-de-jennifer-lopez-en-el-2000\/","title":{"rendered":"Versace resucita el ic\u00f3nico modelo que dej\u00f3 ver (m\u00e1s de lo esperado) del cuerpo de Jennifer Lopez en el 2000"},"content":{"rendered":"<p>\u00bfRecuerdas la colecci\u00f3n primavera\/verano 2000 de\u00a0<b>Versace<\/b>? Esa en la que la casa empez\u00f3 un nuevo cap\u00edtulo y que se vi\u00f3 coronado por el vestido verde que\u00a0<b>Jennifer Lopez<\/b>\u00a0escogi\u00f3 para llevar a la ceremonia de los premios\u00a0<b>Grammy<\/b>.<\/p>\n<p>Ese vestido, adem\u00e1s de crear\u00a0controversia por lo mucho que dejaba ver, fue una de las razones por las que ahora puedes buscar im\u00e1genes en\u00a0<b>Google<\/b>. (Debido a que la gente buscaba la foto de JLo en internet, decidieron agregar esa funci\u00f3n). As\u00ed que, ese momento no solo contribuy\u00f3 a la historia del buscador m\u00e1s famoso, sino que posicion\u00f3 a\u00a0<b>Donatella Versace<\/b>\u00a0como dise\u00f1adora, saliendo de la sombra de Gianni Versace para estar por fin ante los reflectores.<\/p>\n<p>En la pasarela de esa colecci\u00f3n, la modelo\u00a0<b>Amber Valletta<\/b>\u00a0fue la elegida para llevar ese vestido. La elecci\u00f3n de Jennifer Lopez fue tan importante para la marca como cuando\u00a0<b>Liz Hurley<\/b>\u00a0decidi\u00f3 llevar el vestido negro con imperdibles a la premiere de<i>\u00a0Cuatro bodas y un funeral<\/i>, para acompa\u00f1ar a su entonces esposo, <strong>Hugh Grant<\/strong>, y de paso quedar registrada en la historia de los mejores<em> looks<\/em> de alfombra roja en la d\u00e9cada de los 90s.<\/p>\n<p>&nbsp;<\/p>\n<div id=\"attachment_59562\" class=\"wp-caption alignnone\">\n<p><img loading=\"lazy\" decoding=\"async\" class=\"wp-image-59562 size-full\" src=\"http:\/\/grazia.mx\/wp-content\/uploads\/sites\/12\/2018\/12\/grant.jpg\" sizes=\"(max-width: 615px) 100vw, 615px\" srcset=\"http:\/\/grazia.mx\/wp-content\/uploads\/sites\/12\/2018\/12\/grant.jpg 615w, http:\/\/grazia.mx\/wp-content\/uploads\/sites\/12\/2018\/12\/grant-250x448.jpg 250w, http:\/\/grazia.mx\/wp-content\/uploads\/sites\/12\/2018\/12\/grant-120x215.jpg 120w\" alt=\"\" width=\"615\" height=\"1103\" \/><\/p>\n<p class=\"wp-caption-text\">Liz Hurley y Hugh Grant.<\/p>\n<\/div>\n<p>&nbsp;<\/p>\n<p>Este domingo, Versace present\u00f3 su colecci\u00f3n Pre Fall 2019 en medio de muchos cambios, no solo porque la marca fue adquirida por el grupo de <strong>Michael Kors<\/strong>, sino porque eligi\u00f3 Nueva York como escenario. Pero a estos cambios hab\u00eda que agregarle un factor conocido, uno que representara el ADN de la marca y le recordara a la gente esos dos momentos emblem\u00e1ticos para la casa italiana.<\/p>\n<p>La modelo <strong>Vittoria Ceretti<\/strong> camin\u00f3 por la pasarela con una nueva versi\u00f3n del vestido negro de Hurley, mientras que el \u201cJLo dress\u201d cerr\u00f3 la pasarela y por supuesto fue Amber Valletta quien lo llev\u00f3.<\/p>\n<p>Esta colecci\u00f3n es una muestra m\u00e1s de que cuando se trata de jugar con la nostalgia, Versace lo hace muy bien. Ya sea reuniendo a las supermodelos de los 90s que aparecieron en el v\u00eddeo de <strong>George Michael<\/strong> o reviviendo looks ic\u00f3nicos.<\/p>\n<p>&nbsp;<\/p>\n<div id=\"attachment_59566\" class=\"wp-caption alignnone\">\n<p><img loading=\"lazy\" decoding=\"async\" class=\"wp-image-59566 size-full\" src=\"http:\/\/grazia.mx\/wp-content\/uploads\/sites\/12\/2018\/12\/ALE0770.jpg\" sizes=\"(max-width: 2732px) 100vw, 2732px\" srcset=\"http:\/\/grazia.mx\/wp-content\/uploads\/sites\/12\/2018\/12\/ALE0770.jpg 2732w, http:\/\/grazia.mx\/wp-content\/uploads\/sites\/12\/2018\/12\/ALE0770-250x375.jpg 250w, http:\/\/grazia.mx\/wp-content\/uploads\/sites\/12\/2018\/12\/ALE0770-768x1152.jpg 768w, http:\/\/grazia.mx\/wp-content\/uploads\/sites\/12\/2018\/12\/ALE0770-700x1050.jpg 700w, http:\/\/grazia.mx\/wp-content\/uploads\/sites\/12\/2018\/12\/ALE0770-120x180.jpg 120w, http:\/\/grazia.mx\/wp-content\/uploads\/sites\/12\/2018\/12\/ALE0770-100x150.jpg 100w\" alt=\"\" width=\"2732\" height=\"4098\" \/><\/p>\n<p class=\"wp-caption-text\">Versace Pre Fall 2019.<\/p>\n<\/div>\n<p>&nbsp;<\/p>\n<p>Ve el <em>show<\/em> completo aqu\u00ed:<\/p>\n<p><iframe loading=\"lazy\" src=\"https:\/\/www.youtube.com\/embed\/jwaDrH1obwo\" width=\"560\" height=\"315\" frameborder=\"0\" allowfullscreen=\"allowfullscreen\"><\/iframe><\/p>\n<p><em>Fotos: Getty Images<\/em><\/p>\n","protected":false},"author":11646,"featured_media":143340,"template":"","format":"standard","categories":[1],"acf":[],"yoast_head":"<!-- This site is optimized with the Yoast SEO Premium plugin v18.5 (Yoast SEO v20.4) - https:\/\/yoast.com\/wordpress\/plugins\/seo\/ -->\n<title>Versace resucita el ic\u00f3nico modelo que dej\u00f3 ver (m\u00e1s de lo esperado) del cuerpo de Jennifer Lopez en el 2000 | Grazia<\/title>\n<meta name=\"description\" content=\"\u00bfQu\u00e9 te parece esta nueva versi\u00f3n?\" \/>\n<meta name=\"robots\" content=\"index, follow, max-snippet:-1, max-image-preview:large, max-video-preview:-1\" \/>\n<link rel=\"canonical\" href=\"https:\/\/graziamagazine.com\/es\/articles\/versace-resucita-el-iconico-modelo-que-dejo-ver-mas-de-lo-esperado-del-cuerpo-de-jennifer-lopez-en-el-2000\/\" \/>\n<meta property=\"og:locale\" content=\"es_ES\" \/>\n<meta property=\"og:type\" content=\"article\" \/>\n<meta property=\"og:title\" content=\"Versace resucita el ic\u00f3nico modelo que dej\u00f3 ver (m\u00e1s de lo esperado) del cuerpo de Jennifer Lopez en el 2000\" \/>\n<meta property=\"og:description\" content=\"\u00bfQu\u00e9 te parece esta nueva versi\u00f3n?\" \/>\n<meta property=\"og:url\" content=\"https:\/\/graziamagazine.com\/es\/articles\/versace-resucita-el-iconico-modelo-que-dejo-ver-mas-de-lo-esperado-del-cuerpo-de-jennifer-lopez-en-el-2000\/\" \/>\n<meta property=\"og:site_name\" content=\"Grazia\" \/>\n<meta property=\"article:modified_time\" content=\"2018-12-03T17:33:45+00:00\" \/>\n<meta property=\"og:image\" content=\"https:\/\/graziamagazine.com\/es\/wp-content\/uploads\/sites\/12\/2018\/12\/GettyImages-2279593.jpg?fit=1333%2C2000\" \/>\n\t<meta property=\"og:image:width\" content=\"1333\" \/>\n\t<meta property=\"og:image:height\" content=\"2000\" \/>\n\t<meta property=\"og:image:type\" content=\"image\/jpeg\" \/>\n<meta name=\"twitter:card\" content=\"summary_large_image\" \/>\n<meta name=\"twitter:label1\" content=\"Est. reading time\" \/>\n\t<meta name=\"twitter:data1\" content=\"2 minutos\" \/>\n<script type=\"application\/ld+json\" class=\"yoast-schema-graph\">{\"@context\":\"https:\/\/schema.org\",\"@graph\":[{\"@type\":\"WebPage\",\"@id\":\"https:\/\/graziamagazine.com\/es\/articles\/versace-resucita-el-iconico-modelo-que-dejo-ver-mas-de-lo-esperado-del-cuerpo-de-jennifer-lopez-en-el-2000\/\",\"url\":\"https:\/\/graziamagazine.com\/es\/articles\/versace-resucita-el-iconico-modelo-que-dejo-ver-mas-de-lo-esperado-del-cuerpo-de-jennifer-lopez-en-el-2000\/\",\"name\":\"Versace resucita el ic\u00f3nico modelo que dej\u00f3 ver (m\u00e1s de lo esperado) del cuerpo de Jennifer Lopez en el 2000 | Grazia\",\"isPartOf\":{\"@id\":\"https:\/\/graziamagazine.com\/es\/#website\"},\"datePublished\":\"2018-12-03T17:33:40+00:00\",\"dateModified\":\"2018-12-03T17:33:45+00:00\",\"description\":\"\u00bfQu\u00e9 te parece esta nueva versi\u00f3n?\",\"breadcrumb\":{\"@id\":\"https:\/\/graziamagazine.com\/es\/articles\/versace-resucita-el-iconico-modelo-que-dejo-ver-mas-de-lo-esperado-del-cuerpo-de-jennifer-lopez-en-el-2000\/#breadcrumb\"},\"inLanguage\":\"es\",\"potentialAction\":[{\"@type\":\"ReadAction\",\"target\":[\"https:\/\/graziamagazine.com\/es\/articles\/versace-resucita-el-iconico-modelo-que-dejo-ver-mas-de-lo-esperado-del-cuerpo-de-jennifer-lopez-en-el-2000\/\"]}]},{\"@type\":\"BreadcrumbList\",\"@id\":\"https:\/\/graziamagazine.com\/es\/articles\/versace-resucita-el-iconico-modelo-que-dejo-ver-mas-de-lo-esperado-del-cuerpo-de-jennifer-lopez-en-el-2000\/#breadcrumb\",\"itemListElement\":[{\"@type\":\"ListItem\",\"position\":1,\"name\":\"Portada\",\"item\":\"https:\/\/graziamagazine.com\/es\/\"},{\"@type\":\"ListItem\",\"position\":2,\"name\":\"Versace resucita el ic\u00f3nico modelo que dej\u00f3 ver (m\u00e1s de lo esperado) del cuerpo de Jennifer Lopez en el 2000\"}]},{\"@type\":\"WebSite\",\"@id\":\"https:\/\/graziamagazine.com\/es\/#website\",\"url\":\"https:\/\/graziamagazine.com\/es\/\",\"name\":\"Grazia\",\"description\":\"Moda, belleza, celebrities, estilo de vida...\",\"potentialAction\":[{\"@type\":\"SearchAction\",\"target\":{\"@type\":\"EntryPoint\",\"urlTemplate\":\"https:\/\/graziamagazine.com\/es\/?s={search_term_string}\"},\"query-input\":\"required name=search_term_string\"}],\"inLanguage\":\"es\"}]}<\/script>\n<!-- \/ Yoast SEO Premium plugin. -->","yoast_head_json":{"title":"Versace resucita el ic\u00f3nico modelo que dej\u00f3 ver (m\u00e1s de lo esperado) del cuerpo de Jennifer Lopez en el 2000 | Grazia","description":"\u00bfQu\u00e9 te parece esta nueva versi\u00f3n?","robots":{"index":"index","follow":"follow","max-snippet":"max-snippet:-1","max-image-preview":"max-image-preview:large","max-video-preview":"max-video-preview:-1"},"canonical":"https:\/\/graziamagazine.com\/es\/articles\/versace-resucita-el-iconico-modelo-que-dejo-ver-mas-de-lo-esperado-del-cuerpo-de-jennifer-lopez-en-el-2000\/","og_locale":"es_ES","og_type":"article","og_title":"Versace resucita el ic\u00f3nico modelo que dej\u00f3 ver (m\u00e1s de lo esperado) del cuerpo de Jennifer Lopez en el 2000","og_description":"\u00bfQu\u00e9 te parece esta nueva versi\u00f3n?","og_url":"https:\/\/graziamagazine.com\/es\/articles\/versace-resucita-el-iconico-modelo-que-dejo-ver-mas-de-lo-esperado-del-cuerpo-de-jennifer-lopez-en-el-2000\/","og_site_name":"Grazia","article_modified_time":"2018-12-03T17:33:45+00:00","og_image":[{"width":1333,"height":2000,"url":"https:\/\/graziamagazine.com\/es\/wp-content\/uploads\/sites\/12\/2018\/12\/GettyImages-2279593.jpg?fit=1333%2C2000","type":"image\/jpeg"}],"twitter_card":"summary_large_image","twitter_misc":{"Est. reading time":"2 minutos"},"schema":{"@context":"https:\/\/schema.org","@graph":[{"@type":"WebPage","@id":"https:\/\/graziamagazine.com\/es\/articles\/versace-resucita-el-iconico-modelo-que-dejo-ver-mas-de-lo-esperado-del-cuerpo-de-jennifer-lopez-en-el-2000\/","url":"https:\/\/graziamagazine.com\/es\/articles\/versace-resucita-el-iconico-modelo-que-dejo-ver-mas-de-lo-esperado-del-cuerpo-de-jennifer-lopez-en-el-2000\/","name":"Versace resucita el ic\u00f3nico modelo que dej\u00f3 ver (m\u00e1s de lo esperado) del cuerpo de Jennifer Lopez en el 2000 | Grazia","isPartOf":{"@id":"https:\/\/graziamagazine.com\/es\/#website"},"datePublished":"2018-12-03T17:33:40+00:00","dateModified":"2018-12-03T17:33:45+00:00","description":"\u00bfQu\u00e9 te parece esta nueva versi\u00f3n?","breadcrumb":{"@id":"https:\/\/graziamagazine.com\/es\/articles\/versace-resucita-el-iconico-modelo-que-dejo-ver-mas-de-lo-esperado-del-cuerpo-de-jennifer-lopez-en-el-2000\/#breadcrumb"},"inLanguage":"es","potentialAction":[{"@type":"ReadAction","target":["https:\/\/graziamagazine.com\/es\/articles\/versace-resucita-el-iconico-modelo-que-dejo-ver-mas-de-lo-esperado-del-cuerpo-de-jennifer-lopez-en-el-2000\/"]}]},{"@type":"BreadcrumbList","@id":"https:\/\/graziamagazine.com\/es\/articles\/versace-resucita-el-iconico-modelo-que-dejo-ver-mas-de-lo-esperado-del-cuerpo-de-jennifer-lopez-en-el-2000\/#breadcrumb","itemListElement":[{"@type":"ListItem","position":1,"name":"Portada","item":"https:\/\/graziamagazine.com\/es\/"},{"@type":"ListItem","position":2,"name":"Versace resucita el ic\u00f3nico modelo que dej\u00f3 ver (m\u00e1s de lo esperado) del cuerpo de Jennifer Lopez en el 2000"}]},{"@type":"WebSite","@id":"https:\/\/graziamagazine.com\/es\/#website","url":"https:\/\/graziamagazine.com\/es\/","name":"Grazia","description":"Moda, belleza, celebrities, estilo de vida...","potentialAction":[{"@type":"SearchAction","target":{"@type":"EntryPoint","urlTemplate":"https:\/\/graziamagazine.com\/es\/?s={search_term_string}"},"query-input":"required name=search_term_string"}],"inLanguage":"es"}]}},"jetpack_sharing_enabled":true,"distributor_meta":false,"distributor_terms":false,"distributor_media":false,"distributor_original_site_name":"Grazia","distributor_original_site_url":"https:\/\/graziamagazine.com\/es","push-errors":false,"_links":{"self":[{"href":"https:\/\/graziamagazine.com\/es\/wp-json\/wp\/v2\/articles\/143339"}],"collection":[{"href":"https:\/\/graziamagazine.com\/es\/wp-json\/wp\/v2\/articles"}],"about":[{"href":"https:\/\/graziamagazine.com\/es\/wp-json\/wp\/v2\/types\/articles"}],"author":[{"embeddable":true,"href":"https:\/\/graziamagazine.com\/es\/wp-json\/wp\/v2\/users\/11646"}],"wp:featuredmedia":[{"embeddable":true,"href":"https:\/\/graziamagazine.com\/es\/wp-json\/wp\/v2\/media\/143340"}],"wp:attachment":[{"href":"https:\/\/graziamagazine.com\/es\/wp-json\/wp\/v2\/media?parent=143339"}],"wp:term":[{"taxonomy":"category","embeddable":true,"href":"https:\/\/graziamagazine.com\/es\/wp-json\/wp\/v2\/categories?post=143339"}],"curies":[{"name":"wp","href":"https:\/\/api.w.org\/{rel}","templated":true}]}}