{"id":143006,"date":"2018-11-20T17:16:09","date_gmt":"2018-11-20T16:16:09","guid":{"rendered":"https:\/\/graziamagazine.com\/es\/?p=143006"},"modified":"2018-11-20T19:51:14","modified_gmt":"2018-11-20T18:51:14","slug":"balenciaga-palomo-spain-y-jesus-del-pozo-se-reunen-en-madrid","status":"publish","type":"articles","link":"https:\/\/graziamagazine.com\/es\/articles\/balenciaga-palomo-spain-y-jesus-del-pozo-se-reunen-en-madrid\/","title":{"rendered":"Balenciaga, Palomo Spain y Jes\u00fas del Pozo se re\u00fanen en Madrid"},"content":{"rendered":"<div class=\"\">\n<p>Lo de analizar a detalle las propuestas de las semanas de la moda m\u00e1s importantes del mundo est\u00e1 muy bien. Sin embargo, aunque es un hecho que las creaciones de <strong>Karl Lagerfeld<\/strong> y <strong>Andrea Missoni<\/strong> son aut\u00e9nticas obras de arte, es momento de que miremos dentro de nuestras fronteras para rendir un \u2014merecido\u2014 homenaje a la historia de la industria en Espa\u00f1a.<\/p>\n<p>\u00bfTe imaginas una exposici\u00f3n donde\u00a0piezas \u00fanicas de dise\u00f1adores como <strong>Crist\u00f3bal Balenciaga, Manuel Pertegaz, Jes\u00fas del Pozo, Paco Rabanne <\/strong>o<strong> Palomo Spain<\/strong> confluyan en perfecta sinton\u00eda? Amantes de la moda, os tenemos una buena noticia. La comunidad de Madrid presenta\u00a0<em>Modus. A la manera de Espa\u00f1a<\/em>, en la Sala Canal de Isabel II, del 4 de diciembre de 2018 al 3 de marzo de 2019.<\/p>\n<p>Con entrada gratuita y comisariada por <strong>Ra\u00fal Marina<\/strong> y <strong>Wanda Morales<\/strong>, esta muestra realizar\u00e1 un recorrido por la historia de la moda espa\u00f1ola a trav\u00e9s de las piezas m\u00e1s representativas de los creadores m\u00e1s relevantes y significativos de todos los tiempos. Gracias a la amplia selecci\u00f3n de piezas, la muestra expresa el concepto de \u201clo espa\u00f1ol\u201d en la moda a trav\u00e9s de grandes ejes tem\u00e1ticos que articulan el discurso expositivo.<\/p>\n<p>El traje de corte y, de manera muy especial, el negro, protagoniza una de estas \u00e1reas tem\u00e1ticas. El negro, color asociado a la monarqu\u00eda hispana &#8211; especialmente durante el siglo XVI- se impuso en todas las cortes europeas, y ha sido retomado en sus piezas dise\u00f1adores cl\u00e1sicos como <strong>Balenciaga<\/strong> o <strong>Fortuny<\/strong>, o m\u00e1s contempor\u00e1neos como <strong>Davidelf\u00edn, Ana Locking <\/strong>o<strong> Amaya Arzuaga<\/strong>.<\/p>\n<p>La influencia de la est\u00e9tica religiosa tambi\u00e9n est\u00e1 presente en la exposici\u00f3n a trav\u00e9s de la sobriedad y rectitud de las l\u00edneas y vol\u00famenes, como se observa en las creaciones de <strong>Pertegaz<\/strong> o <strong>Lemoniez<\/strong>, pero tambi\u00e9n a partir de la utilizaci\u00f3n del bordado y los adornos de encaje. Por otra parte, los regionalismos constituyen una parte importante de la muestra, siendo el mundo andaluz, estereotipado a trav\u00e9s del uso de los colores vivos o las faralaes, como apuntan los dise\u00f1os de<strong> Paco Rabanne<\/strong> o <strong>Juan Duyos<\/strong>, o de la est\u00e9tica de la tauromaquia, apreciable en las creaciones de <strong>Lorenzo Caprile<\/strong> o <strong>Sybilla<\/strong>, uno de los m\u00e1s destacables.<\/p>\n<p>Adem\u00e1s, la muestra incluye una peque\u00f1a pincelada de la influencia de \u201clo espa\u00f1ol\u201d a nivel internacional, a trav\u00e9s de piezas de <strong>Givenchy, Dries Van Noten <\/strong>o<strong> John Galliano o Lanvin<\/strong>, que se han visto seducidos por nuestra cultura y particular est\u00e9tica para plasmarla en sus creaciones.<\/p>\n<p><em>Fotos: Jes\u00fas Madri\u00f1\u00e1n\/ Cortes\u00eda<\/em><\/p>\n<\/div>\n","protected":false},"author":11623,"featured_media":143007,"template":"","format":"standard","categories":[1],"acf":[],"yoast_head":"<!-- This site is optimized with the Yoast SEO Premium plugin v18.5 (Yoast SEO v20.4) - https:\/\/yoast.com\/wordpress\/plugins\/seo\/ -->\n<title>Balenciaga, Palomo Spain y Jes\u00fas del Pozo se re\u00fanen en Madrid | Grazia<\/title>\n<meta name=\"description\" content=\"La exposici\u00f3n &#039;Modus. A la manera de Espa\u00f1a&#039; presenta un recorrido por la historia de la moda espa\u00f1ola a trav\u00e9s de las piezas m\u00e1s representativas de los creadores m\u00e1s relevantes y significativos.\" \/>\n<meta name=\"robots\" content=\"index, follow, max-snippet:-1, max-image-preview:large, max-video-preview:-1\" \/>\n<link rel=\"canonical\" href=\"https:\/\/graziamagazine.com\/es\/articles\/balenciaga-palomo-spain-y-jesus-del-pozo-se-reunen-en-madrid\/\" \/>\n<meta property=\"og:locale\" content=\"es_ES\" \/>\n<meta property=\"og:type\" content=\"article\" \/>\n<meta property=\"og:title\" content=\"Balenciaga, Palomo Spain y Jes\u00fas del Pozo se re\u00fanen en Madrid\" \/>\n<meta property=\"og:description\" content=\"La exposici\u00f3n &#039;Modus. A la manera de Espa\u00f1a&#039; presenta un recorrido por la historia de la moda espa\u00f1ola a trav\u00e9s de las piezas m\u00e1s representativas de los creadores m\u00e1s relevantes y significativos.\" \/>\n<meta property=\"og:url\" content=\"https:\/\/graziamagazine.com\/es\/articles\/balenciaga-palomo-spain-y-jesus-del-pozo-se-reunen-en-madrid\/\" \/>\n<meta property=\"og:site_name\" content=\"Grazia\" \/>\n<meta property=\"article:modified_time\" content=\"2018-11-20T18:51:14+00:00\" \/>\n<meta property=\"og:image\" content=\"https:\/\/graziamagazine.com\/es\/wp-content\/uploads\/sites\/12\/2018\/11\/Untitled-1.jpg\" \/>\n\t<meta property=\"og:image:width\" content=\"1500\" \/>\n\t<meta property=\"og:image:height\" content=\"801\" \/>\n\t<meta property=\"og:image:type\" content=\"image\/jpeg\" \/>\n<meta name=\"twitter:card\" content=\"summary_large_image\" \/>\n<meta name=\"twitter:label1\" content=\"Est. reading time\" \/>\n\t<meta name=\"twitter:data1\" content=\"2 minutos\" \/>\n<script type=\"application\/ld+json\" class=\"yoast-schema-graph\">{\"@context\":\"https:\/\/schema.org\",\"@graph\":[{\"@type\":\"WebPage\",\"@id\":\"https:\/\/graziamagazine.com\/es\/articles\/balenciaga-palomo-spain-y-jesus-del-pozo-se-reunen-en-madrid\/\",\"url\":\"https:\/\/graziamagazine.com\/es\/articles\/balenciaga-palomo-spain-y-jesus-del-pozo-se-reunen-en-madrid\/\",\"name\":\"Balenciaga, Palomo Spain y Jes\u00fas del Pozo se re\u00fanen en Madrid | Grazia\",\"isPartOf\":{\"@id\":\"https:\/\/graziamagazine.com\/es\/#website\"},\"datePublished\":\"2018-11-20T16:16:09+00:00\",\"dateModified\":\"2018-11-20T18:51:14+00:00\",\"description\":\"La exposici\u00f3n 'Modus. A la manera de Espa\u00f1a' presenta un recorrido por la historia de la moda espa\u00f1ola a trav\u00e9s de las piezas m\u00e1s representativas de los creadores m\u00e1s relevantes y significativos.\",\"breadcrumb\":{\"@id\":\"https:\/\/graziamagazine.com\/es\/articles\/balenciaga-palomo-spain-y-jesus-del-pozo-se-reunen-en-madrid\/#breadcrumb\"},\"inLanguage\":\"es\",\"potentialAction\":[{\"@type\":\"ReadAction\",\"target\":[\"https:\/\/graziamagazine.com\/es\/articles\/balenciaga-palomo-spain-y-jesus-del-pozo-se-reunen-en-madrid\/\"]}]},{\"@type\":\"BreadcrumbList\",\"@id\":\"https:\/\/graziamagazine.com\/es\/articles\/balenciaga-palomo-spain-y-jesus-del-pozo-se-reunen-en-madrid\/#breadcrumb\",\"itemListElement\":[{\"@type\":\"ListItem\",\"position\":1,\"name\":\"Portada\",\"item\":\"https:\/\/graziamagazine.com\/es\/\"},{\"@type\":\"ListItem\",\"position\":2,\"name\":\"Balenciaga, Palomo Spain y Jes\u00fas del Pozo se re\u00fanen en Madrid\"}]},{\"@type\":\"WebSite\",\"@id\":\"https:\/\/graziamagazine.com\/es\/#website\",\"url\":\"https:\/\/graziamagazine.com\/es\/\",\"name\":\"Grazia\",\"description\":\"Moda, belleza, celebrities, estilo de vida...\",\"potentialAction\":[{\"@type\":\"SearchAction\",\"target\":{\"@type\":\"EntryPoint\",\"urlTemplate\":\"https:\/\/graziamagazine.com\/es\/?s={search_term_string}\"},\"query-input\":\"required name=search_term_string\"}],\"inLanguage\":\"es\"}]}<\/script>\n<!-- \/ Yoast SEO Premium plugin. -->","yoast_head_json":{"title":"Balenciaga, Palomo Spain y Jes\u00fas del Pozo se re\u00fanen en Madrid | Grazia","description":"La exposici\u00f3n 'Modus. A la manera de Espa\u00f1a' presenta un recorrido por la historia de la moda espa\u00f1ola a trav\u00e9s de las piezas m\u00e1s representativas de los creadores m\u00e1s relevantes y significativos.","robots":{"index":"index","follow":"follow","max-snippet":"max-snippet:-1","max-image-preview":"max-image-preview:large","max-video-preview":"max-video-preview:-1"},"canonical":"https:\/\/graziamagazine.com\/es\/articles\/balenciaga-palomo-spain-y-jesus-del-pozo-se-reunen-en-madrid\/","og_locale":"es_ES","og_type":"article","og_title":"Balenciaga, Palomo Spain y Jes\u00fas del Pozo se re\u00fanen en Madrid","og_description":"La exposici\u00f3n 'Modus. A la manera de Espa\u00f1a' presenta un recorrido por la historia de la moda espa\u00f1ola a trav\u00e9s de las piezas m\u00e1s representativas de los creadores m\u00e1s relevantes y significativos.","og_url":"https:\/\/graziamagazine.com\/es\/articles\/balenciaga-palomo-spain-y-jesus-del-pozo-se-reunen-en-madrid\/","og_site_name":"Grazia","article_modified_time":"2018-11-20T18:51:14+00:00","og_image":[{"width":1500,"height":801,"url":"https:\/\/graziamagazine.com\/es\/wp-content\/uploads\/sites\/12\/2018\/11\/Untitled-1.jpg","type":"image\/jpeg"}],"twitter_card":"summary_large_image","twitter_misc":{"Est. reading time":"2 minutos"},"schema":{"@context":"https:\/\/schema.org","@graph":[{"@type":"WebPage","@id":"https:\/\/graziamagazine.com\/es\/articles\/balenciaga-palomo-spain-y-jesus-del-pozo-se-reunen-en-madrid\/","url":"https:\/\/graziamagazine.com\/es\/articles\/balenciaga-palomo-spain-y-jesus-del-pozo-se-reunen-en-madrid\/","name":"Balenciaga, Palomo Spain y Jes\u00fas del Pozo se re\u00fanen en Madrid | Grazia","isPartOf":{"@id":"https:\/\/graziamagazine.com\/es\/#website"},"datePublished":"2018-11-20T16:16:09+00:00","dateModified":"2018-11-20T18:51:14+00:00","description":"La exposici\u00f3n 'Modus. A la manera de Espa\u00f1a' presenta un recorrido por la historia de la moda espa\u00f1ola a trav\u00e9s de las piezas m\u00e1s representativas de los creadores m\u00e1s relevantes y significativos.","breadcrumb":{"@id":"https:\/\/graziamagazine.com\/es\/articles\/balenciaga-palomo-spain-y-jesus-del-pozo-se-reunen-en-madrid\/#breadcrumb"},"inLanguage":"es","potentialAction":[{"@type":"ReadAction","target":["https:\/\/graziamagazine.com\/es\/articles\/balenciaga-palomo-spain-y-jesus-del-pozo-se-reunen-en-madrid\/"]}]},{"@type":"BreadcrumbList","@id":"https:\/\/graziamagazine.com\/es\/articles\/balenciaga-palomo-spain-y-jesus-del-pozo-se-reunen-en-madrid\/#breadcrumb","itemListElement":[{"@type":"ListItem","position":1,"name":"Portada","item":"https:\/\/graziamagazine.com\/es\/"},{"@type":"ListItem","position":2,"name":"Balenciaga, Palomo Spain y Jes\u00fas del Pozo se re\u00fanen en Madrid"}]},{"@type":"WebSite","@id":"https:\/\/graziamagazine.com\/es\/#website","url":"https:\/\/graziamagazine.com\/es\/","name":"Grazia","description":"Moda, belleza, celebrities, estilo de vida...","potentialAction":[{"@type":"SearchAction","target":{"@type":"EntryPoint","urlTemplate":"https:\/\/graziamagazine.com\/es\/?s={search_term_string}"},"query-input":"required name=search_term_string"}],"inLanguage":"es"}]}},"jetpack_sharing_enabled":true,"distributor_meta":false,"distributor_terms":false,"distributor_media":false,"distributor_original_site_name":"Grazia","distributor_original_site_url":"https:\/\/graziamagazine.com\/es","push-errors":false,"_links":{"self":[{"href":"https:\/\/graziamagazine.com\/es\/wp-json\/wp\/v2\/articles\/143006"}],"collection":[{"href":"https:\/\/graziamagazine.com\/es\/wp-json\/wp\/v2\/articles"}],"about":[{"href":"https:\/\/graziamagazine.com\/es\/wp-json\/wp\/v2\/types\/articles"}],"author":[{"embeddable":true,"href":"https:\/\/graziamagazine.com\/es\/wp-json\/wp\/v2\/users\/11623"}],"wp:featuredmedia":[{"embeddable":true,"href":"https:\/\/graziamagazine.com\/es\/wp-json\/wp\/v2\/media\/143007"}],"wp:attachment":[{"href":"https:\/\/graziamagazine.com\/es\/wp-json\/wp\/v2\/media?parent=143006"}],"wp:term":[{"taxonomy":"category","embeddable":true,"href":"https:\/\/graziamagazine.com\/es\/wp-json\/wp\/v2\/categories?post=143006"}],"curies":[{"name":"wp","href":"https:\/\/api.w.org\/{rel}","templated":true}]}}