{"id":142961,"date":"2018-11-16T19:40:20","date_gmt":"2018-11-16T18:40:20","guid":{"rendered":"https:\/\/graziamagazine.com\/es\/?p=142961"},"modified":"2018-11-16T19:40:20","modified_gmt":"2018-11-16T18:40:20","slug":"los-zapatos-favoritos-de-carrie-bradshaw-estan-de-aniversario-y-pueden-ser-tuyos","status":"publish","type":"articles","link":"https:\/\/graziamagazine.com\/es\/articles\/los-zapatos-favoritos-de-carrie-bradshaw-estan-de-aniversario-y-pueden-ser-tuyos\/","title":{"rendered":"Los zapatos favoritos de Carrie Bradshaw est\u00e1n de aniversario y pueden ser tuyos"},"content":{"rendered":"<p>En moda, es poco probable que un accesorio se vuelva ic\u00f3nico en poco tiempo, generalmente tienen que pasar a\u00f1os y muchas generaciones para convertirlo en cl\u00e1sico. Hablamos de la Birkin Bag de\u00a0<b>Herm\u00e8s<\/b>, la 2.55 de\u00a0<b>Chanel<\/b>\u00a0o la bolsa <em>baguette<\/em> de\u00a0<b>Fendi<\/b>.<\/p>\n<p>Lo que s\u00ed pasa en la moda, es que una vez que una celebridad se apropia de \u00e9l ayuda mucho a convertirlo en icono. Ese es el caso del modelo Hangisi de\u00a0<b>Manolo Blahnik<\/b>. El favorito del personaje de <strong>Sarah Jessica Parker<\/strong> en\u00a0<i>Sex and the City<\/i>.<\/p>\n<p><iframe loading=\"lazy\" class=\"giphy-embed\" src=\"https:\/\/giphy.com\/embed\/eHz7BZavInSJq\" width=\"480\" height=\"362\" frameborder=\"0\" allowfullscreen=\"allowfullscreen\"><\/iframe><\/p>\n<p><a href=\"https:\/\/giphy.com\/gifs\/carrie-frisky-shoulders-eHz7BZavInSJq\" target=\"_blank\">via GIPHY<\/a><\/p>\n<p>\u00bfRecuerdas aquellos tacones azules de sat\u00edn con un broche de pedrer\u00eda? Los que deja en el departamento que compartir\u00eda con Big despu\u00e9s de la boda. \u00bfQui\u00e9n olvida unos zapatos as\u00ed?<\/p>\n<p>En fin, sabemos c\u00f3mo termin\u00f3 eso. En un drama de dos horas y media y una gran nostalgia por la serie. Pero tambi\u00e9n dej\u00f3 un accesorio que muchas quisieron tener y que incluso se agot\u00f3 en tiendas despu\u00e9s de que sali\u00f3 la pel\u00edcula. <strong>Olivia Palermo<\/strong> y <strong>Theodora Richards<\/strong> fueron de las pocas afortunadas de tenerlos en ese momento.<\/p>\n<p>Este mes ese zapatito cumple 10 a\u00f1os y el dise\u00f1ador lo celebr\u00f3 con una colecci\u00f3n c\u00e1psula que podremos conseguir en las tiendas <em>Bergdorf Goodman<\/em> y <em>Nordstrom<\/em>. Bien vale la pena un viaje a Nueva York por una joya que puede dar un toque de color a cualquier outfit \u00bfno crees?<\/p>\n<p><iframe loading=\"lazy\" class=\"giphy-embed\" src=\"https:\/\/giphy.com\/embed\/UCuihHFMbJFXa\" width=\"480\" height=\"348\" frameborder=\"0\" allowfullscreen=\"allowfullscreen\"><\/iframe><\/p>\n<p><a href=\"https:\/\/giphy.com\/gifs\/carrie-frisky-shoulders-UCuihHFMbJFXa\" target=\"_blank\">via GIPHY<\/a><\/p>\n<p><em>Fotos: Getty Images<\/em><\/p>\n","protected":false},"author":11646,"featured_media":40883,"template":"","format":"standard","categories":[1],"acf":[],"yoast_head":"<!-- This site is optimized with the Yoast SEO Premium plugin v18.5 (Yoast SEO v20.4) - https:\/\/yoast.com\/wordpress\/plugins\/seo\/ -->\n<title>Los zapatos favoritos de Carrie Bradshaw est\u00e1n de aniversario y pueden ser tuyos | Grazia<\/title>\n<meta name=\"description\" content=\"Manolo Blahnik saca una edici\u00f3n especial del ic\u00f3nico modelo Hangisi.\" \/>\n<meta name=\"robots\" content=\"index, follow, max-snippet:-1, max-image-preview:large, max-video-preview:-1\" \/>\n<link rel=\"canonical\" href=\"https:\/\/graziamagazine.com\/es\/articles\/los-zapatos-favoritos-de-carrie-bradshaw-estan-de-aniversario-y-pueden-ser-tuyos\/\" \/>\n<meta property=\"og:locale\" content=\"es_ES\" \/>\n<meta property=\"og:type\" content=\"article\" \/>\n<meta property=\"og:title\" content=\"Los zapatos favoritos de Carrie Bradshaw est\u00e1n de aniversario y pueden ser tuyos\" \/>\n<meta property=\"og:description\" content=\"Manolo Blahnik saca una edici\u00f3n especial del ic\u00f3nico modelo Hangisi.\" \/>\n<meta property=\"og:url\" content=\"https:\/\/graziamagazine.com\/es\/articles\/los-zapatos-favoritos-de-carrie-bradshaw-estan-de-aniversario-y-pueden-ser-tuyos\/\" \/>\n<meta property=\"og:site_name\" content=\"Grazia\" \/>\n<meta property=\"og:image\" content=\"https:\/\/graziamagazine.com\/es\/wp-content\/uploads\/sites\/12\/2015\/06\/04113337\/cover1.jpg?fit=785%2C480\" \/>\n\t<meta property=\"og:image:width\" content=\"785\" \/>\n\t<meta property=\"og:image:height\" content=\"480\" \/>\n\t<meta property=\"og:image:type\" content=\"image\/jpeg\" \/>\n<meta name=\"twitter:card\" content=\"summary_large_image\" \/>\n<meta name=\"twitter:label1\" content=\"Est. reading time\" \/>\n\t<meta name=\"twitter:data1\" content=\"1 minuto\" \/>\n<script type=\"application\/ld+json\" class=\"yoast-schema-graph\">{\"@context\":\"https:\/\/schema.org\",\"@graph\":[{\"@type\":\"WebPage\",\"@id\":\"https:\/\/graziamagazine.com\/es\/articles\/los-zapatos-favoritos-de-carrie-bradshaw-estan-de-aniversario-y-pueden-ser-tuyos\/\",\"url\":\"https:\/\/graziamagazine.com\/es\/articles\/los-zapatos-favoritos-de-carrie-bradshaw-estan-de-aniversario-y-pueden-ser-tuyos\/\",\"name\":\"Los zapatos favoritos de Carrie Bradshaw est\u00e1n de aniversario y pueden ser tuyos | Grazia\",\"isPartOf\":{\"@id\":\"https:\/\/graziamagazine.com\/es\/#website\"},\"datePublished\":\"2018-11-16T18:40:20+00:00\",\"dateModified\":\"2018-11-16T18:40:20+00:00\",\"description\":\"Manolo Blahnik saca una edici\u00f3n especial del ic\u00f3nico modelo Hangisi.\",\"breadcrumb\":{\"@id\":\"https:\/\/graziamagazine.com\/es\/articles\/los-zapatos-favoritos-de-carrie-bradshaw-estan-de-aniversario-y-pueden-ser-tuyos\/#breadcrumb\"},\"inLanguage\":\"es\",\"potentialAction\":[{\"@type\":\"ReadAction\",\"target\":[\"https:\/\/graziamagazine.com\/es\/articles\/los-zapatos-favoritos-de-carrie-bradshaw-estan-de-aniversario-y-pueden-ser-tuyos\/\"]}]},{\"@type\":\"BreadcrumbList\",\"@id\":\"https:\/\/graziamagazine.com\/es\/articles\/los-zapatos-favoritos-de-carrie-bradshaw-estan-de-aniversario-y-pueden-ser-tuyos\/#breadcrumb\",\"itemListElement\":[{\"@type\":\"ListItem\",\"position\":1,\"name\":\"Portada\",\"item\":\"https:\/\/graziamagazine.com\/es\/\"},{\"@type\":\"ListItem\",\"position\":2,\"name\":\"Los zapatos favoritos de Carrie Bradshaw est\u00e1n de aniversario y pueden ser tuyos\"}]},{\"@type\":\"WebSite\",\"@id\":\"https:\/\/graziamagazine.com\/es\/#website\",\"url\":\"https:\/\/graziamagazine.com\/es\/\",\"name\":\"Grazia\",\"description\":\"Moda, belleza, celebrities, estilo de vida...\",\"potentialAction\":[{\"@type\":\"SearchAction\",\"target\":{\"@type\":\"EntryPoint\",\"urlTemplate\":\"https:\/\/graziamagazine.com\/es\/?s={search_term_string}\"},\"query-input\":\"required name=search_term_string\"}],\"inLanguage\":\"es\"}]}<\/script>\n<!-- \/ Yoast SEO Premium plugin. -->","yoast_head_json":{"title":"Los zapatos favoritos de Carrie Bradshaw est\u00e1n de aniversario y pueden ser tuyos | Grazia","description":"Manolo Blahnik saca una edici\u00f3n especial del ic\u00f3nico modelo Hangisi.","robots":{"index":"index","follow":"follow","max-snippet":"max-snippet:-1","max-image-preview":"max-image-preview:large","max-video-preview":"max-video-preview:-1"},"canonical":"https:\/\/graziamagazine.com\/es\/articles\/los-zapatos-favoritos-de-carrie-bradshaw-estan-de-aniversario-y-pueden-ser-tuyos\/","og_locale":"es_ES","og_type":"article","og_title":"Los zapatos favoritos de Carrie Bradshaw est\u00e1n de aniversario y pueden ser tuyos","og_description":"Manolo Blahnik saca una edici\u00f3n especial del ic\u00f3nico modelo Hangisi.","og_url":"https:\/\/graziamagazine.com\/es\/articles\/los-zapatos-favoritos-de-carrie-bradshaw-estan-de-aniversario-y-pueden-ser-tuyos\/","og_site_name":"Grazia","og_image":[{"width":785,"height":480,"url":"https:\/\/graziamagazine.com\/es\/wp-content\/uploads\/sites\/12\/2015\/06\/04113337\/cover1.jpg?fit=785%2C480","type":"image\/jpeg"}],"twitter_card":"summary_large_image","twitter_misc":{"Est. reading time":"1 minuto"},"schema":{"@context":"https:\/\/schema.org","@graph":[{"@type":"WebPage","@id":"https:\/\/graziamagazine.com\/es\/articles\/los-zapatos-favoritos-de-carrie-bradshaw-estan-de-aniversario-y-pueden-ser-tuyos\/","url":"https:\/\/graziamagazine.com\/es\/articles\/los-zapatos-favoritos-de-carrie-bradshaw-estan-de-aniversario-y-pueden-ser-tuyos\/","name":"Los zapatos favoritos de Carrie Bradshaw est\u00e1n de aniversario y pueden ser tuyos | Grazia","isPartOf":{"@id":"https:\/\/graziamagazine.com\/es\/#website"},"datePublished":"2018-11-16T18:40:20+00:00","dateModified":"2018-11-16T18:40:20+00:00","description":"Manolo Blahnik saca una edici\u00f3n especial del ic\u00f3nico modelo Hangisi.","breadcrumb":{"@id":"https:\/\/graziamagazine.com\/es\/articles\/los-zapatos-favoritos-de-carrie-bradshaw-estan-de-aniversario-y-pueden-ser-tuyos\/#breadcrumb"},"inLanguage":"es","potentialAction":[{"@type":"ReadAction","target":["https:\/\/graziamagazine.com\/es\/articles\/los-zapatos-favoritos-de-carrie-bradshaw-estan-de-aniversario-y-pueden-ser-tuyos\/"]}]},{"@type":"BreadcrumbList","@id":"https:\/\/graziamagazine.com\/es\/articles\/los-zapatos-favoritos-de-carrie-bradshaw-estan-de-aniversario-y-pueden-ser-tuyos\/#breadcrumb","itemListElement":[{"@type":"ListItem","position":1,"name":"Portada","item":"https:\/\/graziamagazine.com\/es\/"},{"@type":"ListItem","position":2,"name":"Los zapatos favoritos de Carrie Bradshaw est\u00e1n de aniversario y pueden ser tuyos"}]},{"@type":"WebSite","@id":"https:\/\/graziamagazine.com\/es\/#website","url":"https:\/\/graziamagazine.com\/es\/","name":"Grazia","description":"Moda, belleza, celebrities, estilo de vida...","potentialAction":[{"@type":"SearchAction","target":{"@type":"EntryPoint","urlTemplate":"https:\/\/graziamagazine.com\/es\/?s={search_term_string}"},"query-input":"required name=search_term_string"}],"inLanguage":"es"}]}},"jetpack_sharing_enabled":true,"distributor_meta":false,"distributor_terms":false,"distributor_media":false,"distributor_original_site_name":"Grazia","distributor_original_site_url":"https:\/\/graziamagazine.com\/es","push-errors":false,"_links":{"self":[{"href":"https:\/\/graziamagazine.com\/es\/wp-json\/wp\/v2\/articles\/142961"}],"collection":[{"href":"https:\/\/graziamagazine.com\/es\/wp-json\/wp\/v2\/articles"}],"about":[{"href":"https:\/\/graziamagazine.com\/es\/wp-json\/wp\/v2\/types\/articles"}],"author":[{"embeddable":true,"href":"https:\/\/graziamagazine.com\/es\/wp-json\/wp\/v2\/users\/11646"}],"wp:featuredmedia":[{"embeddable":true,"href":"https:\/\/graziamagazine.com\/es\/wp-json\/wp\/v2\/media\/40883"}],"wp:attachment":[{"href":"https:\/\/graziamagazine.com\/es\/wp-json\/wp\/v2\/media?parent=142961"}],"wp:term":[{"taxonomy":"category","embeddable":true,"href":"https:\/\/graziamagazine.com\/es\/wp-json\/wp\/v2\/categories?post=142961"}],"curies":[{"name":"wp","href":"https:\/\/api.w.org\/{rel}","templated":true}]}}