{"id":142723,"date":"2018-11-08T20:32:14","date_gmt":"2018-11-08T19:32:14","guid":{"rendered":"https:\/\/graziamagazine.com\/es\/?p=142723"},"modified":"2018-11-08T20:32:14","modified_gmt":"2018-11-08T19:32:14","slug":"esta-es-la-razon-por-la-que-la-coleccion-de-moschino-para-hm-ha-colgado-su-cartel-de-sold-out-en-cuestion-de-horas","status":"publish","type":"articles","link":"https:\/\/graziamagazine.com\/es\/articles\/esta-es-la-razon-por-la-que-la-coleccion-de-moschino-para-hm-ha-colgado-su-cartel-de-sold-out-en-cuestion-de-horas\/","title":{"rendered":"Esta es la raz\u00f3n por la que la colecci\u00f3n de Moschino para H&#038;M ha colgado su cartel de &#8216;sold out&#8217; en cuesti\u00f3n de horas"},"content":{"rendered":"<p>No es sorpresivo que el nuevo lanzamiento en colaboraci\u00f3n de <strong>H&amp;M<\/strong> y <strong>Moschino\u00a0<\/strong>haya sido un \u00e9xito total. Desde hace ya meses, los amantes de la marca italiana esperaban con ansias la posibilidad de poder comprar los dise\u00f1os a precios rid\u00edculamente accesibles en comparaci\u00f3n con los costos usuales que oscilan de los mil euros en adelante, a diferencia con esta colecci\u00f3n, dentro de la cual lo m\u00e1s costoso es de aproximadamente 300 euros.<\/p>\n<p>&nbsp;<\/p>\n<p><img loading=\"lazy\" decoding=\"async\" class=\"aligncenter size-full wp-image-142692\" src=\"https:\/\/graziamagazine.com\/es\/wp-content\/uploads\/sites\/12\/2018\/11\/get-into-the-groove-dejate-conquistar-por-los-accesorios-de-moschino-x-hm-21.jpg\" alt=\"\" width=\"2817\" height=\"3646\" srcset=\"https:\/\/graziamagazine.com\/es\/wp-content\/uploads\/sites\/12\/2018\/11\/get-into-the-groove-dejate-conquistar-por-los-accesorios-de-moschino-x-hm-21.jpg 2817w, https:\/\/graziamagazine.com\/es\/wp-content\/uploads\/sites\/12\/2018\/11\/get-into-the-groove-dejate-conquistar-por-los-accesorios-de-moschino-x-hm-21.jpg?resize=232,300 232w, https:\/\/graziamagazine.com\/es\/wp-content\/uploads\/sites\/12\/2018\/11\/get-into-the-groove-dejate-conquistar-por-los-accesorios-de-moschino-x-hm-21.jpg?resize=768,994 768w, https:\/\/graziamagazine.com\/es\/wp-content\/uploads\/sites\/12\/2018\/11\/get-into-the-groove-dejate-conquistar-por-los-accesorios-de-moschino-x-hm-21.jpg?resize=791,1024 791w, https:\/\/graziamagazine.com\/es\/wp-content\/uploads\/sites\/12\/2018\/11\/get-into-the-groove-dejate-conquistar-por-los-accesorios-de-moschino-x-hm-21.jpg?resize=1187,1536 1187w, https:\/\/graziamagazine.com\/es\/wp-content\/uploads\/sites\/12\/2018\/11\/get-into-the-groove-dejate-conquistar-por-los-accesorios-de-moschino-x-hm-21.jpg?resize=1582,2048 1582w, https:\/\/graziamagazine.com\/es\/wp-content\/uploads\/sites\/12\/2018\/11\/get-into-the-groove-dejate-conquistar-por-los-accesorios-de-moschino-x-hm-21.jpg?resize=155,201 155w\" sizes=\"(max-width: 2817px) 100vw, 2817px\" \/><\/p>\n<p>&nbsp;<\/p>\n<p>Los fans reflejaron su gran admiraci\u00f3n y fidelidad hacia la marca, haciendo filas de m\u00e1s de 5 horas antes de la apertura. Apenas hoy, 8 de noviembre, comenz\u00f3 la venta a nivel mundial y ya es casi imposible comprar aluna de las prendas o, al menos en su mayor\u00eda, ya escasea la variedad de tallas, tanto en puntos de venta como en la p\u00e1gina web.<\/p>\n<p>&nbsp;<\/p>\n<p><img loading=\"lazy\" decoding=\"async\" class=\"aligncenter size-full wp-image-142689\" src=\"https:\/\/graziamagazine.com\/es\/wp-content\/uploads\/sites\/12\/2018\/11\/get-into-the-groove-dejate-conquistar-por-los-accesorios-de-moschino-x-hm-61.jpg\" alt=\"\" width=\"2362\" height=\"3057\" srcset=\"https:\/\/graziamagazine.com\/es\/wp-content\/uploads\/sites\/12\/2018\/11\/get-into-the-groove-dejate-conquistar-por-los-accesorios-de-moschino-x-hm-61.jpg 2362w, https:\/\/graziamagazine.com\/es\/wp-content\/uploads\/sites\/12\/2018\/11\/get-into-the-groove-dejate-conquistar-por-los-accesorios-de-moschino-x-hm-61.jpg?resize=232,300 232w, https:\/\/graziamagazine.com\/es\/wp-content\/uploads\/sites\/12\/2018\/11\/get-into-the-groove-dejate-conquistar-por-los-accesorios-de-moschino-x-hm-61.jpg?resize=768,994 768w, https:\/\/graziamagazine.com\/es\/wp-content\/uploads\/sites\/12\/2018\/11\/get-into-the-groove-dejate-conquistar-por-los-accesorios-de-moschino-x-hm-61.jpg?resize=791,1024 791w, https:\/\/graziamagazine.com\/es\/wp-content\/uploads\/sites\/12\/2018\/11\/get-into-the-groove-dejate-conquistar-por-los-accesorios-de-moschino-x-hm-61.jpg?resize=1187,1536 1187w, https:\/\/graziamagazine.com\/es\/wp-content\/uploads\/sites\/12\/2018\/11\/get-into-the-groove-dejate-conquistar-por-los-accesorios-de-moschino-x-hm-61.jpg?resize=1582,2048 1582w, https:\/\/graziamagazine.com\/es\/wp-content\/uploads\/sites\/12\/2018\/11\/get-into-the-groove-dejate-conquistar-por-los-accesorios-de-moschino-x-hm-61.jpg?resize=155,201 155w\" sizes=\"(max-width: 2362px) 100vw, 2362px\" \/><\/p>\n<p>&nbsp;<\/p>\n<p><strong>Jeremy Scott<\/strong>, el director creativo de <strong>Moschino<\/strong>, es un visionario que refleja sus cosas favoritas en los detalles que hacen de la colaboraci\u00f3n todo un triunfo. Entre los <em>prints<\/em> que m\u00e1s vemos en<em> hoddies<\/em> y camisetas, es el de <strong>Mickey Mouse<\/strong>, el personaje preferido del dise\u00f1ador. Adem\u00e1s, las prendas tienen un estilo que alude al rap, camisetas\u00a0<em>over sized<\/em>, accesorios dorados <em>bling-bling,<\/em>\u00a0botas <em>over the knee y biker jackets <\/em>con cadenas entrelazadas. Algo con lo que <strong>Cardi B<\/strong>, su rapera m\u00e1s admirada, se ver\u00eda divina.<\/p>\n<p>&nbsp;<\/p>\n<p><img loading=\"lazy\" decoding=\"async\" class=\"aligncenter size-full wp-image-142687\" src=\"https:\/\/graziamagazine.com\/es\/wp-content\/uploads\/sites\/12\/2018\/11\/get-into-the-groove-dejate-conquistar-por-los-accesorios-de-moschino-x-hm-81.jpg\" alt=\"\" width=\"2362\" height=\"3057\" srcset=\"https:\/\/graziamagazine.com\/es\/wp-content\/uploads\/sites\/12\/2018\/11\/get-into-the-groove-dejate-conquistar-por-los-accesorios-de-moschino-x-hm-81.jpg 2362w, https:\/\/graziamagazine.com\/es\/wp-content\/uploads\/sites\/12\/2018\/11\/get-into-the-groove-dejate-conquistar-por-los-accesorios-de-moschino-x-hm-81.jpg?resize=232,300 232w, https:\/\/graziamagazine.com\/es\/wp-content\/uploads\/sites\/12\/2018\/11\/get-into-the-groove-dejate-conquistar-por-los-accesorios-de-moschino-x-hm-81.jpg?resize=768,994 768w, https:\/\/graziamagazine.com\/es\/wp-content\/uploads\/sites\/12\/2018\/11\/get-into-the-groove-dejate-conquistar-por-los-accesorios-de-moschino-x-hm-81.jpg?resize=791,1024 791w, https:\/\/graziamagazine.com\/es\/wp-content\/uploads\/sites\/12\/2018\/11\/get-into-the-groove-dejate-conquistar-por-los-accesorios-de-moschino-x-hm-81.jpg?resize=1187,1536 1187w, https:\/\/graziamagazine.com\/es\/wp-content\/uploads\/sites\/12\/2018\/11\/get-into-the-groove-dejate-conquistar-por-los-accesorios-de-moschino-x-hm-81.jpg?resize=1582,2048 1582w, https:\/\/graziamagazine.com\/es\/wp-content\/uploads\/sites\/12\/2018\/11\/get-into-the-groove-dejate-conquistar-por-los-accesorios-de-moschino-x-hm-81.jpg?resize=155,201 155w\" sizes=\"(max-width: 2362px) 100vw, 2362px\" \/><\/p>\n<p>&nbsp;<\/p>\n<p>La noticia sobre este lanzamiento se dio el pasado mes de abril, a partir de una foto en la que <strong>Gigi Hadid<\/strong> presum\u00eda un vestido negro, corto, de piel sint\u00e9tica. En cuesti\u00f3n de minutos se corri\u00f3 la voz en las redes sociales. A partir de ese momento, los aficionados de la moda y, sobre todo, los admiradores de la tienda, esperaban impacientes la llegada de este d\u00eda. Adem\u00e1s, al haber podido hacer su selecci\u00f3n previa \u2014s\u00ed, al estilo del cl\u00e1sico \u00abme lo pido\u00bb navide\u00f1o\u2014, gracias a los cat\u00e1logos que se difundieron previamente, era de esperar que todas las <em>fashionistas low cost<\/em> \u2014entre las que nos incluimos\u2014 saltaran a la yugular de sus prendas favoritas en cuanto se dio el pistoletazo de salida.<\/p>\n<p>Si eres de las afortunadas que ha conseguido hacerse con parte de la colecci\u00f3n y el estr\u00e9s porque se llegara a agotar te ha llevado a comprarlo todo, pero no sabes exactamente c\u00f3mo combinarlo, los famosos de nuestra galer\u00eda te pueden ayudar. Echa un vistazo, toma nota y, si no has llegado a tiempo, \u00fanete al club de las envidiosas \u2014ya lo hemos fundado\u2014.<\/p>\n<p><em>Fotos: Getty Images \/ Cortes\u00eda<\/em><\/p>\n","protected":false},"author":11651,"featured_media":142692,"template":"","format":"standard","categories":[13,1],"acf":[],"yoast_head":"<!-- This site is optimized with the Yoast SEO Premium plugin v18.5 (Yoast SEO v20.4) - https:\/\/yoast.com\/wordpress\/plugins\/seo\/ -->\n<title>Esta es la raz\u00f3n por la que la colecci\u00f3n de Moschino para H&amp;M ha colgado su cartel de &#039;sold out&#039; en cuesti\u00f3n de horas | Grazia<\/title>\n<meta name=\"description\" content=\"La noticia sobre este lanzamiento se dio el pasado mes de abril, a partir de una foto en la que Gigi Hadid presum\u00eda un vestido negro, corto, de piel sint\u00e9tica.\" \/>\n<meta name=\"robots\" content=\"index, follow, max-snippet:-1, max-image-preview:large, max-video-preview:-1\" \/>\n<link rel=\"canonical\" href=\"https:\/\/graziamagazine.com\/es\/articles\/esta-es-la-razon-por-la-que-la-coleccion-de-moschino-para-hm-ha-colgado-su-cartel-de-sold-out-en-cuestion-de-horas\/\" \/>\n<meta property=\"og:locale\" content=\"es_ES\" \/>\n<meta property=\"og:type\" content=\"article\" \/>\n<meta property=\"og:title\" content=\"Esta es la raz\u00f3n por la que la colecci\u00f3n de Moschino para H&amp;M ha colgado su cartel de &#039;sold out&#039; en cuesti\u00f3n de horas\" \/>\n<meta property=\"og:description\" content=\"La noticia sobre este lanzamiento se dio el pasado mes de abril, a partir de una foto en la que Gigi Hadid presum\u00eda un vestido negro, corto, de piel sint\u00e9tica.\" \/>\n<meta property=\"og:url\" content=\"https:\/\/graziamagazine.com\/es\/articles\/esta-es-la-razon-por-la-que-la-coleccion-de-moschino-para-hm-ha-colgado-su-cartel-de-sold-out-en-cuestion-de-horas\/\" \/>\n<meta property=\"og:site_name\" content=\"Grazia\" \/>\n<meta property=\"og:image\" content=\"https:\/\/graziamagazine.com\/es\/wp-content\/uploads\/sites\/12\/2018\/11\/get-into-the-groove-dejate-conquistar-por-los-accesorios-de-moschino-x-hm-81.jpg?fit=2362%2C3057\" \/>\n\t<meta property=\"og:image:width\" content=\"2362\" \/>\n\t<meta property=\"og:image:height\" content=\"3057\" \/>\n\t<meta property=\"og:image:type\" content=\"image\/jpeg\" \/>\n<meta name=\"twitter:card\" content=\"summary_large_image\" \/>\n<meta name=\"twitter:image\" content=\"https:\/\/graziamagazine.com\/es\/wp-content\/uploads\/sites\/12\/2018\/11\/get-into-the-groove-dejate-conquistar-por-los-accesorios-de-moschino-x-hm-11.jpg\" \/>\n<meta name=\"twitter:label1\" content=\"Est. reading time\" \/>\n\t<meta name=\"twitter:data1\" content=\"2 minutos\" \/>\n<script type=\"application\/ld+json\" class=\"yoast-schema-graph\">{\"@context\":\"https:\/\/schema.org\",\"@graph\":[{\"@type\":\"WebPage\",\"@id\":\"https:\/\/graziamagazine.com\/es\/articles\/esta-es-la-razon-por-la-que-la-coleccion-de-moschino-para-hm-ha-colgado-su-cartel-de-sold-out-en-cuestion-de-horas\/\",\"url\":\"https:\/\/graziamagazine.com\/es\/articles\/esta-es-la-razon-por-la-que-la-coleccion-de-moschino-para-hm-ha-colgado-su-cartel-de-sold-out-en-cuestion-de-horas\/\",\"name\":\"Esta es la raz\u00f3n por la que la colecci\u00f3n de Moschino para H&M ha colgado su cartel de 'sold out' en cuesti\u00f3n de horas | Grazia\",\"isPartOf\":{\"@id\":\"https:\/\/graziamagazine.com\/es\/#website\"},\"datePublished\":\"2018-11-08T19:32:14+00:00\",\"dateModified\":\"2018-11-08T19:32:14+00:00\",\"description\":\"La noticia sobre este lanzamiento se dio el pasado mes de abril, a partir de una foto en la que Gigi Hadid presum\u00eda un vestido negro, corto, de piel sint\u00e9tica.\",\"breadcrumb\":{\"@id\":\"https:\/\/graziamagazine.com\/es\/articles\/esta-es-la-razon-por-la-que-la-coleccion-de-moschino-para-hm-ha-colgado-su-cartel-de-sold-out-en-cuestion-de-horas\/#breadcrumb\"},\"inLanguage\":\"es\",\"potentialAction\":[{\"@type\":\"ReadAction\",\"target\":[\"https:\/\/graziamagazine.com\/es\/articles\/esta-es-la-razon-por-la-que-la-coleccion-de-moschino-para-hm-ha-colgado-su-cartel-de-sold-out-en-cuestion-de-horas\/\"]}]},{\"@type\":\"BreadcrumbList\",\"@id\":\"https:\/\/graziamagazine.com\/es\/articles\/esta-es-la-razon-por-la-que-la-coleccion-de-moschino-para-hm-ha-colgado-su-cartel-de-sold-out-en-cuestion-de-horas\/#breadcrumb\",\"itemListElement\":[{\"@type\":\"ListItem\",\"position\":1,\"name\":\"Portada\",\"item\":\"https:\/\/graziamagazine.com\/es\/\"},{\"@type\":\"ListItem\",\"position\":2,\"name\":\"Esta es la raz\u00f3n por la que la colecci\u00f3n de Moschino para H&#038;M ha colgado su cartel de &#8216;sold out&#8217; en cuesti\u00f3n de horas\"}]},{\"@type\":\"WebSite\",\"@id\":\"https:\/\/graziamagazine.com\/es\/#website\",\"url\":\"https:\/\/graziamagazine.com\/es\/\",\"name\":\"Grazia\",\"description\":\"Moda, belleza, celebrities, estilo de vida...\",\"potentialAction\":[{\"@type\":\"SearchAction\",\"target\":{\"@type\":\"EntryPoint\",\"urlTemplate\":\"https:\/\/graziamagazine.com\/es\/?s={search_term_string}\"},\"query-input\":\"required name=search_term_string\"}],\"inLanguage\":\"es\"}]}<\/script>\n<!-- \/ Yoast SEO Premium plugin. -->","yoast_head_json":{"title":"Esta es la raz\u00f3n por la que la colecci\u00f3n de Moschino para H&M ha colgado su cartel de 'sold out' en cuesti\u00f3n de horas | Grazia","description":"La noticia sobre este lanzamiento se dio el pasado mes de abril, a partir de una foto en la que Gigi Hadid presum\u00eda un vestido negro, corto, de piel sint\u00e9tica.","robots":{"index":"index","follow":"follow","max-snippet":"max-snippet:-1","max-image-preview":"max-image-preview:large","max-video-preview":"max-video-preview:-1"},"canonical":"https:\/\/graziamagazine.com\/es\/articles\/esta-es-la-razon-por-la-que-la-coleccion-de-moschino-para-hm-ha-colgado-su-cartel-de-sold-out-en-cuestion-de-horas\/","og_locale":"es_ES","og_type":"article","og_title":"Esta es la raz\u00f3n por la que la colecci\u00f3n de Moschino para H&M ha colgado su cartel de 'sold out' en cuesti\u00f3n de horas","og_description":"La noticia sobre este lanzamiento se dio el pasado mes de abril, a partir de una foto en la que Gigi Hadid presum\u00eda un vestido negro, corto, de piel sint\u00e9tica.","og_url":"https:\/\/graziamagazine.com\/es\/articles\/esta-es-la-razon-por-la-que-la-coleccion-de-moschino-para-hm-ha-colgado-su-cartel-de-sold-out-en-cuestion-de-horas\/","og_site_name":"Grazia","og_image":[{"width":2362,"height":3057,"url":"https:\/\/graziamagazine.com\/es\/wp-content\/uploads\/sites\/12\/2018\/11\/get-into-the-groove-dejate-conquistar-por-los-accesorios-de-moschino-x-hm-81.jpg?fit=2362%2C3057","type":"image\/jpeg"}],"twitter_card":"summary_large_image","twitter_image":"https:\/\/graziamagazine.com\/es\/wp-content\/uploads\/sites\/12\/2018\/11\/get-into-the-groove-dejate-conquistar-por-los-accesorios-de-moschino-x-hm-11.jpg","twitter_misc":{"Est. reading time":"2 minutos"},"schema":{"@context":"https:\/\/schema.org","@graph":[{"@type":"WebPage","@id":"https:\/\/graziamagazine.com\/es\/articles\/esta-es-la-razon-por-la-que-la-coleccion-de-moschino-para-hm-ha-colgado-su-cartel-de-sold-out-en-cuestion-de-horas\/","url":"https:\/\/graziamagazine.com\/es\/articles\/esta-es-la-razon-por-la-que-la-coleccion-de-moschino-para-hm-ha-colgado-su-cartel-de-sold-out-en-cuestion-de-horas\/","name":"Esta es la raz\u00f3n por la que la colecci\u00f3n de Moschino para H&M ha colgado su cartel de 'sold out' en cuesti\u00f3n de horas | Grazia","isPartOf":{"@id":"https:\/\/graziamagazine.com\/es\/#website"},"datePublished":"2018-11-08T19:32:14+00:00","dateModified":"2018-11-08T19:32:14+00:00","description":"La noticia sobre este lanzamiento se dio el pasado mes de abril, a partir de una foto en la que Gigi Hadid presum\u00eda un vestido negro, corto, de piel sint\u00e9tica.","breadcrumb":{"@id":"https:\/\/graziamagazine.com\/es\/articles\/esta-es-la-razon-por-la-que-la-coleccion-de-moschino-para-hm-ha-colgado-su-cartel-de-sold-out-en-cuestion-de-horas\/#breadcrumb"},"inLanguage":"es","potentialAction":[{"@type":"ReadAction","target":["https:\/\/graziamagazine.com\/es\/articles\/esta-es-la-razon-por-la-que-la-coleccion-de-moschino-para-hm-ha-colgado-su-cartel-de-sold-out-en-cuestion-de-horas\/"]}]},{"@type":"BreadcrumbList","@id":"https:\/\/graziamagazine.com\/es\/articles\/esta-es-la-razon-por-la-que-la-coleccion-de-moschino-para-hm-ha-colgado-su-cartel-de-sold-out-en-cuestion-de-horas\/#breadcrumb","itemListElement":[{"@type":"ListItem","position":1,"name":"Portada","item":"https:\/\/graziamagazine.com\/es\/"},{"@type":"ListItem","position":2,"name":"Esta es la raz\u00f3n por la que la colecci\u00f3n de Moschino para H&#038;M ha colgado su cartel de &#8216;sold out&#8217; en cuesti\u00f3n de horas"}]},{"@type":"WebSite","@id":"https:\/\/graziamagazine.com\/es\/#website","url":"https:\/\/graziamagazine.com\/es\/","name":"Grazia","description":"Moda, belleza, celebrities, estilo de vida...","potentialAction":[{"@type":"SearchAction","target":{"@type":"EntryPoint","urlTemplate":"https:\/\/graziamagazine.com\/es\/?s={search_term_string}"},"query-input":"required name=search_term_string"}],"inLanguage":"es"}]}},"jetpack_sharing_enabled":true,"distributor_meta":false,"distributor_terms":false,"distributor_media":false,"distributor_original_site_name":"Grazia","distributor_original_site_url":"https:\/\/graziamagazine.com\/es","push-errors":false,"_links":{"self":[{"href":"https:\/\/graziamagazine.com\/es\/wp-json\/wp\/v2\/articles\/142723"}],"collection":[{"href":"https:\/\/graziamagazine.com\/es\/wp-json\/wp\/v2\/articles"}],"about":[{"href":"https:\/\/graziamagazine.com\/es\/wp-json\/wp\/v2\/types\/articles"}],"author":[{"embeddable":true,"href":"https:\/\/graziamagazine.com\/es\/wp-json\/wp\/v2\/users\/11651"}],"wp:featuredmedia":[{"embeddable":true,"href":"https:\/\/graziamagazine.com\/es\/wp-json\/wp\/v2\/media\/142692"}],"wp:attachment":[{"href":"https:\/\/graziamagazine.com\/es\/wp-json\/wp\/v2\/media?parent=142723"}],"wp:term":[{"taxonomy":"category","embeddable":true,"href":"https:\/\/graziamagazine.com\/es\/wp-json\/wp\/v2\/categories?post=142723"}],"curies":[{"name":"wp","href":"https:\/\/api.w.org\/{rel}","templated":true}]}}