{"id":142636,"date":"2018-11-07T18:40:54","date_gmt":"2018-11-07T17:40:54","guid":{"rendered":"https:\/\/graziamagazine.com\/es\/?p=142636"},"modified":"2018-11-07T18:40:54","modified_gmt":"2018-11-07T17:40:54","slug":"estos-son-tus-mejores-aliados-para-ayudar-a-tu-piel-a-combatir-el-invierno","status":"publish","type":"articles","link":"https:\/\/graziamagazine.com\/es\/articles\/estos-son-tus-mejores-aliados-para-ayudar-a-tu-piel-a-combatir-el-invierno\/","title":{"rendered":"Estos son tus mejores aliados para ayudar a tu piel a combatir el invierno"},"content":{"rendered":"<p>El fr\u00edo ha llegado para quedarse y, por mucho que quieras retrasar el cambio de armario, es momento de prepararse para el invierno. Y no nos referimos solo a comprarnos un buen abrigo y unas botas calentitas y resistentes; las bajas temperaturas, el viento e incluso la calefacci\u00f3n son agentes que infieren de forma negativa en nuestra piel. Por ello, adem\u00e1s de tomar mucha agua, es importante que elijas los productos adecuados para evitar el envejecimiento prematuro y la deshidrataci\u00f3n.<\/p>\n<p><strong>Natura Biss\u00e9<\/strong> nos propone toda una gu\u00eda de opciones para que nuestra piel sobreviva a la temporada m\u00e1s g\u00e9lida del a\u00f1o. Aqu\u00ed nuestras recomendaciones:<\/p>\n<p><strong>EVITA Y COMBATE LA DESHIDRATACI\u00d3N<\/strong><\/p>\n<p>En invierno, a causa de la falta de humedad, la piel pierde capacidad para retener agua, por lo que tu tez puede parecer apagada y sin brillo. Es el momento ideal para pasar de tu rutina de belleza a un \u201cprograma invernal\u201d destinado a restaurar, nutrir y reforzar la capacidad natural de la piel.<\/p>\n<p>&nbsp;<\/p>\n<p>El <strong>serum purificante<\/strong> de <strong>Natura Biss\u00e9<\/strong> aporta una dosis extra de hidrataci\u00f3n, aumenta el poder de regeneraci\u00f3n de la piel y su acci\u00f3n anti-arrugas, e hidratante, prolonga la juventud de la piel previniendo la aparici\u00f3n de l\u00edneas de expresi\u00f3n, manchas oscuras y falta de firmeza en la piel.<\/p>\n<p>&nbsp;<\/p>\n<p><img loading=\"lazy\" decoding=\"async\" class=\"aligncenter size-full wp-image-142640\" src=\"https:\/\/graziamagazine.com\/es\/wp-content\/uploads\/sites\/12\/2018\/11\/THE-CURE-PURE-SERUM_30ml.jpg\" alt=\"\" width=\"1500\" height=\"2630\" srcset=\"https:\/\/graziamagazine.com\/es\/wp-content\/uploads\/sites\/12\/2018\/11\/THE-CURE-PURE-SERUM_30ml.jpg 1500w, https:\/\/graziamagazine.com\/es\/wp-content\/uploads\/sites\/12\/2018\/11\/THE-CURE-PURE-SERUM_30ml.jpg?resize=171,300 171w, https:\/\/graziamagazine.com\/es\/wp-content\/uploads\/sites\/12\/2018\/11\/THE-CURE-PURE-SERUM_30ml.jpg?resize=768,1347 768w, https:\/\/graziamagazine.com\/es\/wp-content\/uploads\/sites\/12\/2018\/11\/THE-CURE-PURE-SERUM_30ml.jpg?resize=584,1024 584w, https:\/\/graziamagazine.com\/es\/wp-content\/uploads\/sites\/12\/2018\/11\/THE-CURE-PURE-SERUM_30ml.jpg?resize=876,1536 876w, https:\/\/graziamagazine.com\/es\/wp-content\/uploads\/sites\/12\/2018\/11\/THE-CURE-PURE-SERUM_30ml.jpg?resize=1168,2048 1168w, https:\/\/graziamagazine.com\/es\/wp-content\/uploads\/sites\/12\/2018\/11\/THE-CURE-PURE-SERUM_30ml.jpg?resize=123,215 123w\" sizes=\"(max-width: 1500px) 100vw, 1500px\" \/><\/p>\n<p>&nbsp;<\/p>\n<p><strong>The cure cream<\/strong>\u00a0te ayudar\u00e1 a mantener una hidrataci\u00f3n equilibrada durante todo el d\u00eda, restaura las pieles con signos de envejecimiento, desintoxica la piel, liber\u00e1ndola de impurezas, y disminuye la aparici\u00f3n de arrugas y l\u00edneas de expresi\u00f3n. Otorga frescura, luminosidad y suavidad.<\/p>\n<p>&nbsp;<\/p>\n<p><img loading=\"lazy\" decoding=\"async\" class=\"aligncenter size-full wp-image-142641\" src=\"https:\/\/graziamagazine.com\/es\/wp-content\/uploads\/sites\/12\/2018\/11\/THE-CURE-CREAM_1_50ml.jpg\" alt=\"\" width=\"1500\" height=\"1481\" srcset=\"https:\/\/graziamagazine.com\/es\/wp-content\/uploads\/sites\/12\/2018\/11\/THE-CURE-CREAM_1_50ml.jpg 1500w, https:\/\/graziamagazine.com\/es\/wp-content\/uploads\/sites\/12\/2018\/11\/THE-CURE-CREAM_1_50ml.jpg?resize=300,296 300w, https:\/\/graziamagazine.com\/es\/wp-content\/uploads\/sites\/12\/2018\/11\/THE-CURE-CREAM_1_50ml.jpg?resize=768,758 768w, https:\/\/graziamagazine.com\/es\/wp-content\/uploads\/sites\/12\/2018\/11\/THE-CURE-CREAM_1_50ml.jpg?resize=1024,1011 1024w, https:\/\/graziamagazine.com\/es\/wp-content\/uploads\/sites\/12\/2018\/11\/THE-CURE-CREAM_1_50ml.jpg?resize=155,153 155w\" sizes=\"(max-width: 1500px) 100vw, 1500px\" \/><\/p>\n<p>&nbsp;<\/p>\n<p>Para una piel madura o extremadamente seca, nada mejor que uno de los cl\u00e1sicos de <strong>Natura Biss\u00e9<\/strong>; un tratamiento intensamente regenerador con doble efecto <em>lifting<\/em>. <strong>Diamond Extreme<\/strong> corrige problemas de deshidrataci\u00f3n y resalta la belleza y juventud de la piel. Disminuye notablemente arrugas y l\u00edneas de expresi\u00f3n, mejorando as\u00ed la elasticidad y firmeza de la piel.<\/p>\n<p>&nbsp;<\/p>\n<p><img loading=\"lazy\" decoding=\"async\" class=\"aligncenter size-full wp-image-142643\" src=\"https:\/\/graziamagazine.com\/es\/wp-content\/uploads\/sites\/12\/2018\/11\/DIAMOND_EXTREME.jpg\" alt=\"\" width=\"1636\" height=\"1184\" srcset=\"https:\/\/graziamagazine.com\/es\/wp-content\/uploads\/sites\/12\/2018\/11\/DIAMOND_EXTREME.jpg 1636w, https:\/\/graziamagazine.com\/es\/wp-content\/uploads\/sites\/12\/2018\/11\/DIAMOND_EXTREME.jpg?resize=300,217 300w, https:\/\/graziamagazine.com\/es\/wp-content\/uploads\/sites\/12\/2018\/11\/DIAMOND_EXTREME.jpg?resize=768,556 768w, https:\/\/graziamagazine.com\/es\/wp-content\/uploads\/sites\/12\/2018\/11\/DIAMOND_EXTREME.jpg?resize=1024,741 1024w, https:\/\/graziamagazine.com\/es\/wp-content\/uploads\/sites\/12\/2018\/11\/DIAMOND_EXTREME.jpg?resize=1536,1112 1536w, https:\/\/graziamagazine.com\/es\/wp-content\/uploads\/sites\/12\/2018\/11\/DIAMOND_EXTREME.jpg?resize=155,112 155w\" sizes=\"(max-width: 1636px) 100vw, 1636px\" \/><\/p>\n<p>&nbsp;<\/p>\n<p><strong>Natura Biss\u00e9 Ceutical Tolerance Recovery Cream<\/strong> ayuda a prevenir el envejecimiento, despertando los mecanismos de autodefensa de la piel. Fortalece la piel ante todo tipo de agresiones, ya sean internas o externas. Disminuye los s\u00edntomas de irritaci\u00f3n y previene las rojeces otorgando alivio y confort. Ideal para pieles sensibles.<\/p>\n<p>&nbsp;<\/p>\n<p><img loading=\"lazy\" decoding=\"async\" class=\"aligncenter size-full wp-image-142644\" src=\"https:\/\/graziamagazine.com\/es\/wp-content\/uploads\/sites\/12\/2018\/11\/TOLERANCE-RECOVERY-CREAM.jpg\" alt=\"\" width=\"1772\" height=\"1772\" srcset=\"https:\/\/graziamagazine.com\/es\/wp-content\/uploads\/sites\/12\/2018\/11\/TOLERANCE-RECOVERY-CREAM.jpg 1772w, https:\/\/graziamagazine.com\/es\/wp-content\/uploads\/sites\/12\/2018\/11\/TOLERANCE-RECOVERY-CREAM.jpg?resize=150,150 150w, https:\/\/graziamagazine.com\/es\/wp-content\/uploads\/sites\/12\/2018\/11\/TOLERANCE-RECOVERY-CREAM.jpg?resize=300,300 300w, https:\/\/graziamagazine.com\/es\/wp-content\/uploads\/sites\/12\/2018\/11\/TOLERANCE-RECOVERY-CREAM.jpg?resize=768,768 768w, https:\/\/graziamagazine.com\/es\/wp-content\/uploads\/sites\/12\/2018\/11\/TOLERANCE-RECOVERY-CREAM.jpg?resize=1024,1024 1024w, https:\/\/graziamagazine.com\/es\/wp-content\/uploads\/sites\/12\/2018\/11\/TOLERANCE-RECOVERY-CREAM.jpg?resize=1536,1536 1536w, https:\/\/graziamagazine.com\/es\/wp-content\/uploads\/sites\/12\/2018\/11\/TOLERANCE-RECOVERY-CREAM.jpg?resize=155,155 155w\" sizes=\"(max-width: 1772px) 100vw, 1772px\" \/><\/p>\n<p>&nbsp;<\/p>\n<p>Llegados a este punto, es momento de subir un nivel en la escala de cuidado y a\u00f1adir aecuaci\u00f3n a aquellos aliados que nos permiten lucir un color saludable en el rostro \u2014algo muy importante teniendo en cuenta la tendencia a parecer m\u00e1s p\u00e1lidas que se da en invierno\u2014, sin renunciar a tener una piel sana e hidratada.<\/p>\n<p>Dentro de la categor\u00eda de cremas con color, es necesario hacer una menci\u00f3n especial a <strong>The Cure Sheer Cream<\/strong>, la BB Cream perfecta para todo el d\u00eda. La piel luce radiante, se mantiene hidratada y protegida de los rayos UV durante todo el d\u00eda. Ideal para todo tipo de pieles.<\/p>\n<p>&nbsp;<\/p>\n<p><img loading=\"lazy\" decoding=\"async\" class=\"aligncenter size-full wp-image-142639\" src=\"https:\/\/graziamagazine.com\/es\/wp-content\/uploads\/sites\/12\/2018\/11\/THE-CURE-SHEER-CREAM_50ml.jpg\" alt=\"\" width=\"1500\" height=\"1500\" srcset=\"https:\/\/graziamagazine.com\/es\/wp-content\/uploads\/sites\/12\/2018\/11\/THE-CURE-SHEER-CREAM_50ml.jpg 1500w, https:\/\/graziamagazine.com\/es\/wp-content\/uploads\/sites\/12\/2018\/11\/THE-CURE-SHEER-CREAM_50ml.jpg?resize=150,150 150w, https:\/\/graziamagazine.com\/es\/wp-content\/uploads\/sites\/12\/2018\/11\/THE-CURE-SHEER-CREAM_50ml.jpg?resize=300,300 300w, https:\/\/graziamagazine.com\/es\/wp-content\/uploads\/sites\/12\/2018\/11\/THE-CURE-SHEER-CREAM_50ml.jpg?resize=768,768 768w, https:\/\/graziamagazine.com\/es\/wp-content\/uploads\/sites\/12\/2018\/11\/THE-CURE-SHEER-CREAM_50ml.jpg?resize=1024,1024 1024w, https:\/\/graziamagazine.com\/es\/wp-content\/uploads\/sites\/12\/2018\/11\/THE-CURE-SHEER-CREAM_50ml.jpg?resize=155,155 155w\" sizes=\"(max-width: 1500px) 100vw, 1500px\" \/><\/p>\n<p>&nbsp;<\/p>\n<p>Por otra parte el fluido de color de la misma l\u00ednea es ideal para piel mixta y con tendencia grasa, debido a su capacidad para controlar el brillo. Su ligera textura se funde sobre la piel, proporcionando una acci\u00f3n anti-edad.<\/p>\n<p>&nbsp;<\/p>\n<p><img loading=\"lazy\" decoding=\"async\" class=\"aligncenter size-full wp-image-142637\" src=\"https:\/\/graziamagazine.com\/es\/wp-content\/uploads\/sites\/12\/2018\/11\/THE-CURE-SHEER-OIL-FREE-FLUID_1_50ml.jpg\" alt=\"\" width=\"1500\" height=\"2399\" srcset=\"https:\/\/graziamagazine.com\/es\/wp-content\/uploads\/sites\/12\/2018\/11\/THE-CURE-SHEER-OIL-FREE-FLUID_1_50ml.jpg 1500w, https:\/\/graziamagazine.com\/es\/wp-content\/uploads\/sites\/12\/2018\/11\/THE-CURE-SHEER-OIL-FREE-FLUID_1_50ml.jpg?resize=188,300 188w, https:\/\/graziamagazine.com\/es\/wp-content\/uploads\/sites\/12\/2018\/11\/THE-CURE-SHEER-OIL-FREE-FLUID_1_50ml.jpg?resize=768,1228 768w, https:\/\/graziamagazine.com\/es\/wp-content\/uploads\/sites\/12\/2018\/11\/THE-CURE-SHEER-OIL-FREE-FLUID_1_50ml.jpg?resize=640,1024 640w, https:\/\/graziamagazine.com\/es\/wp-content\/uploads\/sites\/12\/2018\/11\/THE-CURE-SHEER-OIL-FREE-FLUID_1_50ml.jpg?resize=960,1536 960w, https:\/\/graziamagazine.com\/es\/wp-content\/uploads\/sites\/12\/2018\/11\/THE-CURE-SHEER-OIL-FREE-FLUID_1_50ml.jpg?resize=1281,2048 1281w, https:\/\/graziamagazine.com\/es\/wp-content\/uploads\/sites\/12\/2018\/11\/THE-CURE-SHEER-OIL-FREE-FLUID_1_50ml.jpg?resize=134,215 134w\" sizes=\"(max-width: 1500px) 100vw, 1500px\" \/><\/p>\n<p>&nbsp;<\/p>\n<p>Para una mirada luminosa y descansada, nada como <strong>The Cure Sheer Eye<\/strong>, que combate los signos de fatiga, disimula bolsas y ojeras con un sutil toque de color y previene el envejecimiento prematuro.<\/p>\n<p>&nbsp;<\/p>\n<p><img loading=\"lazy\" decoding=\"async\" class=\"aligncenter size-full wp-image-142638\" src=\"https:\/\/graziamagazine.com\/es\/wp-content\/uploads\/sites\/12\/2018\/11\/THE-CURE-SHEER-EYE_15ml.jpg\" alt=\"\" width=\"1500\" height=\"2108\" srcset=\"https:\/\/graziamagazine.com\/es\/wp-content\/uploads\/sites\/12\/2018\/11\/THE-CURE-SHEER-EYE_15ml.jpg 1500w, https:\/\/graziamagazine.com\/es\/wp-content\/uploads\/sites\/12\/2018\/11\/THE-CURE-SHEER-EYE_15ml.jpg?resize=213,300 213w, https:\/\/graziamagazine.com\/es\/wp-content\/uploads\/sites\/12\/2018\/11\/THE-CURE-SHEER-EYE_15ml.jpg?resize=768,1079 768w, https:\/\/graziamagazine.com\/es\/wp-content\/uploads\/sites\/12\/2018\/11\/THE-CURE-SHEER-EYE_15ml.jpg?resize=729,1024 729w, https:\/\/graziamagazine.com\/es\/wp-content\/uploads\/sites\/12\/2018\/11\/THE-CURE-SHEER-EYE_15ml.jpg?resize=1093,1536 1093w, https:\/\/graziamagazine.com\/es\/wp-content\/uploads\/sites\/12\/2018\/11\/THE-CURE-SHEER-EYE_15ml.jpg?resize=1457,2048 1457w, https:\/\/graziamagazine.com\/es\/wp-content\/uploads\/sites\/12\/2018\/11\/THE-CURE-SHEER-EYE_15ml.jpg?resize=153,215 153w\" sizes=\"(max-width: 1500px) 100vw, 1500px\" \/><\/p>\n<p>&nbsp;<\/p>\n<p><em>Fotos: Cortes\u00eda \/ Mondadori Photo<\/em><\/p>\n","protected":false},"author":11623,"featured_media":142645,"template":"","format":"standard","categories":[7],"acf":[],"yoast_head":"<!-- This site is optimized with the Yoast SEO Premium plugin v18.5 (Yoast SEO v20.4) - https:\/\/yoast.com\/wordpress\/plugins\/seo\/ -->\n<title>Estos son tus mejores aliados para ayudar a tu piel a combatir el invierno | Grazia<\/title>\n<meta name=\"description\" content=\"Evita la deshidrataci\u00f3n y el envejecimiento prematuro con estos sencillos consejos.\" \/>\n<meta name=\"robots\" content=\"index, follow, max-snippet:-1, max-image-preview:large, max-video-preview:-1\" \/>\n<link rel=\"canonical\" href=\"https:\/\/graziamagazine.com\/es\/articles\/estos-son-tus-mejores-aliados-para-ayudar-a-tu-piel-a-combatir-el-invierno\/\" \/>\n<meta property=\"og:locale\" content=\"es_ES\" \/>\n<meta property=\"og:type\" content=\"article\" \/>\n<meta property=\"og:title\" content=\"Estos son tus mejores aliados para ayudar a tu piel a combatir el invierno\" \/>\n<meta property=\"og:description\" content=\"Evita la deshidrataci\u00f3n y el envejecimiento prematuro con estos sencillos consejos.\" \/>\n<meta property=\"og:url\" content=\"https:\/\/graziamagazine.com\/es\/articles\/estos-son-tus-mejores-aliados-para-ayudar-a-tu-piel-a-combatir-el-invierno\/\" \/>\n<meta property=\"og:site_name\" content=\"Grazia\" \/>\n<meta property=\"og:image\" content=\"https:\/\/graziamagazine.com\/es\/wp-content\/uploads\/sites\/12\/2018\/11\/INVIERNO.jpg?fit=1500%2C999\" \/>\n\t<meta property=\"og:image:width\" content=\"1500\" \/>\n\t<meta property=\"og:image:height\" content=\"999\" \/>\n\t<meta property=\"og:image:type\" content=\"image\/jpeg\" \/>\n<meta name=\"twitter:card\" content=\"summary_large_image\" \/>\n<meta name=\"twitter:image\" content=\"https:\/\/graziamagazine.com\/es\/wp-content\/uploads\/sites\/12\/2018\/11\/INVIERNO.jpg\" \/>\n<meta name=\"twitter:label1\" content=\"Est. reading time\" \/>\n\t<meta name=\"twitter:data1\" content=\"3 minutos\" \/>\n<script type=\"application\/ld+json\" class=\"yoast-schema-graph\">{\"@context\":\"https:\/\/schema.org\",\"@graph\":[{\"@type\":\"WebPage\",\"@id\":\"https:\/\/graziamagazine.com\/es\/articles\/estos-son-tus-mejores-aliados-para-ayudar-a-tu-piel-a-combatir-el-invierno\/\",\"url\":\"https:\/\/graziamagazine.com\/es\/articles\/estos-son-tus-mejores-aliados-para-ayudar-a-tu-piel-a-combatir-el-invierno\/\",\"name\":\"Estos son tus mejores aliados para ayudar a tu piel a combatir el invierno | Grazia\",\"isPartOf\":{\"@id\":\"https:\/\/graziamagazine.com\/es\/#website\"},\"datePublished\":\"2018-11-07T17:40:54+00:00\",\"dateModified\":\"2018-11-07T17:40:54+00:00\",\"description\":\"Evita la deshidrataci\u00f3n y el envejecimiento prematuro con estos sencillos consejos.\",\"breadcrumb\":{\"@id\":\"https:\/\/graziamagazine.com\/es\/articles\/estos-son-tus-mejores-aliados-para-ayudar-a-tu-piel-a-combatir-el-invierno\/#breadcrumb\"},\"inLanguage\":\"es\",\"potentialAction\":[{\"@type\":\"ReadAction\",\"target\":[\"https:\/\/graziamagazine.com\/es\/articles\/estos-son-tus-mejores-aliados-para-ayudar-a-tu-piel-a-combatir-el-invierno\/\"]}]},{\"@type\":\"BreadcrumbList\",\"@id\":\"https:\/\/graziamagazine.com\/es\/articles\/estos-son-tus-mejores-aliados-para-ayudar-a-tu-piel-a-combatir-el-invierno\/#breadcrumb\",\"itemListElement\":[{\"@type\":\"ListItem\",\"position\":1,\"name\":\"Portada\",\"item\":\"https:\/\/graziamagazine.com\/es\/\"},{\"@type\":\"ListItem\",\"position\":2,\"name\":\"Estos son tus mejores aliados para ayudar a tu piel a combatir el invierno\"}]},{\"@type\":\"WebSite\",\"@id\":\"https:\/\/graziamagazine.com\/es\/#website\",\"url\":\"https:\/\/graziamagazine.com\/es\/\",\"name\":\"Grazia\",\"description\":\"Moda, belleza, celebrities, estilo de vida...\",\"potentialAction\":[{\"@type\":\"SearchAction\",\"target\":{\"@type\":\"EntryPoint\",\"urlTemplate\":\"https:\/\/graziamagazine.com\/es\/?s={search_term_string}\"},\"query-input\":\"required name=search_term_string\"}],\"inLanguage\":\"es\"}]}<\/script>\n<!-- \/ Yoast SEO Premium plugin. -->","yoast_head_json":{"title":"Estos son tus mejores aliados para ayudar a tu piel a combatir el invierno | Grazia","description":"Evita la deshidrataci\u00f3n y el envejecimiento prematuro con estos sencillos consejos.","robots":{"index":"index","follow":"follow","max-snippet":"max-snippet:-1","max-image-preview":"max-image-preview:large","max-video-preview":"max-video-preview:-1"},"canonical":"https:\/\/graziamagazine.com\/es\/articles\/estos-son-tus-mejores-aliados-para-ayudar-a-tu-piel-a-combatir-el-invierno\/","og_locale":"es_ES","og_type":"article","og_title":"Estos son tus mejores aliados para ayudar a tu piel a combatir el invierno","og_description":"Evita la deshidrataci\u00f3n y el envejecimiento prematuro con estos sencillos consejos.","og_url":"https:\/\/graziamagazine.com\/es\/articles\/estos-son-tus-mejores-aliados-para-ayudar-a-tu-piel-a-combatir-el-invierno\/","og_site_name":"Grazia","og_image":[{"width":1500,"height":999,"url":"https:\/\/graziamagazine.com\/es\/wp-content\/uploads\/sites\/12\/2018\/11\/INVIERNO.jpg?fit=1500%2C999","type":"image\/jpeg"}],"twitter_card":"summary_large_image","twitter_image":"https:\/\/graziamagazine.com\/es\/wp-content\/uploads\/sites\/12\/2018\/11\/INVIERNO.jpg","twitter_misc":{"Est. reading time":"3 minutos"},"schema":{"@context":"https:\/\/schema.org","@graph":[{"@type":"WebPage","@id":"https:\/\/graziamagazine.com\/es\/articles\/estos-son-tus-mejores-aliados-para-ayudar-a-tu-piel-a-combatir-el-invierno\/","url":"https:\/\/graziamagazine.com\/es\/articles\/estos-son-tus-mejores-aliados-para-ayudar-a-tu-piel-a-combatir-el-invierno\/","name":"Estos son tus mejores aliados para ayudar a tu piel a combatir el invierno | Grazia","isPartOf":{"@id":"https:\/\/graziamagazine.com\/es\/#website"},"datePublished":"2018-11-07T17:40:54+00:00","dateModified":"2018-11-07T17:40:54+00:00","description":"Evita la deshidrataci\u00f3n y el envejecimiento prematuro con estos sencillos consejos.","breadcrumb":{"@id":"https:\/\/graziamagazine.com\/es\/articles\/estos-son-tus-mejores-aliados-para-ayudar-a-tu-piel-a-combatir-el-invierno\/#breadcrumb"},"inLanguage":"es","potentialAction":[{"@type":"ReadAction","target":["https:\/\/graziamagazine.com\/es\/articles\/estos-son-tus-mejores-aliados-para-ayudar-a-tu-piel-a-combatir-el-invierno\/"]}]},{"@type":"BreadcrumbList","@id":"https:\/\/graziamagazine.com\/es\/articles\/estos-son-tus-mejores-aliados-para-ayudar-a-tu-piel-a-combatir-el-invierno\/#breadcrumb","itemListElement":[{"@type":"ListItem","position":1,"name":"Portada","item":"https:\/\/graziamagazine.com\/es\/"},{"@type":"ListItem","position":2,"name":"Estos son tus mejores aliados para ayudar a tu piel a combatir el invierno"}]},{"@type":"WebSite","@id":"https:\/\/graziamagazine.com\/es\/#website","url":"https:\/\/graziamagazine.com\/es\/","name":"Grazia","description":"Moda, belleza, celebrities, estilo de vida...","potentialAction":[{"@type":"SearchAction","target":{"@type":"EntryPoint","urlTemplate":"https:\/\/graziamagazine.com\/es\/?s={search_term_string}"},"query-input":"required name=search_term_string"}],"inLanguage":"es"}]}},"jetpack_sharing_enabled":true,"distributor_meta":false,"distributor_terms":false,"distributor_media":false,"distributor_original_site_name":"Grazia","distributor_original_site_url":"https:\/\/graziamagazine.com\/es","push-errors":false,"_links":{"self":[{"href":"https:\/\/graziamagazine.com\/es\/wp-json\/wp\/v2\/articles\/142636"}],"collection":[{"href":"https:\/\/graziamagazine.com\/es\/wp-json\/wp\/v2\/articles"}],"about":[{"href":"https:\/\/graziamagazine.com\/es\/wp-json\/wp\/v2\/types\/articles"}],"author":[{"embeddable":true,"href":"https:\/\/graziamagazine.com\/es\/wp-json\/wp\/v2\/users\/11623"}],"wp:featuredmedia":[{"embeddable":true,"href":"https:\/\/graziamagazine.com\/es\/wp-json\/wp\/v2\/media\/142645"}],"wp:attachment":[{"href":"https:\/\/graziamagazine.com\/es\/wp-json\/wp\/v2\/media?parent=142636"}],"wp:term":[{"taxonomy":"category","embeddable":true,"href":"https:\/\/graziamagazine.com\/es\/wp-json\/wp\/v2\/categories?post=142636"}],"curies":[{"name":"wp","href":"https:\/\/api.w.org\/{rel}","templated":true}]}}