{"id":142377,"date":"2018-10-29T16:50:24","date_gmt":"2018-10-29T15:50:24","guid":{"rendered":"https:\/\/graziamagazine.com\/es\/?p=142377"},"modified":"2018-10-29T16:50:29","modified_gmt":"2018-10-29T15:50:29","slug":"balenciaga-se-ha-vuelto-loco-y-tenemos-la-prueba","status":"publish","type":"articles","link":"https:\/\/graziamagazine.com\/es\/articles\/balenciaga-se-ha-vuelto-loco-y-tenemos-la-prueba\/","title":{"rendered":"Balenciaga se ha vuelto loco y tenemos la prueba"},"content":{"rendered":"<p>Cuando eras peque\u00f1a se hicieron muy famosos unos ambientadores con forma de pino que juraba ambientar el coche. Aunque la verdad, el olor duraba unos pocos d\u00edas y el cartoncito en forma de \u00e1rbol se pasaba meses en el auto hasta que uno de tus padres decid\u00eda quitarlo y cambiarlo por otro de otro color.<\/p>\n<blockquote class=\"instagram-media\" style=\"background: #FFF; border: 0; border-radius: 3px; box-shadow: 0 0 1px 0 rgba(0,0,0,0.5),0 1px 10px 0 rgba(0,0,0,0.15); margin: 1px; max-width: 540px; min-width: 326px; padding: 0; width: calc(100% - 2px);\" data-instgrm-captioned=\"\" data-instgrm-permalink=\"https:\/\/www.instagram.com\/p\/BpJ_pNpjor3\/?utm_source=ig_embed&amp;utm_medium=loading\" data-instgrm-version=\"12\">\n<div style=\"padding: 16px;\">\n<p>&nbsp;<\/p>\n<div style=\"display: flex; flex-direction: row; align-items: center;\"><\/div>\n<div style=\"padding: 19% 0;\"><\/div>\n<div style=\"display: block; height: 50px; margin: 0 auto 12px; width: 50px;\"><\/div>\n<div style=\"padding-top: 8px;\">\n<div style=\"color: #3897f0; font-family: Arial,sans-serif; font-size: 14px; font-style: normal; font-weight: 550; line-height: 18px;\">Ver esta publicaci\u00f3n en Instagram<\/div>\n<\/div>\n<div style=\"padding: 12.5% 0;\"><\/div>\n<div style=\"display: flex; flex-direction: row; margin-bottom: 14px; align-items: center;\"><\/div>\n<p>&nbsp;<\/p>\n<p style=\"margin: 8px 0 0 0; padding: 0 4px;\"><a href=\"https:\/\/www.instagram.com\/p\/BpJ_pNpjor3\/?utm_source=ig_embed&amp;utm_medium=loading\"style=\"color: #000; font-family: Arial,sans-serif; font-size: 14px; font-style: normal; font-weight: normal; line-height: 17px; text-decoration: none; word-wrap: break-word;\"  target=\"_blank\" rel=\"noopener\" target=\"_blank\">Odorizador de Ambientes Aromas disponive\u00eds: \u2022 Pi\u00f1a Colada \u2022 Hubble Hum \u2022 Strawberry \u2022 Vanillaroma \u2022 Jasmin \u2022 New Car Scent \u2022 Lavender A N\u00ba1 Em Aromatizantes, Agora no Brasil! Car-Freshner aromatizantes s\u00e3o feitos com ingredientes selecionados, proporcionando aromas \u00fanicos e de longa dura\u00e7\u00e3o. Ideal para carro, resid\u00eancia, arm\u00e1rios, escrit\u00f3rio ou onde preferir. Use para perfumar o ar. Modo de Usar: Abra a parte superior de embalagem pl\u00e1stica e puxe o aromatizador um pouco para fora ( 1 cm p\/ semana ) ajustando a intensidade do perfume e, em seguida, pendure no local desejado, ou simplesmente retire da embalagem pl\u00e1stica e pendure onde preferir. Dura\u00e7\u00e3o de at\u00e9 7 semanas. #littletrees #littletreesbrasil #joaopessoaparaiba #paraiba #para\u00edba #bomdia #jo\u00e3opessoa #naparaibatem #naparaiba<\/a><\/p>\n<p style=\"color: #c9c8cd; font-family: Arial,sans-serif; font-size: 14px; line-height: 17px; margin-bottom: 0; margin-top: 8px; overflow: hidden; padding: 8px 0 7px; text-align: center; text-overflow: ellipsis; white-space: nowrap;\">Una publicaci\u00f3n compartida de <a href=\"https:\/\/www.instagram.com\/iphone__select\/?utm_source=ig_embed&amp;utm_medium=loading\"style=\"color: #c9c8cd; font-family: Arial,sans-serif; font-size: 14px; font-style: normal; font-weight: normal; line-height: 17px;\"  target=\"_blank\" rel=\"noopener\" target=\"_blank\"> iPhone Select \uf8ff<\/a> (@iphone__select) el <time style=\"font-family: Arial,sans-serif; font-size: 14px; line-height: 17px;\" datetime=\"2018-10-20T13:12:42+00:00\">20 Oct, 2018 a las 6:12 PDT<\/time><\/p>\n<\/div>\n<\/blockquote>\n<p><script async src=\"\/\/www.instagram.com\/embed.js\"><\/script><\/p>\n<p>Los a\u00f1os pasaron y los distintos ambientadores para autos tambi\u00e9n sufrieron modificaciones. Ahora eres t\u00fa la due\u00f1a de tu auto y no hay cartoncito de pino que valga, pero seguro que s\u00ed tienes alg\u00fan que otro ambientador escondido por ah\u00ed.<\/p>\n<p><iframe loading=\"lazy\" class=\"giphy-embed\" src=\"https:\/\/giphy.com\/embed\/OJe0RsJo2yUIE\" width=\"266\" height=\"480\" frameborder=\"0\" allowfullscreen=\"allowfullscreen\"><\/iframe><\/p>\n<p><a href=\"https:\/\/giphy.com\/gifs\/realfoodrn-happy-smell-OJe0RsJo2yUIE\" target=\"_blank\">via GIPHY<\/a><\/p>\n<p>Bueno, pues quiz\u00e1s <strong>Balenciaga<\/strong> pensaba que no nos dar\u00edamos cuenta, pero este mes lanz\u00f3 una serie de llaveros de cuero con la misma forma del arbolito que nos persigui\u00f3 durante nuestra ni\u00f1ez y nos vigil\u00f3 desde el espejo retrovisor.<\/p>\n<p>Como era de esperar, la compa\u00f1\u00eda que invent\u00f3 esos \u00e1rboles ha demandado a la firma de lujo por hacer uso sin su consentimiento de la imagen. Y es que los de Little Trees fueron muy listos y registraron tanto la marca como su dise\u00f1o por all\u00e1 de 1952.<\/p>\n<p>Desde <strong>Little Trees<\/strong> se han mostrado muy consternados por la posibilidad de que se confundan ambos \u00e1rboles, pero lo cierto es que el que usaban tus padres costaba por aquel entonces menos de un euro y el llavero de Balenciaga ronda los 195 euros y que puedes encontrar <a href=\"https:\/\/www.balenciaga.com\/es\/other-accessories_cod51124216io.html?tp=53667\" target=\"_blank\">aqu\u00ed<\/a> en rosa, verde y azul.<\/p>\n<p>As\u00ed que ni cortos ni perezosos, la compa\u00f1\u00eda que ide\u00f3 estos ambientadores para coches exige ahora a Balenciaga entregue cualquier ganancia obtenida de sus llaveros.<\/p>\n<p>Aunque no lo creas, no es la primera vez que alguien denuncia a Balenciaga por un producto que Demna Gvasalia, el director creativo de la firma, presenta. La anterior se trat\u00f3 de un bolso kitsch que era rid\u00edculamente parecido a los que se venden en Nueva York como recuerdo.<\/p>\n<p>Demna Gvasalia se empe\u00f1a en crear productos de objetos tan cotidianos, pero en Grazia ya no sabemos si esto le est\u00e1 saliendo tan rentable a la marca\u2026<\/p>\n<p><em>Fotos: Cortes\u00eda<\/em><\/p>\n","protected":false},"author":11650,"featured_media":142378,"template":"","format":"standard","categories":[1],"acf":[],"yoast_head":"<!-- This site is optimized with the Yoast SEO Premium plugin v18.5 (Yoast SEO v20.4) - https:\/\/yoast.com\/wordpress\/plugins\/seo\/ -->\n<title>Balenciaga se ha vuelto loco y tenemos la prueba | Grazia<\/title>\n<meta name=\"description\" content=\"La marca, adem\u00e1s, ha recibido una demanda por plagio.\" \/>\n<meta name=\"robots\" content=\"index, follow, max-snippet:-1, max-image-preview:large, max-video-preview:-1\" \/>\n<link rel=\"canonical\" href=\"https:\/\/graziamagazine.com\/es\/articles\/balenciaga-se-ha-vuelto-loco-y-tenemos-la-prueba\/\" \/>\n<meta property=\"og:locale\" content=\"es_ES\" \/>\n<meta property=\"og:type\" content=\"article\" \/>\n<meta property=\"og:title\" content=\"Balenciaga se ha vuelto loco y tenemos la prueba\" \/>\n<meta property=\"og:description\" content=\"La marca, adem\u00e1s, ha recibido una demanda por plagio.\" \/>\n<meta property=\"og:url\" content=\"https:\/\/graziamagazine.com\/es\/articles\/balenciaga-se-ha-vuelto-loco-y-tenemos-la-prueba\/\" \/>\n<meta property=\"og:site_name\" content=\"Grazia\" \/>\n<meta property=\"article:modified_time\" content=\"2018-10-29T15:50:29+00:00\" \/>\n<meta property=\"og:image\" content=\"https:\/\/graziamagazine.com\/es\/wp-content\/uploads\/sites\/12\/2018\/10\/balenciaga.jpg?fit=1170%2C584\" \/>\n\t<meta property=\"og:image:width\" content=\"1170\" \/>\n\t<meta property=\"og:image:height\" content=\"584\" \/>\n\t<meta property=\"og:image:type\" content=\"image\/jpeg\" \/>\n<meta name=\"twitter:card\" content=\"summary_large_image\" \/>\n<meta name=\"twitter:image\" content=\"https:\/\/graziamagazine.com\/es\/wp-content\/uploads\/sites\/12\/2018\/10\/balenciaga.jpg\" \/>\n<meta name=\"twitter:label1\" content=\"Est. reading time\" \/>\n\t<meta name=\"twitter:data1\" content=\"2 minutos\" \/>\n<script type=\"application\/ld+json\" class=\"yoast-schema-graph\">{\"@context\":\"https:\/\/schema.org\",\"@graph\":[{\"@type\":\"WebPage\",\"@id\":\"https:\/\/graziamagazine.com\/es\/articles\/balenciaga-se-ha-vuelto-loco-y-tenemos-la-prueba\/\",\"url\":\"https:\/\/graziamagazine.com\/es\/articles\/balenciaga-se-ha-vuelto-loco-y-tenemos-la-prueba\/\",\"name\":\"Balenciaga se ha vuelto loco y tenemos la prueba | Grazia\",\"isPartOf\":{\"@id\":\"https:\/\/graziamagazine.com\/es\/#website\"},\"datePublished\":\"2018-10-29T15:50:24+00:00\",\"dateModified\":\"2018-10-29T15:50:29+00:00\",\"description\":\"La marca, adem\u00e1s, ha recibido una demanda por plagio.\",\"breadcrumb\":{\"@id\":\"https:\/\/graziamagazine.com\/es\/articles\/balenciaga-se-ha-vuelto-loco-y-tenemos-la-prueba\/#breadcrumb\"},\"inLanguage\":\"es\",\"potentialAction\":[{\"@type\":\"ReadAction\",\"target\":[\"https:\/\/graziamagazine.com\/es\/articles\/balenciaga-se-ha-vuelto-loco-y-tenemos-la-prueba\/\"]}]},{\"@type\":\"BreadcrumbList\",\"@id\":\"https:\/\/graziamagazine.com\/es\/articles\/balenciaga-se-ha-vuelto-loco-y-tenemos-la-prueba\/#breadcrumb\",\"itemListElement\":[{\"@type\":\"ListItem\",\"position\":1,\"name\":\"Portada\",\"item\":\"https:\/\/graziamagazine.com\/es\/\"},{\"@type\":\"ListItem\",\"position\":2,\"name\":\"Balenciaga se ha vuelto loco y tenemos la prueba\"}]},{\"@type\":\"WebSite\",\"@id\":\"https:\/\/graziamagazine.com\/es\/#website\",\"url\":\"https:\/\/graziamagazine.com\/es\/\",\"name\":\"Grazia\",\"description\":\"Moda, belleza, celebrities, estilo de vida...\",\"potentialAction\":[{\"@type\":\"SearchAction\",\"target\":{\"@type\":\"EntryPoint\",\"urlTemplate\":\"https:\/\/graziamagazine.com\/es\/?s={search_term_string}\"},\"query-input\":\"required name=search_term_string\"}],\"inLanguage\":\"es\"}]}<\/script>\n<!-- \/ Yoast SEO Premium plugin. -->","yoast_head_json":{"title":"Balenciaga se ha vuelto loco y tenemos la prueba | Grazia","description":"La marca, adem\u00e1s, ha recibido una demanda por plagio.","robots":{"index":"index","follow":"follow","max-snippet":"max-snippet:-1","max-image-preview":"max-image-preview:large","max-video-preview":"max-video-preview:-1"},"canonical":"https:\/\/graziamagazine.com\/es\/articles\/balenciaga-se-ha-vuelto-loco-y-tenemos-la-prueba\/","og_locale":"es_ES","og_type":"article","og_title":"Balenciaga se ha vuelto loco y tenemos la prueba","og_description":"La marca, adem\u00e1s, ha recibido una demanda por plagio.","og_url":"https:\/\/graziamagazine.com\/es\/articles\/balenciaga-se-ha-vuelto-loco-y-tenemos-la-prueba\/","og_site_name":"Grazia","article_modified_time":"2018-10-29T15:50:29+00:00","og_image":[{"width":1170,"height":584,"url":"https:\/\/graziamagazine.com\/es\/wp-content\/uploads\/sites\/12\/2018\/10\/balenciaga.jpg?fit=1170%2C584","type":"image\/jpeg"}],"twitter_card":"summary_large_image","twitter_image":"https:\/\/graziamagazine.com\/es\/wp-content\/uploads\/sites\/12\/2018\/10\/balenciaga.jpg","twitter_misc":{"Est. reading time":"2 minutos"},"schema":{"@context":"https:\/\/schema.org","@graph":[{"@type":"WebPage","@id":"https:\/\/graziamagazine.com\/es\/articles\/balenciaga-se-ha-vuelto-loco-y-tenemos-la-prueba\/","url":"https:\/\/graziamagazine.com\/es\/articles\/balenciaga-se-ha-vuelto-loco-y-tenemos-la-prueba\/","name":"Balenciaga se ha vuelto loco y tenemos la prueba | Grazia","isPartOf":{"@id":"https:\/\/graziamagazine.com\/es\/#website"},"datePublished":"2018-10-29T15:50:24+00:00","dateModified":"2018-10-29T15:50:29+00:00","description":"La marca, adem\u00e1s, ha recibido una demanda por plagio.","breadcrumb":{"@id":"https:\/\/graziamagazine.com\/es\/articles\/balenciaga-se-ha-vuelto-loco-y-tenemos-la-prueba\/#breadcrumb"},"inLanguage":"es","potentialAction":[{"@type":"ReadAction","target":["https:\/\/graziamagazine.com\/es\/articles\/balenciaga-se-ha-vuelto-loco-y-tenemos-la-prueba\/"]}]},{"@type":"BreadcrumbList","@id":"https:\/\/graziamagazine.com\/es\/articles\/balenciaga-se-ha-vuelto-loco-y-tenemos-la-prueba\/#breadcrumb","itemListElement":[{"@type":"ListItem","position":1,"name":"Portada","item":"https:\/\/graziamagazine.com\/es\/"},{"@type":"ListItem","position":2,"name":"Balenciaga se ha vuelto loco y tenemos la prueba"}]},{"@type":"WebSite","@id":"https:\/\/graziamagazine.com\/es\/#website","url":"https:\/\/graziamagazine.com\/es\/","name":"Grazia","description":"Moda, belleza, celebrities, estilo de vida...","potentialAction":[{"@type":"SearchAction","target":{"@type":"EntryPoint","urlTemplate":"https:\/\/graziamagazine.com\/es\/?s={search_term_string}"},"query-input":"required name=search_term_string"}],"inLanguage":"es"}]}},"jetpack_sharing_enabled":true,"distributor_meta":false,"distributor_terms":false,"distributor_media":false,"distributor_original_site_name":"Grazia","distributor_original_site_url":"https:\/\/graziamagazine.com\/es","push-errors":false,"_links":{"self":[{"href":"https:\/\/graziamagazine.com\/es\/wp-json\/wp\/v2\/articles\/142377"}],"collection":[{"href":"https:\/\/graziamagazine.com\/es\/wp-json\/wp\/v2\/articles"}],"about":[{"href":"https:\/\/graziamagazine.com\/es\/wp-json\/wp\/v2\/types\/articles"}],"author":[{"embeddable":true,"href":"https:\/\/graziamagazine.com\/es\/wp-json\/wp\/v2\/users\/11650"}],"wp:featuredmedia":[{"embeddable":true,"href":"https:\/\/graziamagazine.com\/es\/wp-json\/wp\/v2\/media\/142378"}],"wp:attachment":[{"href":"https:\/\/graziamagazine.com\/es\/wp-json\/wp\/v2\/media?parent=142377"}],"wp:term":[{"taxonomy":"category","embeddable":true,"href":"https:\/\/graziamagazine.com\/es\/wp-json\/wp\/v2\/categories?post=142377"}],"curies":[{"name":"wp","href":"https:\/\/api.w.org\/{rel}","templated":true}]}}