{"id":142331,"date":"2018-10-29T18:40:46","date_gmt":"2018-10-29T17:40:46","guid":{"rendered":"https:\/\/graziamagazine.com\/es\/?p=142331"},"modified":"2018-10-29T19:02:34","modified_gmt":"2018-10-29T18:02:34","slug":"martina-klein-nos-ensena-a-abrazar-el-desorden-para-tener-una-casa-de-revista","status":"publish","type":"articles","link":"https:\/\/graziamagazine.com\/es\/articles\/martina-klein-nos-ensena-a-abrazar-el-desorden-para-tener-una-casa-de-revista\/","title":{"rendered":"Martina Klein nos ense\u00f1a a abrazar el desorden para tener una casa de revista"},"content":{"rendered":"<p>Aunque seguro muchas de vosotras la identific\u00e1is con su faceta de modelo, escritora y actriz, <strong>Martina Klein<\/strong> lleva, desde finales de 2016, compartiendo su vida con <a href=\"https:\/\/lodemanuela.com\/\" target=\"_blank\"><em>Lo de Manuela<\/em><\/a>, un proyecto de decoraci\u00f3n e interiorismo que la motiva y la \u201chace vibrar\u201d.<\/p>\n<p>\u201cLa moda me gusta y ha sido mi vida, pero la decoraci\u00f3n ha formado parte de mi ADN desde el primer d\u00eda (mis padres son arquitectos). <em>Lo de Manuela<\/em> puede ser un cruce de estas dos pasiones\u201d, nos cuenta.<\/p>\n<p>Uno de los aspectos de esta nueva aventura que m\u00e1s expectativa ha generado es, sin duda, la identidad de \u201cla tal\u201d Manuela, de quien <strong>Martina Klein<\/strong> revela lo justo y necesario. Estas son las pocas pistas que nos ha dado sobre ella: \u201cSe ha pasado la vida viajando porque su padre, siendo diplom\u00e1tico, la acostumbr\u00f3 a ello. Pero luego ella sigui\u00f3 haciendo lo propio y no ha parado nunca de viajar. Es una mujer muy sensible a la que le gusta escribir, que ha ido dejando amistades y gente que le ha marcado en todas partes del globo. No respeta mucho las agendas (y quienes la conocemos ya nos vamos amoldando a ello). Sabe como nadie traducir las sensaciones que le produce un lugar en colecciones maravillosas. Por suerte y, cada d\u00eda m\u00e1s, nosotros sabemos interpretarla y vamos ensamblando con fuerza y armon\u00eda nuestro equipo\u201d. \u2014Y hasta ah\u00ed nos puede leer\u2014.<\/p>\n<p>&nbsp;<\/p>\n<figure id=\"attachment_142339\" aria-describedby=\"caption-attachment-142339\" style=\"width: 1500px\" class=\"wp-caption aligncenter\"><img loading=\"lazy\" decoding=\"async\" class=\"size-full wp-image-142339\" src=\"https:\/\/graziamagazine.com\/es\/wp-content\/uploads\/sites\/12\/2018\/10\/Manuela.jpg\" alt=\"Ella es Manuela\" width=\"1500\" height=\"2249\" srcset=\"https:\/\/graziamagazine.com\/es\/wp-content\/uploads\/sites\/12\/2018\/10\/Manuela.jpg 1500w, https:\/\/graziamagazine.com\/es\/wp-content\/uploads\/sites\/12\/2018\/10\/Manuela.jpg?resize=200,300 200w, https:\/\/graziamagazine.com\/es\/wp-content\/uploads\/sites\/12\/2018\/10\/Manuela.jpg?resize=768,1151 768w, https:\/\/graziamagazine.com\/es\/wp-content\/uploads\/sites\/12\/2018\/10\/Manuela.jpg?resize=683,1024 683w, https:\/\/graziamagazine.com\/es\/wp-content\/uploads\/sites\/12\/2018\/10\/Manuela.jpg?resize=1024,1536 1024w, https:\/\/graziamagazine.com\/es\/wp-content\/uploads\/sites\/12\/2018\/10\/Manuela.jpg?resize=1366,2048 1366w, https:\/\/graziamagazine.com\/es\/wp-content\/uploads\/sites\/12\/2018\/10\/Manuela.jpg?resize=143,215 143w\" sizes=\"(max-width: 1500px) 100vw, 1500px\" \/><figcaption id=\"caption-attachment-142339\" class=\"wp-caption-text\">Ella es Manuela<\/figcaption><\/figure>\n<p>&nbsp;<\/p>\n<p>En una industria cada vez m\u00e1s saturada, entre los viejos lobos de mar y los nuevos integrantes que luchan por abrirse camino, <strong>Martina Klein<\/strong> es consciente de que no vale solo con estar en el mercado y sabe que en la diferencia est\u00e1 la clave del \u00e9xito. \u201cTrabajamos con m\u00e1ximas calidades, con el dominio de diferentes t\u00e9cnicas. Nuestros dise\u00f1os son exclusivos porque los creamos con nuestros propios artistas&#8230; y por supuesto est\u00e1 Manuela que, a trav\u00e9s de sus viajes y su sensibilidad, dota a cada pieza de un significado muy especial y \u00fanico \u2014s\u00ed, otra vez la misteriosa Manuela\u2014. Es una manera de hacer que nuestro hogar sea m\u00e1s c\u00e1lido sin perder el toque de distinci\u00f3n\u201d, asegura.<\/p>\n<p>[galeria]<\/p>\n<p>La tambi\u00e9n modelo y actriz compagina sus labores de empresaria con la familia que ha formado junto al extenista, <strong>\u00c1lex Corretja<\/strong>, con quien tiene una hija en com\u00fan, \u00c9rika, adem\u00e1s del hijo mayor de ella, Pablo, y las de \u00e9l, Carla y Aroa.<\/p>\n<p><strong>-\u00bfC\u00f3mo se puede mantener una casa de revista con ni\u00f1os peque\u00f1os de por medio?<\/strong><\/p>\n<p>-Aceptando que el desorden puede formar parte de \u00e9l, donde los juguetes o libros tirados sean parte de un todo. \u00bfPor qu\u00e9 queremos que las casas sean impersonales? Mi casa ha de hablar de m\u00ed y de mis hijos&#8230;<\/p>\n<p><strong>-En alguna entrevista comentabas que por tu hija, ni siquiera duermes las 8 horas reglamentarias, \u00bfc\u00f3mo debe estar decorada una habitaci\u00f3n para que las horas de sue\u00f1o, aunque sean pocas, sean totalmente placenteras?<\/strong><\/p>\n<p>-Sin estridencias, con paredes claras y muebles de madera natural. Muchos cojines que hagan de tu cama un lugar apetecible y ropa de cama de lino, \u00a1que es un buen vicio para la piel!<\/p>\n<p><strong>-\u00bfTe gustar\u00eda ampliar la familia?<\/strong><\/p>\n<p>-Creo que ya somos los que tenemos que ser.<\/p>\n<p>Como experta en el tema, nos imaginamos que su casa ha de tener una decoraci\u00f3n de todo menos ordinaria. \u201cEs un mundo ecl\u00e9ctico donde todo cabe, porque forma parte de nosotros. Algo sueco, algo <em>vintage<\/em>, algo minimalista, algo r\u00fastico, algo colorista&#8230;\u201d. \u201c\u00bfCada cu\u00e1nto tiempo cambias la decoraci\u00f3n?\u201d, le preguntamos \u2014m\u00e1s que nada para saber lo mucho que nos queda de camino para tener una casa de revista\u2014. Su respuesta nos sorprende: \u201cEn casa de herrero cuchara de palo. Me cuesta encontrar el momento pero se va reciclando de forma natural y por zonas. El nacimiento de \u00c9rika provoc\u00f3 un cambio en todas las habitaciones como efecto domin\u00f3. Este a\u00f1o nos toca recibidor y sal\u00f3n&#8230;. y \u00a1que la vida organice y desorganice!\u201d, confiesa entre risas.<\/p>\n<p><strong>-\u00bfDejas que tu pareja tambi\u00e9n tome decisiones en cuanto a la decoraci\u00f3n o prefieres fiarte solo de tu criterio?<\/strong><\/p>\n<p>-Decidimos juntos. De hecho tambi\u00e9n consultamos mucho con nuestros hijos.<\/p>\n<p>Teniendo en cuenta su buen gusto por el interiorismo, no es dif\u00edcil asumir que sus preferencias a la hora de decorar intervienen mucho en su manera de vestir. \u00bfSu estilo? \u201cMuy casual y c\u00f3modo\u201d, asegura. \u201cSoy muy de pantalones, pero tengo el armario lleno de vestidos. Adoro los estampados y los colores pero, cuando tengo alguna ocasi\u00f3n especial, \u00a1apuesto todo al negro! \u00a1Y siempre tengo la sensaci\u00f3n de que no tengo qu\u00e9 ponerme! En mi armario no cabe un alfiler. Tengo que aprender a deshacerme de la ropa pero me duele\u201d, nos cuenta divertida y nos desvela, a su vez, que se siente m\u00e1s c\u00f3moda descalza en su casa \u2014\u201cah\u00ed soy muy yo\u201d\u2014 que desfilando en tacones. \u201cLa pasarela no es un lugar c\u00f3modo precisamente\u201d, a\u00f1ade.<\/p>\n<p>Despu\u00e9s de agregar que sus accesorios favoritos son las medallitas y los colgantitos peque\u00f1os para cada d\u00eda y etiquetar los bolsos grandes como \u201cun obligatorio en mi vida\u201d, nos deja ver \u2014m\u00e1s bien nos lo cuenta\u2014 que el interior de su bolso no es tan <em>fashionista<\/em> como podr\u00edamos esperar ya que en \u00e9l conviven \u2014en perfecta armon\u00eda\u2014 un mascara de pesta\u00f1as, una crema hidratante de ISDIN y un chupete.<\/p>\n<p>Lo de la cremita nos lo apuntamos (con su permiso) y es que nada nos gustar\u00eda m\u00e1s que conocer sus secretos de belleza para estar as\u00ed de estupendas. \u201cSoy consciente de que a estas alturas de la vida hay que trabajarse el body\u201d, dice <strong>Martina Klein<\/strong> con modestia, \u201cy, aunque no siempre me guste, procuro convertirlo en algo divertido y mezclar disciplinas; entrenamientos de fuerza, baile, yoga&#8230; As\u00ed puedo comer como a m\u00ed me gusta, aunque ah\u00ed tambi\u00e9n procuro no cometer muchos excesos\u201d.<\/p>\n<p><strong>-Modelo, presentadora, madre, ahora empresaria, \u00bfqu\u00e9 quieres ser de mayor?<\/strong><\/p>\n<p>-A\u00fan no lo he decidido, \u00a1hay tantas cosas bonitas por hacer!<\/p>\n<p><em>Fotos: Cortes\u00eda<\/em><\/p>\n","protected":false},"author":11623,"featured_media":142350,"template":"","format":"standard","categories":[13],"acf":[],"yoast_head":"<!-- This site is optimized with the Yoast SEO Premium plugin v18.5 (Yoast SEO v20.4) - https:\/\/yoast.com\/wordpress\/plugins\/seo\/ -->\n<title>Martina Klein nos ense\u00f1a a abrazar el desorden para tener una casa de revista | Grazia<\/title>\n<meta name=\"description\" content=\"La modelo y actriz lleva casi dos a\u00f1os explorando su faceta de empresaria con &#039;Lo de Manuela&#039;, un proyecto de decoraci\u00f3n e interiorismo.\" \/>\n<meta name=\"robots\" content=\"index, follow, max-snippet:-1, max-image-preview:large, max-video-preview:-1\" \/>\n<link rel=\"canonical\" href=\"https:\/\/graziamagazine.com\/es\/articles\/martina-klein-nos-ensena-a-abrazar-el-desorden-para-tener-una-casa-de-revista\/\" \/>\n<meta property=\"og:locale\" content=\"es_ES\" \/>\n<meta property=\"og:type\" content=\"article\" \/>\n<meta property=\"og:title\" content=\"Martina Klein nos ense\u00f1a a abrazar el desorden para tener una casa de revista\" \/>\n<meta property=\"og:description\" content=\"La modelo y actriz lleva casi dos a\u00f1os explorando su faceta de empresaria con &#039;Lo de Manuela&#039;, un proyecto de decoraci\u00f3n e interiorismo.\" \/>\n<meta property=\"og:url\" content=\"https:\/\/graziamagazine.com\/es\/articles\/martina-klein-nos-ensena-a-abrazar-el-desorden-para-tener-una-casa-de-revista\/\" \/>\n<meta property=\"og:site_name\" content=\"Grazia\" \/>\n<meta property=\"article:modified_time\" content=\"2018-10-29T18:02:34+00:00\" \/>\n<meta property=\"og:image\" content=\"https:\/\/graziamagazine.com\/es\/wp-content\/uploads\/sites\/12\/2018\/10\/Martina-Klein-SS18.jpg\" \/>\n\t<meta property=\"og:image:width\" content=\"1500\" \/>\n\t<meta property=\"og:image:height\" content=\"2249\" \/>\n\t<meta property=\"og:image:type\" content=\"image\/jpeg\" \/>\n<meta name=\"twitter:card\" content=\"summary_large_image\" \/>\n<meta name=\"twitter:image\" content=\"https:\/\/graziamagazine.com\/es\/wp-content\/uploads\/sites\/12\/2018\/10\/Martina-Klein-SS18.jpg\" \/>\n<meta name=\"twitter:label1\" content=\"Est. reading time\" \/>\n\t<meta name=\"twitter:data1\" content=\"5 minutos\" \/>\n<script type=\"application\/ld+json\" class=\"yoast-schema-graph\">{\"@context\":\"https:\/\/schema.org\",\"@graph\":[{\"@type\":\"WebPage\",\"@id\":\"https:\/\/graziamagazine.com\/es\/articles\/martina-klein-nos-ensena-a-abrazar-el-desorden-para-tener-una-casa-de-revista\/\",\"url\":\"https:\/\/graziamagazine.com\/es\/articles\/martina-klein-nos-ensena-a-abrazar-el-desorden-para-tener-una-casa-de-revista\/\",\"name\":\"Martina Klein nos ense\u00f1a a abrazar el desorden para tener una casa de revista | Grazia\",\"isPartOf\":{\"@id\":\"https:\/\/graziamagazine.com\/es\/#website\"},\"datePublished\":\"2018-10-29T17:40:46+00:00\",\"dateModified\":\"2018-10-29T18:02:34+00:00\",\"description\":\"La modelo y actriz lleva casi dos a\u00f1os explorando su faceta de empresaria con 'Lo de Manuela', un proyecto de decoraci\u00f3n e interiorismo.\",\"breadcrumb\":{\"@id\":\"https:\/\/graziamagazine.com\/es\/articles\/martina-klein-nos-ensena-a-abrazar-el-desorden-para-tener-una-casa-de-revista\/#breadcrumb\"},\"inLanguage\":\"es\",\"potentialAction\":[{\"@type\":\"ReadAction\",\"target\":[\"https:\/\/graziamagazine.com\/es\/articles\/martina-klein-nos-ensena-a-abrazar-el-desorden-para-tener-una-casa-de-revista\/\"]}]},{\"@type\":\"BreadcrumbList\",\"@id\":\"https:\/\/graziamagazine.com\/es\/articles\/martina-klein-nos-ensena-a-abrazar-el-desorden-para-tener-una-casa-de-revista\/#breadcrumb\",\"itemListElement\":[{\"@type\":\"ListItem\",\"position\":1,\"name\":\"Portada\",\"item\":\"https:\/\/graziamagazine.com\/es\/\"},{\"@type\":\"ListItem\",\"position\":2,\"name\":\"Martina Klein nos ense\u00f1a a abrazar el desorden para tener una casa de revista\"}]},{\"@type\":\"WebSite\",\"@id\":\"https:\/\/graziamagazine.com\/es\/#website\",\"url\":\"https:\/\/graziamagazine.com\/es\/\",\"name\":\"Grazia\",\"description\":\"Moda, belleza, celebrities, estilo de vida...\",\"potentialAction\":[{\"@type\":\"SearchAction\",\"target\":{\"@type\":\"EntryPoint\",\"urlTemplate\":\"https:\/\/graziamagazine.com\/es\/?s={search_term_string}\"},\"query-input\":\"required name=search_term_string\"}],\"inLanguage\":\"es\"}]}<\/script>\n<!-- \/ Yoast SEO Premium plugin. -->","yoast_head_json":{"title":"Martina Klein nos ense\u00f1a a abrazar el desorden para tener una casa de revista | Grazia","description":"La modelo y actriz lleva casi dos a\u00f1os explorando su faceta de empresaria con 'Lo de Manuela', un proyecto de decoraci\u00f3n e interiorismo.","robots":{"index":"index","follow":"follow","max-snippet":"max-snippet:-1","max-image-preview":"max-image-preview:large","max-video-preview":"max-video-preview:-1"},"canonical":"https:\/\/graziamagazine.com\/es\/articles\/martina-klein-nos-ensena-a-abrazar-el-desorden-para-tener-una-casa-de-revista\/","og_locale":"es_ES","og_type":"article","og_title":"Martina Klein nos ense\u00f1a a abrazar el desorden para tener una casa de revista","og_description":"La modelo y actriz lleva casi dos a\u00f1os explorando su faceta de empresaria con 'Lo de Manuela', un proyecto de decoraci\u00f3n e interiorismo.","og_url":"https:\/\/graziamagazine.com\/es\/articles\/martina-klein-nos-ensena-a-abrazar-el-desorden-para-tener-una-casa-de-revista\/","og_site_name":"Grazia","article_modified_time":"2018-10-29T18:02:34+00:00","og_image":[{"width":1500,"height":2249,"url":"https:\/\/graziamagazine.com\/es\/wp-content\/uploads\/sites\/12\/2018\/10\/Martina-Klein-SS18.jpg","type":"image\/jpeg"}],"twitter_card":"summary_large_image","twitter_image":"https:\/\/graziamagazine.com\/es\/wp-content\/uploads\/sites\/12\/2018\/10\/Martina-Klein-SS18.jpg","twitter_misc":{"Est. reading time":"5 minutos"},"schema":{"@context":"https:\/\/schema.org","@graph":[{"@type":"WebPage","@id":"https:\/\/graziamagazine.com\/es\/articles\/martina-klein-nos-ensena-a-abrazar-el-desorden-para-tener-una-casa-de-revista\/","url":"https:\/\/graziamagazine.com\/es\/articles\/martina-klein-nos-ensena-a-abrazar-el-desorden-para-tener-una-casa-de-revista\/","name":"Martina Klein nos ense\u00f1a a abrazar el desorden para tener una casa de revista | Grazia","isPartOf":{"@id":"https:\/\/graziamagazine.com\/es\/#website"},"datePublished":"2018-10-29T17:40:46+00:00","dateModified":"2018-10-29T18:02:34+00:00","description":"La modelo y actriz lleva casi dos a\u00f1os explorando su faceta de empresaria con 'Lo de Manuela', un proyecto de decoraci\u00f3n e interiorismo.","breadcrumb":{"@id":"https:\/\/graziamagazine.com\/es\/articles\/martina-klein-nos-ensena-a-abrazar-el-desorden-para-tener-una-casa-de-revista\/#breadcrumb"},"inLanguage":"es","potentialAction":[{"@type":"ReadAction","target":["https:\/\/graziamagazine.com\/es\/articles\/martina-klein-nos-ensena-a-abrazar-el-desorden-para-tener-una-casa-de-revista\/"]}]},{"@type":"BreadcrumbList","@id":"https:\/\/graziamagazine.com\/es\/articles\/martina-klein-nos-ensena-a-abrazar-el-desorden-para-tener-una-casa-de-revista\/#breadcrumb","itemListElement":[{"@type":"ListItem","position":1,"name":"Portada","item":"https:\/\/graziamagazine.com\/es\/"},{"@type":"ListItem","position":2,"name":"Martina Klein nos ense\u00f1a a abrazar el desorden para tener una casa de revista"}]},{"@type":"WebSite","@id":"https:\/\/graziamagazine.com\/es\/#website","url":"https:\/\/graziamagazine.com\/es\/","name":"Grazia","description":"Moda, belleza, celebrities, estilo de vida...","potentialAction":[{"@type":"SearchAction","target":{"@type":"EntryPoint","urlTemplate":"https:\/\/graziamagazine.com\/es\/?s={search_term_string}"},"query-input":"required name=search_term_string"}],"inLanguage":"es"}]}},"jetpack_sharing_enabled":true,"distributor_meta":false,"distributor_terms":false,"distributor_media":false,"distributor_original_site_name":"Grazia","distributor_original_site_url":"https:\/\/graziamagazine.com\/es","push-errors":false,"_links":{"self":[{"href":"https:\/\/graziamagazine.com\/es\/wp-json\/wp\/v2\/articles\/142331"}],"collection":[{"href":"https:\/\/graziamagazine.com\/es\/wp-json\/wp\/v2\/articles"}],"about":[{"href":"https:\/\/graziamagazine.com\/es\/wp-json\/wp\/v2\/types\/articles"}],"author":[{"embeddable":true,"href":"https:\/\/graziamagazine.com\/es\/wp-json\/wp\/v2\/users\/11623"}],"wp:featuredmedia":[{"embeddable":true,"href":"https:\/\/graziamagazine.com\/es\/wp-json\/wp\/v2\/media\/142350"}],"wp:attachment":[{"href":"https:\/\/graziamagazine.com\/es\/wp-json\/wp\/v2\/media?parent=142331"}],"wp:term":[{"taxonomy":"category","embeddable":true,"href":"https:\/\/graziamagazine.com\/es\/wp-json\/wp\/v2\/categories?post=142331"}],"curies":[{"name":"wp","href":"https:\/\/api.w.org\/{rel}","templated":true}]}}