{"id":142222,"date":"2018-10-23T18:55:58","date_gmt":"2018-10-23T16:55:58","guid":{"rendered":"https:\/\/graziamagazine.com\/es\/?p=142222"},"modified":"2018-10-23T18:57:19","modified_gmt":"2018-10-23T16:57:19","slug":"te-presentamos-a-miguel-herran-el-tio-bueno-de-netflix","status":"publish","type":"articles","link":"https:\/\/graziamagazine.com\/es\/articles\/te-presentamos-a-miguel-herran-el-tio-bueno-de-netflix\/","title":{"rendered":"Te presentamos a Miguel Herr\u00e1n, el t\u00edo bueno de &#8216;Netflix&#8217;"},"content":{"rendered":"<p>Atr\u00e1s qued\u00f3 ya aquella imagen \u00abinocente\u00bb y \u00abangelical\u00bb de\u00a0<strong>Miguel Herr\u00e1n<\/strong> en el papel de R\u00edo, abraz\u00e1ndose desesperadamente a una relaci\u00f3n casi imposible con Tokio (o lo que es lo mismo, <strong>\u00darsula Corbero<\/strong>).<\/p>\n<p>A pesar de que fue precisamente gracias a <em>La Casa de Papel<\/em> que se hizo mundialmente famoso, <strong>Miguel Herr\u00e1n<\/strong> (aunque no lo sepas), a sus 22 a\u00f1itos, ya cuenta con un premio Goya en su haber, por su interpretaci\u00f3n en <em>A cambio de nada<\/em>.<\/p>\n<figure id=\"attachment_142223\" aria-describedby=\"caption-attachment-142223\" style=\"width: 1500px\" class=\"wp-caption aligncenter\"><img loading=\"lazy\" decoding=\"async\" class=\"size-full wp-image-142223\" src=\"https:\/\/graziamagazine.com\/es\/wp-content\/uploads\/sites\/12\/2018\/10\/MiguelHerra\u0301n2.jpg\" alt=\"Miguel Herr\u00e1n\" width=\"1500\" height=\"2250\" srcset=\"https:\/\/graziamagazine.com\/es\/wp-content\/uploads\/sites\/12\/2018\/10\/MiguelHerra\u0301n2.jpg 1500w, https:\/\/graziamagazine.com\/es\/wp-content\/uploads\/sites\/12\/2018\/10\/MiguelHerra\u0301n2.jpg?resize=200,300 200w, https:\/\/graziamagazine.com\/es\/wp-content\/uploads\/sites\/12\/2018\/10\/MiguelHerra\u0301n2.jpg?resize=768,1152 768w, https:\/\/graziamagazine.com\/es\/wp-content\/uploads\/sites\/12\/2018\/10\/MiguelHerra\u0301n2.jpg?resize=683,1024 683w, https:\/\/graziamagazine.com\/es\/wp-content\/uploads\/sites\/12\/2018\/10\/MiguelHerra\u0301n2.jpg?resize=1024,1536 1024w, https:\/\/graziamagazine.com\/es\/wp-content\/uploads\/sites\/12\/2018\/10\/MiguelHerra\u0301n2.jpg?resize=1365,2048 1365w, https:\/\/graziamagazine.com\/es\/wp-content\/uploads\/sites\/12\/2018\/10\/MiguelHerra\u0301n2.jpg?resize=143,215 143w\" sizes=\"(max-width: 1500px) 100vw, 1500px\" \/><figcaption id=\"caption-attachment-142223\" class=\"wp-caption-text\">Miguel Herr\u00e1n<\/figcaption><\/figure>\n<p>Otra cosa de la que igual no te hab\u00edas percatado, hasta ahora, es del cuerpazo del joven actor quien, gracias a Netflix \u2014a quienes estamos muy muy agradecidas\u2014 se pasa el 80 por ciento de su tiempo en pantalla con el torso desnudo y la mayor\u00eda de ellas, en plena \u00abacci\u00f3n\u00bb, gracias al tri\u00e1ngulo amoroso que protagoniza junto a <strong>\u00c1lvaro Rico<\/strong> y <strong>Ester Exp\u00f3sito<\/strong>, quienes representan los papeles de Polo y Carla, respectivamente.<\/p>\n<p><iframe loading=\"lazy\" class=\"giphy-embed\" src=\"https:\/\/giphy.com\/embed\/628kC9OaBh1VpuDlp8\" width=\"480\" height=\"269\" frameborder=\"0\" allowfullscreen=\"allowfullscreen\"><\/iframe><\/p>\n<p><a href=\"https:\/\/giphy.com\/gifs\/netflix-elite-elitenetflix-netflix-628kC9OaBh1VpuDlp8\" target=\"_blank\">via GIPHY<\/a><\/p>\n<p>Si los desnudos de Cristian en <em>\u00c9lite<\/em> no te parecen suficiente, siempre puedes hacer uso de la cuenta personal del actor en Instagram, donde <strong>Miguel Herr\u00e1n<\/strong> presume sus musculitos. D\u00ed que s\u00ed Miguel, seguro te ha costado lo tuyo llegar a tener esas curvas y nosotras (y los m\u00e1s de 3 millones y medio de seguidores que te siguen), agradecemos que nos lo presumas.<\/p>\n<blockquote class=\"instagram-media\" style=\"background: #FFF; border: 0; border-radius: 3px; box-shadow: 0 0 1px 0 rgba(0,0,0,0.5),0 1px 10px 0 rgba(0,0,0,0.15); margin: 1px; max-width: 540px; min-width: 326px; padding: 0; width: calc(100% - 2px);\" data-instgrm-captioned=\"\" data-instgrm-permalink=\"https:\/\/www.instagram.com\/p\/BotpkQmBEn4\/?utm_source=ig_embed&amp;utm_medium=loading\" data-instgrm-version=\"12\">\n<div style=\"padding: 16px;\">\n<p>&nbsp;<\/p>\n<div style=\"display: flex; flex-direction: row; align-items: center;\"><\/div>\n<div style=\"padding: 19% 0;\"><\/div>\n<div style=\"display: block; height: 50px; margin: 0 auto 12px; width: 50px;\"><\/div>\n<div style=\"padding-top: 8px;\">\n<div style=\"color: #3897f0; font-family: Arial,sans-serif; font-size: 14px; font-style: normal; font-weight: 550; line-height: 18px;\">Ver esta publicaci\u00f3n en Instagram<\/div>\n<\/div>\n<div style=\"padding: 12.5% 0;\"><\/div>\n<div style=\"display: flex; flex-direction: row; margin-bottom: 14px; align-items: center;\"><\/div>\n<p>&nbsp;<\/p>\n<p style=\"margin: 8px 0 0 0; padding: 0 4px;\"><a href=\"https:\/\/www.instagram.com\/p\/BotpkQmBEn4\/?utm_source=ig_embed&amp;utm_medium=loading\"style=\"color: #000; font-family: Arial,sans-serif; font-size: 14px; font-style: normal; font-weight: normal; line-height: 17px; text-decoration: none; word-wrap: break-word;\"  target=\"_blank\" rel=\"noopener\" target=\"_blank\">Asi te quedas cuando al despertarte coges el movil y ves que 3 millones de personas sufren y disfrutan contigo.. Estoy feliz por como estais disfrutando de elite y por todo el cari\u00f1o que estamos recibiendo desde todas partes del mundo.. sois incre\u00edbles!!\ud83d\ude0a Y quiero daros las gracias por que sin vosotros nada de esto seria posible. @elitenetflix<\/a><\/p>\n<p style=\"color: #c9c8cd; font-family: Arial,sans-serif; font-size: 14px; line-height: 17px; margin-bottom: 0; margin-top: 8px; overflow: hidden; padding: 8px 0 7px; text-align: center; text-overflow: ellipsis; white-space: nowrap;\">Una publicaci\u00f3n compartida de <a href=\"https:\/\/www.instagram.com\/miguel.g.herran\/?utm_source=ig_embed&amp;utm_medium=loading\"style=\"color: #c9c8cd; font-family: Arial,sans-serif; font-size: 14px; font-style: normal; font-weight: normal; line-height: 17px;\"  target=\"_blank\" rel=\"noopener\" target=\"_blank\"> Miguel Herr\u00e1n<\/a> (@miguel.g.herran) el <time style=\"font-family: Arial,sans-serif; font-size: 14px; line-height: 17px;\" datetime=\"2018-10-09T13:01:03+00:00\">9 Oct, 2018 a las 6:01 PDT<\/time><\/p>\n<\/div>\n<\/blockquote>\n<p><script async src=\"\/\/www.instagram.com\/embed.js\"><\/script><\/p>\n<p>El mismo <strong>Miguel Herr\u00e1n<\/strong> fue el encargado de \u00abdesvelarnos\u00bb la sorpresa a principios de octubre y compartirnos su foto m\u00e1s \u00abnarcisista\u00bb, aunque (seg\u00fan \u00e9l) no sea su estilo, para darnos un adelanto de lo mucho que \u00edbamos a disfrutar con lo \u00faltimo de <strong>Netflix<\/strong> Espa\u00f1a.<\/p>\n<blockquote class=\"instagram-media\" style=\"background: #FFF; border: 0; border-radius: 3px; box-shadow: 0 0 1px 0 rgba(0,0,0,0.5),0 1px 10px 0 rgba(0,0,0,0.15); margin: 1px; max-width: 540px; min-width: 326px; padding: 0; width: calc(100% - 2px);\" data-instgrm-captioned=\"\" data-instgrm-permalink=\"https:\/\/www.instagram.com\/p\/BohFVvdhEzi\/?utm_source=ig_embed&amp;utm_medium=loading\" data-instgrm-version=\"12\">\n<div style=\"padding: 16px;\">\n<p>&nbsp;<\/p>\n<div style=\"display: flex; flex-direction: row; align-items: center;\"><\/div>\n<div style=\"padding: 19% 0;\"><\/div>\n<div style=\"display: block; height: 50px; margin: 0 auto 12px; width: 50px;\"><\/div>\n<div style=\"padding-top: 8px;\">\n<div style=\"color: #3897f0; font-family: Arial,sans-serif; font-size: 14px; font-style: normal; font-weight: 550; line-height: 18px;\">Ver esta publicaci\u00f3n en Instagram<\/div>\n<\/div>\n<div style=\"padding: 12.5% 0;\"><\/div>\n<div style=\"display: flex; flex-direction: row; margin-bottom: 14px; align-items: center;\"><\/div>\n<p>&nbsp;<\/p>\n<p style=\"margin: 8px 0 0 0; padding: 0 4px;\"><a href=\"https:\/\/www.instagram.com\/p\/BohFVvdhEzi\/?utm_source=ig_embed&amp;utm_medium=loading\"style=\"color: #000; font-family: Arial,sans-serif; font-size: 14px; font-style: normal; font-weight: normal; line-height: 17px; text-decoration: none; word-wrap: break-word;\"  target=\"_blank\" rel=\"noopener\" target=\"_blank\">Ma\u00f1ana se estrena @elitenetflix en todo el mundo!!\ud83d\ude01 Nunca he sido de este tipo de fotos narcisistas.. pero me prepar\u00e9 con @cucocuervo para este d\u00eda.. ma\u00f1ana vereis a cristian en pelotas.. (o eso espero\ud83d\udc40) as\u00ed que prefiero que me veais a mi primero.. Por cierto @jaimelorentelo y @mariapedraza_ me deb\u00e9is un polvazo cada uno por subir esta foto.. ese era el trato..\ud83d\ude0f<\/a><\/p>\n<p style=\"color: #c9c8cd; font-family: Arial,sans-serif; font-size: 14px; line-height: 17px; margin-bottom: 0; margin-top: 8px; overflow: hidden; padding: 8px 0 7px; text-align: center; text-overflow: ellipsis; white-space: nowrap;\">Una publicaci\u00f3n compartida de <a href=\"https:\/\/www.instagram.com\/miguel.g.herran\/?utm_source=ig_embed&amp;utm_medium=loading\"style=\"color: #c9c8cd; font-family: Arial,sans-serif; font-size: 14px; font-style: normal; font-weight: normal; line-height: 17px;\"  target=\"_blank\" rel=\"noopener\" target=\"_blank\"> Miguel Herr\u00e1n<\/a> (@miguel.g.herran) el <time style=\"font-family: Arial,sans-serif; font-size: 14px; line-height: 17px;\" datetime=\"2018-10-04T15:53:36+00:00\">4 Oct, 2018 a las 8:53 PDT<\/time><\/p>\n<\/div>\n<\/blockquote>\n<p><script async src=\"\/\/www.instagram.com\/embed.js\"><\/script><\/p>\n<p>Muchas gracias por las vistas Miguel, entre t\u00fa y Cristian nos hab\u00e9is dado m\u00e1s de un motivo extra para ver <em>\u00c9lite<\/em>. Y es que el argumento, por s\u00ed solo, ya nos hab\u00eda enganchado tanto o m\u00e1s que la calidad de actores que protagonizan la serie de Netflix. \u00a1No podemos esperar para ver la segunda temporada!<\/p>\n<figure id=\"attachment_142224\" aria-describedby=\"caption-attachment-142224\" style=\"width: 1500px\" class=\"wp-caption aligncenter\"><img loading=\"lazy\" decoding=\"async\" class=\"size-full wp-image-142224\" src=\"https:\/\/graziamagazine.com\/es\/wp-content\/uploads\/sites\/12\/2018\/10\/MiguelHerra\u0301n.jpg\" alt=\"Miguel Herr\u00e1n\" width=\"1500\" height=\"1000\" srcset=\"https:\/\/graziamagazine.com\/es\/wp-content\/uploads\/sites\/12\/2018\/10\/MiguelHerra\u0301n.jpg 1500w, https:\/\/graziamagazine.com\/es\/wp-content\/uploads\/sites\/12\/2018\/10\/MiguelHerra\u0301n.jpg?resize=300,200 300w, https:\/\/graziamagazine.com\/es\/wp-content\/uploads\/sites\/12\/2018\/10\/MiguelHerra\u0301n.jpg?resize=768,512 768w, https:\/\/graziamagazine.com\/es\/wp-content\/uploads\/sites\/12\/2018\/10\/MiguelHerra\u0301n.jpg?resize=1024,683 1024w, https:\/\/graziamagazine.com\/es\/wp-content\/uploads\/sites\/12\/2018\/10\/MiguelHerra\u0301n.jpg?resize=155,103 155w\" sizes=\"(max-width: 1500px) 100vw, 1500px\" \/><figcaption id=\"caption-attachment-142224\" class=\"wp-caption-text\">Miguel Herr\u00e1n<\/figcaption><\/figure>\n<p><em>Fotos: Cortes\u00eda<\/em><\/p>\n<p>&nbsp;<\/p>\n","protected":false},"author":11623,"featured_media":0,"template":"","format":"standard","categories":[1583],"acf":[],"yoast_head":"<!-- This site is optimized with the Yoast SEO Premium plugin v18.5 (Yoast SEO v20.4) - https:\/\/yoast.com\/wordpress\/plugins\/seo\/ -->\n<title>Te presentamos a Miguel Herr\u00e1n, el t\u00edo bueno de &#039;Netflix&#039; | Grazia<\/title>\n<meta name=\"description\" content=\"Atr\u00e1s qued\u00f3 ya aquella imagen &quot;inocente&quot; y &quot;angelical&quot; de\u00a0Miguel Herr\u00e1n en el papel de R\u00edo, abraz\u00e1ndose desesperadamente a una relaci\u00f3n casi imposible con\" \/>\n<meta name=\"robots\" content=\"index, follow, max-snippet:-1, max-image-preview:large, max-video-preview:-1\" \/>\n<link rel=\"canonical\" href=\"https:\/\/graziamagazine.com\/es\/articles\/te-presentamos-a-miguel-herran-el-tio-bueno-de-netflix\/\" \/>\n<meta property=\"og:locale\" content=\"es_ES\" \/>\n<meta property=\"og:type\" content=\"article\" \/>\n<meta property=\"og:title\" content=\"Te presentamos a Miguel Herr\u00e1n, el t\u00edo bueno de &#039;Netflix&#039;\" \/>\n<meta property=\"og:description\" content=\"Atr\u00e1s qued\u00f3 ya aquella imagen &quot;inocente&quot; y &quot;angelical&quot; de\u00a0Miguel Herr\u00e1n en el papel de R\u00edo, abraz\u00e1ndose desesperadamente a una relaci\u00f3n casi imposible con\" \/>\n<meta property=\"og:url\" content=\"https:\/\/graziamagazine.com\/es\/articles\/te-presentamos-a-miguel-herran-el-tio-bueno-de-netflix\/\" \/>\n<meta property=\"og:site_name\" content=\"Grazia\" \/>\n<meta property=\"article:modified_time\" content=\"2018-10-23T16:57:19+00:00\" \/>\n<meta property=\"og:image\" content=\"https:\/\/graziamagazine.com\/es\/wp-content\/uploads\/sites\/12\/2018\/10\/MiguelHerra\u0301n.jpg?fit=1500%2C1000\" \/>\n\t<meta property=\"og:image:width\" content=\"1500\" \/>\n\t<meta property=\"og:image:height\" content=\"1000\" \/>\n\t<meta property=\"og:image:type\" content=\"image\/jpeg\" \/>\n<meta name=\"twitter:card\" content=\"summary_large_image\" \/>\n<meta name=\"twitter:image\" content=\"http:\/\/s3-eu-west-1.amazonaws.com\/grazia-cdn\/wp-content\/uploads\/sites\/12\/2018\/10\/MiguelHerra\u0301n.jpg\" \/>\n<meta name=\"twitter:label1\" content=\"Est. reading time\" \/>\n\t<meta name=\"twitter:data1\" content=\"3 minutos\" \/>\n<script type=\"application\/ld+json\" class=\"yoast-schema-graph\">{\"@context\":\"https:\/\/schema.org\",\"@graph\":[{\"@type\":\"WebPage\",\"@id\":\"https:\/\/graziamagazine.com\/es\/articles\/te-presentamos-a-miguel-herran-el-tio-bueno-de-netflix\/\",\"url\":\"https:\/\/graziamagazine.com\/es\/articles\/te-presentamos-a-miguel-herran-el-tio-bueno-de-netflix\/\",\"name\":\"Te presentamos a Miguel Herr\u00e1n, el t\u00edo bueno de 'Netflix' | Grazia\",\"isPartOf\":{\"@id\":\"https:\/\/graziamagazine.com\/es\/#website\"},\"datePublished\":\"2018-10-23T16:55:58+00:00\",\"dateModified\":\"2018-10-23T16:57:19+00:00\",\"description\":\"Atr\u00e1s qued\u00f3 ya aquella imagen \\\"inocente\\\" y \\\"angelical\\\" de\u00a0Miguel Herr\u00e1n en el papel de R\u00edo, abraz\u00e1ndose desesperadamente a una relaci\u00f3n casi imposible con\",\"breadcrumb\":{\"@id\":\"https:\/\/graziamagazine.com\/es\/articles\/te-presentamos-a-miguel-herran-el-tio-bueno-de-netflix\/#breadcrumb\"},\"inLanguage\":\"es\",\"potentialAction\":[{\"@type\":\"ReadAction\",\"target\":[\"https:\/\/graziamagazine.com\/es\/articles\/te-presentamos-a-miguel-herran-el-tio-bueno-de-netflix\/\"]}]},{\"@type\":\"BreadcrumbList\",\"@id\":\"https:\/\/graziamagazine.com\/es\/articles\/te-presentamos-a-miguel-herran-el-tio-bueno-de-netflix\/#breadcrumb\",\"itemListElement\":[{\"@type\":\"ListItem\",\"position\":1,\"name\":\"Portada\",\"item\":\"https:\/\/graziamagazine.com\/es\/\"},{\"@type\":\"ListItem\",\"position\":2,\"name\":\"Te presentamos a Miguel Herr\u00e1n, el t\u00edo bueno de &#8216;Netflix&#8217;\"}]},{\"@type\":\"WebSite\",\"@id\":\"https:\/\/graziamagazine.com\/es\/#website\",\"url\":\"https:\/\/graziamagazine.com\/es\/\",\"name\":\"Grazia\",\"description\":\"Moda, belleza, celebrities, estilo de vida...\",\"potentialAction\":[{\"@type\":\"SearchAction\",\"target\":{\"@type\":\"EntryPoint\",\"urlTemplate\":\"https:\/\/graziamagazine.com\/es\/?s={search_term_string}\"},\"query-input\":\"required name=search_term_string\"}],\"inLanguage\":\"es\"}]}<\/script>\n<!-- \/ Yoast SEO Premium plugin. -->","yoast_head_json":{"title":"Te presentamos a Miguel Herr\u00e1n, el t\u00edo bueno de 'Netflix' | Grazia","description":"Atr\u00e1s qued\u00f3 ya aquella imagen \"inocente\" y \"angelical\" de\u00a0Miguel Herr\u00e1n en el papel de R\u00edo, abraz\u00e1ndose desesperadamente a una relaci\u00f3n casi imposible con","robots":{"index":"index","follow":"follow","max-snippet":"max-snippet:-1","max-image-preview":"max-image-preview:large","max-video-preview":"max-video-preview:-1"},"canonical":"https:\/\/graziamagazine.com\/es\/articles\/te-presentamos-a-miguel-herran-el-tio-bueno-de-netflix\/","og_locale":"es_ES","og_type":"article","og_title":"Te presentamos a Miguel Herr\u00e1n, el t\u00edo bueno de 'Netflix'","og_description":"Atr\u00e1s qued\u00f3 ya aquella imagen \"inocente\" y \"angelical\" de\u00a0Miguel Herr\u00e1n en el papel de R\u00edo, abraz\u00e1ndose desesperadamente a una relaci\u00f3n casi imposible con","og_url":"https:\/\/graziamagazine.com\/es\/articles\/te-presentamos-a-miguel-herran-el-tio-bueno-de-netflix\/","og_site_name":"Grazia","article_modified_time":"2018-10-23T16:57:19+00:00","og_image":[{"width":1500,"height":1000,"url":"https:\/\/graziamagazine.com\/es\/wp-content\/uploads\/sites\/12\/2018\/10\/MiguelHerra\u0301n.jpg?fit=1500%2C1000","type":"image\/jpeg"}],"twitter_card":"summary_large_image","twitter_image":"http:\/\/s3-eu-west-1.amazonaws.com\/grazia-cdn\/wp-content\/uploads\/sites\/12\/2018\/10\/MiguelHerra\u0301n.jpg","twitter_misc":{"Est. reading time":"3 minutos"},"schema":{"@context":"https:\/\/schema.org","@graph":[{"@type":"WebPage","@id":"https:\/\/graziamagazine.com\/es\/articles\/te-presentamos-a-miguel-herran-el-tio-bueno-de-netflix\/","url":"https:\/\/graziamagazine.com\/es\/articles\/te-presentamos-a-miguel-herran-el-tio-bueno-de-netflix\/","name":"Te presentamos a Miguel Herr\u00e1n, el t\u00edo bueno de 'Netflix' | Grazia","isPartOf":{"@id":"https:\/\/graziamagazine.com\/es\/#website"},"datePublished":"2018-10-23T16:55:58+00:00","dateModified":"2018-10-23T16:57:19+00:00","description":"Atr\u00e1s qued\u00f3 ya aquella imagen \"inocente\" y \"angelical\" de\u00a0Miguel Herr\u00e1n en el papel de R\u00edo, abraz\u00e1ndose desesperadamente a una relaci\u00f3n casi imposible con","breadcrumb":{"@id":"https:\/\/graziamagazine.com\/es\/articles\/te-presentamos-a-miguel-herran-el-tio-bueno-de-netflix\/#breadcrumb"},"inLanguage":"es","potentialAction":[{"@type":"ReadAction","target":["https:\/\/graziamagazine.com\/es\/articles\/te-presentamos-a-miguel-herran-el-tio-bueno-de-netflix\/"]}]},{"@type":"BreadcrumbList","@id":"https:\/\/graziamagazine.com\/es\/articles\/te-presentamos-a-miguel-herran-el-tio-bueno-de-netflix\/#breadcrumb","itemListElement":[{"@type":"ListItem","position":1,"name":"Portada","item":"https:\/\/graziamagazine.com\/es\/"},{"@type":"ListItem","position":2,"name":"Te presentamos a Miguel Herr\u00e1n, el t\u00edo bueno de &#8216;Netflix&#8217;"}]},{"@type":"WebSite","@id":"https:\/\/graziamagazine.com\/es\/#website","url":"https:\/\/graziamagazine.com\/es\/","name":"Grazia","description":"Moda, belleza, celebrities, estilo de vida...","potentialAction":[{"@type":"SearchAction","target":{"@type":"EntryPoint","urlTemplate":"https:\/\/graziamagazine.com\/es\/?s={search_term_string}"},"query-input":"required name=search_term_string"}],"inLanguage":"es"}]}},"jetpack_sharing_enabled":true,"distributor_meta":false,"distributor_terms":false,"distributor_media":false,"distributor_original_site_name":"Grazia","distributor_original_site_url":"https:\/\/graziamagazine.com\/es","push-errors":false,"_links":{"self":[{"href":"https:\/\/graziamagazine.com\/es\/wp-json\/wp\/v2\/articles\/142222"}],"collection":[{"href":"https:\/\/graziamagazine.com\/es\/wp-json\/wp\/v2\/articles"}],"about":[{"href":"https:\/\/graziamagazine.com\/es\/wp-json\/wp\/v2\/types\/articles"}],"author":[{"embeddable":true,"href":"https:\/\/graziamagazine.com\/es\/wp-json\/wp\/v2\/users\/11623"}],"wp:attachment":[{"href":"https:\/\/graziamagazine.com\/es\/wp-json\/wp\/v2\/media?parent=142222"}],"wp:term":[{"taxonomy":"category","embeddable":true,"href":"https:\/\/graziamagazine.com\/es\/wp-json\/wp\/v2\/categories?post=142222"}],"curies":[{"name":"wp","href":"https:\/\/api.w.org\/{rel}","templated":true}]}}