{"id":142115,"date":"2018-10-18T20:12:23","date_gmt":"2018-10-18T18:12:23","guid":{"rendered":"https:\/\/graziamagazine.com\/es\/?p=142115"},"modified":"2018-10-18T21:24:07","modified_gmt":"2018-10-18T19:24:07","slug":"la-reina-letizia-se-viste-de-zara-para-su-encuentro-con-martin-scorsese","status":"publish","type":"articles","link":"https:\/\/graziamagazine.com\/es\/articles\/la-reina-letizia-se-viste-de-zara-para-su-encuentro-con-martin-scorsese\/","title":{"rendered":"La reina Letizia se viste de Zara para su encuentro con Martin Scorsese"},"content":{"rendered":"<p>La antigua f\u00e1brica de armas de La Vega, en Oviedo, donde se rod\u00f3 la pel\u00edcula de\u00a0<em>Marrowbone<\/em>, el debut como director de <strong>Sergio S\u00e1nchez<\/strong>, ha vuelto a sentir la magia del cine con la visita del oscarizado director, <strong>Martin Scorsese<\/strong>, quien se encuentra estos d\u00edas en la capital asturiana para recibir el premio <strong>Princesa de Asturias de las Artes<\/strong>.<\/p>\n<figure id=\"attachment_142118\" aria-describedby=\"caption-attachment-142118\" style=\"width: 1500px\" class=\"wp-caption aligncenter\"><img loading=\"lazy\" decoding=\"async\" class=\"size-full wp-image-142118\" src=\"https:\/\/graziamagazine.com\/es\/wp-content\/uploads\/sites\/12\/2018\/10\/SCORSESE.jpg\" alt=\"Martin Scorsese y la reina Letizia\" width=\"1500\" height=\"1000\" srcset=\"https:\/\/graziamagazine.com\/es\/wp-content\/uploads\/sites\/12\/2018\/10\/SCORSESE.jpg 1500w, https:\/\/graziamagazine.com\/es\/wp-content\/uploads\/sites\/12\/2018\/10\/SCORSESE.jpg?resize=300,200 300w, https:\/\/graziamagazine.com\/es\/wp-content\/uploads\/sites\/12\/2018\/10\/SCORSESE.jpg?resize=768,512 768w, https:\/\/graziamagazine.com\/es\/wp-content\/uploads\/sites\/12\/2018\/10\/SCORSESE.jpg?resize=1024,683 1024w, https:\/\/graziamagazine.com\/es\/wp-content\/uploads\/sites\/12\/2018\/10\/SCORSESE.jpg?resize=155,103 155w\" sizes=\"(max-width: 1500px) 100vw, 1500px\" \/><figcaption id=\"caption-attachment-142118\" class=\"wp-caption-text\">Martin Scorsese y la reina Letizia<\/figcaption><\/figure>\n<p>Como decoraci\u00f3n especial en este set improvisado, varios gui\u00f1os a algunos de los trabajos de Scorsese como un taxi, por <em>Taxi Driver<\/em>, un ring de boxeo, por <em>Toro salvaje<\/em>, y una silla de director enorme (tan grande como su lista de galardones). Una combinaci\u00f3n perfecta para el estadounidense y su mujer, la productora <strong>Helen Morris<\/strong>,\u00a0durante su visita, la cual incluy\u00f3 una reuni\u00f3n con un grupo de j\u00f3venes cineastas asturianos.<\/p>\n<blockquote class=\"instagram-media\" style=\"background: #FFF; border: 0; border-radius: 3px; box-shadow: 0 0 1px 0 rgba(0,0,0,0.5),0 1px 10px 0 rgba(0,0,0,0.15); margin: 1px; max-width: 540px; min-width: 326px; padding: 0; width: calc(100% - 2px);\" data-instgrm-captioned=\"\" data-instgrm-permalink=\"https:\/\/www.instagram.com\/p\/BpFLUSihPf_\/?utm_source=ig_embed&amp;utm_medium=loading\" data-instgrm-version=\"12\">\n<div style=\"padding: 16px;\">\n<p>&nbsp;<\/p>\n<div style=\"display: flex; flex-direction: row; align-items: center;\"><\/div>\n<div style=\"padding: 19% 0;\"><\/div>\n<div style=\"display: block; height: 50px; margin: 0 auto 12px; width: 50px;\"><\/div>\n<div style=\"padding-top: 8px;\">\n<div style=\"color: #3897f0; font-family: Arial,sans-serif; font-size: 14px; font-style: normal; font-weight: 550; line-height: 18px;\">Ver esta publicaci\u00f3n en Instagram<\/div>\n<\/div>\n<div style=\"padding: 12.5% 0;\"><\/div>\n<div style=\"display: flex; flex-direction: row; margin-bottom: 14px; align-items: center;\"><\/div>\n<p>&nbsp;<\/p>\n<p style=\"margin: 8px 0 0 0; padding: 0 4px;\"><a href=\"https:\/\/www.instagram.com\/p\/BpFLUSihPf_\/?utm_source=ig_embed&amp;utm_medium=loading\"style=\"color: #000; font-family: Arial,sans-serif; font-size: 14px; font-style: normal; font-weight: normal; line-height: 17px; text-decoration: none; word-wrap: break-word;\"  target=\"_blank\" rel=\"noopener\" target=\"_blank\">Queen Letizia of Spain, Martin Scorsese attends a meeting of Martin Scorsese next to Taxi Driver model framed within the program &#8216;Fabrica Scorsese, developed in the old Weapons Factory of La Vega during the &#8216;Princess of Asturias Awards 2018&#8217; on October 18, 2018 in Oviedo, Spain #queenletizia #letizia #sigmaart #taxidriver #filmmaker #scorsese #letizia #letiziaofspain #queenletizia #nikoneurope #nikonphotographer #picoftheday #photography #nikon #photooftheday #instagood #raw #spanishroyals #picoftheday #photooftheday #queenletiziaofspain #queenletizia #letiziaortiz #letiziaofspain #royals #royalty #spanishroyals #royalty<\/a><\/p>\n<p style=\"color: #c9c8cd; font-family: Arial,sans-serif; font-size: 14px; line-height: 17px; margin-bottom: 0; margin-top: 8px; overflow: hidden; padding: 8px 0 7px; text-align: center; text-overflow: ellipsis; white-space: nowrap;\">Una publicaci\u00f3n compartida de <a href=\"https:\/\/www.instagram.com\/josegegundez\/?utm_source=ig_embed&amp;utm_medium=loading\"style=\"color: #c9c8cd; font-family: Arial,sans-serif; font-size: 14px; font-style: normal; font-weight: normal; line-height: 17px;\"  target=\"_blank\" rel=\"noopener\" target=\"_blank\"> jose gegundez<\/a> (@josegegundez) el <time style=\"font-family: Arial,sans-serif; font-size: 14px; line-height: 17px;\" datetime=\"2018-10-18T16:18:30+00:00\">18 Oct, 2018 a las 9:18 PDT<\/time><\/p>\n<\/div>\n<\/blockquote>\n<p><script async src=\"\/\/www.instagram.com\/embed.js\"><\/script><\/p>\n<p>El art\u00edfice de cl\u00e1sicos del s\u00e9ptimo arte como <em>El aviador<\/em> o <em>El lobo de Wall Street<\/em> estuvo acompa\u00f1ado por la <strong>reina Letizia<\/strong>, quien sorprendi\u00f3 a los asistentes con un top de <strong>Zara<\/strong> de 25,95 EUR, q<a href=\"https:\/\/www.zara.com\/es\/es\/top-cuadros-lazo-p03510222.html\" target=\"_blank\">ue puedes obtener en la web de la marca<\/a>, unos pantalones de <strong>Hugo Boss<\/strong>, unos stilettos de <strong>Prada<\/strong> y un bolso de\u00a0<strong>Uterq\u00fce.<\/strong><\/p>\n<blockquote class=\"instagram-media\" style=\"background: #FFF; border: 0; border-radius: 3px; box-shadow: 0 0 1px 0 rgba(0,0,0,0.5),0 1px 10px 0 rgba(0,0,0,0.15); margin: 1px; max-width: 540px; min-width: 326px; padding: 0; width: calc(100% - 2px);\" data-instgrm-captioned=\"\" data-instgrm-permalink=\"https:\/\/www.instagram.com\/p\/BpFGEAMBzvY\/?utm_source=ig_embed&amp;utm_medium=loading\" data-instgrm-version=\"12\">\n<div style=\"padding: 16px;\">\n<p>&nbsp;<\/p>\n<div style=\"display: flex; flex-direction: row; align-items: center;\"><\/div>\n<div style=\"padding: 19% 0;\"><\/div>\n<div style=\"display: block; height: 50px; margin: 0 auto 12px; width: 50px;\"><\/div>\n<div style=\"padding-top: 8px;\">\n<div style=\"color: #3897f0; font-family: Arial,sans-serif; font-size: 14px; font-style: normal; font-weight: 550; line-height: 18px;\">Ver esta publicaci\u00f3n en Instagram<\/div>\n<\/div>\n<div style=\"padding: 12.5% 0;\"><\/div>\n<div style=\"display: flex; flex-direction: row; margin-bottom: 14px; align-items: center;\"><\/div>\n<p>&nbsp;<\/p>\n<p style=\"margin: 8px 0 0 0; padding: 0 4px;\"><a href=\"https:\/\/www.instagram.com\/p\/BpFGEAMBzvY\/?utm_source=ig_embed&amp;utm_medium=loading\"style=\"color: #000; font-family: Arial,sans-serif; font-size: 14px; font-style: normal; font-weight: normal; line-height: 17px; text-decoration: none; word-wrap: break-word;\"  target=\"_blank\" rel=\"noopener\" target=\"_blank\">#new \ud83d\udd39Do\u00f1a Letizia acude al homenaje a Martin Scorsese con este look formado por \ud83d\udc5atop de @zara \ud83d\udc56pantalones @hugo_official \ud83d\udc60salones @prada y bolso @uterqueofficial Os gusta? . . . #madeinspain #reina #reinaletizia #espa\u00f1a #spain #queen #queenletizia #oviedo #asturias #letizia #letiziaortiz #prada #uterque #zara #ootd #look<\/a><\/p>\n<p style=\"color: #c9c8cd; font-family: Arial,sans-serif; font-size: 14px; line-height: 17px; margin-bottom: 0; margin-top: 8px; overflow: hidden; padding: 8px 0 7px; text-align: center; text-overflow: ellipsis; white-space: nowrap;\">Una publicaci\u00f3n compartida de <a href=\"https:\/\/www.instagram.com\/letizia_de_princesa_a_reina\/?utm_source=ig_embed&amp;utm_medium=loading\"style=\"color: #c9c8cd; font-family: Arial,sans-serif; font-size: 14px; font-style: normal; font-weight: normal; line-height: 17px;\"  target=\"_blank\" rel=\"noopener\" target=\"_blank\"> S.M. Reina Letizia<\/a> (@letizia_de_princesa_a_reina) el <time style=\"font-family: Arial,sans-serif; font-size: 14px; line-height: 17px;\" datetime=\"2018-10-18T15:32:35+00:00\">18 Oct, 2018 a las 8:32 PDT<\/time><\/p>\n<\/div>\n<\/blockquote>\n<p><script async src=\"\/\/www.instagram.com\/embed.js\"><\/script><\/p>\n<p>Este evento forma parte de las actividades organizadas por la <strong>Fundaci\u00f3n Princesa de Asturias<\/strong> con el objetivo de homenajear la obra de <strong>Martin Scorsese<\/strong>. Bajo el t\u00edtulo de\u00a0<em>F\u00e1brica Scorsese<\/em>, la mayor\u00eda de los actos se celebrar\u00e1n en la ya mencionada (y cada vez m\u00e1s cultural) F\u00e1brica de Armas de La Vega (Oviedo).<\/p>\n<p><em>Fotos: Getty Images<\/em><\/p>\n","protected":false},"author":24470,"featured_media":142118,"template":"","format":"standard","categories":[13],"acf":[],"yoast_head":"<!-- This site is optimized with the Yoast SEO Premium plugin v18.5 (Yoast SEO v20.4) - https:\/\/yoast.com\/wordpress\/plugins\/seo\/ -->\n<title>La reina Letizia se viste de Zara para su encuentro con Martin Scorsese | Grazia<\/title>\n<meta name=\"description\" content=\"El oscarizado director se encuentra estos d\u00edas en la capital asturiana para recibir el premio Princesa de Asturias de las Artes.\" \/>\n<meta name=\"robots\" content=\"index, follow, max-snippet:-1, max-image-preview:large, max-video-preview:-1\" \/>\n<link rel=\"canonical\" href=\"https:\/\/graziamagazine.com\/es\/articles\/la-reina-letizia-se-viste-de-zara-para-su-encuentro-con-martin-scorsese\/\" \/>\n<meta property=\"og:locale\" content=\"es_ES\" \/>\n<meta property=\"og:type\" content=\"article\" \/>\n<meta property=\"og:title\" content=\"La reina Letizia se viste de Zara para su encuentro con Martin Scorsese\" \/>\n<meta property=\"og:description\" content=\"El oscarizado director se encuentra estos d\u00edas en la capital asturiana para recibir el premio Princesa de Asturias de las Artes.\" \/>\n<meta property=\"og:url\" content=\"https:\/\/graziamagazine.com\/es\/articles\/la-reina-letizia-se-viste-de-zara-para-su-encuentro-con-martin-scorsese\/\" \/>\n<meta property=\"og:site_name\" content=\"Grazia\" \/>\n<meta property=\"article:modified_time\" content=\"2018-10-18T19:24:07+00:00\" \/>\n<meta property=\"og:image\" content=\"https:\/\/graziamagazine.com\/es\/wp-content\/uploads\/sites\/12\/2018\/10\/SCORSESE.jpg?fit=1500%2C1000\" \/>\n\t<meta property=\"og:image:width\" content=\"1500\" \/>\n\t<meta property=\"og:image:height\" content=\"1000\" \/>\n\t<meta property=\"og:image:type\" content=\"image\/jpeg\" \/>\n<meta name=\"twitter:card\" content=\"summary_large_image\" \/>\n<meta name=\"twitter:image\" content=\"http:\/\/s3-eu-west-1.amazonaws.com\/grazia-cdn\/wp-content\/uploads\/sites\/12\/2018\/10\/SCORSESE.jpg\" \/>\n<meta name=\"twitter:label1\" content=\"Est. reading time\" \/>\n\t<meta name=\"twitter:data1\" content=\"2 minutos\" \/>\n<script type=\"application\/ld+json\" class=\"yoast-schema-graph\">{\"@context\":\"https:\/\/schema.org\",\"@graph\":[{\"@type\":\"WebPage\",\"@id\":\"https:\/\/graziamagazine.com\/es\/articles\/la-reina-letizia-se-viste-de-zara-para-su-encuentro-con-martin-scorsese\/\",\"url\":\"https:\/\/graziamagazine.com\/es\/articles\/la-reina-letizia-se-viste-de-zara-para-su-encuentro-con-martin-scorsese\/\",\"name\":\"La reina Letizia se viste de Zara para su encuentro con Martin Scorsese | Grazia\",\"isPartOf\":{\"@id\":\"https:\/\/graziamagazine.com\/es\/#website\"},\"datePublished\":\"2018-10-18T18:12:23+00:00\",\"dateModified\":\"2018-10-18T19:24:07+00:00\",\"description\":\"El oscarizado director se encuentra estos d\u00edas en la capital asturiana para recibir el premio Princesa de Asturias de las Artes.\",\"breadcrumb\":{\"@id\":\"https:\/\/graziamagazine.com\/es\/articles\/la-reina-letizia-se-viste-de-zara-para-su-encuentro-con-martin-scorsese\/#breadcrumb\"},\"inLanguage\":\"es\",\"potentialAction\":[{\"@type\":\"ReadAction\",\"target\":[\"https:\/\/graziamagazine.com\/es\/articles\/la-reina-letizia-se-viste-de-zara-para-su-encuentro-con-martin-scorsese\/\"]}]},{\"@type\":\"BreadcrumbList\",\"@id\":\"https:\/\/graziamagazine.com\/es\/articles\/la-reina-letizia-se-viste-de-zara-para-su-encuentro-con-martin-scorsese\/#breadcrumb\",\"itemListElement\":[{\"@type\":\"ListItem\",\"position\":1,\"name\":\"Portada\",\"item\":\"https:\/\/graziamagazine.com\/es\/\"},{\"@type\":\"ListItem\",\"position\":2,\"name\":\"La reina Letizia se viste de Zara para su encuentro con Martin Scorsese\"}]},{\"@type\":\"WebSite\",\"@id\":\"https:\/\/graziamagazine.com\/es\/#website\",\"url\":\"https:\/\/graziamagazine.com\/es\/\",\"name\":\"Grazia\",\"description\":\"Moda, belleza, celebrities, estilo de vida...\",\"potentialAction\":[{\"@type\":\"SearchAction\",\"target\":{\"@type\":\"EntryPoint\",\"urlTemplate\":\"https:\/\/graziamagazine.com\/es\/?s={search_term_string}\"},\"query-input\":\"required name=search_term_string\"}],\"inLanguage\":\"es\"}]}<\/script>\n<!-- \/ Yoast SEO Premium plugin. -->","yoast_head_json":{"title":"La reina Letizia se viste de Zara para su encuentro con Martin Scorsese | Grazia","description":"El oscarizado director se encuentra estos d\u00edas en la capital asturiana para recibir el premio Princesa de Asturias de las Artes.","robots":{"index":"index","follow":"follow","max-snippet":"max-snippet:-1","max-image-preview":"max-image-preview:large","max-video-preview":"max-video-preview:-1"},"canonical":"https:\/\/graziamagazine.com\/es\/articles\/la-reina-letizia-se-viste-de-zara-para-su-encuentro-con-martin-scorsese\/","og_locale":"es_ES","og_type":"article","og_title":"La reina Letizia se viste de Zara para su encuentro con Martin Scorsese","og_description":"El oscarizado director se encuentra estos d\u00edas en la capital asturiana para recibir el premio Princesa de Asturias de las Artes.","og_url":"https:\/\/graziamagazine.com\/es\/articles\/la-reina-letizia-se-viste-de-zara-para-su-encuentro-con-martin-scorsese\/","og_site_name":"Grazia","article_modified_time":"2018-10-18T19:24:07+00:00","og_image":[{"width":1500,"height":1000,"url":"https:\/\/graziamagazine.com\/es\/wp-content\/uploads\/sites\/12\/2018\/10\/SCORSESE.jpg?fit=1500%2C1000","type":"image\/jpeg"}],"twitter_card":"summary_large_image","twitter_image":"http:\/\/s3-eu-west-1.amazonaws.com\/grazia-cdn\/wp-content\/uploads\/sites\/12\/2018\/10\/SCORSESE.jpg","twitter_misc":{"Est. reading time":"2 minutos"},"schema":{"@context":"https:\/\/schema.org","@graph":[{"@type":"WebPage","@id":"https:\/\/graziamagazine.com\/es\/articles\/la-reina-letizia-se-viste-de-zara-para-su-encuentro-con-martin-scorsese\/","url":"https:\/\/graziamagazine.com\/es\/articles\/la-reina-letizia-se-viste-de-zara-para-su-encuentro-con-martin-scorsese\/","name":"La reina Letizia se viste de Zara para su encuentro con Martin Scorsese | Grazia","isPartOf":{"@id":"https:\/\/graziamagazine.com\/es\/#website"},"datePublished":"2018-10-18T18:12:23+00:00","dateModified":"2018-10-18T19:24:07+00:00","description":"El oscarizado director se encuentra estos d\u00edas en la capital asturiana para recibir el premio Princesa de Asturias de las Artes.","breadcrumb":{"@id":"https:\/\/graziamagazine.com\/es\/articles\/la-reina-letizia-se-viste-de-zara-para-su-encuentro-con-martin-scorsese\/#breadcrumb"},"inLanguage":"es","potentialAction":[{"@type":"ReadAction","target":["https:\/\/graziamagazine.com\/es\/articles\/la-reina-letizia-se-viste-de-zara-para-su-encuentro-con-martin-scorsese\/"]}]},{"@type":"BreadcrumbList","@id":"https:\/\/graziamagazine.com\/es\/articles\/la-reina-letizia-se-viste-de-zara-para-su-encuentro-con-martin-scorsese\/#breadcrumb","itemListElement":[{"@type":"ListItem","position":1,"name":"Portada","item":"https:\/\/graziamagazine.com\/es\/"},{"@type":"ListItem","position":2,"name":"La reina Letizia se viste de Zara para su encuentro con Martin Scorsese"}]},{"@type":"WebSite","@id":"https:\/\/graziamagazine.com\/es\/#website","url":"https:\/\/graziamagazine.com\/es\/","name":"Grazia","description":"Moda, belleza, celebrities, estilo de vida...","potentialAction":[{"@type":"SearchAction","target":{"@type":"EntryPoint","urlTemplate":"https:\/\/graziamagazine.com\/es\/?s={search_term_string}"},"query-input":"required name=search_term_string"}],"inLanguage":"es"}]}},"jetpack_sharing_enabled":true,"distributor_meta":false,"distributor_terms":false,"distributor_media":false,"distributor_original_site_name":"Grazia","distributor_original_site_url":"https:\/\/graziamagazine.com\/es","push-errors":false,"_links":{"self":[{"href":"https:\/\/graziamagazine.com\/es\/wp-json\/wp\/v2\/articles\/142115"}],"collection":[{"href":"https:\/\/graziamagazine.com\/es\/wp-json\/wp\/v2\/articles"}],"about":[{"href":"https:\/\/graziamagazine.com\/es\/wp-json\/wp\/v2\/types\/articles"}],"author":[{"embeddable":true,"href":"https:\/\/graziamagazine.com\/es\/wp-json\/wp\/v2\/users\/24470"}],"wp:featuredmedia":[{"embeddable":true,"href":"https:\/\/graziamagazine.com\/es\/wp-json\/wp\/v2\/media\/142118"}],"wp:attachment":[{"href":"https:\/\/graziamagazine.com\/es\/wp-json\/wp\/v2\/media?parent=142115"}],"wp:term":[{"taxonomy":"category","embeddable":true,"href":"https:\/\/graziamagazine.com\/es\/wp-json\/wp\/v2\/categories?post=142115"}],"curies":[{"name":"wp","href":"https:\/\/api.w.org\/{rel}","templated":true}]}}