{"id":142086,"date":"2018-10-17T19:03:55","date_gmt":"2018-10-17T17:03:55","guid":{"rendered":"https:\/\/graziamagazine.com\/es\/?p=142086"},"modified":"2018-10-17T19:06:37","modified_gmt":"2018-10-17T17:06:37","slug":"nacho-palau-pareja-de-miguel-bose-anuncia-su-separacion-despues-de-26-anos","status":"publish","type":"articles","link":"https:\/\/graziamagazine.com\/es\/articles\/nacho-palau-pareja-de-miguel-bose-anuncia-su-separacion-despues-de-26-anos\/","title":{"rendered":"Nacho Palau, pareja de Miguel Bos\u00e9, anuncia su separaci\u00f3n despu\u00e9s de 26 a\u00f1os"},"content":{"rendered":"<p>Ha sido mediante un comunicado, emitido por el despacho Ortol\u00e1 Dinnbier de Valencia, como Nacho Palau ha confirmado su separaci\u00f3n. En dicho documento, el escultor veneciano afirma que \u00abtras la ruptura de la relaci\u00f3n y convivencia mantenida de forma ininterrumpida con <strong>Miguel Bos\u00e9 Domingu\u00edn<\/strong> durante m\u00e1s de 26 a\u00f1os, y comoquiera que han fracasado las negociaciones previas que en su evitaci\u00f3n se han venido desarrollando, Ignacio Palau Medina ha encargado a este despacho profesional la interposici\u00f3n de las acciones judiciales necesarias para la defensa y protecci\u00f3n de sus intereses y, fundamentalmente, los de sus hijos menores\u00bb.<\/p>\n<blockquote class=\"instagram-media\" style=\"background: #FFF; border: 0; border-radius: 3px; box-shadow: 0 0 1px 0 rgba(0,0,0,0.5),0 1px 10px 0 rgba(0,0,0,0.15); margin: 1px; max-width: 540px; min-width: 326px; padding: 0; width: calc(100% - 2px);\" data-instgrm-captioned=\"\" data-instgrm-permalink=\"https:\/\/www.instagram.com\/p\/BoXVMWBBAKJ\/?utm_source=ig_embed&amp;utm_medium=loading\" data-instgrm-version=\"12\">\n<div style=\"padding: 16px;\">\n<p>&nbsp;<\/p>\n<div style=\"display: flex; flex-direction: row; align-items: center;\"><\/div>\n<div style=\"padding: 19% 0;\"><\/div>\n<div style=\"display: block; height: 50px; margin: 0 auto 12px; width: 50px;\"><\/div>\n<div style=\"padding-top: 8px;\">\n<div style=\"color: #3897f0; font-family: Arial,sans-serif; font-size: 14px; font-style: normal; font-weight: 550; line-height: 18px;\">Ver esta publicaci\u00f3n en Instagram<\/div>\n<\/div>\n<div style=\"padding: 12.5% 0;\"><\/div>\n<div style=\"display: flex; flex-direction: row; margin-bottom: 14px; align-items: center;\"><\/div>\n<p>&nbsp;<\/p>\n<p style=\"margin: 8px 0 0 0; padding: 0 4px;\"><a href=\"https:\/\/www.instagram.com\/p\/BoXVMWBBAKJ\/?utm_source=ig_embed&amp;utm_medium=loading\"style=\"color: #000; font-family: Arial,sans-serif; font-size: 14px; font-style: normal; font-weight: normal; line-height: 17px; text-decoration: none; word-wrap: break-word;\"  target=\"_blank\" rel=\"noopener\" target=\"_blank\">Escultura de hierro con piezas rectangulares en cer\u00e1mica. \u00b7\u00b7\u00b7\u00b7 #perandreesypalau #hierro #ceramica #negro #rojo #escultura #dise\u00f1osexclusivos #design #interiorismo #decoradores #decoracion #decorcasa #detallesdeco #groupg4 #justbecomunicacion #adarchitecturaldigest #decoracion #decor #decoraciondeinteriores #decoration #decorating #decorcasa #inspirare #original #arquitectura #arquiteturadesignu #nachopalau #pinturasyestucadosperandres #danielperandres #arte #art<\/a><\/p>\n<p style=\"color: #c9c8cd; font-family: Arial,sans-serif; font-size: 14px; line-height: 17px; margin-bottom: 0; margin-top: 8px; overflow: hidden; padding: 8px 0 7px; text-align: center; text-overflow: ellipsis; white-space: nowrap;\">Una publicaci\u00f3n compartida de <a href=\"https:\/\/www.instagram.com\/perandresypalau\/?utm_source=ig_embed&amp;utm_medium=loading\"style=\"color: #c9c8cd; font-family: Arial,sans-serif; font-size: 14px; font-style: normal; font-weight: normal; line-height: 17px;\"  target=\"_blank\" rel=\"noopener\" target=\"_blank\"> Daniel Perandr\u00e9s &amp; Nacho Palau<\/a> (@perandresypalau) el <time style=\"font-family: Arial,sans-serif; font-size: 14px; line-height: 17px;\" datetime=\"2018-09-30T20:59:44+00:00\">30 Sep, 2018 a las 1:59 PDT<\/time><\/p>\n<\/div>\n<\/blockquote>\n<p><script async src=\"\/\/www.instagram.com\/embed.js\"><\/script><\/p>\n<p>La noticia ha dado la vuelta al mundo al revelar, de forma oficial, una relaci\u00f3n que durante 30 a\u00f1os hab\u00eda permanecido en el anonimato. En parte, por el hermetismo de<strong> Miguel Bos\u00e9<\/strong> sobre todo lo que tiene que ver con su vida privada. Un espacio reservado del que solo ha revelado peque\u00f1os datos a lo largo de su vida.<\/p>\n<blockquote class=\"instagram-media\" style=\"background: #FFF; border: 0; border-radius: 3px; box-shadow: 0 0 1px 0 rgba(0,0,0,0.5),0 1px 10px 0 rgba(0,0,0,0.15); margin: 1px; max-width: 540px; min-width: 326px; padding: 0; width: calc(100% - 2px);\" data-instgrm-captioned=\"\" data-instgrm-permalink=\"https:\/\/www.instagram.com\/p\/BS7BTpljHyh\/?utm_source=ig_embed&amp;utm_medium=loading\" data-instgrm-version=\"12\">\n<div style=\"padding: 16px;\">\n<p>&nbsp;<\/p>\n<div style=\"display: flex; flex-direction: row; align-items: center;\"><\/div>\n<div style=\"padding: 19% 0;\"><\/div>\n<div style=\"display: block; height: 50px; margin: 0 auto 12px; width: 50px;\"><\/div>\n<div style=\"padding-top: 8px;\">\n<div style=\"color: #3897f0; font-family: Arial,sans-serif; font-size: 14px; font-style: normal; font-weight: 550; line-height: 18px;\">Ver esta publicaci\u00f3n en Instagram<\/div>\n<\/div>\n<div style=\"padding: 12.5% 0;\"><\/div>\n<div style=\"display: flex; flex-direction: row; margin-bottom: 14px; align-items: center;\"><\/div>\n<p>&nbsp;<\/p>\n<p style=\"margin: 8px 0 0 0; padding: 0 4px;\"><a href=\"https:\/\/www.instagram.com\/p\/BS7BTpljHyh\/?utm_source=ig_embed&amp;utm_medium=loading\"style=\"color: #000; font-family: Arial,sans-serif; font-size: 14px; font-style: normal; font-weight: normal; line-height: 17px; text-decoration: none; word-wrap: break-word;\"  target=\"_blank\" rel=\"noopener\" target=\"_blank\">Disfrutando con mis hijos de #Disneyland el #LugarM\u00e1sFelizdelMundo os lo recomiendo! Una pasada!!!<\/a><\/p>\n<p style=\"color: #c9c8cd; font-family: Arial,sans-serif; font-size: 14px; line-height: 17px; margin-bottom: 0; margin-top: 8px; overflow: hidden; padding: 8px 0 7px; text-align: center; text-overflow: ellipsis; white-space: nowrap;\">Una publicaci\u00f3n compartida de <a href=\"https:\/\/www.instagram.com\/miguelbose\/?utm_source=ig_embed&amp;utm_medium=loading\"style=\"color: #c9c8cd; font-family: Arial,sans-serif; font-size: 14px; font-style: normal; font-weight: normal; line-height: 17px;\"  target=\"_blank\" rel=\"noopener\" target=\"_blank\"> Miguel Bos\u00e9 Oficial<\/a> (@miguelbose) el <time style=\"font-family: Arial,sans-serif; font-size: 14px; line-height: 17px;\" datetime=\"2017-04-15T22:07:57+00:00\">15 Abr, 2017 a las 3:07 PDT<\/time><\/p>\n<\/div>\n<\/blockquote>\n<p><script async src=\"\/\/www.instagram.com\/embed.js\"><\/script><\/p>\n<p>Uno de ellos, cuando el cantante anunci\u00f3 en 2011, a trav\u00e9s de las redes sociales, que hab\u00eda sido padre de Diego y Tadeo. Dos a\u00f1os despu\u00e9s se supo que criaba dos m\u00e1s, Ivo y Telmo. \u00abCada uno de mis hijos tiene una personalidad diferente, aunque les haya educado igual. Diego es muy creativo. Tadeo tiene una mente brillante. Ivo lo tiene muy claro, t\u00fa le dices &#8216;\u00bfqu\u00e9 quieres ser de mayor?&#8217;, y te dice paleont\u00f3logo. Y el cuarto, Telmo, es el beb\u00e9. Ha encontrado que es un chollo ser un beb\u00e9\u00bb, le compart\u00eda <strong>Miguel Bos\u00e9<\/strong> a <strong>Pablo Motos<\/strong> en una de sus \u00faltimas intervenciones en<em> El Hormiguero.<\/em><\/p>\n<p><iframe loading=\"lazy\" src=\"https:\/\/www.youtube.com\/embed\/8nWsbg5lCvA\" width=\"560\" height=\"315\" frameborder=\"0\" allowfullscreen=\"allowfullscreen\"><\/iframe><\/p>\n<p>\u00bfSer\u00e1 la ruptura la raz\u00f3n por la que <strong>Miguel Bos\u00e9<\/strong> ha decidido mudarse a la Ciudad de M\u00e9xico?\u00a0 \u00abViv\u00ed en Panam\u00e1 durante cuatro a\u00f1os, ahora estoy viviendo en M\u00e9xico por razones de familia y trabajo;\u00a0cerr\u00e9 todo lo que ten\u00eda en Madrid y me mud\u00e9 al continente americano, aqu\u00ed me paso nueve meses al a\u00f1o, mis hijos ahora me necesitan y por esa raz\u00f3n estoy aqu\u00ed\u00bb, compart\u00eda con Efe en septiembre. Y parece que lo de dejar todo cerrado iba en serio&#8230;<\/p>\n<p><em>Fotos: Getty Images<\/em><\/p>\n","protected":false},"author":11623,"featured_media":142087,"template":"","format":"standard","categories":[13],"acf":[],"yoast_head":"<!-- This site is optimized with the Yoast SEO Premium plugin v18.5 (Yoast SEO v20.4) - https:\/\/yoast.com\/wordpress\/plugins\/seo\/ -->\n<title>Nacho Palau, pareja de Miguel Bos\u00e9, anuncia su separaci\u00f3n despu\u00e9s de 26 a\u00f1os | Grazia<\/title>\n<meta name=\"description\" content=\"Lo m\u00e1s curioso de todo es que ninguno hab\u00eda confirmado su separaci\u00f3n hasta ahora.\" \/>\n<meta name=\"robots\" content=\"index, follow, max-snippet:-1, max-image-preview:large, max-video-preview:-1\" \/>\n<link rel=\"canonical\" href=\"https:\/\/graziamagazine.com\/es\/articles\/nacho-palau-pareja-de-miguel-bose-anuncia-su-separacion-despues-de-26-anos\/\" \/>\n<meta property=\"og:locale\" content=\"es_ES\" \/>\n<meta property=\"og:type\" content=\"article\" \/>\n<meta property=\"og:title\" content=\"Nacho Palau, pareja de Miguel Bos\u00e9, anuncia su separaci\u00f3n despu\u00e9s de 26 a\u00f1os\" \/>\n<meta property=\"og:description\" content=\"Lo m\u00e1s curioso de todo es que ninguno hab\u00eda confirmado su separaci\u00f3n hasta ahora.\" \/>\n<meta property=\"og:url\" content=\"https:\/\/graziamagazine.com\/es\/articles\/nacho-palau-pareja-de-miguel-bose-anuncia-su-separacion-despues-de-26-anos\/\" \/>\n<meta property=\"og:site_name\" content=\"Grazia\" \/>\n<meta property=\"article:modified_time\" content=\"2018-10-17T17:06:37+00:00\" \/>\n<meta property=\"og:image\" content=\"https:\/\/graziamagazine.com\/es\/wp-content\/uploads\/sites\/12\/2018\/10\/miguel-bose.jpg\" \/>\n\t<meta property=\"og:image:width\" content=\"1024\" \/>\n\t<meta property=\"og:image:height\" content=\"768\" \/>\n\t<meta property=\"og:image:type\" content=\"image\/jpeg\" \/>\n<meta name=\"twitter:card\" content=\"summary_large_image\" \/>\n<meta name=\"twitter:image\" content=\"http:\/\/s3-eu-west-1.amazonaws.com\/grazia-cdn\/wp-content\/uploads\/sites\/12\/2018\/10\/miguel-bose.jpg\" \/>\n<meta name=\"twitter:label1\" content=\"Est. reading time\" \/>\n\t<meta name=\"twitter:data1\" content=\"2 minutos\" \/>\n<script type=\"application\/ld+json\" class=\"yoast-schema-graph\">{\"@context\":\"https:\/\/schema.org\",\"@graph\":[{\"@type\":\"WebPage\",\"@id\":\"https:\/\/graziamagazine.com\/es\/articles\/nacho-palau-pareja-de-miguel-bose-anuncia-su-separacion-despues-de-26-anos\/\",\"url\":\"https:\/\/graziamagazine.com\/es\/articles\/nacho-palau-pareja-de-miguel-bose-anuncia-su-separacion-despues-de-26-anos\/\",\"name\":\"Nacho Palau, pareja de Miguel Bos\u00e9, anuncia su separaci\u00f3n despu\u00e9s de 26 a\u00f1os | Grazia\",\"isPartOf\":{\"@id\":\"https:\/\/graziamagazine.com\/es\/#website\"},\"datePublished\":\"2018-10-17T17:03:55+00:00\",\"dateModified\":\"2018-10-17T17:06:37+00:00\",\"description\":\"Lo m\u00e1s curioso de todo es que ninguno hab\u00eda confirmado su separaci\u00f3n hasta ahora.\",\"breadcrumb\":{\"@id\":\"https:\/\/graziamagazine.com\/es\/articles\/nacho-palau-pareja-de-miguel-bose-anuncia-su-separacion-despues-de-26-anos\/#breadcrumb\"},\"inLanguage\":\"es\",\"potentialAction\":[{\"@type\":\"ReadAction\",\"target\":[\"https:\/\/graziamagazine.com\/es\/articles\/nacho-palau-pareja-de-miguel-bose-anuncia-su-separacion-despues-de-26-anos\/\"]}]},{\"@type\":\"BreadcrumbList\",\"@id\":\"https:\/\/graziamagazine.com\/es\/articles\/nacho-palau-pareja-de-miguel-bose-anuncia-su-separacion-despues-de-26-anos\/#breadcrumb\",\"itemListElement\":[{\"@type\":\"ListItem\",\"position\":1,\"name\":\"Portada\",\"item\":\"https:\/\/graziamagazine.com\/es\/\"},{\"@type\":\"ListItem\",\"position\":2,\"name\":\"Nacho Palau, pareja de Miguel Bos\u00e9, anuncia su separaci\u00f3n despu\u00e9s de 26 a\u00f1os\"}]},{\"@type\":\"WebSite\",\"@id\":\"https:\/\/graziamagazine.com\/es\/#website\",\"url\":\"https:\/\/graziamagazine.com\/es\/\",\"name\":\"Grazia\",\"description\":\"Moda, belleza, celebrities, estilo de vida...\",\"potentialAction\":[{\"@type\":\"SearchAction\",\"target\":{\"@type\":\"EntryPoint\",\"urlTemplate\":\"https:\/\/graziamagazine.com\/es\/?s={search_term_string}\"},\"query-input\":\"required name=search_term_string\"}],\"inLanguage\":\"es\"}]}<\/script>\n<!-- \/ Yoast SEO Premium plugin. -->","yoast_head_json":{"title":"Nacho Palau, pareja de Miguel Bos\u00e9, anuncia su separaci\u00f3n despu\u00e9s de 26 a\u00f1os | Grazia","description":"Lo m\u00e1s curioso de todo es que ninguno hab\u00eda confirmado su separaci\u00f3n hasta ahora.","robots":{"index":"index","follow":"follow","max-snippet":"max-snippet:-1","max-image-preview":"max-image-preview:large","max-video-preview":"max-video-preview:-1"},"canonical":"https:\/\/graziamagazine.com\/es\/articles\/nacho-palau-pareja-de-miguel-bose-anuncia-su-separacion-despues-de-26-anos\/","og_locale":"es_ES","og_type":"article","og_title":"Nacho Palau, pareja de Miguel Bos\u00e9, anuncia su separaci\u00f3n despu\u00e9s de 26 a\u00f1os","og_description":"Lo m\u00e1s curioso de todo es que ninguno hab\u00eda confirmado su separaci\u00f3n hasta ahora.","og_url":"https:\/\/graziamagazine.com\/es\/articles\/nacho-palau-pareja-de-miguel-bose-anuncia-su-separacion-despues-de-26-anos\/","og_site_name":"Grazia","article_modified_time":"2018-10-17T17:06:37+00:00","og_image":[{"width":1024,"height":768,"url":"https:\/\/graziamagazine.com\/es\/wp-content\/uploads\/sites\/12\/2018\/10\/miguel-bose.jpg","type":"image\/jpeg"}],"twitter_card":"summary_large_image","twitter_image":"http:\/\/s3-eu-west-1.amazonaws.com\/grazia-cdn\/wp-content\/uploads\/sites\/12\/2018\/10\/miguel-bose.jpg","twitter_misc":{"Est. reading time":"2 minutos"},"schema":{"@context":"https:\/\/schema.org","@graph":[{"@type":"WebPage","@id":"https:\/\/graziamagazine.com\/es\/articles\/nacho-palau-pareja-de-miguel-bose-anuncia-su-separacion-despues-de-26-anos\/","url":"https:\/\/graziamagazine.com\/es\/articles\/nacho-palau-pareja-de-miguel-bose-anuncia-su-separacion-despues-de-26-anos\/","name":"Nacho Palau, pareja de Miguel Bos\u00e9, anuncia su separaci\u00f3n despu\u00e9s de 26 a\u00f1os | Grazia","isPartOf":{"@id":"https:\/\/graziamagazine.com\/es\/#website"},"datePublished":"2018-10-17T17:03:55+00:00","dateModified":"2018-10-17T17:06:37+00:00","description":"Lo m\u00e1s curioso de todo es que ninguno hab\u00eda confirmado su separaci\u00f3n hasta ahora.","breadcrumb":{"@id":"https:\/\/graziamagazine.com\/es\/articles\/nacho-palau-pareja-de-miguel-bose-anuncia-su-separacion-despues-de-26-anos\/#breadcrumb"},"inLanguage":"es","potentialAction":[{"@type":"ReadAction","target":["https:\/\/graziamagazine.com\/es\/articles\/nacho-palau-pareja-de-miguel-bose-anuncia-su-separacion-despues-de-26-anos\/"]}]},{"@type":"BreadcrumbList","@id":"https:\/\/graziamagazine.com\/es\/articles\/nacho-palau-pareja-de-miguel-bose-anuncia-su-separacion-despues-de-26-anos\/#breadcrumb","itemListElement":[{"@type":"ListItem","position":1,"name":"Portada","item":"https:\/\/graziamagazine.com\/es\/"},{"@type":"ListItem","position":2,"name":"Nacho Palau, pareja de Miguel Bos\u00e9, anuncia su separaci\u00f3n despu\u00e9s de 26 a\u00f1os"}]},{"@type":"WebSite","@id":"https:\/\/graziamagazine.com\/es\/#website","url":"https:\/\/graziamagazine.com\/es\/","name":"Grazia","description":"Moda, belleza, celebrities, estilo de vida...","potentialAction":[{"@type":"SearchAction","target":{"@type":"EntryPoint","urlTemplate":"https:\/\/graziamagazine.com\/es\/?s={search_term_string}"},"query-input":"required name=search_term_string"}],"inLanguage":"es"}]}},"jetpack_sharing_enabled":true,"distributor_meta":false,"distributor_terms":false,"distributor_media":false,"distributor_original_site_name":"Grazia","distributor_original_site_url":"https:\/\/graziamagazine.com\/es","push-errors":false,"_links":{"self":[{"href":"https:\/\/graziamagazine.com\/es\/wp-json\/wp\/v2\/articles\/142086"}],"collection":[{"href":"https:\/\/graziamagazine.com\/es\/wp-json\/wp\/v2\/articles"}],"about":[{"href":"https:\/\/graziamagazine.com\/es\/wp-json\/wp\/v2\/types\/articles"}],"author":[{"embeddable":true,"href":"https:\/\/graziamagazine.com\/es\/wp-json\/wp\/v2\/users\/11623"}],"wp:featuredmedia":[{"embeddable":true,"href":"https:\/\/graziamagazine.com\/es\/wp-json\/wp\/v2\/media\/142087"}],"wp:attachment":[{"href":"https:\/\/graziamagazine.com\/es\/wp-json\/wp\/v2\/media?parent=142086"}],"wp:term":[{"taxonomy":"category","embeddable":true,"href":"https:\/\/graziamagazine.com\/es\/wp-json\/wp\/v2\/categories?post=142086"}],"curies":[{"name":"wp","href":"https:\/\/api.w.org\/{rel}","templated":true}]}}