{"id":141761,"date":"2018-10-10T13:05:53","date_gmt":"2018-10-10T11:05:53","guid":{"rendered":"https:\/\/graziamagazine.com\/es\/?p=141761"},"modified":"2018-10-10T13:05:55","modified_gmt":"2018-10-10T11:05:55","slug":"ha-llegado-la-exposicion-mas-esperada-del-ano-en-el-met-de-nueva-york","status":"publish","type":"articles","link":"https:\/\/graziamagazine.com\/es\/articles\/ha-llegado-la-exposicion-mas-esperada-del-ano-en-el-met-de-nueva-york\/","title":{"rendered":"Ha llegado la exposici\u00f3n m\u00e1s esperada del a\u00f1o en el MET de Nueva York"},"content":{"rendered":"<p>La exposici\u00f3n de primavera del\u00a0<b><i>Costume Institute<\/i><\/b>\u00a0del\u00a0<b><i>Metropolitan Museum of Art<\/i><\/b>\u00a0es una de las m\u00e1s visitadas del museo en Nueva York. Con la inauguraci\u00f3n siendo la ya medi\u00e1tica\u00a0<i>Met Gala<\/i>, esta exposici\u00f3n es anticipada a\u00f1o con a\u00f1o. Habiendo tocado temas como la tecnolog\u00eda y la moda en\u00a0<i>Manus x Machina<\/i>, la eclesi\u00e1stica relaci\u00f3n entre la moda y la religi\u00f3n cat\u00f3lica en\u00a0<i>Heavenly Bodies<\/i>\u00a0y exhibiendo el gran trabajo de dise\u00f1adores como <strong>Elsa Schiaparelli<\/strong> y <strong>Prada<\/strong> \u2014en un mismo discurso\u2014 R<strong>ei Kawakubo, Charles James, Alexander McQueen o Yves Saint Laurent<\/strong>, el 2019 ver\u00e1 la investigaci\u00f3n profunda del estilo <em>camp<\/em>.<\/p>\n<p><b><i>Camp: Notes on Fashion<\/i><\/b>\u00a0empez\u00f3 a concebirse a partir del ensayo de 1964 de la escritora <strong>Susan Sontag. Andrew Bolton<\/strong> coment\u00f3 a <strong>Hamish Bowles<\/strong> sobre la relevancia del camp en el espectro de la moda actual. Quiz\u00e1 un t\u00e9rmino que no leemos con frecuencia, sin embargo est\u00e1 presente en colecciones como las de <strong>Alessandro Michele<\/strong> para <strong>Gucci, Thom Browne, John Galliano<\/strong> para <strong>Maison Margiela<\/strong>, entre otros.<\/p>\n<blockquote class=\"instagram-media\" style=\"background: #FFF; border: 0; border-radius: 3px; box-shadow: 0 0 1px 0 rgba(0,0,0,0.5),0 1px 10px 0 rgba(0,0,0,0.15); margin: 1px; max-width: 540px; min-width: 326px; padding: 0; width: calc(100% - 2px);\" data-instgrm-captioned=\"\" data-instgrm-permalink=\"https:\/\/www.instagram.com\/p\/BoKAkCFHK9Q\/?utm_source=ig_embed&amp;utm_medium=loading\" data-instgrm-version=\"12\">\n<div style=\"padding: 16px;\">\n<p>&nbsp;<\/p>\n<div style=\"display: flex; flex-direction: row; align-items: center;\"><\/div>\n<div style=\"padding: 19% 0;\"><\/div>\n<div style=\"display: block; height: 50px; margin: 0 auto 12px; width: 50px;\"><\/div>\n<div style=\"padding-top: 8px;\">\n<div style=\"color: #3897f0; font-family: Arial,sans-serif; font-size: 14px; font-style: normal; font-weight: 550; line-height: 18px;\">Ver esta publicaci\u00f3n en Instagram<\/div>\n<\/div>\n<div style=\"padding: 12.5% 0;\"><\/div>\n<div style=\"display: flex; flex-direction: row; margin-bottom: 14px; align-items: center;\"><\/div>\n<p>&nbsp;<\/p>\n<p style=\"margin: 8px 0 0 0; padding: 0 4px;\"><a href=\"https:\/\/www.instagram.com\/p\/BoKAkCFHK9Q\/?utm_source=ig_embed&amp;utm_medium=loading\"style=\"color: #000; font-family: Arial,sans-serif; font-size: 14px; font-style: normal; font-weight: normal; line-height: 17px; text-decoration: none; word-wrap: break-word;\"  target=\"_blank\" rel=\"noopener\" target=\"_blank\">Before walking the #GucciSS19 fashion show, a line-up of women\u2019s and men\u2019s looks by #AlessandroMichele appear in front of the Th\u00e9\u00e2tre Le Palace, its fa\u00e7ade decorated with the neon sign \u2018I Dioscuri\u2019 for the runway presentation. Discover more through link in bio. #pfw #mfw<\/a><\/p>\n<p style=\"color: #c9c8cd; font-family: Arial,sans-serif; font-size: 14px; line-height: 17px; margin-bottom: 0; margin-top: 8px; overflow: hidden; padding: 8px 0 7px; text-align: center; text-overflow: ellipsis; white-space: nowrap;\">Una publicaci\u00f3n compartida de <a href=\"https:\/\/www.instagram.com\/gucci\/?utm_source=ig_embed&amp;utm_medium=loading\"style=\"color: #c9c8cd; font-family: Arial,sans-serif; font-size: 14px; font-style: normal; font-weight: normal; line-height: 17px;\"  target=\"_blank\" rel=\"noopener\" target=\"_blank\"> Gucci<\/a> (@gucci) el <time style=\"font-family: Arial,sans-serif; font-size: 14px; line-height: 17px;\" datetime=\"2018-09-25T16:49:20+00:00\">25 Sep, 2018 a las 9:49 PDT<\/time><\/p>\n<\/div>\n<\/blockquote>\n<p><script async src=\"\/\/www.instagram.com\/embed.js\"><\/script><\/p>\n<blockquote class=\"instagram-media\" style=\"background: #FFF; border: 0; border-radius: 3px; box-shadow: 0 0 1px 0 rgba(0,0,0,0.5),0 1px 10px 0 rgba(0,0,0,0.15); margin: 1px; max-width: 540px; min-width: 326px; padding: 0; width: calc(100% - 2px);\" data-instgrm-captioned=\"\" data-instgrm-permalink=\"https:\/\/www.instagram.com\/p\/BoXdcV8Hk9g\/?utm_source=ig_embed&amp;utm_medium=loading\" data-instgrm-version=\"12\">\n<div style=\"padding: 16px;\">\n<p>&nbsp;<\/p>\n<div style=\"display: flex; flex-direction: row; align-items: center;\"><\/div>\n<div style=\"padding: 19% 0;\"><\/div>\n<div style=\"display: block; height: 50px; margin: 0 auto 12px; width: 50px;\"><\/div>\n<div style=\"padding-top: 8px;\">\n<div style=\"color: #3897f0; font-family: Arial,sans-serif; font-size: 14px; font-style: normal; font-weight: 550; line-height: 18px;\">Ver esta publicaci\u00f3n en Instagram<\/div>\n<\/div>\n<div style=\"padding: 12.5% 0;\"><\/div>\n<div style=\"display: flex; flex-direction: row; margin-bottom: 14px; align-items: center;\"><\/div>\n<p>&nbsp;<\/p>\n<p style=\"margin: 8px 0 0 0; padding: 0 4px;\"><a href=\"https:\/\/www.instagram.com\/p\/BoXdcV8Hk9g\/?utm_source=ig_embed&amp;utm_medium=loading\"style=\"color: #000; font-family: Arial,sans-serif; font-size: 14px; font-style: normal; font-weight: normal; line-height: 17px; text-decoration: none; word-wrap: break-word;\"  target=\"_blank\" rel=\"noopener\" target=\"_blank\">&#8230; love &#8230; thom browne women\u2019s spring 2019 ph: #thomasgoldblum #thombrowne #thombrowness19 #stephenjonesmillinery<\/a><\/p>\n<p style=\"color: #c9c8cd; font-family: Arial,sans-serif; font-size: 14px; line-height: 17px; margin-bottom: 0; margin-top: 8px; overflow: hidden; padding: 8px 0 7px; text-align: center; text-overflow: ellipsis; white-space: nowrap;\">Una publicaci\u00f3n compartida de <a href=\"https:\/\/www.instagram.com\/thombrowneny\/?utm_source=ig_embed&amp;utm_medium=loading\"style=\"color: #c9c8cd; font-family: Arial,sans-serif; font-size: 14px; font-style: normal; font-weight: normal; line-height: 17px;\"  target=\"_blank\" rel=\"noopener\" target=\"_blank\"> Thom Browne<\/a> (@thombrowneny) el <time style=\"font-family: Arial,sans-serif; font-size: 14px; line-height: 17px;\" datetime=\"2018-09-30T22:11:49+00:00\">30 Sep, 2018 a las 3:11 PDT<\/time><\/p>\n<\/div>\n<\/blockquote>\n<p><script async src=\"\/\/www.instagram.com\/embed.js\"><\/script><\/p>\n<blockquote class=\"instagram-media\" style=\"background: #FFF; border: 0; border-radius: 3px; box-shadow: 0 0 1px 0 rgba(0,0,0,0.5),0 1px 10px 0 rgba(0,0,0,0.15); margin: 1px; max-width: 540px; min-width: 326px; padding: 0; width: calc(100% - 2px);\" data-instgrm-captioned=\"\" data-instgrm-permalink=\"https:\/\/www.instagram.com\/p\/BoZLIMNAlgM\/?utm_source=ig_embed&amp;utm_medium=loading\" data-instgrm-version=\"12\">\n<div style=\"padding: 16px;\">\n<p>&nbsp;<\/p>\n<div style=\"display: flex; flex-direction: row; align-items: center;\"><\/div>\n<div style=\"padding: 19% 0;\"><\/div>\n<div style=\"display: block; height: 50px; margin: 0 auto 12px; width: 50px;\"><\/div>\n<div style=\"padding-top: 8px;\">\n<div style=\"color: #3897f0; font-family: Arial,sans-serif; font-size: 14px; font-style: normal; font-weight: 550; line-height: 18px;\">Ver esta publicaci\u00f3n en Instagram<\/div>\n<\/div>\n<div style=\"padding: 12.5% 0;\"><\/div>\n<div style=\"display: flex; flex-direction: row; margin-bottom: 14px; align-items: center;\"><\/div>\n<p>&nbsp;<\/p>\n<p style=\"margin: 8px 0 0 0; padding: 0 4px;\"><a href=\"https:\/\/www.instagram.com\/p\/BoZLIMNAlgM\/?utm_source=ig_embed&amp;utm_medium=loading\"style=\"color: #000; font-family: Arial,sans-serif; font-size: 14px; font-style: normal; font-weight: normal; line-height: 17px; text-decoration: none; word-wrap: break-word;\"  target=\"_blank\" rel=\"noopener\" target=\"_blank\">Reverse dressing appears in the memory of party tops worn over jackets, while anonymity of the lining indicates the display of pockets and lining as part of a garment\u2019s exterior in our Spring-Summer 2019 Co-ed Collection designed by @jgalliano. #MyMutiny #MaisonMargiela<\/a><\/p>\n<p style=\"color: #c9c8cd; font-family: Arial,sans-serif; font-size: 14px; line-height: 17px; margin-bottom: 0; margin-top: 8px; overflow: hidden; padding: 8px 0 7px; text-align: center; text-overflow: ellipsis; white-space: nowrap;\">Una publicaci\u00f3n compartida de <a href=\"https:\/\/www.instagram.com\/maisonmargiela\/?utm_source=ig_embed&amp;utm_medium=loading\"style=\"color: #c9c8cd; font-family: Arial,sans-serif; font-size: 14px; font-style: normal; font-weight: normal; line-height: 17px;\"  target=\"_blank\" rel=\"noopener\" target=\"_blank\"> Maison Margiela<\/a> (@maisonmargiela) el <time style=\"font-family: Arial,sans-serif; font-size: 14px; line-height: 17px;\" datetime=\"2018-10-01T14:10:16+00:00\">1 Oct, 2018 a las 7:10 PDT<\/time><\/p>\n<\/div>\n<\/blockquote>\n<p><script async src=\"\/\/www.instagram.com\/embed.js\"><\/script><\/p>\n<p>Denominado como un estilo extravagante, maximalista, de mal gusto pero con impacto; el camp es ahora parte del\u00a0<i>mainstream<\/i>. Regresando a la historia, las opulentas cortes europeas, particularmente las francesas, pintan como un ejemplo majestuoso. De ah\u00ed, en contraste pero siguiendo la misma l\u00ednea exc\u00e9ntrica, <strong>Franco Moschino<\/strong> y <strong>Jean Paul Gaultier<\/strong> han desatado revoluciones tan perdurables imposibles de apagar.<\/p>\n<p>La liberaci\u00f3n sexual, LGBTQ y feminista \u2014tres movimientos que han marcado la sociedad\u2014 son pilares del discurso moderno de dicho estilo. Pero, lo que Bolton nunca deja al aire, es encontrar el verdadero origen. Siempre estimulando la conversaci\u00f3n social la pr\u00f3xima exposici\u00f3n del\u00a0<i>Anna Wintour Costume Center<\/i>\u00a0promete ser una prueba cultural donde la moda y el lujo, como siempre, es pieza fundamental de los ideales colectivos.<\/p>\n<p><em>Fotos: Mondadori Photo<\/em><\/p>\n","protected":false},"author":24470,"featured_media":0,"template":"","format":"standard","categories":[1],"acf":[],"yoast_head":"<!-- This site is optimized with the Yoast SEO Premium plugin v18.5 (Yoast SEO v20.4) - https:\/\/yoast.com\/wordpress\/plugins\/seo\/ -->\n<title>Ha llegado la exposici\u00f3n m\u00e1s esperada del a\u00f1o en el MET de Nueva York | Grazia<\/title>\n<meta name=\"description\" content=\"\u00bfAdivinas cu\u00e1l puede ser la tem\u00e1tica de este a\u00f1o?\" \/>\n<meta name=\"robots\" content=\"index, follow, max-snippet:-1, max-image-preview:large, max-video-preview:-1\" \/>\n<link rel=\"canonical\" href=\"https:\/\/graziamagazine.com\/es\/articles\/ha-llegado-la-exposicion-mas-esperada-del-ano-en-el-met-de-nueva-york\/\" \/>\n<meta property=\"og:locale\" content=\"es_ES\" \/>\n<meta property=\"og:type\" content=\"article\" \/>\n<meta property=\"og:title\" content=\"Ha llegado la exposici\u00f3n m\u00e1s esperada del a\u00f1o en el MET de Nueva York\" \/>\n<meta property=\"og:description\" content=\"\u00bfAdivinas cu\u00e1l puede ser la tem\u00e1tica de este a\u00f1o?\" \/>\n<meta property=\"og:url\" content=\"https:\/\/graziamagazine.com\/es\/articles\/ha-llegado-la-exposicion-mas-esperada-del-ano-en-el-met-de-nueva-york\/\" \/>\n<meta property=\"og:site_name\" content=\"Grazia\" \/>\n<meta property=\"article:modified_time\" content=\"2018-10-10T11:05:55+00:00\" \/>\n<meta property=\"og:image\" content=\"https:\/\/graziamagazine.com\/es\/wp-content\/uploads\/sites\/12\/2018\/10\/preparate-este-es-el-proximo-tema-de-la-exposicion-del-costume-institute-del-met-destacada.jpg?fit=4252%2C2835\" \/>\n\t<meta property=\"og:image:width\" content=\"4252\" \/>\n\t<meta property=\"og:image:height\" content=\"2835\" \/>\n\t<meta property=\"og:image:type\" content=\"image\/jpeg\" \/>\n<meta name=\"twitter:card\" content=\"summary_large_image\" \/>\n<meta name=\"twitter:image\" content=\"http:\/\/s3-eu-west-1.amazonaws.com\/grazia-cdn\/wp-content\/uploads\/sites\/12\/2018\/10\/preparate-este-es-el-proximo-tema-de-la-exposicion-del-costume-institute-del-met-destacada.jpg\" \/>\n<meta name=\"twitter:label1\" content=\"Est. reading time\" \/>\n\t<meta name=\"twitter:data1\" content=\"2 minutos\" \/>\n<script type=\"application\/ld+json\" class=\"yoast-schema-graph\">{\"@context\":\"https:\/\/schema.org\",\"@graph\":[{\"@type\":\"WebPage\",\"@id\":\"https:\/\/graziamagazine.com\/es\/articles\/ha-llegado-la-exposicion-mas-esperada-del-ano-en-el-met-de-nueva-york\/\",\"url\":\"https:\/\/graziamagazine.com\/es\/articles\/ha-llegado-la-exposicion-mas-esperada-del-ano-en-el-met-de-nueva-york\/\",\"name\":\"Ha llegado la exposici\u00f3n m\u00e1s esperada del a\u00f1o en el MET de Nueva York | Grazia\",\"isPartOf\":{\"@id\":\"https:\/\/graziamagazine.com\/es\/#website\"},\"datePublished\":\"2018-10-10T11:05:53+00:00\",\"dateModified\":\"2018-10-10T11:05:55+00:00\",\"description\":\"\u00bfAdivinas cu\u00e1l puede ser la tem\u00e1tica de este a\u00f1o?\",\"breadcrumb\":{\"@id\":\"https:\/\/graziamagazine.com\/es\/articles\/ha-llegado-la-exposicion-mas-esperada-del-ano-en-el-met-de-nueva-york\/#breadcrumb\"},\"inLanguage\":\"es\",\"potentialAction\":[{\"@type\":\"ReadAction\",\"target\":[\"https:\/\/graziamagazine.com\/es\/articles\/ha-llegado-la-exposicion-mas-esperada-del-ano-en-el-met-de-nueva-york\/\"]}]},{\"@type\":\"BreadcrumbList\",\"@id\":\"https:\/\/graziamagazine.com\/es\/articles\/ha-llegado-la-exposicion-mas-esperada-del-ano-en-el-met-de-nueva-york\/#breadcrumb\",\"itemListElement\":[{\"@type\":\"ListItem\",\"position\":1,\"name\":\"Portada\",\"item\":\"https:\/\/graziamagazine.com\/es\/\"},{\"@type\":\"ListItem\",\"position\":2,\"name\":\"Ha llegado la exposici\u00f3n m\u00e1s esperada del a\u00f1o en el MET de Nueva York\"}]},{\"@type\":\"WebSite\",\"@id\":\"https:\/\/graziamagazine.com\/es\/#website\",\"url\":\"https:\/\/graziamagazine.com\/es\/\",\"name\":\"Grazia\",\"description\":\"Moda, belleza, celebrities, estilo de vida...\",\"potentialAction\":[{\"@type\":\"SearchAction\",\"target\":{\"@type\":\"EntryPoint\",\"urlTemplate\":\"https:\/\/graziamagazine.com\/es\/?s={search_term_string}\"},\"query-input\":\"required name=search_term_string\"}],\"inLanguage\":\"es\"}]}<\/script>\n<!-- \/ Yoast SEO Premium plugin. -->","yoast_head_json":{"title":"Ha llegado la exposici\u00f3n m\u00e1s esperada del a\u00f1o en el MET de Nueva York | Grazia","description":"\u00bfAdivinas cu\u00e1l puede ser la tem\u00e1tica de este a\u00f1o?","robots":{"index":"index","follow":"follow","max-snippet":"max-snippet:-1","max-image-preview":"max-image-preview:large","max-video-preview":"max-video-preview:-1"},"canonical":"https:\/\/graziamagazine.com\/es\/articles\/ha-llegado-la-exposicion-mas-esperada-del-ano-en-el-met-de-nueva-york\/","og_locale":"es_ES","og_type":"article","og_title":"Ha llegado la exposici\u00f3n m\u00e1s esperada del a\u00f1o en el MET de Nueva York","og_description":"\u00bfAdivinas cu\u00e1l puede ser la tem\u00e1tica de este a\u00f1o?","og_url":"https:\/\/graziamagazine.com\/es\/articles\/ha-llegado-la-exposicion-mas-esperada-del-ano-en-el-met-de-nueva-york\/","og_site_name":"Grazia","article_modified_time":"2018-10-10T11:05:55+00:00","og_image":[{"width":4252,"height":2835,"url":"https:\/\/graziamagazine.com\/es\/wp-content\/uploads\/sites\/12\/2018\/10\/preparate-este-es-el-proximo-tema-de-la-exposicion-del-costume-institute-del-met-destacada.jpg?fit=4252%2C2835","type":"image\/jpeg"}],"twitter_card":"summary_large_image","twitter_image":"http:\/\/s3-eu-west-1.amazonaws.com\/grazia-cdn\/wp-content\/uploads\/sites\/12\/2018\/10\/preparate-este-es-el-proximo-tema-de-la-exposicion-del-costume-institute-del-met-destacada.jpg","twitter_misc":{"Est. reading time":"2 minutos"},"schema":{"@context":"https:\/\/schema.org","@graph":[{"@type":"WebPage","@id":"https:\/\/graziamagazine.com\/es\/articles\/ha-llegado-la-exposicion-mas-esperada-del-ano-en-el-met-de-nueva-york\/","url":"https:\/\/graziamagazine.com\/es\/articles\/ha-llegado-la-exposicion-mas-esperada-del-ano-en-el-met-de-nueva-york\/","name":"Ha llegado la exposici\u00f3n m\u00e1s esperada del a\u00f1o en el MET de Nueva York | Grazia","isPartOf":{"@id":"https:\/\/graziamagazine.com\/es\/#website"},"datePublished":"2018-10-10T11:05:53+00:00","dateModified":"2018-10-10T11:05:55+00:00","description":"\u00bfAdivinas cu\u00e1l puede ser la tem\u00e1tica de este a\u00f1o?","breadcrumb":{"@id":"https:\/\/graziamagazine.com\/es\/articles\/ha-llegado-la-exposicion-mas-esperada-del-ano-en-el-met-de-nueva-york\/#breadcrumb"},"inLanguage":"es","potentialAction":[{"@type":"ReadAction","target":["https:\/\/graziamagazine.com\/es\/articles\/ha-llegado-la-exposicion-mas-esperada-del-ano-en-el-met-de-nueva-york\/"]}]},{"@type":"BreadcrumbList","@id":"https:\/\/graziamagazine.com\/es\/articles\/ha-llegado-la-exposicion-mas-esperada-del-ano-en-el-met-de-nueva-york\/#breadcrumb","itemListElement":[{"@type":"ListItem","position":1,"name":"Portada","item":"https:\/\/graziamagazine.com\/es\/"},{"@type":"ListItem","position":2,"name":"Ha llegado la exposici\u00f3n m\u00e1s esperada del a\u00f1o en el MET de Nueva York"}]},{"@type":"WebSite","@id":"https:\/\/graziamagazine.com\/es\/#website","url":"https:\/\/graziamagazine.com\/es\/","name":"Grazia","description":"Moda, belleza, celebrities, estilo de vida...","potentialAction":[{"@type":"SearchAction","target":{"@type":"EntryPoint","urlTemplate":"https:\/\/graziamagazine.com\/es\/?s={search_term_string}"},"query-input":"required name=search_term_string"}],"inLanguage":"es"}]}},"jetpack_sharing_enabled":true,"distributor_meta":false,"distributor_terms":false,"distributor_media":false,"distributor_original_site_name":"Grazia","distributor_original_site_url":"https:\/\/graziamagazine.com\/es","push-errors":false,"_links":{"self":[{"href":"https:\/\/graziamagazine.com\/es\/wp-json\/wp\/v2\/articles\/141761"}],"collection":[{"href":"https:\/\/graziamagazine.com\/es\/wp-json\/wp\/v2\/articles"}],"about":[{"href":"https:\/\/graziamagazine.com\/es\/wp-json\/wp\/v2\/types\/articles"}],"author":[{"embeddable":true,"href":"https:\/\/graziamagazine.com\/es\/wp-json\/wp\/v2\/users\/24470"}],"wp:attachment":[{"href":"https:\/\/graziamagazine.com\/es\/wp-json\/wp\/v2\/media?parent=141761"}],"wp:term":[{"taxonomy":"category","embeddable":true,"href":"https:\/\/graziamagazine.com\/es\/wp-json\/wp\/v2\/categories?post=141761"}],"curies":[{"name":"wp","href":"https:\/\/api.w.org\/{rel}","templated":true}]}}