{"id":141727,"date":"2018-10-08T15:27:33","date_gmt":"2018-10-08T13:27:33","guid":{"rendered":"https:\/\/graziamagazine.com\/es\/?p=141727"},"modified":"2018-10-08T15:27:34","modified_gmt":"2018-10-08T13:27:34","slug":"este-es-el-desnudo-de-maxi-iglesias-que-ha-incendiado-las-redes-sociales","status":"publish","type":"articles","link":"https:\/\/graziamagazine.com\/es\/articles\/este-es-el-desnudo-de-maxi-iglesias-que-ha-incendiado-las-redes-sociales\/","title":{"rendered":"Este es el desnudo de Maxi Iglesias que ha incendiado las redes sociales"},"content":{"rendered":"<p>Ya os lo advertimos hace unos d\u00edas, <a href=\"https:\/\/graziamagazine.com\/es\/el-tio-bueno-de-la-semana\/por-cumplir-el-sueno-de-andrea-duro-maxi-iglesias-se-ha-ganado-el-titulo-de-tio-bueno-de-la-semana\/\">cuando lo nombramos el \u00abt\u00edo bueno de la semana\u00bb<\/a>; <strong>Maxi Iglesias<\/strong> est\u00e1 <em>on fire<\/em>. Y con toda la humildad que le caracteriza, como quien no quiere la cosa, ha sido el propio actor quien lo ha presumido ante sus m\u00e1s de 900 mil seguidores con una foto con el culo al aire. \u00bfNo nos crees? Mira, mira:<\/p>\n<blockquote class=\"instagram-media\" style=\"background: #FFF; border: 0; border-radius: 3px; box-shadow: 0 0 1px 0 rgba(0,0,0,0.5),0 1px 10px 0 rgba(0,0,0,0.15); margin: 1px; max-width: 540px; min-width: 326px; padding: 0; width: calc(100% - 2px);\" data-instgrm-captioned=\"\" data-instgrm-permalink=\"https:\/\/www.instagram.com\/p\/BopNpQTAJSi\/?utm_source=ig_embed&amp;utm_medium=loading\" data-instgrm-version=\"12\">\n<div style=\"padding: 16px;\">\n<div style=\"display: flex; flex-direction: row; align-items: center;\"><\/div>\n<div style=\"padding: 19% 0;\"><\/div>\n<div style=\"display: block; height: 50px; margin: 0 auto 12px; width: 50px;\"><\/div>\n<div style=\"padding-top: 8px;\">\n<div style=\"color: #3897f0; font-family: Arial,sans-serif; font-size: 14px; font-style: normal; font-weight: 550; line-height: 18px;\">Ver esta publicaci\u00f3n en Instagram<\/div>\n<\/div>\n<p style=\"margin: 8px 0 0 0; padding: 0 4px;\"><a href=\"https:\/\/www.instagram.com\/p\/BopNpQTAJSi\/?utm_source=ig_embed&amp;utm_medium=loading\"style=\"color: #000; font-family: Arial,sans-serif; font-size: 14px; font-style: normal; font-weight: normal; line-height: 17px; text-decoration: none; word-wrap: break-word;\"  target=\"_blank\" rel=\"noopener\" target=\"_blank\">Vivan las escapadas en Octubre \ud83c\udf43\ud83c\udf0a<\/a><\/p>\n<p style=\"color: #c9c8cd; font-family: Arial,sans-serif; font-size: 14px; line-height: 17px; margin-bottom: 0; margin-top: 8px; overflow: hidden; padding: 8px 0 7px; text-align: center; text-overflow: ellipsis; white-space: nowrap;\">Una publicaci\u00f3n compartida de <a href=\"https:\/\/www.instagram.com\/maxi_iglesias\/?utm_source=ig_embed&amp;utm_medium=loading\"style=\"color: #c9c8cd; font-family: Arial,sans-serif; font-size: 14px; font-style: normal; font-weight: normal; line-height: 17px;\"  target=\"_blank\" rel=\"noopener\" target=\"_blank\"> Maxi Iglesias<\/a> (@maxi_iglesias) el <time style=\"font-family: Arial,sans-serif; font-size: 14px; line-height: 17px;\" datetime=\"2018-10-07T19:40:06+00:00\">7 Oct, 2018 a las 12:40 PDT<\/time><\/p>\n<\/div>\n<\/blockquote>\n<p><script async defer src=\"\/\/www.instagram.com\/embed.js\"><\/script><\/p>\n<p>Desde que nos enamor\u00f3 a todas en <em>F\u00edsica o Qu\u00edmica<\/em>, <strong>Maxi Iglesias<\/strong>, como el buen vino, no ha hecho otra cosa que mejorar con los a\u00f1os. Y si no, \u00bfqu\u00e9 otra explicaci\u00f3n le das a este cuerpo?<\/p>\n<blockquote class=\"instagram-media\" style=\"background: #FFF; border: 0; border-radius: 3px; box-shadow: 0 0 1px 0 rgba(0,0,0,0.5),0 1px 10px 0 rgba(0,0,0,0.15); margin: 1px; max-width: 540px; min-width: 326px; padding: 0; width: calc(100% - 2px);\" data-instgrm-captioned=\"\" data-instgrm-permalink=\"https:\/\/www.instagram.com\/p\/Bj_qZ1Egqid\/?utm_source=ig_embed&amp;utm_medium=loading\" data-instgrm-version=\"12\">\n<div style=\"padding: 16px;\">\n<p>&nbsp;<\/p>\n<div style=\"display: flex; flex-direction: row; align-items: center;\"><\/div>\n<div style=\"padding: 19% 0;\"><\/div>\n<div style=\"display: block; height: 50px; margin: 0 auto 12px; width: 50px;\"><\/div>\n<div style=\"padding-top: 8px;\">\n<div style=\"color: #3897f0; font-family: Arial,sans-serif; font-size: 14px; font-style: normal; font-weight: 550; line-height: 18px;\">Ver esta publicaci\u00f3n en Instagram<\/div>\n<\/div>\n<div style=\"padding: 12.5% 0;\"><\/div>\n<div style=\"display: flex; flex-direction: row; margin-bottom: 14px; align-items: center;\"><\/div>\n<p>&nbsp;<\/p>\n<p style=\"margin: 8px 0 0 0; padding: 0 4px;\"><a href=\"https:\/\/www.instagram.com\/p\/Bj_qZ1Egqid\/?utm_source=ig_embed&amp;utm_medium=loading\"style=\"color: #000; font-family: Arial,sans-serif; font-size: 14px; font-style: normal; font-weight: normal; line-height: 17px; text-decoration: none; word-wrap: break-word;\"  target=\"_blank\" rel=\"noopener\" target=\"_blank\">M\u00e1s Pronto que tarde \ud83c\udfdd\ufe0f #tbt de alg\u00fan viaje playero que ya empieza a terciarse de nuevo<\/a><\/p>\n<p style=\"color: #c9c8cd; font-family: Arial,sans-serif; font-size: 14px; line-height: 17px; margin-bottom: 0; margin-top: 8px; overflow: hidden; padding: 8px 0 7px; text-align: center; text-overflow: ellipsis; white-space: nowrap;\">Una publicaci\u00f3n compartida de <a href=\"https:\/\/www.instagram.com\/maxi_iglesias\/?utm_source=ig_embed&amp;utm_medium=loading\"style=\"color: #c9c8cd; font-family: Arial,sans-serif; font-size: 14px; font-style: normal; font-weight: normal; line-height: 17px;\"  target=\"_blank\" rel=\"noopener\" target=\"_blank\"> Maxi Iglesias<\/a> (@maxi_iglesias) el <time style=\"font-family: Arial,sans-serif; font-size: 14px; line-height: 17px;\" datetime=\"2018-06-14T06:17:43+00:00\">13 Jun, 2018 a las 11:17 PDT<\/time><\/p>\n<\/div>\n<\/blockquote>\n<p><script async defer src=\"\/\/www.instagram.com\/embed.js\"><\/script><\/p>\n<p>\u00bfHay algo que lo haga a\u00fan m\u00e1s atractivo? S\u00ed, la solter\u00eda. Y es que <strong>Maxi Iglesias<\/strong> es uno de los solteros de oro espa\u00f1oles m\u00e1s cotizados. Eso s\u00ed, aunque \u00e9l no confirma ni desmiente nada, el p\u00fablico le ha hecho \u00abmatch\u00bb con m\u00e1s de una famosa. Una de las \u00faltimas, la mexicana <strong>Kate del Castillo<\/strong>, con quien comparte cartel en la serie de Netflix,\u00a0<em>Ingobernable<\/em>.<\/p>\n<blockquote class=\"instagram-media\" style=\"background: #FFF; border: 0; border-radius: 3px; box-shadow: 0 0 1px 0 rgba(0,0,0,0.5),0 1px 10px 0 rgba(0,0,0,0.15); margin: 1px; max-width: 540px; min-width: 326px; padding: 0; width: calc(100% - 2px);\" data-instgrm-captioned=\"\" data-instgrm-permalink=\"https:\/\/www.instagram.com\/p\/BjM3o_KgXTt\/?utm_source=ig_embed&amp;utm_medium=loading\" data-instgrm-version=\"12\">\n<div style=\"padding: 16px;\">\n<p>&nbsp;<\/p>\n<div style=\"display: flex; flex-direction: row; align-items: center;\"><\/div>\n<div style=\"padding: 19% 0;\"><\/div>\n<div style=\"display: block; height: 50px; margin: 0 auto 12px; width: 50px;\"><\/div>\n<div style=\"padding-top: 8px;\">\n<div style=\"color: #3897f0; font-family: Arial,sans-serif; font-size: 14px; font-style: normal; font-weight: 550; line-height: 18px;\">Ver esta publicaci\u00f3n en Instagram<\/div>\n<\/div>\n<div style=\"padding: 12.5% 0;\"><\/div>\n<div style=\"display: flex; flex-direction: row; margin-bottom: 14px; align-items: center;\"><\/div>\n<p>&nbsp;<\/p>\n<p style=\"margin: 8px 0 0 0; padding: 0 4px;\"><a href=\"https:\/\/www.instagram.com\/p\/BjM3o_KgXTt\/?utm_source=ig_embed&amp;utm_medium=loading\"style=\"color: #000; font-family: Arial,sans-serif; font-size: 14px; font-style: normal; font-weight: normal; line-height: 17px; text-decoration: none; word-wrap: break-word;\"  target=\"_blank\" rel=\"noopener\" target=\"_blank\">Visitando en su set de rodaje a la que para mi gusto es de las personas m\u00e1s profesionales y fuertes que conozco.. Ahora est\u00e1 grabando #lareinadelsur2 aqu\u00ed y por medio mundo y como si nada.. Como si de un paseo se tratase.. La ostia. #theoneandonlykatedc<\/a><\/p>\n<p style=\"color: #c9c8cd; font-family: Arial,sans-serif; font-size: 14px; line-height: 17px; margin-bottom: 0; margin-top: 8px; overflow: hidden; padding: 8px 0 7px; text-align: center; text-overflow: ellipsis; white-space: nowrap;\">Una publicaci\u00f3n compartida de <a href=\"https:\/\/www.instagram.com\/maxi_iglesias\/?utm_source=ig_embed&amp;utm_medium=loading\"style=\"color: #c9c8cd; font-family: Arial,sans-serif; font-size: 14px; font-style: normal; font-weight: normal; line-height: 17px;\"  target=\"_blank\" rel=\"noopener\" target=\"_blank\"> Maxi Iglesias<\/a> (@maxi_iglesias) el <time style=\"font-family: Arial,sans-serif; font-size: 14px; line-height: 17px;\" datetime=\"2018-05-25T12:52:07+00:00\">25 May, 2018 a las 5:52 PDT<\/time><\/p>\n<\/div>\n<\/blockquote>\n<p><script async defer src=\"\/\/www.instagram.com\/embed.js\"><\/script><\/p>\n<p>Guapo, majo y exitoso, \u00bfqu\u00e9 m\u00e1s se le puede pedir a <strong>Maxi Iglesias<\/strong>? Ah, s\u00ed. Que nos siga regalando instant\u00e1neas como esta en sus redes sociales&#8230;<\/p>\n<p><em>Foto: Getty Images<\/em><\/p>\n","protected":false},"author":11623,"featured_media":0,"template":"","format":"standard","categories":[13],"acf":[],"yoast_head":"<!-- This site is optimized with the Yoast SEO Premium plugin v18.5 (Yoast SEO v20.4) - https:\/\/yoast.com\/wordpress\/plugins\/seo\/ -->\n<title>Este es el desnudo de Maxi Iglesias que ha incendiado las redes sociales | Grazia<\/title>\n<meta name=\"description\" content=\"Sin censura y saludando al mes de octubre.\" \/>\n<meta name=\"robots\" content=\"index, follow, max-snippet:-1, max-image-preview:large, max-video-preview:-1\" \/>\n<link rel=\"canonical\" href=\"https:\/\/graziamagazine.com\/es\/articles\/este-es-el-desnudo-de-maxi-iglesias-que-ha-incendiado-las-redes-sociales\/\" \/>\n<meta property=\"og:locale\" content=\"es_ES\" \/>\n<meta property=\"og:type\" content=\"article\" \/>\n<meta property=\"og:title\" content=\"Este es el desnudo de Maxi Iglesias que ha incendiado las redes sociales\" \/>\n<meta property=\"og:description\" content=\"Sin censura y saludando al mes de octubre.\" \/>\n<meta property=\"og:url\" content=\"https:\/\/graziamagazine.com\/es\/articles\/este-es-el-desnudo-de-maxi-iglesias-que-ha-incendiado-las-redes-sociales\/\" \/>\n<meta property=\"og:site_name\" content=\"Grazia\" \/>\n<meta property=\"article:modified_time\" content=\"2018-10-08T13:27:34+00:00\" \/>\n<meta property=\"og:image\" content=\"https:\/\/graziamagazine.com\/es\/wp-content\/uploads\/sites\/12\/2018\/09\/Maxi-Iglesias.jpg?fit=3215%2C2197\" \/>\n\t<meta property=\"og:image:width\" content=\"3215\" \/>\n\t<meta property=\"og:image:height\" content=\"2197\" \/>\n\t<meta property=\"og:image:type\" content=\"image\/jpeg\" \/>\n<meta name=\"twitter:card\" content=\"summary_large_image\" \/>\n<meta name=\"twitter:image\" content=\"http:\/\/s3-eu-west-1.amazonaws.com\/grazia-cdn\/wp-content\/uploads\/sites\/12\/2018\/09\/Maxi-Iglesias.jpg\" \/>\n<meta name=\"twitter:label1\" content=\"Est. reading time\" \/>\n\t<meta name=\"twitter:data1\" content=\"2 minutos\" \/>\n<script type=\"application\/ld+json\" class=\"yoast-schema-graph\">{\"@context\":\"https:\/\/schema.org\",\"@graph\":[{\"@type\":\"WebPage\",\"@id\":\"https:\/\/graziamagazine.com\/es\/articles\/este-es-el-desnudo-de-maxi-iglesias-que-ha-incendiado-las-redes-sociales\/\",\"url\":\"https:\/\/graziamagazine.com\/es\/articles\/este-es-el-desnudo-de-maxi-iglesias-que-ha-incendiado-las-redes-sociales\/\",\"name\":\"Este es el desnudo de Maxi Iglesias que ha incendiado las redes sociales | Grazia\",\"isPartOf\":{\"@id\":\"https:\/\/graziamagazine.com\/es\/#website\"},\"datePublished\":\"2018-10-08T13:27:33+00:00\",\"dateModified\":\"2018-10-08T13:27:34+00:00\",\"description\":\"Sin censura y saludando al mes de octubre.\",\"breadcrumb\":{\"@id\":\"https:\/\/graziamagazine.com\/es\/articles\/este-es-el-desnudo-de-maxi-iglesias-que-ha-incendiado-las-redes-sociales\/#breadcrumb\"},\"inLanguage\":\"es\",\"potentialAction\":[{\"@type\":\"ReadAction\",\"target\":[\"https:\/\/graziamagazine.com\/es\/articles\/este-es-el-desnudo-de-maxi-iglesias-que-ha-incendiado-las-redes-sociales\/\"]}]},{\"@type\":\"BreadcrumbList\",\"@id\":\"https:\/\/graziamagazine.com\/es\/articles\/este-es-el-desnudo-de-maxi-iglesias-que-ha-incendiado-las-redes-sociales\/#breadcrumb\",\"itemListElement\":[{\"@type\":\"ListItem\",\"position\":1,\"name\":\"Portada\",\"item\":\"https:\/\/graziamagazine.com\/es\/\"},{\"@type\":\"ListItem\",\"position\":2,\"name\":\"Este es el desnudo de Maxi Iglesias que ha incendiado las redes sociales\"}]},{\"@type\":\"WebSite\",\"@id\":\"https:\/\/graziamagazine.com\/es\/#website\",\"url\":\"https:\/\/graziamagazine.com\/es\/\",\"name\":\"Grazia\",\"description\":\"Moda, belleza, celebrities, estilo de vida...\",\"potentialAction\":[{\"@type\":\"SearchAction\",\"target\":{\"@type\":\"EntryPoint\",\"urlTemplate\":\"https:\/\/graziamagazine.com\/es\/?s={search_term_string}\"},\"query-input\":\"required name=search_term_string\"}],\"inLanguage\":\"es\"}]}<\/script>\n<!-- \/ Yoast SEO Premium plugin. -->","yoast_head_json":{"title":"Este es el desnudo de Maxi Iglesias que ha incendiado las redes sociales | Grazia","description":"Sin censura y saludando al mes de octubre.","robots":{"index":"index","follow":"follow","max-snippet":"max-snippet:-1","max-image-preview":"max-image-preview:large","max-video-preview":"max-video-preview:-1"},"canonical":"https:\/\/graziamagazine.com\/es\/articles\/este-es-el-desnudo-de-maxi-iglesias-que-ha-incendiado-las-redes-sociales\/","og_locale":"es_ES","og_type":"article","og_title":"Este es el desnudo de Maxi Iglesias que ha incendiado las redes sociales","og_description":"Sin censura y saludando al mes de octubre.","og_url":"https:\/\/graziamagazine.com\/es\/articles\/este-es-el-desnudo-de-maxi-iglesias-que-ha-incendiado-las-redes-sociales\/","og_site_name":"Grazia","article_modified_time":"2018-10-08T13:27:34+00:00","og_image":[{"width":3215,"height":2197,"url":"https:\/\/graziamagazine.com\/es\/wp-content\/uploads\/sites\/12\/2018\/09\/Maxi-Iglesias.jpg?fit=3215%2C2197","type":"image\/jpeg"}],"twitter_card":"summary_large_image","twitter_image":"http:\/\/s3-eu-west-1.amazonaws.com\/grazia-cdn\/wp-content\/uploads\/sites\/12\/2018\/09\/Maxi-Iglesias.jpg","twitter_misc":{"Est. reading time":"2 minutos"},"schema":{"@context":"https:\/\/schema.org","@graph":[{"@type":"WebPage","@id":"https:\/\/graziamagazine.com\/es\/articles\/este-es-el-desnudo-de-maxi-iglesias-que-ha-incendiado-las-redes-sociales\/","url":"https:\/\/graziamagazine.com\/es\/articles\/este-es-el-desnudo-de-maxi-iglesias-que-ha-incendiado-las-redes-sociales\/","name":"Este es el desnudo de Maxi Iglesias que ha incendiado las redes sociales | Grazia","isPartOf":{"@id":"https:\/\/graziamagazine.com\/es\/#website"},"datePublished":"2018-10-08T13:27:33+00:00","dateModified":"2018-10-08T13:27:34+00:00","description":"Sin censura y saludando al mes de octubre.","breadcrumb":{"@id":"https:\/\/graziamagazine.com\/es\/articles\/este-es-el-desnudo-de-maxi-iglesias-que-ha-incendiado-las-redes-sociales\/#breadcrumb"},"inLanguage":"es","potentialAction":[{"@type":"ReadAction","target":["https:\/\/graziamagazine.com\/es\/articles\/este-es-el-desnudo-de-maxi-iglesias-que-ha-incendiado-las-redes-sociales\/"]}]},{"@type":"BreadcrumbList","@id":"https:\/\/graziamagazine.com\/es\/articles\/este-es-el-desnudo-de-maxi-iglesias-que-ha-incendiado-las-redes-sociales\/#breadcrumb","itemListElement":[{"@type":"ListItem","position":1,"name":"Portada","item":"https:\/\/graziamagazine.com\/es\/"},{"@type":"ListItem","position":2,"name":"Este es el desnudo de Maxi Iglesias que ha incendiado las redes sociales"}]},{"@type":"WebSite","@id":"https:\/\/graziamagazine.com\/es\/#website","url":"https:\/\/graziamagazine.com\/es\/","name":"Grazia","description":"Moda, belleza, celebrities, estilo de vida...","potentialAction":[{"@type":"SearchAction","target":{"@type":"EntryPoint","urlTemplate":"https:\/\/graziamagazine.com\/es\/?s={search_term_string}"},"query-input":"required name=search_term_string"}],"inLanguage":"es"}]}},"jetpack_sharing_enabled":true,"distributor_meta":false,"distributor_terms":false,"distributor_media":false,"distributor_original_site_name":"Grazia","distributor_original_site_url":"https:\/\/graziamagazine.com\/es","push-errors":false,"_links":{"self":[{"href":"https:\/\/graziamagazine.com\/es\/wp-json\/wp\/v2\/articles\/141727"}],"collection":[{"href":"https:\/\/graziamagazine.com\/es\/wp-json\/wp\/v2\/articles"}],"about":[{"href":"https:\/\/graziamagazine.com\/es\/wp-json\/wp\/v2\/types\/articles"}],"author":[{"embeddable":true,"href":"https:\/\/graziamagazine.com\/es\/wp-json\/wp\/v2\/users\/11623"}],"wp:attachment":[{"href":"https:\/\/graziamagazine.com\/es\/wp-json\/wp\/v2\/media?parent=141727"}],"wp:term":[{"taxonomy":"category","embeddable":true,"href":"https:\/\/graziamagazine.com\/es\/wp-json\/wp\/v2\/categories?post=141727"}],"curies":[{"name":"wp","href":"https:\/\/api.w.org\/{rel}","templated":true}]}}