{"id":141524,"date":"2018-10-01T08:30:24","date_gmt":"2018-10-01T06:30:24","guid":{"rendered":"https:\/\/graziamagazine.com\/es\/?p=141524"},"modified":"2018-10-01T08:32:15","modified_gmt":"2018-10-01T06:32:15","slug":"kendall-jenner-bella-hadid-y-su-particular-relacion-con-el-champan","status":"publish","type":"articles","link":"https:\/\/graziamagazine.com\/es\/articles\/kendall-jenner-bella-hadid-y-su-particular-relacion-con-el-champan\/","title":{"rendered":"Kendall Jenner, Bella Hadid y su particular relaci\u00f3n con el champ\u00e1n"},"content":{"rendered":"<p>Tras unas semanas estresantes para las modelos favoritas del momento,\u00a0<b>Kendall Jenner\u00a0<\/b>y\u00a0<b>Bella Hadid<\/b>\u00a0est\u00e1n superando los d\u00edas largos de trabajo en Par\u00eds.\u00a0<i>En route<\/i>\u00a0a la fiesta de\u00a0<b>YouTube<\/b>\u00a0y\u00a0<b>Derek Blasberg<\/b>\u00a0en la embajada de los Estados Unidos en la capital francesa, las estrellas abandonaron el hotel George V con una copa de vino en la mano \u2014solo ellas saben c\u00f3mo se empieza una fiesta\u2014.<\/p>\n<p>Aunque la bebida las hizo resaltar, eran sus\u00a0<i>outfits<\/i>\u00a0en conjunto lo que m\u00e1s nos llam\u00f3 la atenci\u00f3n. Ambas brillaron en una variaci\u00f3n del terracotta \u2014Bella apost\u00f3 por\u00a0<b>Emilio Pucci<\/b>\u00a0mientras que Kendall por uno de sus dise\u00f1adores preferidos,\u00a0<b>Alexandre Vauthier<\/b>\u2014, pues claro,\u00a0<i>they know how to make an entrance<\/i>.<\/p>\n<p><img decoding=\"async\" class=\"alignnone size-large wp-image-57567\" src=\"http:\/\/grazia.mx\/wp-content\/uploads\/sites\/12\/2018\/09\/si-te-preguntabas-como-beber-vino-bella-hadid-y-kendall-jenner-tienen-la-respuesta-1-700x1050.jpg\" sizes=\"(max-width: 700px) 100vw, 700px\" srcset=\"http:\/\/grazia.mx\/wp-content\/uploads\/sites\/12\/2018\/09\/si-te-preguntabas-como-beber-vino-bella-hadid-y-kendall-jenner-tienen-la-respuesta-1-700x1050.jpg 700w, http:\/\/grazia.mx\/wp-content\/uploads\/sites\/12\/2018\/09\/si-te-preguntabas-como-beber-vino-bella-hadid-y-kendall-jenner-tienen-la-respuesta-1-250x375.jpg 250w, http:\/\/grazia.mx\/wp-content\/uploads\/sites\/12\/2018\/09\/si-te-preguntabas-como-beber-vino-bella-hadid-y-kendall-jenner-tienen-la-respuesta-1-768x1152.jpg 768w, http:\/\/grazia.mx\/wp-content\/uploads\/sites\/12\/2018\/09\/si-te-preguntabas-como-beber-vino-bella-hadid-y-kendall-jenner-tienen-la-respuesta-1-120x180.jpg 120w, http:\/\/grazia.mx\/wp-content\/uploads\/sites\/12\/2018\/09\/si-te-preguntabas-como-beber-vino-bella-hadid-y-kendall-jenner-tienen-la-respuesta-1-100x150.jpg 100w\" alt=\"\" \/><\/p>\n<p>Lo interesante de la toma es quiz\u00e1 la alusi\u00f3n que hace a un momento muy Riri. Tal y como lo lees, Jenner y Hadid no est\u00e1n imponiendo una tendencia, m\u00e1s bien emulando a una de las s\u00faper estrellas 360\u00ba. Se trata de\u00a0<b>Rihanna\u00a0<\/b>quien, como not\u00f3\u00a0<a href=\"https:\/\/people.com\/style\/kendall-jenner-bella-hadid-take-wine-to-go-a-party-paris\/\" target=\"_blank\" rel=\"noopener\" target=\"_blank\"><i>People<\/i><\/a>, acostumbra a llevar su vino a donde sea.<\/p>\n<p>Y si recapitulamos\u00a0<i>fashion month<\/i>\u00a0por un momento, el dise\u00f1ador\u00a0<b>Brandon Maxwell\u00a0<\/b>caus\u00f3 sensaci\u00f3n con su bolso de\u00a0<i>champagne<\/i>, estrenado por\u00a0<b>Gigi Hadid<\/b>. Nosotros nos preguntamos, \u00bfes momento de llevar nuestra bebida como accesorio?<\/p>\n<blockquote class=\"instagram-media\" style=\"background: #FFF; border: 0; border-radius: 3px; box-shadow: 0 0 1px 0 rgba(0,0,0,0.5),0 1px 10px 0 rgba(0,0,0,0.15); margin: 1px; max-width: 540px; min-width: 326px; padding: 0; width: calc(100% - 2px);\" data-instgrm-captioned=\"\" data-instgrm-permalink=\"https:\/\/www.instagram.com\/p\/BnoMXT7HQ9S\/?utm_source=ig_embed&amp;utm_medium=loading\" data-instgrm-version=\"12\">\n<div style=\"padding: 16px;\">\n<p>&nbsp;<\/p>\n<div style=\"display: flex; flex-direction: row; align-items: center;\"><\/div>\n<div style=\"padding: 19% 0;\"><\/div>\n<div style=\"display: block; height: 50px; margin: 0 auto 12px; width: 50px;\"><\/div>\n<div style=\"padding-top: 8px;\">\n<div style=\"color: #3897f0; font-family: Arial,sans-serif; font-size: 14px; font-style: normal; font-weight: 550; line-height: 18px;\">Ver esta publicaci\u00f3n en Instagram<\/div>\n<\/div>\n<div style=\"padding: 12.5% 0;\"><\/div>\n<div style=\"display: flex; flex-direction: row; margin-bottom: 14px; align-items: center;\"><\/div>\n<p>&nbsp;<\/p>\n<p style=\"margin: 8px 0 0 0; padding: 0 4px;\"><a href=\"https:\/\/www.instagram.com\/p\/BnoMXT7HQ9S\/?utm_source=ig_embed&amp;utm_medium=loading\"style=\"color: #000; font-family: Arial,sans-serif; font-size: 14px; font-style: normal; font-weight: normal; line-height: 17px; text-decoration: none; word-wrap: break-word;\"  target=\"_blank\" rel=\"noopener\" target=\"_blank\">FROM RUNWAY TO REALITY, everyone needs a champagne evening bag. @gigihadid wears our SS19 marigold cotton poplin jumpsuit to the @bof #bof500 Dinner in NYC, styled by @mimicuttrell. You can shop the look now on @modaoperandi \ud83d\udc9b<\/a><\/p>\n<p style=\"color: #c9c8cd; font-family: Arial,sans-serif; font-size: 14px; line-height: 17px; margin-bottom: 0; margin-top: 8px; overflow: hidden; padding: 8px 0 7px; text-align: center; text-overflow: ellipsis; white-space: nowrap;\">Una publicaci\u00f3n compartida de <a href=\"https:\/\/www.instagram.com\/brandonmaxwell\/?utm_source=ig_embed&amp;utm_medium=loading\"style=\"color: #c9c8cd; font-family: Arial,sans-serif; font-size: 14px; font-style: normal; font-weight: normal; line-height: 17px;\"  target=\"_blank\" rel=\"noopener\" target=\"_blank\"> Brandon Maxwell<\/a> (@brandonmaxwell) el <time style=\"font-family: Arial,sans-serif; font-size: 14px; line-height: 17px;\" datetime=\"2018-09-12T13:38:17+00:00\">12 Sep, 2018 a las 6:38 PDT<\/time><\/p>\n<\/div>\n<\/blockquote>\n<p><script async defer src=\"\/\/www.instagram.com\/embed.js\"><\/script><\/p>\n<p><em>Fotos: Getty Images<\/em><\/p>\n","protected":false},"author":11651,"featured_media":0,"template":"","format":"standard","categories":[13],"acf":[],"yoast_head":"<!-- This site is optimized with the Yoast SEO Premium plugin v18.5 (Yoast SEO v20.4) - https:\/\/yoast.com\/wordpress\/plugins\/seo\/ -->\n<title>Kendall Jenner, Bella Hadid y su particular relaci\u00f3n con el champ\u00e1n | Grazia<\/title>\n<meta name=\"description\" content=\"\u00bfQu\u00e9 te parece?\" \/>\n<meta name=\"robots\" content=\"index, follow, max-snippet:-1, max-image-preview:large, max-video-preview:-1\" \/>\n<link rel=\"canonical\" href=\"https:\/\/graziamagazine.com\/es\/articles\/kendall-jenner-bella-hadid-y-su-particular-relacion-con-el-champan\/\" \/>\n<meta property=\"og:locale\" content=\"es_ES\" \/>\n<meta property=\"og:type\" content=\"article\" \/>\n<meta property=\"og:title\" content=\"Kendall Jenner, Bella Hadid y su particular relaci\u00f3n con el champ\u00e1n\" \/>\n<meta property=\"og:description\" content=\"\u00bfQu\u00e9 te parece?\" \/>\n<meta property=\"og:url\" content=\"https:\/\/graziamagazine.com\/es\/articles\/kendall-jenner-bella-hadid-y-su-particular-relacion-con-el-champan\/\" \/>\n<meta property=\"og:site_name\" content=\"Grazia\" \/>\n<meta property=\"article:modified_time\" content=\"2018-10-01T06:32:15+00:00\" \/>\n<meta property=\"og:image\" content=\"https:\/\/graziamagazine.com\/es\/wp-content\/uploads\/sites\/12\/2018\/09\/bella-hadid-kendall-jenner-gettyimages-1041218392.jpg?fit=1280%2C720\" \/>\n\t<meta property=\"og:image:width\" content=\"1280\" \/>\n\t<meta property=\"og:image:height\" content=\"720\" \/>\n\t<meta property=\"og:image:type\" content=\"image\/jpeg\" \/>\n<meta name=\"twitter:card\" content=\"summary_large_image\" \/>\n<meta name=\"twitter:image\" content=\"http:\/\/s3-eu-west-1.amazonaws.com\/grazia-cdn\/wp-content\/uploads\/sites\/12\/2018\/09\/bella-hadid-kendall-jenner-gettyimages-1041218392.jpg\" \/>\n<meta name=\"twitter:label1\" content=\"Est. reading time\" \/>\n\t<meta name=\"twitter:data1\" content=\"1 minuto\" \/>\n<script type=\"application\/ld+json\" class=\"yoast-schema-graph\">{\"@context\":\"https:\/\/schema.org\",\"@graph\":[{\"@type\":\"WebPage\",\"@id\":\"https:\/\/graziamagazine.com\/es\/articles\/kendall-jenner-bella-hadid-y-su-particular-relacion-con-el-champan\/\",\"url\":\"https:\/\/graziamagazine.com\/es\/articles\/kendall-jenner-bella-hadid-y-su-particular-relacion-con-el-champan\/\",\"name\":\"Kendall Jenner, Bella Hadid y su particular relaci\u00f3n con el champ\u00e1n | Grazia\",\"isPartOf\":{\"@id\":\"https:\/\/graziamagazine.com\/es\/#website\"},\"datePublished\":\"2018-10-01T06:30:24+00:00\",\"dateModified\":\"2018-10-01T06:32:15+00:00\",\"description\":\"\u00bfQu\u00e9 te parece?\",\"breadcrumb\":{\"@id\":\"https:\/\/graziamagazine.com\/es\/articles\/kendall-jenner-bella-hadid-y-su-particular-relacion-con-el-champan\/#breadcrumb\"},\"inLanguage\":\"es\",\"potentialAction\":[{\"@type\":\"ReadAction\",\"target\":[\"https:\/\/graziamagazine.com\/es\/articles\/kendall-jenner-bella-hadid-y-su-particular-relacion-con-el-champan\/\"]}]},{\"@type\":\"BreadcrumbList\",\"@id\":\"https:\/\/graziamagazine.com\/es\/articles\/kendall-jenner-bella-hadid-y-su-particular-relacion-con-el-champan\/#breadcrumb\",\"itemListElement\":[{\"@type\":\"ListItem\",\"position\":1,\"name\":\"Portada\",\"item\":\"https:\/\/graziamagazine.com\/es\/\"},{\"@type\":\"ListItem\",\"position\":2,\"name\":\"Kendall Jenner, Bella Hadid y su particular relaci\u00f3n con el champ\u00e1n\"}]},{\"@type\":\"WebSite\",\"@id\":\"https:\/\/graziamagazine.com\/es\/#website\",\"url\":\"https:\/\/graziamagazine.com\/es\/\",\"name\":\"Grazia\",\"description\":\"Moda, belleza, celebrities, estilo de vida...\",\"potentialAction\":[{\"@type\":\"SearchAction\",\"target\":{\"@type\":\"EntryPoint\",\"urlTemplate\":\"https:\/\/graziamagazine.com\/es\/?s={search_term_string}\"},\"query-input\":\"required name=search_term_string\"}],\"inLanguage\":\"es\"}]}<\/script>\n<!-- \/ Yoast SEO Premium plugin. -->","yoast_head_json":{"title":"Kendall Jenner, Bella Hadid y su particular relaci\u00f3n con el champ\u00e1n | Grazia","description":"\u00bfQu\u00e9 te parece?","robots":{"index":"index","follow":"follow","max-snippet":"max-snippet:-1","max-image-preview":"max-image-preview:large","max-video-preview":"max-video-preview:-1"},"canonical":"https:\/\/graziamagazine.com\/es\/articles\/kendall-jenner-bella-hadid-y-su-particular-relacion-con-el-champan\/","og_locale":"es_ES","og_type":"article","og_title":"Kendall Jenner, Bella Hadid y su particular relaci\u00f3n con el champ\u00e1n","og_description":"\u00bfQu\u00e9 te parece?","og_url":"https:\/\/graziamagazine.com\/es\/articles\/kendall-jenner-bella-hadid-y-su-particular-relacion-con-el-champan\/","og_site_name":"Grazia","article_modified_time":"2018-10-01T06:32:15+00:00","og_image":[{"width":1280,"height":720,"url":"https:\/\/graziamagazine.com\/es\/wp-content\/uploads\/sites\/12\/2018\/09\/bella-hadid-kendall-jenner-gettyimages-1041218392.jpg?fit=1280%2C720","type":"image\/jpeg"}],"twitter_card":"summary_large_image","twitter_image":"http:\/\/s3-eu-west-1.amazonaws.com\/grazia-cdn\/wp-content\/uploads\/sites\/12\/2018\/09\/bella-hadid-kendall-jenner-gettyimages-1041218392.jpg","twitter_misc":{"Est. reading time":"1 minuto"},"schema":{"@context":"https:\/\/schema.org","@graph":[{"@type":"WebPage","@id":"https:\/\/graziamagazine.com\/es\/articles\/kendall-jenner-bella-hadid-y-su-particular-relacion-con-el-champan\/","url":"https:\/\/graziamagazine.com\/es\/articles\/kendall-jenner-bella-hadid-y-su-particular-relacion-con-el-champan\/","name":"Kendall Jenner, Bella Hadid y su particular relaci\u00f3n con el champ\u00e1n | Grazia","isPartOf":{"@id":"https:\/\/graziamagazine.com\/es\/#website"},"datePublished":"2018-10-01T06:30:24+00:00","dateModified":"2018-10-01T06:32:15+00:00","description":"\u00bfQu\u00e9 te parece?","breadcrumb":{"@id":"https:\/\/graziamagazine.com\/es\/articles\/kendall-jenner-bella-hadid-y-su-particular-relacion-con-el-champan\/#breadcrumb"},"inLanguage":"es","potentialAction":[{"@type":"ReadAction","target":["https:\/\/graziamagazine.com\/es\/articles\/kendall-jenner-bella-hadid-y-su-particular-relacion-con-el-champan\/"]}]},{"@type":"BreadcrumbList","@id":"https:\/\/graziamagazine.com\/es\/articles\/kendall-jenner-bella-hadid-y-su-particular-relacion-con-el-champan\/#breadcrumb","itemListElement":[{"@type":"ListItem","position":1,"name":"Portada","item":"https:\/\/graziamagazine.com\/es\/"},{"@type":"ListItem","position":2,"name":"Kendall Jenner, Bella Hadid y su particular relaci\u00f3n con el champ\u00e1n"}]},{"@type":"WebSite","@id":"https:\/\/graziamagazine.com\/es\/#website","url":"https:\/\/graziamagazine.com\/es\/","name":"Grazia","description":"Moda, belleza, celebrities, estilo de vida...","potentialAction":[{"@type":"SearchAction","target":{"@type":"EntryPoint","urlTemplate":"https:\/\/graziamagazine.com\/es\/?s={search_term_string}"},"query-input":"required name=search_term_string"}],"inLanguage":"es"}]}},"jetpack_sharing_enabled":true,"distributor_meta":false,"distributor_terms":false,"distributor_media":false,"distributor_original_site_name":"Grazia","distributor_original_site_url":"https:\/\/graziamagazine.com\/es","push-errors":false,"_links":{"self":[{"href":"https:\/\/graziamagazine.com\/es\/wp-json\/wp\/v2\/articles\/141524"}],"collection":[{"href":"https:\/\/graziamagazine.com\/es\/wp-json\/wp\/v2\/articles"}],"about":[{"href":"https:\/\/graziamagazine.com\/es\/wp-json\/wp\/v2\/types\/articles"}],"author":[{"embeddable":true,"href":"https:\/\/graziamagazine.com\/es\/wp-json\/wp\/v2\/users\/11651"}],"wp:attachment":[{"href":"https:\/\/graziamagazine.com\/es\/wp-json\/wp\/v2\/media?parent=141524"}],"wp:term":[{"taxonomy":"category","embeddable":true,"href":"https:\/\/graziamagazine.com\/es\/wp-json\/wp\/v2\/categories?post=141524"}],"curies":[{"name":"wp","href":"https:\/\/api.w.org\/{rel}","templated":true}]}}