{"id":141506,"date":"2018-09-30T12:44:46","date_gmt":"2018-09-30T10:44:46","guid":{"rendered":"https:\/\/graziamagazine.com\/es\/?p=141506"},"modified":"2018-10-01T08:34:15","modified_gmt":"2018-10-01T06:34:15","slug":"por-cumplir-el-sueno-de-andrea-duro-maxi-iglesias-se-ha-ganado-el-titulo-de-tio-bueno-de-la-semana","status":"publish","type":"articles","link":"https:\/\/graziamagazine.com\/es\/articles\/por-cumplir-el-sueno-de-andrea-duro-maxi-iglesias-se-ha-ganado-el-titulo-de-tio-bueno-de-la-semana\/","title":{"rendered":"Por cumplir el sue\u00f1o de Andrea Duro, Maxi Iglesias se ha ganado el t\u00edtulo de t\u00edo bueno de la semana"},"content":{"rendered":"<p>Despu\u00e9s de siete a\u00f1os alejados del Zurbar\u00e1n,\u00a0Yoli y Cabano (o, lo que es lo mismo, <strong>Andrea Duro<\/strong> y <strong>Maxi Iglesias<\/strong>) han protagonizado un reencuentro que, tras compartirlo en sus respectivas redes sociales, ha revolucionado a las que alg\u00fan d\u00eda fuimos fans de <em>F\u00edsica o Qu\u00edmica<\/em>. Eso s\u00ed, por mucho que la protagonista de <em>La catedral del mar<\/em> lo intenta, parece que <strong>Maxi Iglesias<\/strong> no se deja conquistar.<\/p>\n<blockquote class=\"instagram-media\" style=\"background: #FFF; border: 0; border-radius: 3px; box-shadow: 0 0 1px 0 rgba(0,0,0,0.5),0 1px 10px 0 rgba(0,0,0,0.15); margin: 1px; max-width: 540px; min-width: 326px; padding: 0; width: calc(100% - 2px);\" data-instgrm-captioned=\"\" data-instgrm-permalink=\"https:\/\/www.instagram.com\/p\/BoQ-JpZHIto\/?utm_source=ig_embed&amp;utm_medium=loading\" data-instgrm-version=\"12\">\n<div style=\"padding: 16px;\">\n<p>&nbsp;<\/p>\n<div style=\"display: flex; flex-direction: row; align-items: center;\"><\/div>\n<div style=\"padding: 19% 0;\"><\/div>\n<div style=\"display: block; height: 50px; margin: 0 auto 12px; width: 50px;\"><\/div>\n<div style=\"padding-top: 8px;\">\n<div style=\"color: #3897f0; font-family: Arial,sans-serif; font-size: 14px; font-style: normal; font-weight: 550; line-height: 18px;\">Ver esta publicaci\u00f3n en Instagram<\/div>\n<\/div>\n<div style=\"padding: 12.5% 0;\"><\/div>\n<div style=\"display: flex; flex-direction: row; margin-bottom: 14px; align-items: center;\"><\/div>\n<p>&nbsp;<\/p>\n<p style=\"margin: 8px 0 0 0; padding: 0 4px;\"><a href=\"https:\/\/www.instagram.com\/p\/BoQ-JpZHIto\/?utm_source=ig_embed&amp;utm_medium=loading\"style=\"color: #000; font-family: Arial,sans-serif; font-size: 14px; font-style: normal; font-weight: normal; line-height: 17px; text-decoration: none; word-wrap: break-word;\"  target=\"_blank\" rel=\"noopener\" target=\"_blank\">Llevo 12 a\u00f1os intentando casarme con esta maravilla de hombre&#8230; Oye, qu\u00e9 no hay forma de convencerle, ser\u00e1 que me conoce jaja. @maxi_iglesias Love, love you\ud83e\udde1<\/a><\/p>\n<p style=\"color: #c9c8cd; font-family: Arial,sans-serif; font-size: 14px; line-height: 17px; margin-bottom: 0; margin-top: 8px; overflow: hidden; padding: 8px 0 7px; text-align: center; text-overflow: ellipsis; white-space: nowrap;\">Una publicaci\u00f3n compartida de <a href=\"https:\/\/www.instagram.com\/andreaduro\/?utm_source=ig_embed&amp;utm_medium=loading\"style=\"color: #c9c8cd; font-family: Arial,sans-serif; font-size: 14px; font-style: normal; font-weight: normal; line-height: 17px;\"  target=\"_blank\" rel=\"noopener\" target=\"_blank\"> Andrea Duro<\/a> (@andreaduro) el <time style=\"font-family: Arial,sans-serif; font-size: 14px; line-height: 17px;\" datetime=\"2018-09-28T09:42:56+00:00\">28 Sep, 2018 a las 2:42 PDT<\/time><\/p>\n<\/div>\n<\/blockquote>\n<p><script async defer src=\"\/\/www.instagram.com\/embed.js\"><\/script><\/p>\n<p>Dejando a un lado la trama de ficci\u00f3n, han sido muchos los seguidores de la dupla actoral que han fantaseado con la idea de una posible relaci\u00f3n entre <strong>Andrea Duro<\/strong> y <strong>Maxi Iglesias<\/strong>; sin embargo, nada m\u00e1s lejos de la realidad. Lo suyo es simplemente una buena amistad.<\/p>\n<p><iframe loading=\"lazy\" class=\"giphy-embed\" src=\"https:\/\/giphy.com\/embed\/l1KVbWAw8vAUzslR6\" width=\"480\" height=\"270\" frameborder=\"0\" allowfullscreen=\"allowfullscreen\"><\/iframe><\/p>\n<p><a href=\"https:\/\/giphy.com\/gifs\/netflix-kate-del-castillo-l1KVbWAw8vAUzslR6\" target=\"_blank\">via GIPHY<\/a><\/p>\n<p>Eso s\u00ed, la atracci\u00f3n medi\u00e1tica suscitada por el reencuentro de los actores, nos ha servido de punto de partida para recordar lo guapo que siempre fue (y sigue siendo) nuestro querido C\u00e9sar Cabano.<\/p>\n<p><iframe loading=\"lazy\" class=\"giphy-embed\" src=\"https:\/\/giphy.com\/embed\/3owzW8mxSv2sG8uHkI\" width=\"480\" height=\"270\" frameborder=\"0\" allowfullscreen=\"allowfullscreen\"><\/iframe><\/p>\n<p><a href=\"https:\/\/giphy.com\/gifs\/am85-netflix-mexico-3owzW8mxSv2sG8uHkI\" target=\"_blank\">via GIPHY<\/a><\/p>\n<p>En el terreno laboral, adem\u00e1s de otros proyectos, puedes ver a <strong>Maxi Iglesias<\/strong> a trav\u00e9s de Netflix, donde acaba de estrenar la segunda parte de Ingobernable, serie que protagoniza junto a la actriz mexicana <strong>Kate del Castillo<\/strong> con quien, por cierto, se ha rumoreado en m\u00e1s de una ocasi\u00f3n que tiene algo m\u00e1s que una relaci\u00f3n de compa\u00f1eros de trabajo&#8230;<\/p>\n<blockquote class=\"instagram-media\" style=\"background: #FFF; border: 0; border-radius: 3px; box-shadow: 0 0 1px 0 rgba(0,0,0,0.5),0 1px 10px 0 rgba(0,0,0,0.15); margin: 1px; max-width: 540px; min-width: 326px; padding: 0; width: calc(100% - 2px);\" data-instgrm-captioned=\"\" data-instgrm-permalink=\"https:\/\/www.instagram.com\/p\/Bnrhn8hBs3t\/?utm_source=ig_embed&amp;utm_medium=loading\" data-instgrm-version=\"12\">\n<div style=\"padding: 16px;\">\n<p>&nbsp;<\/p>\n<div style=\"display: flex; flex-direction: row; align-items: center;\"><\/div>\n<div style=\"padding: 19% 0;\"><\/div>\n<div style=\"display: block; height: 50px; margin: 0 auto 12px; width: 50px;\"><\/div>\n<div style=\"padding-top: 8px;\">\n<div style=\"color: #3897f0; font-family: Arial,sans-serif; font-size: 14px; font-style: normal; font-weight: 550; line-height: 18px;\">Ver esta publicaci\u00f3n en Instagram<\/div>\n<\/div>\n<div style=\"padding: 12.5% 0;\"><\/div>\n<div style=\"display: flex; flex-direction: row; margin-bottom: 14px; align-items: center;\"><\/div>\n<p>&nbsp;<\/p>\n<p style=\"margin: 8px 0 0 0; padding: 0 4px;\"><a href=\"https:\/\/www.instagram.com\/p\/Bnrhn8hBs3t\/?utm_source=ig_embed&amp;utm_medium=loading\"style=\"color: #000; font-family: Arial,sans-serif; font-size: 14px; font-style: normal; font-weight: normal; line-height: 17px; text-decoration: none; word-wrap: break-word;\"  target=\"_blank\" rel=\"noopener\" target=\"_blank\">-Estas feliz? -S\u00ed -Y eso? -Porque ma\u00f1ana por fin estrenamos la segunda temporada de Ingobernable.. -Aaaa vale.. \ud83d\udd2b\ud83d\udca3\ud83d\udd2b\ud83d\udca3\ud83d\udd2b\ud83d\udca3\ud83d\udd2b<\/a><\/p>\n<p style=\"color: #c9c8cd; font-family: Arial,sans-serif; font-size: 14px; line-height: 17px; margin-bottom: 0; margin-top: 8px; overflow: hidden; padding: 8px 0 7px; text-align: center; text-overflow: ellipsis; white-space: nowrap;\">Una publicaci\u00f3n compartida de <a href=\"https:\/\/www.instagram.com\/maxi_iglesias\/?utm_source=ig_embed&amp;utm_medium=loading\"style=\"color: #c9c8cd; font-family: Arial,sans-serif; font-size: 14px; font-style: normal; font-weight: normal; line-height: 17px;\"  target=\"_blank\" rel=\"noopener\" target=\"_blank\"> Maxi Iglesias<\/a> (@maxi_iglesias) el <time style=\"font-family: Arial,sans-serif; font-size: 14px; line-height: 17px;\" datetime=\"2018-09-13T20:41:46+00:00\">13 Sep, 2018 a las 1:41 PDT<\/time><\/p>\n<\/div>\n<\/blockquote>\n<p><script async defer src=\"\/\/www.instagram.com\/embed.js\"><\/script><\/p>\n<p>\u00bfQuieres la imagen de la ternura personificada? \u00a1La tenemos! <strong>Maxi Iglesias<\/strong>, sin camiseta, abrazando a un cachorrito. \u00a1Ya, por favor!<\/p>\n<blockquote class=\"instagram-media\" style=\"background: #FFF; border: 0; border-radius: 3px; box-shadow: 0 0 1px 0 rgba(0,0,0,0.5),0 1px 10px 0 rgba(0,0,0,0.15); margin: 1px; max-width: 540px; min-width: 326px; padding: 0; width: calc(100% - 2px);\" data-instgrm-captioned=\"\" data-instgrm-permalink=\"https:\/\/www.instagram.com\/p\/Bk0fvs7gjWP\/?utm_source=ig_embed&amp;utm_medium=loading\" data-instgrm-version=\"12\">\n<div style=\"padding: 16px;\">\n<p>&nbsp;<\/p>\n<div style=\"display: flex; flex-direction: row; align-items: center;\"><\/div>\n<div style=\"padding: 19% 0;\"><\/div>\n<div style=\"display: block; height: 50px; margin: 0 auto 12px; width: 50px;\"><\/div>\n<div style=\"padding-top: 8px;\">\n<div style=\"color: #3897f0; font-family: Arial,sans-serif; font-size: 14px; font-style: normal; font-weight: 550; line-height: 18px;\">Ver esta publicaci\u00f3n en Instagram<\/div>\n<\/div>\n<div style=\"padding: 12.5% 0;\"><\/div>\n<div style=\"display: flex; flex-direction: row; margin-bottom: 14px; align-items: center;\"><\/div>\n<p>&nbsp;<\/p>\n<p style=\"margin: 8px 0 0 0; padding: 0 4px;\"><a href=\"https:\/\/www.instagram.com\/p\/Bk0fvs7gjWP\/?utm_source=ig_embed&amp;utm_medium=loading\"style=\"color: #000; font-family: Arial,sans-serif; font-size: 14px; font-style: normal; font-weight: normal; line-height: 17px; text-decoration: none; word-wrap: break-word;\"  target=\"_blank\" rel=\"noopener\" target=\"_blank\">Desde el d\u00eda que al mundo llegamos Y nos ciega el brillo del sol.. Hay mucho m\u00e1s para ver de lo que se puede ver.. M\u00e1s para hacer de lo que da el vigor (gui\u00f1ando ojos)<\/a><\/p>\n<p style=\"color: #c9c8cd; font-family: Arial,sans-serif; font-size: 14px; line-height: 17px; margin-bottom: 0; margin-top: 8px; overflow: hidden; padding: 8px 0 7px; text-align: center; text-overflow: ellipsis; white-space: nowrap;\">Una publicaci\u00f3n compartida de <a href=\"https:\/\/www.instagram.com\/maxi_iglesias\/?utm_source=ig_embed&amp;utm_medium=loading\"style=\"color: #c9c8cd; font-family: Arial,sans-serif; font-size: 14px; font-style: normal; font-weight: normal; line-height: 17px;\"  target=\"_blank\" rel=\"noopener\" target=\"_blank\"> Maxi Iglesias<\/a> (@maxi_iglesias) el <time style=\"font-family: Arial,sans-serif; font-size: 14px; line-height: 17px;\" datetime=\"2018-07-04T18:44:20+00:00\">4 Jul, 2018 a las 11:44 PDT<\/time><\/p>\n<\/div>\n<\/blockquote>\n<p><script async defer src=\"\/\/www.instagram.com\/embed.js\"><\/script><\/p>\n<p>Si despu\u00e9s de ver esta foto nos vas a decir que <strong>Maxi Iglesias<\/strong> es como el buen vino y que mejora con los a\u00f1os, aqu\u00ed est\u00e1 la prueba de que, al menos desde 2015, el <em>sex appeal<\/em> del protagonista de <em>Los protegidos<\/em> ha ido <em>in crescendo<\/em>.<\/p>\n<blockquote class=\"instagram-media\" style=\"background: #FFF; border: 0; border-radius: 3px; box-shadow: 0 0 1px 0 rgba(0,0,0,0.5),0 1px 10px 0 rgba(0,0,0,0.15); margin: 1px; max-width: 540px; min-width: 326px; padding: 0; width: calc(100% - 2px);\" data-instgrm-captioned=\"\" data-instgrm-permalink=\"https:\/\/www.instagram.com\/p\/Bhw1IaYAn1A\/?utm_source=ig_embed&amp;utm_medium=loading\" data-instgrm-version=\"12\">\n<div style=\"padding: 16px;\">\n<p>&nbsp;<\/p>\n<div style=\"display: flex; flex-direction: row; align-items: center;\"><\/div>\n<div style=\"padding: 19% 0;\"><\/div>\n<div style=\"display: block; height: 50px; margin: 0 auto 12px; width: 50px;\"><\/div>\n<div style=\"padding-top: 8px;\">\n<div style=\"color: #3897f0; font-family: Arial,sans-serif; font-size: 14px; font-style: normal; font-weight: 550; line-height: 18px;\">Ver esta publicaci\u00f3n en Instagram<\/div>\n<\/div>\n<div style=\"padding: 12.5% 0;\"><\/div>\n<div style=\"display: flex; flex-direction: row; margin-bottom: 14px; align-items: center;\"><\/div>\n<p>&nbsp;<\/p>\n<p style=\"margin: 8px 0 0 0; padding: 0 4px;\"><a href=\"https:\/\/www.instagram.com\/p\/Bhw1IaYAn1A\/?utm_source=ig_embed&amp;utm_medium=loading\"style=\"color: #000; font-family: Arial,sans-serif; font-size: 14px; font-style: normal; font-weight: normal; line-height: 17px; text-decoration: none; word-wrap: break-word;\"  target=\"_blank\" rel=\"noopener\" target=\"_blank\">Puede quea veces perderse sea el mejor camino.. #tbt 2015<\/a><\/p>\n<p style=\"color: #c9c8cd; font-family: Arial,sans-serif; font-size: 14px; line-height: 17px; margin-bottom: 0; margin-top: 8px; overflow: hidden; padding: 8px 0 7px; text-align: center; text-overflow: ellipsis; white-space: nowrap;\">Una publicaci\u00f3n compartida de <a href=\"https:\/\/www.instagram.com\/maxi_iglesias\/?utm_source=ig_embed&amp;utm_medium=loading\"style=\"color: #c9c8cd; font-family: Arial,sans-serif; font-size: 14px; font-style: normal; font-weight: normal; line-height: 17px;\"  target=\"_blank\" rel=\"noopener\" target=\"_blank\"> Maxi Iglesias<\/a> (@maxi_iglesias) el <time style=\"font-family: Arial,sans-serif; font-size: 14px; line-height: 17px;\" datetime=\"2018-04-19T19:00:04+00:00\">19 Abr, 2018 a las 12:00 PDT<\/time><\/p>\n<\/div>\n<\/blockquote>\n<p><script async defer src=\"\/\/www.instagram.com\/embed.js\"><\/script><\/p>\n<p>Y por si todas estas razones, f\u00edsicas y profesionales, no fuesen suficiente, adem\u00e1s Maxi Iglesias es un hombre preocupado por el medio ambiente y por cuidar el planeta. \u00bfQu\u00e9 m\u00e1s se le puede pedir?<\/p>\n<blockquote class=\"instagram-media\" style=\"background: #FFF; border: 0; border-radius: 3px; box-shadow: 0 0 1px 0 rgba(0,0,0,0.5),0 1px 10px 0 rgba(0,0,0,0.15); margin: 1px; max-width: 540px; min-width: 326px; padding: 0; width: calc(100% - 2px);\" data-instgrm-captioned=\"\" data-instgrm-permalink=\"https:\/\/www.instagram.com\/p\/BmdFrLpAILp\/?utm_source=ig_embed&amp;utm_medium=loading\" data-instgrm-version=\"12\">\n<div style=\"padding: 16px;\">\n<p>&nbsp;<\/p>\n<div style=\"display: flex; flex-direction: row; align-items: center;\"><\/div>\n<div style=\"padding: 19% 0;\"><\/div>\n<div style=\"display: block; height: 50px; margin: 0 auto 12px; width: 50px;\"><\/div>\n<div style=\"padding-top: 8px;\">\n<div style=\"color: #3897f0; font-family: Arial,sans-serif; font-size: 14px; font-style: normal; font-weight: 550; line-height: 18px;\">Ver esta publicaci\u00f3n en Instagram<\/div>\n<\/div>\n<div style=\"padding: 12.5% 0;\"><\/div>\n<div style=\"display: flex; flex-direction: row; margin-bottom: 14px; align-items: center;\"><\/div>\n<p>&nbsp;<\/p>\n<p style=\"margin: 8px 0 0 0; padding: 0 4px;\"><a href=\"https:\/\/www.instagram.com\/p\/BmdFrLpAILp\/?utm_source=ig_embed&amp;utm_medium=loading\"style=\"color: #000; font-family: Arial,sans-serif; font-size: 14px; font-style: normal; font-weight: normal; line-height: 17px; text-decoration: none; word-wrap: break-word;\"  target=\"_blank\" rel=\"noopener\" target=\"_blank\">Hoy solo quiero decir: \u00a1Salud! por un #Oce\u00e1noInfinito, porque depende de nosotros cuidar de \u00e9l. Ya os lo he dicho, #YoElijoVidrio y soy parte de este cambio junto con @friendsofglass.es @aritz_aranburu @melissajimenezgp y @mariapombo<\/a><\/p>\n<p style=\"color: #c9c8cd; font-family: Arial,sans-serif; font-size: 14px; line-height: 17px; margin-bottom: 0; margin-top: 8px; overflow: hidden; padding: 8px 0 7px; text-align: center; text-overflow: ellipsis; white-space: nowrap;\">Una publicaci\u00f3n compartida de <a href=\"https:\/\/www.instagram.com\/maxi_iglesias\/?utm_source=ig_embed&amp;utm_medium=loading\"style=\"color: #c9c8cd; font-family: Arial,sans-serif; font-size: 14px; font-style: normal; font-weight: normal; line-height: 17px;\"  target=\"_blank\" rel=\"noopener\" target=\"_blank\"> Maxi Iglesias<\/a> (@maxi_iglesias) el <time style=\"font-family: Arial,sans-serif; font-size: 14px; line-height: 17px;\" datetime=\"2018-08-14T09:37:25+00:00\">14 Ago, 2018 a las 2:37 PDT<\/time><\/p>\n<\/div>\n<\/blockquote>\n<p><script async defer src=\"\/\/www.instagram.com\/embed.js\"><\/script><\/p>\n<p><em>Foto: Getty Images<\/em><\/p>\n","protected":false},"author":11623,"featured_media":0,"template":"","format":"standard","categories":[1583],"acf":[],"yoast_head":"<!-- This site is optimized with the Yoast SEO Premium plugin v18.5 (Yoast SEO v20.4) - https:\/\/yoast.com\/wordpress\/plugins\/seo\/ -->\n<title>Por cumplir el sue\u00f1o de Andrea Duro, Maxi Iglesias se ha ganado el t\u00edtulo de t\u00edo bueno de la semana | Grazia<\/title>\n<meta name=\"description\" content=\"Adem\u00e1s de guapo, Maxi Iglesias cada d\u00eda despunta m\u00e1s dentro de su carrera y se ha convertido en una persona tierna e involucrada en causas sociales, \u00bfqu\u00e9 m\u00e1s se puedes pedir?\" \/>\n<meta name=\"robots\" content=\"index, follow, max-snippet:-1, max-image-preview:large, max-video-preview:-1\" \/>\n<link rel=\"canonical\" href=\"https:\/\/graziamagazine.com\/es\/articles\/por-cumplir-el-sueno-de-andrea-duro-maxi-iglesias-se-ha-ganado-el-titulo-de-tio-bueno-de-la-semana\/\" \/>\n<meta property=\"og:locale\" content=\"es_ES\" \/>\n<meta property=\"og:type\" content=\"article\" \/>\n<meta property=\"og:title\" content=\"Por cumplir el sue\u00f1o de Andrea Duro, Maxi Iglesias se ha ganado el t\u00edtulo de t\u00edo bueno de la semana\" \/>\n<meta property=\"og:description\" content=\"Adem\u00e1s de guapo, Maxi Iglesias cada d\u00eda despunta m\u00e1s dentro de su carrera y se ha convertido en una persona tierna e involucrada en causas sociales, \u00bfqu\u00e9 m\u00e1s se puedes pedir?\" \/>\n<meta property=\"og:url\" content=\"https:\/\/graziamagazine.com\/es\/articles\/por-cumplir-el-sueno-de-andrea-duro-maxi-iglesias-se-ha-ganado-el-titulo-de-tio-bueno-de-la-semana\/\" \/>\n<meta property=\"og:site_name\" content=\"Grazia\" \/>\n<meta property=\"article:modified_time\" content=\"2018-10-01T06:34:15+00:00\" \/>\n<meta property=\"og:image\" content=\"https:\/\/graziamagazine.com\/es\/wp-content\/uploads\/sites\/12\/2018\/09\/Maxi-Iglesias.jpg?fit=3215%2C2197\" \/>\n\t<meta property=\"og:image:width\" content=\"3215\" \/>\n\t<meta property=\"og:image:height\" content=\"2197\" \/>\n\t<meta property=\"og:image:type\" content=\"image\/jpeg\" \/>\n<meta name=\"twitter:card\" content=\"summary_large_image\" \/>\n<meta name=\"twitter:image\" content=\"http:\/\/s3-eu-west-1.amazonaws.com\/grazia-cdn\/wp-content\/uploads\/sites\/12\/2018\/09\/Maxi-Iglesias.jpg\" \/>\n<meta name=\"twitter:label1\" content=\"Est. reading time\" \/>\n\t<meta name=\"twitter:data1\" content=\"3 minutos\" \/>\n<script type=\"application\/ld+json\" class=\"yoast-schema-graph\">{\"@context\":\"https:\/\/schema.org\",\"@graph\":[{\"@type\":\"WebPage\",\"@id\":\"https:\/\/graziamagazine.com\/es\/articles\/por-cumplir-el-sueno-de-andrea-duro-maxi-iglesias-se-ha-ganado-el-titulo-de-tio-bueno-de-la-semana\/\",\"url\":\"https:\/\/graziamagazine.com\/es\/articles\/por-cumplir-el-sueno-de-andrea-duro-maxi-iglesias-se-ha-ganado-el-titulo-de-tio-bueno-de-la-semana\/\",\"name\":\"Por cumplir el sue\u00f1o de Andrea Duro, Maxi Iglesias se ha ganado el t\u00edtulo de t\u00edo bueno de la semana | Grazia\",\"isPartOf\":{\"@id\":\"https:\/\/graziamagazine.com\/es\/#website\"},\"datePublished\":\"2018-09-30T10:44:46+00:00\",\"dateModified\":\"2018-10-01T06:34:15+00:00\",\"description\":\"Adem\u00e1s de guapo, Maxi Iglesias cada d\u00eda despunta m\u00e1s dentro de su carrera y se ha convertido en una persona tierna e involucrada en causas sociales, \u00bfqu\u00e9 m\u00e1s se puedes pedir?\",\"breadcrumb\":{\"@id\":\"https:\/\/graziamagazine.com\/es\/articles\/por-cumplir-el-sueno-de-andrea-duro-maxi-iglesias-se-ha-ganado-el-titulo-de-tio-bueno-de-la-semana\/#breadcrumb\"},\"inLanguage\":\"es\",\"potentialAction\":[{\"@type\":\"ReadAction\",\"target\":[\"https:\/\/graziamagazine.com\/es\/articles\/por-cumplir-el-sueno-de-andrea-duro-maxi-iglesias-se-ha-ganado-el-titulo-de-tio-bueno-de-la-semana\/\"]}]},{\"@type\":\"BreadcrumbList\",\"@id\":\"https:\/\/graziamagazine.com\/es\/articles\/por-cumplir-el-sueno-de-andrea-duro-maxi-iglesias-se-ha-ganado-el-titulo-de-tio-bueno-de-la-semana\/#breadcrumb\",\"itemListElement\":[{\"@type\":\"ListItem\",\"position\":1,\"name\":\"Portada\",\"item\":\"https:\/\/graziamagazine.com\/es\/\"},{\"@type\":\"ListItem\",\"position\":2,\"name\":\"Por cumplir el sue\u00f1o de Andrea Duro, Maxi Iglesias se ha ganado el t\u00edtulo de t\u00edo bueno de la semana\"}]},{\"@type\":\"WebSite\",\"@id\":\"https:\/\/graziamagazine.com\/es\/#website\",\"url\":\"https:\/\/graziamagazine.com\/es\/\",\"name\":\"Grazia\",\"description\":\"Moda, belleza, celebrities, estilo de vida...\",\"potentialAction\":[{\"@type\":\"SearchAction\",\"target\":{\"@type\":\"EntryPoint\",\"urlTemplate\":\"https:\/\/graziamagazine.com\/es\/?s={search_term_string}\"},\"query-input\":\"required name=search_term_string\"}],\"inLanguage\":\"es\"}]}<\/script>\n<!-- \/ Yoast SEO Premium plugin. -->","yoast_head_json":{"title":"Por cumplir el sue\u00f1o de Andrea Duro, Maxi Iglesias se ha ganado el t\u00edtulo de t\u00edo bueno de la semana | Grazia","description":"Adem\u00e1s de guapo, Maxi Iglesias cada d\u00eda despunta m\u00e1s dentro de su carrera y se ha convertido en una persona tierna e involucrada en causas sociales, \u00bfqu\u00e9 m\u00e1s se puedes pedir?","robots":{"index":"index","follow":"follow","max-snippet":"max-snippet:-1","max-image-preview":"max-image-preview:large","max-video-preview":"max-video-preview:-1"},"canonical":"https:\/\/graziamagazine.com\/es\/articles\/por-cumplir-el-sueno-de-andrea-duro-maxi-iglesias-se-ha-ganado-el-titulo-de-tio-bueno-de-la-semana\/","og_locale":"es_ES","og_type":"article","og_title":"Por cumplir el sue\u00f1o de Andrea Duro, Maxi Iglesias se ha ganado el t\u00edtulo de t\u00edo bueno de la semana","og_description":"Adem\u00e1s de guapo, Maxi Iglesias cada d\u00eda despunta m\u00e1s dentro de su carrera y se ha convertido en una persona tierna e involucrada en causas sociales, \u00bfqu\u00e9 m\u00e1s se puedes pedir?","og_url":"https:\/\/graziamagazine.com\/es\/articles\/por-cumplir-el-sueno-de-andrea-duro-maxi-iglesias-se-ha-ganado-el-titulo-de-tio-bueno-de-la-semana\/","og_site_name":"Grazia","article_modified_time":"2018-10-01T06:34:15+00:00","og_image":[{"width":3215,"height":2197,"url":"https:\/\/graziamagazine.com\/es\/wp-content\/uploads\/sites\/12\/2018\/09\/Maxi-Iglesias.jpg?fit=3215%2C2197","type":"image\/jpeg"}],"twitter_card":"summary_large_image","twitter_image":"http:\/\/s3-eu-west-1.amazonaws.com\/grazia-cdn\/wp-content\/uploads\/sites\/12\/2018\/09\/Maxi-Iglesias.jpg","twitter_misc":{"Est. reading time":"3 minutos"},"schema":{"@context":"https:\/\/schema.org","@graph":[{"@type":"WebPage","@id":"https:\/\/graziamagazine.com\/es\/articles\/por-cumplir-el-sueno-de-andrea-duro-maxi-iglesias-se-ha-ganado-el-titulo-de-tio-bueno-de-la-semana\/","url":"https:\/\/graziamagazine.com\/es\/articles\/por-cumplir-el-sueno-de-andrea-duro-maxi-iglesias-se-ha-ganado-el-titulo-de-tio-bueno-de-la-semana\/","name":"Por cumplir el sue\u00f1o de Andrea Duro, Maxi Iglesias se ha ganado el t\u00edtulo de t\u00edo bueno de la semana | Grazia","isPartOf":{"@id":"https:\/\/graziamagazine.com\/es\/#website"},"datePublished":"2018-09-30T10:44:46+00:00","dateModified":"2018-10-01T06:34:15+00:00","description":"Adem\u00e1s de guapo, Maxi Iglesias cada d\u00eda despunta m\u00e1s dentro de su carrera y se ha convertido en una persona tierna e involucrada en causas sociales, \u00bfqu\u00e9 m\u00e1s se puedes pedir?","breadcrumb":{"@id":"https:\/\/graziamagazine.com\/es\/articles\/por-cumplir-el-sueno-de-andrea-duro-maxi-iglesias-se-ha-ganado-el-titulo-de-tio-bueno-de-la-semana\/#breadcrumb"},"inLanguage":"es","potentialAction":[{"@type":"ReadAction","target":["https:\/\/graziamagazine.com\/es\/articles\/por-cumplir-el-sueno-de-andrea-duro-maxi-iglesias-se-ha-ganado-el-titulo-de-tio-bueno-de-la-semana\/"]}]},{"@type":"BreadcrumbList","@id":"https:\/\/graziamagazine.com\/es\/articles\/por-cumplir-el-sueno-de-andrea-duro-maxi-iglesias-se-ha-ganado-el-titulo-de-tio-bueno-de-la-semana\/#breadcrumb","itemListElement":[{"@type":"ListItem","position":1,"name":"Portada","item":"https:\/\/graziamagazine.com\/es\/"},{"@type":"ListItem","position":2,"name":"Por cumplir el sue\u00f1o de Andrea Duro, Maxi Iglesias se ha ganado el t\u00edtulo de t\u00edo bueno de la semana"}]},{"@type":"WebSite","@id":"https:\/\/graziamagazine.com\/es\/#website","url":"https:\/\/graziamagazine.com\/es\/","name":"Grazia","description":"Moda, belleza, celebrities, estilo de vida...","potentialAction":[{"@type":"SearchAction","target":{"@type":"EntryPoint","urlTemplate":"https:\/\/graziamagazine.com\/es\/?s={search_term_string}"},"query-input":"required name=search_term_string"}],"inLanguage":"es"}]}},"jetpack_sharing_enabled":true,"distributor_meta":false,"distributor_terms":false,"distributor_media":false,"distributor_original_site_name":"Grazia","distributor_original_site_url":"https:\/\/graziamagazine.com\/es","push-errors":false,"_links":{"self":[{"href":"https:\/\/graziamagazine.com\/es\/wp-json\/wp\/v2\/articles\/141506"}],"collection":[{"href":"https:\/\/graziamagazine.com\/es\/wp-json\/wp\/v2\/articles"}],"about":[{"href":"https:\/\/graziamagazine.com\/es\/wp-json\/wp\/v2\/types\/articles"}],"author":[{"embeddable":true,"href":"https:\/\/graziamagazine.com\/es\/wp-json\/wp\/v2\/users\/11623"}],"wp:attachment":[{"href":"https:\/\/graziamagazine.com\/es\/wp-json\/wp\/v2\/media?parent=141506"}],"wp:term":[{"taxonomy":"category","embeddable":true,"href":"https:\/\/graziamagazine.com\/es\/wp-json\/wp\/v2\/categories?post=141506"}],"curies":[{"name":"wp","href":"https:\/\/api.w.org\/{rel}","templated":true}]}}