{"id":141255,"date":"2018-09-24T08:18:51","date_gmt":"2018-09-24T06:18:51","guid":{"rendered":"https:\/\/graziamagazine.com\/es\/?p=141255"},"modified":"2018-09-24T08:18:53","modified_gmt":"2018-09-24T06:18:53","slug":"emilia-clarke-se-tatua-a-sus-tres-hijos","status":"publish","type":"articles","link":"https:\/\/graziamagazine.com\/es\/articles\/emilia-clarke-se-tatua-a-sus-tres-hijos\/","title":{"rendered":"Emilia Clarke se tat\u00faa a sus tres hijos"},"content":{"rendered":"<p>A poco tiempo del estreno de la \u00faltima temporada de\u00a0<b><i>Juego de tronos<\/i><\/b>,\u00a0<b>Emilia Clarke<\/b>\u00a0se asegura de llevar tatuado, literalmente, el recuerdo. No es ning\u00fan secreto que\u00a0<b>Emilia Clarke<\/b> se ha encari\u00f1ado con su papel\u00a0<b>Daenerys Targaryen<\/b>, tanto as\u00ed que\u00a0<i>the mother of dragons<\/i>\u00a0no quiere olvidar a sus tres hijos.<\/p>\n<p>En una reciente publicaci\u00f3n en Instagram, la actriz presumi\u00f3 su nuevo tatuaje formado por sus tres hijos ficticios; Dothraki, Viserion y Rhaegal. La fotograf\u00eda fue acompa\u00f1ada por la descripci\u00f3n: \u201cMOD 4 Lyfe!!!! Doctor Woo se asegur\u00f3 de que esta mam\u00e1 nunca se olvidara de sus beb\u00e9s\u201d.<\/p>\n<blockquote class=\"instagram-media\" style=\"background: #FFF; border: 0; border-radius: 3px; box-shadow: 0 0 1px 0 rgba(0,0,0,0.5),0 1px 10px 0 rgba(0,0,0,0.15); margin: 1px; max-width: 540px; min-width: 326px; padding: 0; width: calc(100% - 2px);\" data-instgrm-captioned=\"\" data-instgrm-permalink=\"https:\/\/www.instagram.com\/p\/Bn7gJg0l1Jn\/?utm_source=ig_embed&amp;utm_medium=loading\" data-instgrm-version=\"12\">\n<div style=\"padding: 16px;\">\n<p>&nbsp;<\/p>\n<div style=\"display: flex; flex-direction: row; align-items: center;\"><\/div>\n<div style=\"padding: 19% 0;\"><\/div>\n<div style=\"display: block; height: 50px; margin: 0 auto 12px; width: 50px;\"><\/div>\n<div style=\"padding-top: 8px;\">\n<div style=\"color: #3897f0; font-family: Arial,sans-serif; font-size: 14px; font-style: normal; font-weight: 550; line-height: 18px;\">Ver esta publicaci\u00f3n en Instagram<\/div>\n<\/div>\n<div style=\"padding: 12.5% 0;\"><\/div>\n<div style=\"display: flex; flex-direction: row; margin-bottom: 14px; align-items: center;\"><\/div>\n<p>&nbsp;<\/p>\n<p style=\"margin: 8px 0 0 0; padding: 0 4px;\"><a href=\"https:\/\/www.instagram.com\/p\/Bn7gJg0l1Jn\/?utm_source=ig_embed&amp;utm_medium=loading\"style=\"color: #000; font-family: Arial,sans-serif; font-size: 14px; font-style: normal; font-weight: normal; line-height: 17px; text-decoration: none; word-wrap: break-word;\"  target=\"_blank\" rel=\"noopener\" target=\"_blank\">MOD 4 LYFE!!!!\ud83d\udd25@_dr_woo_ made sure this mamma ain\u2019t NEVER forgetting her babies&#8230;. \ud83d\ude0d #dontworryionlybrieflypassedout #withfyreandinkbaby #modgothookedupp #couldntbehappierifitried #\ud83d\ude4c #\ud83d\udd25 #\u2764\ufe0f<\/a><\/p>\n<p style=\"color: #c9c8cd; font-family: Arial,sans-serif; font-size: 14px; line-height: 17px; margin-bottom: 0; margin-top: 8px; overflow: hidden; padding: 8px 0 7px; text-align: center; text-overflow: ellipsis; white-space: nowrap;\">Una publicaci\u00f3n compartida de @<a href=\"https:\/\/www.instagram.com\/emilia_clarke\/?utm_source=ig_embed&amp;utm_medium=loading\"style=\"color: #c9c8cd; font-family: Arial,sans-serif; font-size: 14px; font-style: normal; font-weight: normal; line-height: 17px;\"  target=\"_blank\" rel=\"noopener\" target=\"_blank\"> emilia_clarke<\/a> el <time style=\"font-family: Arial,sans-serif; font-size: 14px; line-height: 17px;\" datetime=\"2018-09-20T01:36:44+00:00\">19 Sep, 2018 a las 6:36 PDT<\/time><\/p>\n<\/div>\n<\/blockquote>\n<p><script async defer src=\"\/\/www.instagram.com\/embed.js\"><\/script><\/p>\n<p>El artista es bien conocido entre las celebridades de Hollywood. No solo <strong>Emilia Clarke<\/strong> ha ca\u00edda rendida ante su detallado y peque\u00f1o arte, sino que tambi\u00e9n <strong>Miley Cyrus<\/strong> y <strong>Drake<\/strong> le han dado el voto de confianza para inyectar tinta a sus cuerpos. En el caso de la actriz, la peque\u00f1a obra resalta hasta el m\u00e1s m\u00ednimo detalle de las m\u00edticas criaturas.<\/p>\n<blockquote class=\"instagram-media\" style=\"background: #FFF; border: 0; border-radius: 3px; box-shadow: 0 0 1px 0 rgba(0,0,0,0.5),0 1px 10px 0 rgba(0,0,0,0.15); margin: 1px; max-width: 540px; min-width: 326px; padding: 0; width: calc(100% - 2px);\" data-instgrm-captioned=\"\" data-instgrm-permalink=\"https:\/\/www.instagram.com\/p\/Bn9cD2dnLcQ\/?utm_source=ig_embed&amp;utm_medium=loading\" data-instgrm-version=\"12\">\n<div style=\"padding: 16px;\">\n<p>&nbsp;<\/p>\n<div style=\"display: flex; flex-direction: row; align-items: center;\"><\/div>\n<div style=\"padding: 19% 0;\"><\/div>\n<div style=\"display: block; height: 50px; margin: 0 auto 12px; width: 50px;\"><\/div>\n<div style=\"padding-top: 8px;\">\n<div style=\"color: #3897f0; font-family: Arial,sans-serif; font-size: 14px; font-style: normal; font-weight: 550; line-height: 18px;\">Ver esta publicaci\u00f3n en Instagram<\/div>\n<\/div>\n<div style=\"padding: 12.5% 0;\"><\/div>\n<div style=\"display: flex; flex-direction: row; margin-bottom: 14px; align-items: center;\"><\/div>\n<p>&nbsp;<\/p>\n<p style=\"margin: 8px 0 0 0; padding: 0 4px;\"><a href=\"https:\/\/www.instagram.com\/p\/Bn9cD2dnLcQ\/?utm_source=ig_embed&amp;utm_medium=loading\"style=\"color: #000; font-family: Arial,sans-serif; font-size: 14px; font-style: normal; font-weight: normal; line-height: 17px; text-decoration: none; word-wrap: break-word;\"  target=\"_blank\" rel=\"noopener\" target=\"_blank\">I mean&#8230; Queen of Meereen, Queen of the Andals and the First Men, Lady Regnant of the Seven Kingdoms, Khaleesi of the Great Grass Sea, Mhysa, Breaker of Chains, the Unburnt, and MOTHER OF DRAGONS thank you @emilia_clarke for the honor of puttin your babies on ya forever \ud83d\ude4f\ud83c\udffc\ud83d\udc9a #hideawayatsuitex #slimneedle<\/a><\/p>\n<p style=\"color: #c9c8cd; font-family: Arial,sans-serif; font-size: 14px; line-height: 17px; margin-bottom: 0; margin-top: 8px; overflow: hidden; padding: 8px 0 7px; text-align: center; text-overflow: ellipsis; white-space: nowrap;\">Una publicaci\u00f3n compartida de <a href=\"https:\/\/www.instagram.com\/_dr_woo_\/?utm_source=ig_embed&amp;utm_medium=loading\"style=\"color: #c9c8cd; font-family: Arial,sans-serif; font-size: 14px; font-style: normal; font-weight: normal; line-height: 17px;\"  target=\"_blank\" rel=\"noopener\" target=\"_blank\"> Doctor Woo<\/a> (@_dr_woo_) el <time style=\"font-family: Arial,sans-serif; font-size: 14px; line-height: 17px;\" datetime=\"2018-09-20T19:39:29+00:00\">20 Sep, 2018 a las 12:39 PDT<\/time><\/p>\n<\/div>\n<\/blockquote>\n<p><script async defer src=\"\/\/www.instagram.com\/embed.js\"><\/script><\/p>\n<p>No podemos negar que el final de una de las series m\u00e1s exitosas de HBO viene como un momento emocionante y triste a la vez. Tanto as\u00ed que no solo<strong> Emilia Clarke<\/strong> se ha tatuado alg\u00fan motivo alusivo al que fuera su oficina durante los \u00faltimos a\u00f1os. <strong>Masie Williams<\/strong> con un dibujo dedicado a su personaje y <strong>Sophie Turner,<\/strong> a la dinast\u00eda Stark, tambi\u00e9n rindieron tributo. Eso s\u00ed, quien se asegur\u00f3 de nunca olvidar como conoci\u00f3 al amor de su vida fue <strong>Kit Harington<\/strong>, tambi\u00e9n conocido como Jon Snow. <a href=\"https:\/\/graziamagazine.com\/es\/celebs\/el-sitio-el-vestido-y-los-invitados-asi-fue-la-boda-de-kit-harington-y-leslie-rose\/\">Hace unos meses, el actor se cas\u00f3 con <strong>Rose Leslie<\/strong><\/a>, su expareja en la trama.<\/p>\n<p><em>*IMAGEN: Getty Images<\/em><\/p>\n","protected":false},"author":11651,"featured_media":0,"template":"","format":"standard","categories":[13],"acf":[],"yoast_head":"<!-- This site is optimized with the Yoast SEO Premium plugin v18.5 (Yoast SEO v20.4) - https:\/\/yoast.com\/wordpress\/plugins\/seo\/ -->\n<title>Emilia Clarke se tat\u00faa a sus tres hijos | Grazia<\/title>\n<meta name=\"description\" content=\"Como lo oyes, la ya m\u00edtica Daenerys Targaryen se ha grabado con tinta a sus tres dragones, \u00bfquieres verlos?\" \/>\n<meta name=\"robots\" content=\"index, follow, max-snippet:-1, max-image-preview:large, max-video-preview:-1\" \/>\n<link rel=\"canonical\" href=\"https:\/\/graziamagazine.com\/es\/articles\/emilia-clarke-se-tatua-a-sus-tres-hijos\/\" \/>\n<meta property=\"og:locale\" content=\"es_ES\" \/>\n<meta property=\"og:type\" content=\"article\" \/>\n<meta property=\"og:title\" content=\"Emilia Clarke se tat\u00faa a sus tres hijos\" \/>\n<meta property=\"og:description\" content=\"Como lo oyes, la ya m\u00edtica Daenerys Targaryen se ha grabado con tinta a sus tres dragones, \u00bfquieres verlos?\" \/>\n<meta property=\"og:url\" content=\"https:\/\/graziamagazine.com\/es\/articles\/emilia-clarke-se-tatua-a-sus-tres-hijos\/\" \/>\n<meta property=\"og:site_name\" content=\"Grazia\" \/>\n<meta property=\"article:modified_time\" content=\"2018-09-24T06:18:53+00:00\" \/>\n<meta property=\"og:image\" content=\"https:\/\/graziamagazine.com\/es\/wp-content\/uploads\/sites\/12\/2018\/09\/GettyImages-507615178.jpg?fit=3000%2C2086\" \/>\n\t<meta property=\"og:image:width\" content=\"3000\" \/>\n\t<meta property=\"og:image:height\" content=\"2086\" \/>\n\t<meta property=\"og:image:type\" content=\"image\/jpeg\" \/>\n<meta name=\"twitter:card\" content=\"summary_large_image\" \/>\n<meta name=\"twitter:image\" content=\"http:\/\/s3-eu-west-1.amazonaws.com\/grazia-cdn\/wp-content\/uploads\/sites\/12\/2018\/09\/GettyImages-507615178.jpg\" \/>\n<meta name=\"twitter:label1\" content=\"Est. reading time\" \/>\n\t<meta name=\"twitter:data1\" content=\"2 minutos\" \/>\n<script type=\"application\/ld+json\" class=\"yoast-schema-graph\">{\"@context\":\"https:\/\/schema.org\",\"@graph\":[{\"@type\":\"WebPage\",\"@id\":\"https:\/\/graziamagazine.com\/es\/articles\/emilia-clarke-se-tatua-a-sus-tres-hijos\/\",\"url\":\"https:\/\/graziamagazine.com\/es\/articles\/emilia-clarke-se-tatua-a-sus-tres-hijos\/\",\"name\":\"Emilia Clarke se tat\u00faa a sus tres hijos | Grazia\",\"isPartOf\":{\"@id\":\"https:\/\/graziamagazine.com\/es\/#website\"},\"datePublished\":\"2018-09-24T06:18:51+00:00\",\"dateModified\":\"2018-09-24T06:18:53+00:00\",\"description\":\"Como lo oyes, la ya m\u00edtica Daenerys Targaryen se ha grabado con tinta a sus tres dragones, \u00bfquieres verlos?\",\"breadcrumb\":{\"@id\":\"https:\/\/graziamagazine.com\/es\/articles\/emilia-clarke-se-tatua-a-sus-tres-hijos\/#breadcrumb\"},\"inLanguage\":\"es\",\"potentialAction\":[{\"@type\":\"ReadAction\",\"target\":[\"https:\/\/graziamagazine.com\/es\/articles\/emilia-clarke-se-tatua-a-sus-tres-hijos\/\"]}]},{\"@type\":\"BreadcrumbList\",\"@id\":\"https:\/\/graziamagazine.com\/es\/articles\/emilia-clarke-se-tatua-a-sus-tres-hijos\/#breadcrumb\",\"itemListElement\":[{\"@type\":\"ListItem\",\"position\":1,\"name\":\"Portada\",\"item\":\"https:\/\/graziamagazine.com\/es\/\"},{\"@type\":\"ListItem\",\"position\":2,\"name\":\"Emilia Clarke se tat\u00faa a sus tres hijos\"}]},{\"@type\":\"WebSite\",\"@id\":\"https:\/\/graziamagazine.com\/es\/#website\",\"url\":\"https:\/\/graziamagazine.com\/es\/\",\"name\":\"Grazia\",\"description\":\"Moda, belleza, celebrities, estilo de vida...\",\"potentialAction\":[{\"@type\":\"SearchAction\",\"target\":{\"@type\":\"EntryPoint\",\"urlTemplate\":\"https:\/\/graziamagazine.com\/es\/?s={search_term_string}\"},\"query-input\":\"required name=search_term_string\"}],\"inLanguage\":\"es\"}]}<\/script>\n<!-- \/ Yoast SEO Premium plugin. -->","yoast_head_json":{"title":"Emilia Clarke se tat\u00faa a sus tres hijos | Grazia","description":"Como lo oyes, la ya m\u00edtica Daenerys Targaryen se ha grabado con tinta a sus tres dragones, \u00bfquieres verlos?","robots":{"index":"index","follow":"follow","max-snippet":"max-snippet:-1","max-image-preview":"max-image-preview:large","max-video-preview":"max-video-preview:-1"},"canonical":"https:\/\/graziamagazine.com\/es\/articles\/emilia-clarke-se-tatua-a-sus-tres-hijos\/","og_locale":"es_ES","og_type":"article","og_title":"Emilia Clarke se tat\u00faa a sus tres hijos","og_description":"Como lo oyes, la ya m\u00edtica Daenerys Targaryen se ha grabado con tinta a sus tres dragones, \u00bfquieres verlos?","og_url":"https:\/\/graziamagazine.com\/es\/articles\/emilia-clarke-se-tatua-a-sus-tres-hijos\/","og_site_name":"Grazia","article_modified_time":"2018-09-24T06:18:53+00:00","og_image":[{"width":3000,"height":2086,"url":"https:\/\/graziamagazine.com\/es\/wp-content\/uploads\/sites\/12\/2018\/09\/GettyImages-507615178.jpg?fit=3000%2C2086","type":"image\/jpeg"}],"twitter_card":"summary_large_image","twitter_image":"http:\/\/s3-eu-west-1.amazonaws.com\/grazia-cdn\/wp-content\/uploads\/sites\/12\/2018\/09\/GettyImages-507615178.jpg","twitter_misc":{"Est. reading time":"2 minutos"},"schema":{"@context":"https:\/\/schema.org","@graph":[{"@type":"WebPage","@id":"https:\/\/graziamagazine.com\/es\/articles\/emilia-clarke-se-tatua-a-sus-tres-hijos\/","url":"https:\/\/graziamagazine.com\/es\/articles\/emilia-clarke-se-tatua-a-sus-tres-hijos\/","name":"Emilia Clarke se tat\u00faa a sus tres hijos | Grazia","isPartOf":{"@id":"https:\/\/graziamagazine.com\/es\/#website"},"datePublished":"2018-09-24T06:18:51+00:00","dateModified":"2018-09-24T06:18:53+00:00","description":"Como lo oyes, la ya m\u00edtica Daenerys Targaryen se ha grabado con tinta a sus tres dragones, \u00bfquieres verlos?","breadcrumb":{"@id":"https:\/\/graziamagazine.com\/es\/articles\/emilia-clarke-se-tatua-a-sus-tres-hijos\/#breadcrumb"},"inLanguage":"es","potentialAction":[{"@type":"ReadAction","target":["https:\/\/graziamagazine.com\/es\/articles\/emilia-clarke-se-tatua-a-sus-tres-hijos\/"]}]},{"@type":"BreadcrumbList","@id":"https:\/\/graziamagazine.com\/es\/articles\/emilia-clarke-se-tatua-a-sus-tres-hijos\/#breadcrumb","itemListElement":[{"@type":"ListItem","position":1,"name":"Portada","item":"https:\/\/graziamagazine.com\/es\/"},{"@type":"ListItem","position":2,"name":"Emilia Clarke se tat\u00faa a sus tres hijos"}]},{"@type":"WebSite","@id":"https:\/\/graziamagazine.com\/es\/#website","url":"https:\/\/graziamagazine.com\/es\/","name":"Grazia","description":"Moda, belleza, celebrities, estilo de vida...","potentialAction":[{"@type":"SearchAction","target":{"@type":"EntryPoint","urlTemplate":"https:\/\/graziamagazine.com\/es\/?s={search_term_string}"},"query-input":"required name=search_term_string"}],"inLanguage":"es"}]}},"jetpack_sharing_enabled":true,"distributor_meta":false,"distributor_terms":false,"distributor_media":false,"distributor_original_site_name":"Grazia","distributor_original_site_url":"https:\/\/graziamagazine.com\/es","push-errors":false,"_links":{"self":[{"href":"https:\/\/graziamagazine.com\/es\/wp-json\/wp\/v2\/articles\/141255"}],"collection":[{"href":"https:\/\/graziamagazine.com\/es\/wp-json\/wp\/v2\/articles"}],"about":[{"href":"https:\/\/graziamagazine.com\/es\/wp-json\/wp\/v2\/types\/articles"}],"author":[{"embeddable":true,"href":"https:\/\/graziamagazine.com\/es\/wp-json\/wp\/v2\/users\/11651"}],"wp:attachment":[{"href":"https:\/\/graziamagazine.com\/es\/wp-json\/wp\/v2\/media?parent=141255"}],"wp:term":[{"taxonomy":"category","embeddable":true,"href":"https:\/\/graziamagazine.com\/es\/wp-json\/wp\/v2\/categories?post=141255"}],"curies":[{"name":"wp","href":"https:\/\/api.w.org\/{rel}","templated":true}]}}