{"id":141210,"date":"2018-09-21T09:15:45","date_gmt":"2018-09-21T07:15:45","guid":{"rendered":"https:\/\/graziamagazine.com\/es\/?p=141210"},"modified":"2018-09-21T09:15:48","modified_gmt":"2018-09-21T07:15:48","slug":"ha-llegado-el-bolso-perfecto-para-los-amantes-de-la-pasteleria","status":"publish","type":"articles","link":"https:\/\/graziamagazine.com\/es\/articles\/ha-llegado-el-bolso-perfecto-para-los-amantes-de-la-pasteleria\/","title":{"rendered":"Ha llegado el bolso perfecto para los amantes de la pasteler\u00eda"},"content":{"rendered":"<p>El concepto italiano pasticcino hace referencia directa a la pasteler\u00eda, a ese sentimiento que deriva de la emoci\u00f3n de probar un sabor \u00fanico y especial. Precisamente emulando a esta inolvidable experiencia,\u00a0<strong>Weekend Max Mara<\/strong> dese\u00f3 un <em>clutch<\/em> diferente y con un toque <em>vintage<\/em> e inspirado a esos cl\u00e1sicos que no pasan de moda, sino todo lo contrario, evolucionan hasta convertirse en una pieza de colecci\u00f3n como justamente lo son cada uno de los bolsos que pertenecen a\u00a0<em>The Pasticcino Bag<\/em>.<\/p>\n<p><img decoding=\"async\" class=\"alignnone size-full wp-image-57294\" src=\"http:\/\/grazia.mx\/wp-content\/uploads\/sites\/12\/2018\/09\/Acr351025562161921415115.jpeg\" sizes=\"(max-width: 1763px) 100vw, 1763px\" srcset=\"http:\/\/grazia.mx\/wp-content\/uploads\/sites\/12\/2018\/09\/Acr351025562161921415115.jpeg 1763w, http:\/\/grazia.mx\/wp-content\/uploads\/sites\/12\/2018\/09\/Acr351025562161921415115-250x126.jpeg 250w, http:\/\/grazia.mx\/wp-content\/uploads\/sites\/12\/2018\/09\/Acr351025562161921415115-768x386.jpeg 768w, http:\/\/grazia.mx\/wp-content\/uploads\/sites\/12\/2018\/09\/Acr351025562161921415115-700x352.jpeg 700w, http:\/\/grazia.mx\/wp-content\/uploads\/sites\/12\/2018\/09\/Acr351025562161921415115-120x60.jpeg 120w\" alt=\"\" \/><\/p>\n<p>&nbsp;<\/p>\n<p>&nbsp;<\/p>\n<p>Cada una cuenta con un cierre de presi\u00f3n met\u00e1lico a manera de clip que finaliza en dos esferas con el grabado de la firma italiana y el dibujo de una mariposa, s\u00edmbolo de la colecci\u00f3n. El dise\u00f1o irregular de este <em>clutch<\/em> teperete usarlo en todo momento: perfecto para una reuni\u00f3n casual despu\u00e9s del trabajo, para salir con tu <em>date<\/em> durante el fin de semana, para darle u twist divertido y sofisticado a tu <em>outfit<\/em> o simplemente cuando se te antoje por ser una pieza totalmente vers\u00e1til.<\/p>\n<p>&nbsp;<\/p>\n<p>&nbsp;<\/p>\n<p><img decoding=\"async\" class=\"alignnone size-full wp-image-57293\" src=\"http:\/\/grazia.mx\/wp-content\/uploads\/sites\/12\/2018\/09\/Acr3510255621619211019.jpeg\" sizes=\"(max-width: 3999px) 100vw, 3999px\" srcset=\"http:\/\/grazia.mx\/wp-content\/uploads\/sites\/12\/2018\/09\/Acr3510255621619211019.jpeg 3999w, http:\/\/grazia.mx\/wp-content\/uploads\/sites\/12\/2018\/09\/Acr3510255621619211019-250x112.jpeg 250w, http:\/\/grazia.mx\/wp-content\/uploads\/sites\/12\/2018\/09\/Acr3510255621619211019-768x345.jpeg 768w, http:\/\/grazia.mx\/wp-content\/uploads\/sites\/12\/2018\/09\/Acr3510255621619211019-700x315.jpeg 700w, http:\/\/grazia.mx\/wp-content\/uploads\/sites\/12\/2018\/09\/Acr3510255621619211019-120x54.jpeg 120w\" alt=\"\" \/><\/p>\n<p>Adem\u00e1s de todo te divertir\u00e1s eligiendo el modelo que vaya m\u00e1s con tu personalidad, ya que puedes conseguirlo en diferentes tama\u00f1os: la versi\u00f3n regular es sin duda la m\u00e1s tradicional debido a que su tama\u00f1o es perfecto, pero tambi\u00e9n existe la versi\u00f3n\u00a0<em>oversized<\/em>\u00a0\u00a0y las mini, que por cierto se transforman en\u00a0<em>shoulder bags<\/em>\u00a0con una delicada correa que viene como complemento en todos los tama\u00f1os en existencia.<\/p>\n<p><em>Fotos: Cortes\u00eda<\/em><\/p>\n","protected":false},"author":24470,"featured_media":0,"template":"","format":"standard","categories":[1],"acf":[],"yoast_head":"<!-- This site is optimized with the Yoast SEO Premium plugin v18.5 (Yoast SEO v20.4) - https:\/\/yoast.com\/wordpress\/plugins\/seo\/ -->\n<title>Ha llegado el bolso perfecto para los amantes de la pasteler\u00eda | Grazia<\/title>\n<meta name=\"description\" content=\"Weekend Max Mara ha sabido aprovechar nuestros instintos m\u00e1s b\u00e1sicos.\" \/>\n<meta name=\"robots\" content=\"index, follow, max-snippet:-1, max-image-preview:large, max-video-preview:-1\" \/>\n<link rel=\"canonical\" href=\"https:\/\/graziamagazine.com\/es\/articles\/ha-llegado-el-bolso-perfecto-para-los-amantes-de-la-pasteleria\/\" \/>\n<meta property=\"og:locale\" content=\"es_ES\" \/>\n<meta property=\"og:type\" content=\"article\" \/>\n<meta property=\"og:title\" content=\"Ha llegado el bolso perfecto para los amantes de la pasteler\u00eda\" \/>\n<meta property=\"og:description\" content=\"Weekend Max Mara ha sabido aprovechar nuestros instintos m\u00e1s b\u00e1sicos.\" \/>\n<meta property=\"og:url\" content=\"https:\/\/graziamagazine.com\/es\/articles\/ha-llegado-el-bolso-perfecto-para-los-amantes-de-la-pasteleria\/\" \/>\n<meta property=\"og:site_name\" content=\"Grazia\" \/>\n<meta property=\"article:modified_time\" content=\"2018-09-21T07:15:48+00:00\" \/>\n<meta property=\"og:image\" content=\"https:\/\/graziamagazine.com\/es\/wp-content\/uploads\/sites\/12\/2018\/09\/Acr351025562161921544511.jpeg?resize=1024,490\" \/>\n\t<meta property=\"og:image:width\" content=\"1024\" \/>\n\t<meta property=\"og:image:height\" content=\"490\" \/>\n\t<meta property=\"og:image:type\" content=\"image\/jpeg\" \/>\n<meta name=\"twitter:card\" content=\"summary_large_image\" \/>\n<meta name=\"twitter:image\" content=\"http:\/\/s3-eu-west-1.amazonaws.com\/grazia-cdn\/wp-content\/uploads\/sites\/12\/2018\/09\/Acr351025562161921544511.jpeg\" \/>\n<meta name=\"twitter:label1\" content=\"Est. reading time\" \/>\n\t<meta name=\"twitter:data1\" content=\"1 minuto\" \/>\n<script type=\"application\/ld+json\" class=\"yoast-schema-graph\">{\"@context\":\"https:\/\/schema.org\",\"@graph\":[{\"@type\":\"WebPage\",\"@id\":\"https:\/\/graziamagazine.com\/es\/articles\/ha-llegado-el-bolso-perfecto-para-los-amantes-de-la-pasteleria\/\",\"url\":\"https:\/\/graziamagazine.com\/es\/articles\/ha-llegado-el-bolso-perfecto-para-los-amantes-de-la-pasteleria\/\",\"name\":\"Ha llegado el bolso perfecto para los amantes de la pasteler\u00eda | Grazia\",\"isPartOf\":{\"@id\":\"https:\/\/graziamagazine.com\/es\/#website\"},\"datePublished\":\"2018-09-21T07:15:45+00:00\",\"dateModified\":\"2018-09-21T07:15:48+00:00\",\"description\":\"Weekend Max Mara ha sabido aprovechar nuestros instintos m\u00e1s b\u00e1sicos.\",\"breadcrumb\":{\"@id\":\"https:\/\/graziamagazine.com\/es\/articles\/ha-llegado-el-bolso-perfecto-para-los-amantes-de-la-pasteleria\/#breadcrumb\"},\"inLanguage\":\"es\",\"potentialAction\":[{\"@type\":\"ReadAction\",\"target\":[\"https:\/\/graziamagazine.com\/es\/articles\/ha-llegado-el-bolso-perfecto-para-los-amantes-de-la-pasteleria\/\"]}]},{\"@type\":\"BreadcrumbList\",\"@id\":\"https:\/\/graziamagazine.com\/es\/articles\/ha-llegado-el-bolso-perfecto-para-los-amantes-de-la-pasteleria\/#breadcrumb\",\"itemListElement\":[{\"@type\":\"ListItem\",\"position\":1,\"name\":\"Portada\",\"item\":\"https:\/\/graziamagazine.com\/es\/\"},{\"@type\":\"ListItem\",\"position\":2,\"name\":\"Ha llegado el bolso perfecto para los amantes de la pasteler\u00eda\"}]},{\"@type\":\"WebSite\",\"@id\":\"https:\/\/graziamagazine.com\/es\/#website\",\"url\":\"https:\/\/graziamagazine.com\/es\/\",\"name\":\"Grazia\",\"description\":\"Moda, belleza, celebrities, estilo de vida...\",\"potentialAction\":[{\"@type\":\"SearchAction\",\"target\":{\"@type\":\"EntryPoint\",\"urlTemplate\":\"https:\/\/graziamagazine.com\/es\/?s={search_term_string}\"},\"query-input\":\"required name=search_term_string\"}],\"inLanguage\":\"es\"}]}<\/script>\n<!-- \/ Yoast SEO Premium plugin. -->","yoast_head_json":{"title":"Ha llegado el bolso perfecto para los amantes de la pasteler\u00eda | Grazia","description":"Weekend Max Mara ha sabido aprovechar nuestros instintos m\u00e1s b\u00e1sicos.","robots":{"index":"index","follow":"follow","max-snippet":"max-snippet:-1","max-image-preview":"max-image-preview:large","max-video-preview":"max-video-preview:-1"},"canonical":"https:\/\/graziamagazine.com\/es\/articles\/ha-llegado-el-bolso-perfecto-para-los-amantes-de-la-pasteleria\/","og_locale":"es_ES","og_type":"article","og_title":"Ha llegado el bolso perfecto para los amantes de la pasteler\u00eda","og_description":"Weekend Max Mara ha sabido aprovechar nuestros instintos m\u00e1s b\u00e1sicos.","og_url":"https:\/\/graziamagazine.com\/es\/articles\/ha-llegado-el-bolso-perfecto-para-los-amantes-de-la-pasteleria\/","og_site_name":"Grazia","article_modified_time":"2018-09-21T07:15:48+00:00","og_image":[{"width":1024,"height":490,"url":"https:\/\/graziamagazine.com\/es\/wp-content\/uploads\/sites\/12\/2018\/09\/Acr351025562161921544511.jpeg?resize=1024,490","type":"image\/jpeg"}],"twitter_card":"summary_large_image","twitter_image":"http:\/\/s3-eu-west-1.amazonaws.com\/grazia-cdn\/wp-content\/uploads\/sites\/12\/2018\/09\/Acr351025562161921544511.jpeg","twitter_misc":{"Est. reading time":"1 minuto"},"schema":{"@context":"https:\/\/schema.org","@graph":[{"@type":"WebPage","@id":"https:\/\/graziamagazine.com\/es\/articles\/ha-llegado-el-bolso-perfecto-para-los-amantes-de-la-pasteleria\/","url":"https:\/\/graziamagazine.com\/es\/articles\/ha-llegado-el-bolso-perfecto-para-los-amantes-de-la-pasteleria\/","name":"Ha llegado el bolso perfecto para los amantes de la pasteler\u00eda | Grazia","isPartOf":{"@id":"https:\/\/graziamagazine.com\/es\/#website"},"datePublished":"2018-09-21T07:15:45+00:00","dateModified":"2018-09-21T07:15:48+00:00","description":"Weekend Max Mara ha sabido aprovechar nuestros instintos m\u00e1s b\u00e1sicos.","breadcrumb":{"@id":"https:\/\/graziamagazine.com\/es\/articles\/ha-llegado-el-bolso-perfecto-para-los-amantes-de-la-pasteleria\/#breadcrumb"},"inLanguage":"es","potentialAction":[{"@type":"ReadAction","target":["https:\/\/graziamagazine.com\/es\/articles\/ha-llegado-el-bolso-perfecto-para-los-amantes-de-la-pasteleria\/"]}]},{"@type":"BreadcrumbList","@id":"https:\/\/graziamagazine.com\/es\/articles\/ha-llegado-el-bolso-perfecto-para-los-amantes-de-la-pasteleria\/#breadcrumb","itemListElement":[{"@type":"ListItem","position":1,"name":"Portada","item":"https:\/\/graziamagazine.com\/es\/"},{"@type":"ListItem","position":2,"name":"Ha llegado el bolso perfecto para los amantes de la pasteler\u00eda"}]},{"@type":"WebSite","@id":"https:\/\/graziamagazine.com\/es\/#website","url":"https:\/\/graziamagazine.com\/es\/","name":"Grazia","description":"Moda, belleza, celebrities, estilo de vida...","potentialAction":[{"@type":"SearchAction","target":{"@type":"EntryPoint","urlTemplate":"https:\/\/graziamagazine.com\/es\/?s={search_term_string}"},"query-input":"required name=search_term_string"}],"inLanguage":"es"}]}},"jetpack_sharing_enabled":true,"distributor_meta":false,"distributor_terms":false,"distributor_media":false,"distributor_original_site_name":"Grazia","distributor_original_site_url":"https:\/\/graziamagazine.com\/es","push-errors":false,"_links":{"self":[{"href":"https:\/\/graziamagazine.com\/es\/wp-json\/wp\/v2\/articles\/141210"}],"collection":[{"href":"https:\/\/graziamagazine.com\/es\/wp-json\/wp\/v2\/articles"}],"about":[{"href":"https:\/\/graziamagazine.com\/es\/wp-json\/wp\/v2\/types\/articles"}],"author":[{"embeddable":true,"href":"https:\/\/graziamagazine.com\/es\/wp-json\/wp\/v2\/users\/24470"}],"wp:attachment":[{"href":"https:\/\/graziamagazine.com\/es\/wp-json\/wp\/v2\/media?parent=141210"}],"wp:term":[{"taxonomy":"category","embeddable":true,"href":"https:\/\/graziamagazine.com\/es\/wp-json\/wp\/v2\/categories?post=141210"}],"curies":[{"name":"wp","href":"https:\/\/api.w.org\/{rel}","templated":true}]}}