{"id":141118,"date":"2018-09-19T09:46:30","date_gmt":"2018-09-19T07:46:30","guid":{"rendered":"https:\/\/graziamagazine.com\/es\/?p=141118"},"modified":"2018-09-18T21:59:30","modified_gmt":"2018-09-18T19:59:30","slug":"jonathan-van-ness-se-proclama-el-rey-de-la-alfombra-roja-de-los-emmy-awards","status":"publish","type":"articles","link":"https:\/\/graziamagazine.com\/es\/articles\/jonathan-van-ness-se-proclama-el-rey-de-la-alfombra-roja-de-los-emmy-awards\/","title":{"rendered":"Jonathan Van Ness se proclama el rey de la Alfombra Roja de los Emmy Awards"},"content":{"rendered":"<p>Dejemos una cosa clara; si hay alguien que combine la personalidad con el estilo y la belleza, es elenco completo de\u00a0<b><i>Queer Eye<\/i><\/b><i>\u00a0\u2014s<\/i>i no nos crees, puedes conectarte ahora mismo a Netflix\u2014. Con ellos, la alfombra roja de los Emmy Awards 2018 simplemente brill\u00f3.<\/p>\n<p>Siendo los\u00a0<i>fab 5<\/i>, sus\u00a0<i>looks<\/i>\u00a0ten\u00edan que ser altamente fabulosos. Y as\u00ed lo fueron;\u00a0<b>Antoni Porowski,<\/b>\u00a0en un traje estilo bolero,\u00a0<b>Karamo<\/b>\u00a0en un\u00a0<i>set<\/i>\u00a0cl\u00e1sico,\u00a0<b>Tan France<\/b>\u00a0opt\u00f3 por un traje en\u00a0<i>tweed<\/i>\u00a0y\u00a0<b>Bobby Berk<\/b>\u00a0por algo m\u00e1s \u201csafe\u201d. Pero si hay un premio al m\u00e1s extrovertido es sin duda a\u00a0<b>Jonathan Van Ness<\/b>. El experto en belleza se apoder\u00f3 de la alfombra roja en un\u00a0<i>power suit<\/i>\u00a0de\u00a0<b>Stella McCartney<\/b>\u00a0\u2014con pantalones ultra acampanados\u2014 a juego con una blusa de organza\u00a0<b>Prada<\/b>\u00a0y bolso de\u00a0<b>The Row<\/b>.<\/p>\n<blockquote class=\"instagram-media\" style=\"background: #FFF; border: 0; border-radius: 3px; box-shadow: 0 0 1px 0 rgba(0,0,0,0.5),0 1px 10px 0 rgba(0,0,0,0.15); margin: 1px; max-width: 540px; min-width: 326px; padding: 0; width: calc(100% - 2px);\" data-instgrm-captioned=\"\" data-instgrm-permalink=\"https:\/\/www.instagram.com\/p\/Bn2Sio7hmrB\/?utm_source=ig_embed_loading\" data-instgrm-version=\"12\">\n<div style=\"padding: 16px;\">\n<p>&nbsp;<\/p>\n<div style=\"display: flex; flex-direction: row; align-items: center;\"><\/div>\n<div style=\"padding: 19% 0;\"><\/div>\n<div style=\"display: block; height: 50px; margin: 0 auto 12px; width: 50px;\"><\/div>\n<div style=\"padding-top: 8px;\">\n<div style=\"color: #3897f0; font-family: Arial,sans-serif; font-size: 14px; font-style: normal; font-weight: 550; line-height: 18px;\">Ver esta publicaci\u00f3n en Instagram<\/div>\n<\/div>\n<div style=\"padding: 12.5% 0;\"><\/div>\n<div style=\"display: flex; flex-direction: row; margin-bottom: 14px; align-items: center;\"><\/div>\n<p>&nbsp;<\/p>\n<p style=\"margin: 8px 0 0 0; padding: 0 4px;\"><a href=\"https:\/\/www.instagram.com\/p\/Bn2Sio7hmrB\/?utm_source=ig_embed_loading\"style=\"color: #000; font-family: Arial,sans-serif; font-size: 14px; font-style: normal; font-weight: normal; line-height: 17px; text-decoration: none; word-wrap: break-word;\"  target=\"_blank\" rel=\"noopener\" target=\"_blank\">She came to slay henny styled by @alibstyle hair by @mojohair face slayed @pattymacaker<\/a><\/p>\n<p style=\"color: #c9c8cd; font-family: Arial,sans-serif; font-size: 14px; line-height: 17px; margin-bottom: 0; margin-top: 8px; overflow: hidden; padding: 8px 0 7px; text-align: center; text-overflow: ellipsis; white-space: nowrap;\">Una publicaci\u00f3n compartida de <a href=\"https:\/\/www.instagram.com\/jvn\/?utm_source=ig_embed_loading\"style=\"color: #c9c8cd; font-family: Arial,sans-serif; font-size: 14px; font-style: normal; font-weight: normal; line-height: 17px;\"  target=\"_blank\" rel=\"noopener\" target=\"_blank\"> Jonathan Van Ness<\/a> (@jvn) el <time style=\"font-family: Arial,sans-serif; font-size: 14px; line-height: 17px;\" datetime=\"2018-09-18T01:01:37+00:00\">17 Sep, 2018 a las 6:01 PDT<\/time><\/p>\n<\/div>\n<\/blockquote>\n<p><script async defer src=\"\/\/www.instagram.com\/embed.js\"><\/script><\/p>\n<p>El estilo de\u00a0<b>Jonathan Van Ness<\/b> es \u00fanico. Hace tan solo unos d\u00edas, Van Ness tambi\u00e9n conquist\u00f3 la alfombra roja de los\u00a0<i>Creative Arts Emmys\u00a0<\/i>en un top en mesh y falda en lentejuelas, ambos firmados por\u00a0<b>Maison Margiela<\/b>,\u00a0<i>clutch<\/i>\u00a0de\u00a0<b>Prada<\/b>\u00a0y botines de plataforma de\u00a0<b>Pierre Hardy<\/b>.<\/p>\n<blockquote class=\"instagram-media\" style=\"background: #FFF; border: 0; border-radius: 3px; box-shadow: 0 0 1px 0 rgba(0,0,0,0.5),0 1px 10px 0 rgba(0,0,0,0.15); margin: 1px; max-width: 540px; min-width: 326px; padding: 0; width: calc(100% - 2px);\" data-instgrm-captioned=\"\" data-instgrm-permalink=\"https:\/\/www.instagram.com\/p\/BnjOJqyB4lB\/?utm_source=ig_embed_loading\" data-instgrm-version=\"12\">\n<div style=\"padding: 16px;\">\n<p>&nbsp;<\/p>\n<div style=\"display: flex; flex-direction: row; align-items: center;\"><\/div>\n<div style=\"padding: 19% 0;\"><\/div>\n<div style=\"display: block; height: 50px; margin: 0 auto 12px; width: 50px;\"><\/div>\n<div style=\"padding-top: 8px;\">\n<div style=\"color: #3897f0; font-family: Arial,sans-serif; font-size: 14px; font-style: normal; font-weight: 550; line-height: 18px;\">Ver esta publicaci\u00f3n en Instagram<\/div>\n<\/div>\n<div style=\"padding: 12.5% 0;\"><\/div>\n<div style=\"display: flex; flex-direction: row; margin-bottom: 14px; align-items: center;\"><\/div>\n<p>&nbsp;<\/p>\n<p style=\"margin: 8px 0 0 0; padding: 0 4px;\"><a href=\"https:\/\/www.instagram.com\/p\/BnjOJqyB4lB\/?utm_source=ig_embed_loading\"style=\"color: #000; font-family: Arial,sans-serif; font-size: 14px; font-style: normal; font-weight: normal; line-height: 17px; text-decoration: none; word-wrap: break-word;\"  target=\"_blank\" rel=\"noopener\" target=\"_blank\">We absolutely came to slay this lewk &amp; fuck a gender norm, biggest congrats to the @queereye family on our wins! Styled by @alibstyle Grooming by @juliannekaye<\/a><\/p>\n<p style=\"color: #c9c8cd; font-family: Arial,sans-serif; font-size: 14px; line-height: 17px; margin-bottom: 0; margin-top: 8px; overflow: hidden; padding: 8px 0 7px; text-align: center; text-overflow: ellipsis; white-space: nowrap;\">Una publicaci\u00f3n compartida de <a href=\"https:\/\/www.instagram.com\/jvn\/?utm_source=ig_embed_loading\"style=\"color: #c9c8cd; font-family: Arial,sans-serif; font-size: 14px; font-style: normal; font-weight: normal; line-height: 17px;\"  target=\"_blank\" rel=\"noopener\" target=\"_blank\"> Jonathan Van Ness<\/a> (@jvn) el <time style=\"font-family: Arial,sans-serif; font-size: 14px; line-height: 17px;\" datetime=\"2018-09-10T15:17:41+00:00\">10 Sep, 2018 a las 8:17 PDT<\/time><\/p>\n<\/div>\n<\/blockquote>\n<p><script async defer src=\"\/\/www.instagram.com\/embed.js\"><\/script><\/p>\n<p>Lo hemos dicho un sinf\u00edn de veces, pero\u00a0<b>Jonathan Van Ness<\/b>\u00a0lo amerita. A veces la inspiraci\u00f3n de estilo viene de fuentes inesperadas. Y es que su Instagram est\u00e1 repleto de <em>outfits<\/em> para copiar. \u00bfQu\u00e9 nos dices de este <em>look,<\/em> en <em>distressed jeans, oversized shirt<\/em> a rayas y <em>sock boots<\/em>?<\/p>\n<blockquote class=\"instagram-media\" style=\"background: #FFF; border: 0; border-radius: 3px; box-shadow: 0 0 1px 0 rgba(0,0,0,0.5),0 1px 10px 0 rgba(0,0,0,0.15); margin: 1px; max-width: 540px; min-width: 326px; padding: 0; width: calc(100% - 2px);\" data-instgrm-captioned=\"\" data-instgrm-permalink=\"https:\/\/www.instagram.com\/p\/BkLY6Othd5o\/?utm_source=ig_embed_loading\" data-instgrm-version=\"12\">\n<div style=\"padding: 16px;\">\n<p>&nbsp;<\/p>\n<div style=\"display: flex; flex-direction: row; align-items: center;\"><\/div>\n<div style=\"padding: 19% 0;\"><\/div>\n<div style=\"display: block; height: 50px; margin: 0 auto 12px; width: 50px;\"><\/div>\n<div style=\"padding-top: 8px;\">\n<div style=\"color: #3897f0; font-family: Arial,sans-serif; font-size: 14px; font-style: normal; font-weight: 550; line-height: 18px;\">Ver esta publicaci\u00f3n en Instagram<\/div>\n<\/div>\n<div style=\"padding: 12.5% 0;\"><\/div>\n<div style=\"display: flex; flex-direction: row; margin-bottom: 14px; align-items: center;\"><\/div>\n<p>&nbsp;<\/p>\n<p style=\"margin: 8px 0 0 0; padding: 0 4px;\"><a href=\"https:\/\/www.instagram.com\/p\/BkLY6Othd5o\/?utm_source=ig_embed_loading\"style=\"color: #000; font-family: Arial,sans-serif; font-size: 14px; font-style: normal; font-weight: normal; line-height: 17px; text-decoration: none; word-wrap: break-word;\"  target=\"_blank\" rel=\"noopener\" target=\"_blank\">Walking in late &amp; gorgeous @celine @vetements_official<\/a><\/p>\n<p style=\"color: #c9c8cd; font-family: Arial,sans-serif; font-size: 14px; line-height: 17px; margin-bottom: 0; margin-top: 8px; overflow: hidden; padding: 8px 0 7px; text-align: center; text-overflow: ellipsis; white-space: nowrap;\">Una publicaci\u00f3n compartida de <a href=\"https:\/\/www.instagram.com\/jvn\/?utm_source=ig_embed_loading\"style=\"color: #c9c8cd; font-family: Arial,sans-serif; font-size: 14px; font-style: normal; font-weight: normal; line-height: 17px;\"  target=\"_blank\" rel=\"noopener\" target=\"_blank\"> Jonathan Van Ness<\/a> (@jvn) el <time style=\"font-family: Arial,sans-serif; font-size: 14px; line-height: 17px;\" datetime=\"2018-06-18T19:35:45+00:00\">18 Jun, 2018 a las 12:35 PDT<\/time><\/p>\n<\/div>\n<\/blockquote>\n<p><script async defer src=\"\/\/www.instagram.com\/embed.js\"><\/script><\/p>\n<p>O quiz\u00e1 este que combina una <em>sweatshirt, shorts, sneakers<\/em> y bolso en verde vibrante de<strong> Saint Laurent<\/strong>.<\/p>\n<blockquote class=\"instagram-media\" style=\"background: #FFF; border: 0; border-radius: 3px; box-shadow: 0 0 1px 0 rgba(0,0,0,0.5),0 1px 10px 0 rgba(0,0,0,0.15); margin: 1px; max-width: 540px; min-width: 326px; padding: 0; width: calc(100% - 2px);\" data-instgrm-captioned=\"\" data-instgrm-permalink=\"https:\/\/www.instagram.com\/p\/BnUvohLhIsE\/?utm_source=ig_embed_loading\" data-instgrm-version=\"12\">\n<div style=\"padding: 16px;\">\n<p>&nbsp;<\/p>\n<div style=\"display: flex; flex-direction: row; align-items: center;\"><\/div>\n<div style=\"padding: 19% 0;\"><\/div>\n<div style=\"display: block; height: 50px; margin: 0 auto 12px; width: 50px;\"><\/div>\n<div style=\"padding-top: 8px;\">\n<div style=\"color: #3897f0; font-family: Arial,sans-serif; font-size: 14px; font-style: normal; font-weight: 550; line-height: 18px;\">Ver esta publicaci\u00f3n en Instagram<\/div>\n<\/div>\n<div style=\"padding: 12.5% 0;\"><\/div>\n<div style=\"display: flex; flex-direction: row; margin-bottom: 14px; align-items: center;\"><\/div>\n<p>&nbsp;<\/p>\n<p style=\"margin: 8px 0 0 0; padding: 0 4px;\"><a href=\"https:\/\/www.instagram.com\/p\/BnUvohLhIsE\/?utm_source=ig_embed_loading\"style=\"color: #000; font-family: Arial,sans-serif; font-size: 14px; font-style: normal; font-weight: normal; line-height: 17px; text-decoration: none; word-wrap: break-word;\"  target=\"_blank\" rel=\"noopener\" target=\"_blank\">Picking up the pieces graciously in stunning fashion \ud83d\udc99<\/a><\/p>\n<p style=\"color: #c9c8cd; font-family: Arial,sans-serif; font-size: 14px; line-height: 17px; margin-bottom: 0; margin-top: 8px; overflow: hidden; padding: 8px 0 7px; text-align: center; text-overflow: ellipsis; white-space: nowrap;\">Una publicaci\u00f3n compartida de <a href=\"https:\/\/www.instagram.com\/jvn\/?utm_source=ig_embed_loading\"style=\"color: #c9c8cd; font-family: Arial,sans-serif; font-size: 14px; font-style: normal; font-weight: normal; line-height: 17px;\"  target=\"_blank\" rel=\"noopener\" target=\"_blank\"> Jonathan Van Ness<\/a> (@jvn) el <time style=\"font-family: Arial,sans-serif; font-size: 14px; line-height: 17px;\" datetime=\"2018-09-05T00:21:39+00:00\">4 Sep, 2018 a las 5:21 PDT<\/time><\/p>\n<\/div>\n<\/blockquote>\n<p><script async defer src=\"\/\/www.instagram.com\/embed.js\"><\/script><\/p>\n<p>\u00bfNos vas a negar que este personaje de los <em>fab 5<\/em> es una musa de estilo?<\/p>\n<p>*<em>IMAGEN: Getty Images<\/em><\/p>\n","protected":false},"author":24470,"featured_media":0,"template":"","format":"standard","categories":[13,1],"acf":[],"yoast_head":"<!-- This site is optimized with the Yoast SEO Premium plugin v18.5 (Yoast SEO v20.4) - https:\/\/yoast.com\/wordpress\/plugins\/seo\/ -->\n<title>Jonathan Van Ness se proclama el rey de la Alfombra Roja de los Emmy Awards | Grazia<\/title>\n<meta name=\"description\" content=\"El experto en belleza se apoder\u00f3 de la alfombra roja en un\u00a0power suit\u00a0de\u00a0Stella McCartney a juego con una blusa de organza\u00a0Prada\u00a0y bolso de\u00a0The Row\" \/>\n<meta name=\"robots\" content=\"index, follow, max-snippet:-1, max-image-preview:large, max-video-preview:-1\" \/>\n<link rel=\"canonical\" href=\"https:\/\/graziamagazine.com\/es\/articles\/jonathan-van-ness-se-proclama-el-rey-de-la-alfombra-roja-de-los-emmy-awards\/\" \/>\n<meta property=\"og:locale\" content=\"es_ES\" \/>\n<meta property=\"og:type\" content=\"article\" \/>\n<meta property=\"og:title\" content=\"Jonathan Van Ness se proclama el rey de la Alfombra Roja de los Emmy Awards\" \/>\n<meta property=\"og:description\" content=\"El experto en belleza se apoder\u00f3 de la alfombra roja en un\u00a0power suit\u00a0de\u00a0Stella McCartney a juego con una blusa de organza\u00a0Prada\u00a0y bolso de\u00a0The Row\" \/>\n<meta property=\"og:url\" content=\"https:\/\/graziamagazine.com\/es\/articles\/jonathan-van-ness-se-proclama-el-rey-de-la-alfombra-roja-de-los-emmy-awards\/\" \/>\n<meta property=\"og:site_name\" content=\"Grazia\" \/>\n<meta property=\"article:modified_time\" content=\"2018-09-18T19:59:30+00:00\" \/>\n<meta property=\"og:image\" content=\"https:\/\/graziamagazine.com\/es\/wp-content\/uploads\/sites\/12\/2018\/09\/jonathan-emmys.jpg?fit=2000%2C1334\" \/>\n\t<meta property=\"og:image:width\" content=\"2000\" \/>\n\t<meta property=\"og:image:height\" content=\"1334\" \/>\n\t<meta property=\"og:image:type\" content=\"image\/jpeg\" \/>\n<meta name=\"twitter:card\" content=\"summary_large_image\" \/>\n<meta name=\"twitter:image\" content=\"http:\/\/s3-eu-west-1.amazonaws.com\/grazia-cdn\/wp-content\/uploads\/sites\/12\/2018\/09\/jonathan-emmys.jpg\" \/>\n<meta name=\"twitter:label1\" content=\"Est. reading time\" \/>\n\t<meta name=\"twitter:data1\" content=\"2 minutos\" \/>\n<script type=\"application\/ld+json\" class=\"yoast-schema-graph\">{\"@context\":\"https:\/\/schema.org\",\"@graph\":[{\"@type\":\"WebPage\",\"@id\":\"https:\/\/graziamagazine.com\/es\/articles\/jonathan-van-ness-se-proclama-el-rey-de-la-alfombra-roja-de-los-emmy-awards\/\",\"url\":\"https:\/\/graziamagazine.com\/es\/articles\/jonathan-van-ness-se-proclama-el-rey-de-la-alfombra-roja-de-los-emmy-awards\/\",\"name\":\"Jonathan Van Ness se proclama el rey de la Alfombra Roja de los Emmy Awards | Grazia\",\"isPartOf\":{\"@id\":\"https:\/\/graziamagazine.com\/es\/#website\"},\"datePublished\":\"2018-09-19T07:46:30+00:00\",\"dateModified\":\"2018-09-18T19:59:30+00:00\",\"description\":\"El experto en belleza se apoder\u00f3 de la alfombra roja en un\u00a0power suit\u00a0de\u00a0Stella McCartney a juego con una blusa de organza\u00a0Prada\u00a0y bolso de\u00a0The Row\",\"breadcrumb\":{\"@id\":\"https:\/\/graziamagazine.com\/es\/articles\/jonathan-van-ness-se-proclama-el-rey-de-la-alfombra-roja-de-los-emmy-awards\/#breadcrumb\"},\"inLanguage\":\"es\",\"potentialAction\":[{\"@type\":\"ReadAction\",\"target\":[\"https:\/\/graziamagazine.com\/es\/articles\/jonathan-van-ness-se-proclama-el-rey-de-la-alfombra-roja-de-los-emmy-awards\/\"]}]},{\"@type\":\"BreadcrumbList\",\"@id\":\"https:\/\/graziamagazine.com\/es\/articles\/jonathan-van-ness-se-proclama-el-rey-de-la-alfombra-roja-de-los-emmy-awards\/#breadcrumb\",\"itemListElement\":[{\"@type\":\"ListItem\",\"position\":1,\"name\":\"Portada\",\"item\":\"https:\/\/graziamagazine.com\/es\/\"},{\"@type\":\"ListItem\",\"position\":2,\"name\":\"Jonathan Van Ness se proclama el rey de la Alfombra Roja de los Emmy Awards\"}]},{\"@type\":\"WebSite\",\"@id\":\"https:\/\/graziamagazine.com\/es\/#website\",\"url\":\"https:\/\/graziamagazine.com\/es\/\",\"name\":\"Grazia\",\"description\":\"Moda, belleza, celebrities, estilo de vida...\",\"potentialAction\":[{\"@type\":\"SearchAction\",\"target\":{\"@type\":\"EntryPoint\",\"urlTemplate\":\"https:\/\/graziamagazine.com\/es\/?s={search_term_string}\"},\"query-input\":\"required name=search_term_string\"}],\"inLanguage\":\"es\"}]}<\/script>\n<!-- \/ Yoast SEO Premium plugin. -->","yoast_head_json":{"title":"Jonathan Van Ness se proclama el rey de la Alfombra Roja de los Emmy Awards | Grazia","description":"El experto en belleza se apoder\u00f3 de la alfombra roja en un\u00a0power suit\u00a0de\u00a0Stella McCartney a juego con una blusa de organza\u00a0Prada\u00a0y bolso de\u00a0The Row","robots":{"index":"index","follow":"follow","max-snippet":"max-snippet:-1","max-image-preview":"max-image-preview:large","max-video-preview":"max-video-preview:-1"},"canonical":"https:\/\/graziamagazine.com\/es\/articles\/jonathan-van-ness-se-proclama-el-rey-de-la-alfombra-roja-de-los-emmy-awards\/","og_locale":"es_ES","og_type":"article","og_title":"Jonathan Van Ness se proclama el rey de la Alfombra Roja de los Emmy Awards","og_description":"El experto en belleza se apoder\u00f3 de la alfombra roja en un\u00a0power suit\u00a0de\u00a0Stella McCartney a juego con una blusa de organza\u00a0Prada\u00a0y bolso de\u00a0The Row","og_url":"https:\/\/graziamagazine.com\/es\/articles\/jonathan-van-ness-se-proclama-el-rey-de-la-alfombra-roja-de-los-emmy-awards\/","og_site_name":"Grazia","article_modified_time":"2018-09-18T19:59:30+00:00","og_image":[{"width":2000,"height":1334,"url":"https:\/\/graziamagazine.com\/es\/wp-content\/uploads\/sites\/12\/2018\/09\/jonathan-emmys.jpg?fit=2000%2C1334","type":"image\/jpeg"}],"twitter_card":"summary_large_image","twitter_image":"http:\/\/s3-eu-west-1.amazonaws.com\/grazia-cdn\/wp-content\/uploads\/sites\/12\/2018\/09\/jonathan-emmys.jpg","twitter_misc":{"Est. reading time":"2 minutos"},"schema":{"@context":"https:\/\/schema.org","@graph":[{"@type":"WebPage","@id":"https:\/\/graziamagazine.com\/es\/articles\/jonathan-van-ness-se-proclama-el-rey-de-la-alfombra-roja-de-los-emmy-awards\/","url":"https:\/\/graziamagazine.com\/es\/articles\/jonathan-van-ness-se-proclama-el-rey-de-la-alfombra-roja-de-los-emmy-awards\/","name":"Jonathan Van Ness se proclama el rey de la Alfombra Roja de los Emmy Awards | Grazia","isPartOf":{"@id":"https:\/\/graziamagazine.com\/es\/#website"},"datePublished":"2018-09-19T07:46:30+00:00","dateModified":"2018-09-18T19:59:30+00:00","description":"El experto en belleza se apoder\u00f3 de la alfombra roja en un\u00a0power suit\u00a0de\u00a0Stella McCartney a juego con una blusa de organza\u00a0Prada\u00a0y bolso de\u00a0The Row","breadcrumb":{"@id":"https:\/\/graziamagazine.com\/es\/articles\/jonathan-van-ness-se-proclama-el-rey-de-la-alfombra-roja-de-los-emmy-awards\/#breadcrumb"},"inLanguage":"es","potentialAction":[{"@type":"ReadAction","target":["https:\/\/graziamagazine.com\/es\/articles\/jonathan-van-ness-se-proclama-el-rey-de-la-alfombra-roja-de-los-emmy-awards\/"]}]},{"@type":"BreadcrumbList","@id":"https:\/\/graziamagazine.com\/es\/articles\/jonathan-van-ness-se-proclama-el-rey-de-la-alfombra-roja-de-los-emmy-awards\/#breadcrumb","itemListElement":[{"@type":"ListItem","position":1,"name":"Portada","item":"https:\/\/graziamagazine.com\/es\/"},{"@type":"ListItem","position":2,"name":"Jonathan Van Ness se proclama el rey de la Alfombra Roja de los Emmy Awards"}]},{"@type":"WebSite","@id":"https:\/\/graziamagazine.com\/es\/#website","url":"https:\/\/graziamagazine.com\/es\/","name":"Grazia","description":"Moda, belleza, celebrities, estilo de vida...","potentialAction":[{"@type":"SearchAction","target":{"@type":"EntryPoint","urlTemplate":"https:\/\/graziamagazine.com\/es\/?s={search_term_string}"},"query-input":"required name=search_term_string"}],"inLanguage":"es"}]}},"jetpack_sharing_enabled":true,"distributor_meta":false,"distributor_terms":false,"distributor_media":false,"distributor_original_site_name":"Grazia","distributor_original_site_url":"https:\/\/graziamagazine.com\/es","push-errors":false,"_links":{"self":[{"href":"https:\/\/graziamagazine.com\/es\/wp-json\/wp\/v2\/articles\/141118"}],"collection":[{"href":"https:\/\/graziamagazine.com\/es\/wp-json\/wp\/v2\/articles"}],"about":[{"href":"https:\/\/graziamagazine.com\/es\/wp-json\/wp\/v2\/types\/articles"}],"author":[{"embeddable":true,"href":"https:\/\/graziamagazine.com\/es\/wp-json\/wp\/v2\/users\/24470"}],"wp:attachment":[{"href":"https:\/\/graziamagazine.com\/es\/wp-json\/wp\/v2\/media?parent=141118"}],"wp:term":[{"taxonomy":"category","embeddable":true,"href":"https:\/\/graziamagazine.com\/es\/wp-json\/wp\/v2\/categories?post=141118"}],"curies":[{"name":"wp","href":"https:\/\/api.w.org\/{rel}","templated":true}]}}