{"id":140975,"date":"2018-09-13T20:09:55","date_gmt":"2018-09-13T18:09:55","guid":{"rendered":"https:\/\/graziamagazine.com\/es\/?p=140975"},"modified":"2018-09-13T20:10:03","modified_gmt":"2018-09-13T18:10:03","slug":"rihanna-se-proclama-como-la-reina-de-la-selva","status":"publish","type":"articles","link":"https:\/\/graziamagazine.com\/es\/articles\/rihanna-se-proclama-como-la-reina-de-la-selva\/","title":{"rendered":"Rihanna se proclama como la reina de la selva"},"content":{"rendered":"<p>Como parte del cierre de esta sorprendente semana de la moda,\u00a0<b>Rihanna<\/b>\u00a0nos conquista con su nueva l\u00ednea de ropa interior\u00a0<b>Savage X Fenty<\/b>. En una especie de laboratorio, situado en medio de la selva, las modelos comenzaron a desfilar siguiendo una coreograf\u00eda. Luego, las hermanas <strong>Hadid<\/strong> aparecieron en\u00a0<i>sets<\/i>\u00a0ultra sensuales.<\/p>\n<p><strong>Rihanna<\/strong> es embajadora de la inclusi\u00f3n y desde que dio a conocer su l\u00ednea de lencer\u00eda, la int\u00e9rprete de\u00a0<i>Umbrella<\/i>\u00a0dej\u00f3 claro que esta iba a ser dedicada para todas las mujeres. Y su pasarela lo reflej\u00f3, sin importar la talla ni la raza. S\u00ed, desde el cuerpo\u00a0<i>super fit<\/i>\u00a0de las hermanas del momento, hasta una <strong>Slick Woods<\/strong> embarazada.<\/p>\n<p><center><iframe loading=\"lazy\" src=\"https:\/\/www.youtube.com\/embed\/MZEsHLfF9HY\" width=\"560\" height=\"315\" frameborder=\"0\" allowfullscreen=\"allowfullscreen\"><\/iframe><\/center>La demostraci\u00f3n fue la guinda del pastel de la\u00a0<i>New York Fashion Week<\/i>. El \u00faltimo desfile (extraoficial) para cerrar una ca\u00f3tica semana de la moda con gratas sorpresas y regresos.<\/p>\n<p><strong>Rihanna<\/strong> es de esas empresarias que tienen todo, es decir, un producto 360. <strong>Fenty Beauty<\/strong> est\u00e1 apoder\u00e1ndose de la industria del maquillaje, <strong>Fenty x Puma<\/strong> fue en su momento un gran \u00e9xito y ahora su l\u00ednea de lencer\u00eda que promete ponerse a la altura de firmas como Aerie y Victoria\u2019s Secret, esto seg\u00fan\u00a0<a href=\"https:\/\/www.businessoffashion.com\/articles\/professional\/rihanna-takes-on-aerie-and-victorias-secret\" target=\"_blank\" rel=\"noopener\" target=\"_blank\"><i>The Business of Fashion<\/i><\/a>.<\/p>\n<blockquote class=\"instagram-media\" style=\"background: #FFF; border: 0; border-radius: 3px; box-shadow: 0 0 1px 0 rgba(0,0,0,0.5),0 1px 10px 0 rgba(0,0,0,0.15); margin: 1px; max-width: 540px; min-width: 326px; padding: 0; width: calc(100% - 2px);\" data-instgrm-captioned=\"\" data-instgrm-permalink=\"https:\/\/www.instagram.com\/p\/BnqFGieAWPb\/?utm_source=ig_embed_loading\" data-instgrm-version=\"12\">\n<div style=\"padding: 16px;\">\n<p>&nbsp;<\/p>\n<div style=\"display: flex; flex-direction: row; align-items: center;\"><\/div>\n<div style=\"padding: 19% 0;\"><\/div>\n<div style=\"display: block; height: 50px; margin: 0 auto 12px; width: 50px;\"><\/div>\n<div style=\"padding-top: 8px;\">\n<div style=\"color: #3897f0; font-family: Arial,sans-serif; font-size: 14px; font-style: normal; font-weight: 550; line-height: 18px;\">Ver esta publicaci\u00f3n en Instagram<\/div>\n<\/div>\n<div style=\"padding: 12.5% 0;\"><\/div>\n<div style=\"display: flex; flex-direction: row; margin-bottom: 14px; align-items: center;\"><\/div>\n<p>&nbsp;<\/p>\n<p style=\"margin: 8px 0 0 0; padding: 0 4px;\"><a href=\"https:\/\/www.instagram.com\/p\/BnqFGieAWPb\/?utm_source=ig_embed_loading\"style=\"color: #000; font-family: Arial,sans-serif; font-size: 14px; font-style: normal; font-weight: normal; line-height: 17px; text-decoration: none; word-wrap: break-word;\"  target=\"_blank\" rel=\"noopener\" target=\"_blank\">Still SHOOK! \ud83d\ude4c | What was your fave look ?? #SavageXFW18 \u2728cc: @gettyimages<\/a><\/p>\n<p style=\"color: #c9c8cd; font-family: Arial,sans-serif; font-size: 14px; line-height: 17px; margin-bottom: 0; margin-top: 8px; overflow: hidden; padding: 8px 0 7px; text-align: center; text-overflow: ellipsis; white-space: nowrap;\">Una publicaci\u00f3n compartida de <a href=\"https:\/\/www.instagram.com\/savagexfenty\/?utm_source=ig_embed_loading\"style=\"color: #c9c8cd; font-family: Arial,sans-serif; font-size: 14px; font-style: normal; font-weight: normal; line-height: 17px;\"  target=\"_blank\" rel=\"noopener\" target=\"_blank\"> SAVAGE X FENTY BY RIHANNA<\/a> (@savagexfenty) el <time style=\"font-family: Arial,sans-serif; font-size: 14px; line-height: 17px;\" datetime=\"2018-09-13T07:13:18+00:00\">13 Sep, 2018 a las 12:13 PDT<\/time><\/p>\n<\/div>\n<\/blockquote>\n<p><script async defer src=\"\/\/www.instagram.com\/embed.js\"><\/script><\/p>\n<p>Es claro que la barbadense sabe como encontrar nichos con necesidades. Y s\u00ed, la lencer\u00eda es uno de los mercados con m\u00e1s oportunidades y <strong>Rihanna<\/strong> sabe darle a sus fan\u00e1ticos lo que quieren \u2014y si no, crearles una necesidad innecesaria\u2014.<\/p>\n<p><em>Fotos: Getty Images<\/em><\/p>\n","protected":false},"author":11651,"featured_media":0,"template":"","format":"standard","categories":[13],"acf":[],"yoast_head":"<!-- This site is optimized with the Yoast SEO Premium plugin v18.5 (Yoast SEO v20.4) - https:\/\/yoast.com\/wordpress\/plugins\/seo\/ -->\n<title>Rihanna se proclama como la reina de la selva | Grazia<\/title>\n<meta name=\"description\" content=\"La barbadense present\u00f3 su nueva colecci\u00f3n de Savage x Fenty en el cierre de la New York Fashion Week.\" \/>\n<meta name=\"robots\" content=\"index, follow, max-snippet:-1, max-image-preview:large, max-video-preview:-1\" \/>\n<link rel=\"canonical\" href=\"https:\/\/graziamagazine.com\/es\/articles\/rihanna-se-proclama-como-la-reina-de-la-selva\/\" \/>\n<meta property=\"og:locale\" content=\"es_ES\" \/>\n<meta property=\"og:type\" content=\"article\" \/>\n<meta property=\"og:title\" content=\"Rihanna se proclama como la reina de la selva\" \/>\n<meta property=\"og:description\" content=\"La barbadense present\u00f3 su nueva colecci\u00f3n de Savage x Fenty en el cierre de la New York Fashion Week.\" \/>\n<meta property=\"og:url\" content=\"https:\/\/graziamagazine.com\/es\/articles\/rihanna-se-proclama-como-la-reina-de-la-selva\/\" \/>\n<meta property=\"og:site_name\" content=\"Grazia\" \/>\n<meta property=\"article:modified_time\" content=\"2018-09-13T18:10:03+00:00\" \/>\n<meta property=\"og:image\" content=\"https:\/\/graziamagazine.com\/es\/wp-content\/uploads\/sites\/12\/2018\/09\/GettyImages-1032390136.jpg?resize=1024,832\" \/>\n\t<meta property=\"og:image:width\" content=\"1024\" \/>\n\t<meta property=\"og:image:height\" content=\"832\" \/>\n\t<meta property=\"og:image:type\" content=\"image\/jpeg\" \/>\n<meta name=\"twitter:card\" content=\"summary_large_image\" \/>\n<meta name=\"twitter:image\" content=\"http:\/\/s3-eu-west-1.amazonaws.com\/grazia-cdn\/wp-content\/uploads\/sites\/12\/2018\/09\/GettyImages-1032390136.jpg\" \/>\n<meta name=\"twitter:label1\" content=\"Est. reading time\" \/>\n\t<meta name=\"twitter:data1\" content=\"1 minuto\" \/>\n<script type=\"application\/ld+json\" class=\"yoast-schema-graph\">{\"@context\":\"https:\/\/schema.org\",\"@graph\":[{\"@type\":\"WebPage\",\"@id\":\"https:\/\/graziamagazine.com\/es\/articles\/rihanna-se-proclama-como-la-reina-de-la-selva\/\",\"url\":\"https:\/\/graziamagazine.com\/es\/articles\/rihanna-se-proclama-como-la-reina-de-la-selva\/\",\"name\":\"Rihanna se proclama como la reina de la selva | Grazia\",\"isPartOf\":{\"@id\":\"https:\/\/graziamagazine.com\/es\/#website\"},\"datePublished\":\"2018-09-13T18:09:55+00:00\",\"dateModified\":\"2018-09-13T18:10:03+00:00\",\"description\":\"La barbadense present\u00f3 su nueva colecci\u00f3n de Savage x Fenty en el cierre de la New York Fashion Week.\",\"breadcrumb\":{\"@id\":\"https:\/\/graziamagazine.com\/es\/articles\/rihanna-se-proclama-como-la-reina-de-la-selva\/#breadcrumb\"},\"inLanguage\":\"es\",\"potentialAction\":[{\"@type\":\"ReadAction\",\"target\":[\"https:\/\/graziamagazine.com\/es\/articles\/rihanna-se-proclama-como-la-reina-de-la-selva\/\"]}]},{\"@type\":\"BreadcrumbList\",\"@id\":\"https:\/\/graziamagazine.com\/es\/articles\/rihanna-se-proclama-como-la-reina-de-la-selva\/#breadcrumb\",\"itemListElement\":[{\"@type\":\"ListItem\",\"position\":1,\"name\":\"Portada\",\"item\":\"https:\/\/graziamagazine.com\/es\/\"},{\"@type\":\"ListItem\",\"position\":2,\"name\":\"Rihanna se proclama como la reina de la selva\"}]},{\"@type\":\"WebSite\",\"@id\":\"https:\/\/graziamagazine.com\/es\/#website\",\"url\":\"https:\/\/graziamagazine.com\/es\/\",\"name\":\"Grazia\",\"description\":\"Moda, belleza, celebrities, estilo de vida...\",\"potentialAction\":[{\"@type\":\"SearchAction\",\"target\":{\"@type\":\"EntryPoint\",\"urlTemplate\":\"https:\/\/graziamagazine.com\/es\/?s={search_term_string}\"},\"query-input\":\"required name=search_term_string\"}],\"inLanguage\":\"es\"}]}<\/script>\n<!-- \/ Yoast SEO Premium plugin. -->","yoast_head_json":{"title":"Rihanna se proclama como la reina de la selva | Grazia","description":"La barbadense present\u00f3 su nueva colecci\u00f3n de Savage x Fenty en el cierre de la New York Fashion Week.","robots":{"index":"index","follow":"follow","max-snippet":"max-snippet:-1","max-image-preview":"max-image-preview:large","max-video-preview":"max-video-preview:-1"},"canonical":"https:\/\/graziamagazine.com\/es\/articles\/rihanna-se-proclama-como-la-reina-de-la-selva\/","og_locale":"es_ES","og_type":"article","og_title":"Rihanna se proclama como la reina de la selva","og_description":"La barbadense present\u00f3 su nueva colecci\u00f3n de Savage x Fenty en el cierre de la New York Fashion Week.","og_url":"https:\/\/graziamagazine.com\/es\/articles\/rihanna-se-proclama-como-la-reina-de-la-selva\/","og_site_name":"Grazia","article_modified_time":"2018-09-13T18:10:03+00:00","og_image":[{"width":1024,"height":832,"url":"https:\/\/graziamagazine.com\/es\/wp-content\/uploads\/sites\/12\/2018\/09\/GettyImages-1032390136.jpg?resize=1024,832","type":"image\/jpeg"}],"twitter_card":"summary_large_image","twitter_image":"http:\/\/s3-eu-west-1.amazonaws.com\/grazia-cdn\/wp-content\/uploads\/sites\/12\/2018\/09\/GettyImages-1032390136.jpg","twitter_misc":{"Est. reading time":"1 minuto"},"schema":{"@context":"https:\/\/schema.org","@graph":[{"@type":"WebPage","@id":"https:\/\/graziamagazine.com\/es\/articles\/rihanna-se-proclama-como-la-reina-de-la-selva\/","url":"https:\/\/graziamagazine.com\/es\/articles\/rihanna-se-proclama-como-la-reina-de-la-selva\/","name":"Rihanna se proclama como la reina de la selva | Grazia","isPartOf":{"@id":"https:\/\/graziamagazine.com\/es\/#website"},"datePublished":"2018-09-13T18:09:55+00:00","dateModified":"2018-09-13T18:10:03+00:00","description":"La barbadense present\u00f3 su nueva colecci\u00f3n de Savage x Fenty en el cierre de la New York Fashion Week.","breadcrumb":{"@id":"https:\/\/graziamagazine.com\/es\/articles\/rihanna-se-proclama-como-la-reina-de-la-selva\/#breadcrumb"},"inLanguage":"es","potentialAction":[{"@type":"ReadAction","target":["https:\/\/graziamagazine.com\/es\/articles\/rihanna-se-proclama-como-la-reina-de-la-selva\/"]}]},{"@type":"BreadcrumbList","@id":"https:\/\/graziamagazine.com\/es\/articles\/rihanna-se-proclama-como-la-reina-de-la-selva\/#breadcrumb","itemListElement":[{"@type":"ListItem","position":1,"name":"Portada","item":"https:\/\/graziamagazine.com\/es\/"},{"@type":"ListItem","position":2,"name":"Rihanna se proclama como la reina de la selva"}]},{"@type":"WebSite","@id":"https:\/\/graziamagazine.com\/es\/#website","url":"https:\/\/graziamagazine.com\/es\/","name":"Grazia","description":"Moda, belleza, celebrities, estilo de vida...","potentialAction":[{"@type":"SearchAction","target":{"@type":"EntryPoint","urlTemplate":"https:\/\/graziamagazine.com\/es\/?s={search_term_string}"},"query-input":"required name=search_term_string"}],"inLanguage":"es"}]}},"jetpack_sharing_enabled":true,"distributor_meta":false,"distributor_terms":false,"distributor_media":false,"distributor_original_site_name":"Grazia","distributor_original_site_url":"https:\/\/graziamagazine.com\/es","push-errors":false,"_links":{"self":[{"href":"https:\/\/graziamagazine.com\/es\/wp-json\/wp\/v2\/articles\/140975"}],"collection":[{"href":"https:\/\/graziamagazine.com\/es\/wp-json\/wp\/v2\/articles"}],"about":[{"href":"https:\/\/graziamagazine.com\/es\/wp-json\/wp\/v2\/types\/articles"}],"author":[{"embeddable":true,"href":"https:\/\/graziamagazine.com\/es\/wp-json\/wp\/v2\/users\/11651"}],"wp:attachment":[{"href":"https:\/\/graziamagazine.com\/es\/wp-json\/wp\/v2\/media?parent=140975"}],"wp:term":[{"taxonomy":"category","embeddable":true,"href":"https:\/\/graziamagazine.com\/es\/wp-json\/wp\/v2\/categories?post=140975"}],"curies":[{"name":"wp","href":"https:\/\/api.w.org\/{rel}","templated":true}]}}