{"id":140888,"date":"2018-09-17T09:05:26","date_gmt":"2018-09-17T07:05:26","guid":{"rendered":"https:\/\/graziamagazine.com\/es\/?p=140888"},"modified":"2018-09-12T19:44:06","modified_gmt":"2018-09-12T17:44:06","slug":"en-grazia-celebramos-nuestro-80-aniversario-con-una-sesion-de-fotos-tan-unica-como-especial","status":"publish","type":"articles","link":"https:\/\/graziamagazine.com\/es\/articles\/en-grazia-celebramos-nuestro-80-aniversario-con-una-sesion-de-fotos-tan-unica-como-especial\/","title":{"rendered":"En Grazia celebramos nuestro 80 aniversario con una sesi\u00f3n de fotos tan \u00fanica como especial"},"content":{"rendered":"<p>Desde 1988, <em><strong>Grazia<\/strong><\/em> persigue tendencias, detecta talentos, se adelanta a los cambios y trata de hacer conciencia. En definitiva, el objetivo de la cabecera ha sido, y ser\u00e1 siempre, generar un impacto. <em><strong>Grazia<\/strong><\/em> habla del lenguaje del momento y de su tiempo. Desde 1938, a trav\u00e9s de las d\u00e9cadas, y lo que est\u00e1 por venir. De Italia para el mundo y de regreso, <strong>nunca se detiene<\/strong>.<\/p>\n<p>En estos 80 a\u00f1os de vida, <em><strong>Grazia<\/strong><\/em> ha vivido momentos muy ic\u00f3nicos y ha ido recopilando diferentes episodios que han forjado su historia. Entre las cosas que puede que no supieras sobre <em><strong>Grazia<\/strong><\/em>, hemos decido traerte las que m\u00e1s representan el estilo \u00fanico y la l\u00ednea editorial de la cabecera:<\/p>\n<ul>\n<li><em><strong>Grazia<\/strong><\/em> rompi\u00f3 paradigmas en los a\u00f1os setentea, pero a la vez hoy sigue siendo contempor\u00e1nea. Grazia ha dado un twist fresco y juvenil a sus portadas desde entonces.<\/li>\n<li><em><strong>Grazia<\/strong><\/em> apoya a las mujeres que est\u00e1n en contra de convencionalismos, a su lado las acompa\u00f1a a librar batallas en lo social o en lo que atente contra su igualdad.<\/li>\n<li>La tendencia del momento fue revisada completamente en las ic\u00f3nicas Segnali di stile-pages (signos de estilo): desde moda hasta dise\u00f1o, <em><strong>Grazia<\/strong><\/em> recopila y reporta todo lo que determine el estilo.<\/li>\n<li>Para celebrar los 100.000 suscriptores, en 1966 <strong><em>Grazia<\/em><\/strong> le entreg\u00f3 un ramo de flores a mil mujeres en el mundo entero.<\/li>\n<li>El \u201cmade in Italy\u201d siempre ha sido fuente de orgullo para <strong><em>Grazia<\/em><\/strong>. Y el \u00e9xito de todo lo italiano en Estados Unidos ha sido apoyado por la revista desde sus inicios en los a\u00f1os cincuenta.<\/li>\n<\/ul>\n<p>Y como toda historia \u00fanica que se precie,\u00a0<em><strong>Grazia Italia<\/strong><\/em>\u00a0quiso estar a la altura con una celebraci\u00f3n excepcional; un reportaje muy especial de cumplea\u00f1os que recoge la esencia y el ADN <em>easy chic<\/em> de la revista. Disfr\u00fatalo, g\u00f3zalo y comp\u00e1rtelo.<\/p>\n<p>[galeria]<\/p>\n<p><em>Fot\u00f3grafo: GUY LOWNDES<\/em><br \/>\n<em> Modelo: MICHELE @HEROES MODELS <\/em><br \/>\n<em>Peluquer\u00eda: KAZUE DEKI<\/em><br \/>\n<em> Maquilaje: MARIELLE LOUBET<\/em><br \/>\n<em>Agradecimientos: Restaurante \u201cLa Felicita\u201d\u00a0<\/em><\/p>\n","protected":false},"author":24470,"featured_media":0,"template":"","format":"standard","categories":[1],"acf":[],"yoast_head":"<!-- This site is optimized with the Yoast SEO Premium plugin v18.5 (Yoast SEO v20.4) - https:\/\/yoast.com\/wordpress\/plugins\/seo\/ -->\n<title>En Grazia celebramos nuestro 80 aniversario con una sesi\u00f3n de fotos tan \u00fanica como especial | Grazia<\/title>\n<meta name=\"description\" content=\"Reuniendo las mejores tendencias de la temporada, Grazia Italia celebra as\u00ed su cumplea\u00f1os. \u00a1Disfr\u00fatalo!\" \/>\n<meta name=\"robots\" content=\"index, follow, max-snippet:-1, max-image-preview:large, max-video-preview:-1\" \/>\n<link rel=\"canonical\" href=\"https:\/\/graziamagazine.com\/es\/articles\/en-grazia-celebramos-nuestro-80-aniversario-con-una-sesion-de-fotos-tan-unica-como-especial\/\" \/>\n<meta property=\"og:locale\" content=\"es_ES\" \/>\n<meta property=\"og:type\" content=\"article\" \/>\n<meta property=\"og:title\" content=\"En Grazia celebramos nuestro 80 aniversario con una sesi\u00f3n de fotos tan \u00fanica como especial\" \/>\n<meta property=\"og:description\" content=\"Reuniendo las mejores tendencias de la temporada, Grazia Italia celebra as\u00ed su cumplea\u00f1os. \u00a1Disfr\u00fatalo!\" \/>\n<meta property=\"og:url\" content=\"https:\/\/graziamagazine.com\/es\/articles\/en-grazia-celebramos-nuestro-80-aniversario-con-una-sesion-de-fotos-tan-unica-como-especial\/\" \/>\n<meta property=\"og:site_name\" content=\"Grazia\" \/>\n<meta property=\"article:modified_time\" content=\"2018-09-12T17:44:06+00:00\" \/>\n<meta property=\"og:image\" content=\"https:\/\/graziamagazine.com\/es\/wp-content\/uploads\/sites\/12\/2018\/09\/GRAZIA12.jpg?fit=1500%2C2029\" \/>\n\t<meta property=\"og:image:width\" content=\"1500\" \/>\n\t<meta property=\"og:image:height\" content=\"2029\" \/>\n\t<meta property=\"og:image:type\" content=\"image\/jpeg\" \/>\n<meta name=\"twitter:card\" content=\"summary_large_image\" \/>\n<meta name=\"twitter:image\" content=\"http:\/\/s3-eu-west-1.amazonaws.com\/grazia-cdn\/wp-content\/uploads\/sites\/12\/2018\/09\/GRAZIA12.jpg\" \/>\n<meta name=\"twitter:label1\" content=\"Est. reading time\" \/>\n\t<meta name=\"twitter:data1\" content=\"2 minutos\" \/>\n<script type=\"application\/ld+json\" class=\"yoast-schema-graph\">{\"@context\":\"https:\/\/schema.org\",\"@graph\":[{\"@type\":\"WebPage\",\"@id\":\"https:\/\/graziamagazine.com\/es\/articles\/en-grazia-celebramos-nuestro-80-aniversario-con-una-sesion-de-fotos-tan-unica-como-especial\/\",\"url\":\"https:\/\/graziamagazine.com\/es\/articles\/en-grazia-celebramos-nuestro-80-aniversario-con-una-sesion-de-fotos-tan-unica-como-especial\/\",\"name\":\"En Grazia celebramos nuestro 80 aniversario con una sesi\u00f3n de fotos tan \u00fanica como especial | Grazia\",\"isPartOf\":{\"@id\":\"https:\/\/graziamagazine.com\/es\/#website\"},\"datePublished\":\"2018-09-17T07:05:26+00:00\",\"dateModified\":\"2018-09-12T17:44:06+00:00\",\"description\":\"Reuniendo las mejores tendencias de la temporada, Grazia Italia celebra as\u00ed su cumplea\u00f1os. \u00a1Disfr\u00fatalo!\",\"breadcrumb\":{\"@id\":\"https:\/\/graziamagazine.com\/es\/articles\/en-grazia-celebramos-nuestro-80-aniversario-con-una-sesion-de-fotos-tan-unica-como-especial\/#breadcrumb\"},\"inLanguage\":\"es\",\"potentialAction\":[{\"@type\":\"ReadAction\",\"target\":[\"https:\/\/graziamagazine.com\/es\/articles\/en-grazia-celebramos-nuestro-80-aniversario-con-una-sesion-de-fotos-tan-unica-como-especial\/\"]}]},{\"@type\":\"BreadcrumbList\",\"@id\":\"https:\/\/graziamagazine.com\/es\/articles\/en-grazia-celebramos-nuestro-80-aniversario-con-una-sesion-de-fotos-tan-unica-como-especial\/#breadcrumb\",\"itemListElement\":[{\"@type\":\"ListItem\",\"position\":1,\"name\":\"Portada\",\"item\":\"https:\/\/graziamagazine.com\/es\/\"},{\"@type\":\"ListItem\",\"position\":2,\"name\":\"En Grazia celebramos nuestro 80 aniversario con una sesi\u00f3n de fotos tan \u00fanica como especial\"}]},{\"@type\":\"WebSite\",\"@id\":\"https:\/\/graziamagazine.com\/es\/#website\",\"url\":\"https:\/\/graziamagazine.com\/es\/\",\"name\":\"Grazia\",\"description\":\"Moda, belleza, celebrities, estilo de vida...\",\"potentialAction\":[{\"@type\":\"SearchAction\",\"target\":{\"@type\":\"EntryPoint\",\"urlTemplate\":\"https:\/\/graziamagazine.com\/es\/?s={search_term_string}\"},\"query-input\":\"required name=search_term_string\"}],\"inLanguage\":\"es\"}]}<\/script>\n<!-- \/ Yoast SEO Premium plugin. -->","yoast_head_json":{"title":"En Grazia celebramos nuestro 80 aniversario con una sesi\u00f3n de fotos tan \u00fanica como especial | Grazia","description":"Reuniendo las mejores tendencias de la temporada, Grazia Italia celebra as\u00ed su cumplea\u00f1os. \u00a1Disfr\u00fatalo!","robots":{"index":"index","follow":"follow","max-snippet":"max-snippet:-1","max-image-preview":"max-image-preview:large","max-video-preview":"max-video-preview:-1"},"canonical":"https:\/\/graziamagazine.com\/es\/articles\/en-grazia-celebramos-nuestro-80-aniversario-con-una-sesion-de-fotos-tan-unica-como-especial\/","og_locale":"es_ES","og_type":"article","og_title":"En Grazia celebramos nuestro 80 aniversario con una sesi\u00f3n de fotos tan \u00fanica como especial","og_description":"Reuniendo las mejores tendencias de la temporada, Grazia Italia celebra as\u00ed su cumplea\u00f1os. \u00a1Disfr\u00fatalo!","og_url":"https:\/\/graziamagazine.com\/es\/articles\/en-grazia-celebramos-nuestro-80-aniversario-con-una-sesion-de-fotos-tan-unica-como-especial\/","og_site_name":"Grazia","article_modified_time":"2018-09-12T17:44:06+00:00","og_image":[{"width":1500,"height":2029,"url":"https:\/\/graziamagazine.com\/es\/wp-content\/uploads\/sites\/12\/2018\/09\/GRAZIA12.jpg?fit=1500%2C2029","type":"image\/jpeg"}],"twitter_card":"summary_large_image","twitter_image":"http:\/\/s3-eu-west-1.amazonaws.com\/grazia-cdn\/wp-content\/uploads\/sites\/12\/2018\/09\/GRAZIA12.jpg","twitter_misc":{"Est. reading time":"2 minutos"},"schema":{"@context":"https:\/\/schema.org","@graph":[{"@type":"WebPage","@id":"https:\/\/graziamagazine.com\/es\/articles\/en-grazia-celebramos-nuestro-80-aniversario-con-una-sesion-de-fotos-tan-unica-como-especial\/","url":"https:\/\/graziamagazine.com\/es\/articles\/en-grazia-celebramos-nuestro-80-aniversario-con-una-sesion-de-fotos-tan-unica-como-especial\/","name":"En Grazia celebramos nuestro 80 aniversario con una sesi\u00f3n de fotos tan \u00fanica como especial | Grazia","isPartOf":{"@id":"https:\/\/graziamagazine.com\/es\/#website"},"datePublished":"2018-09-17T07:05:26+00:00","dateModified":"2018-09-12T17:44:06+00:00","description":"Reuniendo las mejores tendencias de la temporada, Grazia Italia celebra as\u00ed su cumplea\u00f1os. \u00a1Disfr\u00fatalo!","breadcrumb":{"@id":"https:\/\/graziamagazine.com\/es\/articles\/en-grazia-celebramos-nuestro-80-aniversario-con-una-sesion-de-fotos-tan-unica-como-especial\/#breadcrumb"},"inLanguage":"es","potentialAction":[{"@type":"ReadAction","target":["https:\/\/graziamagazine.com\/es\/articles\/en-grazia-celebramos-nuestro-80-aniversario-con-una-sesion-de-fotos-tan-unica-como-especial\/"]}]},{"@type":"BreadcrumbList","@id":"https:\/\/graziamagazine.com\/es\/articles\/en-grazia-celebramos-nuestro-80-aniversario-con-una-sesion-de-fotos-tan-unica-como-especial\/#breadcrumb","itemListElement":[{"@type":"ListItem","position":1,"name":"Portada","item":"https:\/\/graziamagazine.com\/es\/"},{"@type":"ListItem","position":2,"name":"En Grazia celebramos nuestro 80 aniversario con una sesi\u00f3n de fotos tan \u00fanica como especial"}]},{"@type":"WebSite","@id":"https:\/\/graziamagazine.com\/es\/#website","url":"https:\/\/graziamagazine.com\/es\/","name":"Grazia","description":"Moda, belleza, celebrities, estilo de vida...","potentialAction":[{"@type":"SearchAction","target":{"@type":"EntryPoint","urlTemplate":"https:\/\/graziamagazine.com\/es\/?s={search_term_string}"},"query-input":"required name=search_term_string"}],"inLanguage":"es"}]}},"jetpack_sharing_enabled":true,"distributor_meta":false,"distributor_terms":false,"distributor_media":false,"distributor_original_site_name":"Grazia","distributor_original_site_url":"https:\/\/graziamagazine.com\/es","push-errors":false,"_links":{"self":[{"href":"https:\/\/graziamagazine.com\/es\/wp-json\/wp\/v2\/articles\/140888"}],"collection":[{"href":"https:\/\/graziamagazine.com\/es\/wp-json\/wp\/v2\/articles"}],"about":[{"href":"https:\/\/graziamagazine.com\/es\/wp-json\/wp\/v2\/types\/articles"}],"author":[{"embeddable":true,"href":"https:\/\/graziamagazine.com\/es\/wp-json\/wp\/v2\/users\/24470"}],"wp:attachment":[{"href":"https:\/\/graziamagazine.com\/es\/wp-json\/wp\/v2\/media?parent=140888"}],"wp:term":[{"taxonomy":"category","embeddable":true,"href":"https:\/\/graziamagazine.com\/es\/wp-json\/wp\/v2\/categories?post=140888"}],"curies":[{"name":"wp","href":"https:\/\/api.w.org\/{rel}","templated":true}]}}