{"id":140804,"date":"2018-09-11T18:52:18","date_gmt":"2018-09-11T16:52:18","guid":{"rendered":"https:\/\/graziamagazine.com\/es\/?p=140804"},"modified":"2018-09-11T18:54:37","modified_gmt":"2018-09-11T16:54:37","slug":"miguel-angel-munoz-y-su-paseo-mas-romantico-con-ana-guerra-lkr-a","status":"publish","type":"articles","link":"https:\/\/graziamagazine.com\/es\/articles\/miguel-angel-munoz-y-su-paseo-mas-romantico-con-ana-guerra-lkr-a\/","title":{"rendered":"Miguel \u00c1ngel Mu\u00f1oz y su paseo m\u00e1s rom\u00e1ntico con Ana Guerra"},"content":{"rendered":"<p>Desde que se conocieron en <em>Pasa palabra,<\/em> <strong>Miguel \u00c1ngel Mu\u00f1oz<\/strong> y <strong>Ana Guerra<\/strong> se han vuelto inseparables. O, al menos, eso dejan ver las fotos que continuamente les hacen los <em>paparazzi<\/em>. Una cena en el restaurante Guadarrama, en Madrid, y, la \u00faltima, una escapada para dos en Par\u00eds.<\/p>\n<blockquote class=\"instagram-media\" style=\"background: #FFF; border: 0; border-radius: 3px; box-shadow: 0 0 1px 0 rgba(0,0,0,0.5),0 1px 10px 0 rgba(0,0,0,0.15); margin: 1px; max-width: 540px; min-width: 326px; padding: 0; width: calc(100% - 2px);\" data-instgrm-permalink=\"https:\/\/www.instagram.com\/p\/BnjhP-OHsBf\/?utm_source=ig_embed_loading\" data-instgrm-version=\"12\">\n<div style=\"padding: 16px;\">\n<p>&nbsp;<\/p>\n<div style=\"display: flex; flex-direction: row; align-items: center;\"><\/div>\n<div style=\"padding: 19% 0;\"><\/div>\n<div style=\"display: block; height: 50px; margin: 0 auto 12px; width: 50px;\"><\/div>\n<div style=\"padding-top: 8px;\">\n<div style=\"color: #3897f0; font-family: Arial,sans-serif; font-size: 14px; font-style: normal; font-weight: 550; line-height: 18px;\">Ver esta publicaci\u00f3n en Instagram<\/div>\n<\/div>\n<div style=\"padding: 12.5% 0;\"><\/div>\n<div style=\"display: flex; flex-direction: row; margin-bottom: 14px; align-items: center;\"><\/div>\n<div style=\"display: flex; flex-direction: column; flex-grow: 1; justify-content: center; margin-bottom: 24px;\"><\/div>\n<p>&nbsp;<\/p>\n<p style=\"color: #c9c8cd; font-family: Arial,sans-serif; font-size: 14px; line-height: 17px; margin-bottom: 0; margin-top: 8px; overflow: hidden; padding: 8px 0 7px; text-align: center; text-overflow: ellipsis; white-space: nowrap;\"><a href=\"https:\/\/www.instagram.com\/p\/BnjhP-OHsBf\/?utm_source=ig_embed_loading\"style=\"color: #c9c8cd; font-family: Arial,sans-serif; font-size: 14px; font-style: normal; font-weight: normal; line-height: 17px; text-decoration: none;\"  target=\"_blank\" rel=\"noopener\" target=\"_blank\">Una publicaci\u00f3n compartida de Cotilleos (@cotverdades)<\/a> el <time style=\"font-family: Arial,sans-serif; font-size: 14px; line-height: 17px;\" datetime=\"2018-09-10T18:04:34+00:00\">10 Sep, 2018 a las 11:04 PDT<\/time><\/p>\n<\/div>\n<\/blockquote>\n<p><script async defer src=\"\/\/www.instagram.com\/embed.js\"><\/script><\/p>\n<p>Despu\u00e9s de echar para fuera <em>lo malo<\/em>, en el caso de <strong>Ana Guerra<\/strong>, y de declararse <em>Presunto culpable<\/em>, en el caso de <strong>Miguel \u00c1ngel Mu\u00f1oz,<\/strong> la pareja parece haber encontrado el espacio perfecto en la Ciudad de la Luz para tomarse un descanso. Eso s\u00ed, <a href=\"https:\/\/graziamagazine.com\/es\/celebs\/la-cena-afrodisiaca-de-mario-casas-y-blanca-suarez\/\">mientras que <strong>Blanca Su\u00e1rez<\/strong> y <strong>Mario Casas<\/strong> ya nos dan alguna pista sobre sus actividades en conjunto<\/a>, la cantante y el actor no han hecho ninguna referencia a su reci\u00e9n estrenada vida en com\u00fan en redes sociales.<\/p>\n<p>Ha sido, de hecho, a trav\u00e9s del Instagram del exnovio de <strong>Ana Guerra<\/strong>,<strong> Jadel<\/strong>, como nos enteramos, en su momento, que la pareja hab\u00eda puesto fin a su relaci\u00f3n, despu\u00e9s de hacerse p\u00fablicas las primeras im\u00e1genes de la exintegrante de La Academia y el ganador del primer <em>Masterchef Celebrity<\/em> por las calles de Madrid.<\/p>\n<blockquote class=\"instagram-media\" style=\"background: #FFF; border: 0; border-radius: 3px; box-shadow: 0 0 1px 0 rgba(0,0,0,0.5),0 1px 10px 0 rgba(0,0,0,0.15); margin: 1px; max-width: 540px; min-width: 326px; padding: 0; width: calc(100% - 2px);\" data-instgrm-captioned=\"\" data-instgrm-permalink=\"https:\/\/www.instagram.com\/p\/BnT9SvRnge_\/?utm_source=ig_embed_loading\" data-instgrm-version=\"12\">\n<div style=\"padding: 16px;\">\n<p>&nbsp;<\/p>\n<div style=\"display: flex; flex-direction: row; align-items: center;\"><\/div>\n<div style=\"padding: 19% 0;\"><\/div>\n<div style=\"display: block; height: 50px; margin: 0 auto 12px; width: 50px;\"><\/div>\n<div style=\"padding-top: 8px;\">\n<div style=\"color: #3897f0; font-family: Arial,sans-serif; font-size: 14px; font-style: normal; font-weight: 550; line-height: 18px;\">Ver esta publicaci\u00f3n en Instagram<\/div>\n<\/div>\n<div style=\"padding: 12.5% 0;\"><\/div>\n<div style=\"display: flex; flex-direction: row; margin-bottom: 14px; align-items: center;\"><\/div>\n<p>&nbsp;<\/p>\n<p style=\"margin: 8px 0 0 0; padding: 0 4px;\"><a href=\"https:\/\/www.instagram.com\/p\/BnT9SvRnge_\/?utm_source=ig_embed_loading\"style=\"color: #000; font-family: Arial,sans-serif; font-size: 14px; font-style: normal; font-weight: normal; line-height: 17px; text-decoration: none; word-wrap: break-word;\"  target=\"_blank\" rel=\"noopener\" target=\"_blank\">Las im\u00e1genes que confirman el romance de Ana Guerra y Miguel \u00c1ngel Mu\u00f1oz http:\/\/bit.ly\/AnaGuerraMiguel<\/a><\/p>\n<p style=\"color: #c9c8cd; font-family: Arial,sans-serif; font-size: 14px; line-height: 17px; margin-bottom: 0; margin-top: 8px; overflow: hidden; padding: 8px 0 7px; text-align: center; text-overflow: ellipsis; white-space: nowrap;\">Una publicaci\u00f3n compartida de <a href=\"https:\/\/www.instagram.com\/famososlove.es\/?utm_source=ig_embed_loading\"style=\"color: #c9c8cd; font-family: Arial,sans-serif; font-size: 14px; font-style: normal; font-weight: normal; line-height: 17px;\"  target=\"_blank\" rel=\"noopener\" target=\"_blank\"> Famosos Love<\/a> (@famososlove.es) el <time style=\"font-family: Arial,sans-serif; font-size: 14px; line-height: 17px;\" datetime=\"2018-09-04T17:01:46+00:00\">4 Sep, 2018 a las 10:01 PDT<\/time><\/p>\n<\/div>\n<\/blockquote>\n<p><script async defer src=\"\/\/www.instagram.com\/embed.js\"><\/script><\/p>\n<p>\u00abBuenos d\u00edas a todxs, llevo recibiendo hace un tiempo tanto por privado como en publicaciones, mensajes sobre mi vida personal. No voy a hablar de mi vida privada pero s\u00ed considero que mi gente debe saber por mi parte, ya que muchos me escriben preocupados, que actualmente estoy sin pareja, estoy bien y centrado en mi trabajo al cien por cien\u00bb, compart\u00eda el ex de <strong>Ana Guerra<\/strong> en <em>stories<\/em>. \u00bfSe habr\u00e1 despedido ya de su \u00abcu\u00f1i\u00bb?<\/p>\n<blockquote class=\"instagram-media\" style=\"background: #FFF; border: 0; border-radius: 3px; box-shadow: 0 0 1px 0 rgba(0,0,0,0.5),0 1px 10px 0 rgba(0,0,0,0.15); margin: 1px; max-width: 540px; min-width: 326px; padding: 0; width: calc(100% - 2px);\" data-instgrm-captioned=\"\" data-instgrm-permalink=\"https:\/\/www.instagram.com\/p\/BizZ2xtH_H4\/?utm_source=ig_embed_loading\" data-instgrm-version=\"12\">\n<div style=\"padding: 16px;\">\n<p>&nbsp;<\/p>\n<div style=\"display: flex; flex-direction: row; align-items: center;\"><\/div>\n<div style=\"padding: 19% 0;\"><\/div>\n<div style=\"display: block; height: 50px; margin: 0 auto 12px; width: 50px;\"><\/div>\n<div style=\"padding-top: 8px;\">\n<div style=\"color: #3897f0; font-family: Arial,sans-serif; font-size: 14px; font-style: normal; font-weight: 550; line-height: 18px;\">Ver esta publicaci\u00f3n en Instagram<\/div>\n<\/div>\n<div style=\"padding: 12.5% 0;\"><\/div>\n<div style=\"display: flex; flex-direction: row; margin-bottom: 14px; align-items: center;\"><\/div>\n<p>&nbsp;<\/p>\n<p style=\"margin: 8px 0 0 0; padding: 0 4px;\"><a href=\"https:\/\/www.instagram.com\/p\/BizZ2xtH_H4\/?utm_source=ig_embed_loading\"style=\"color: #000; font-family: Arial,sans-serif; font-size: 14px; font-style: normal; font-weight: normal; line-height: 17px; text-decoration: none; word-wrap: break-word;\"  target=\"_blank\" rel=\"noopener\" target=\"_blank\">Acompa\u00f1ado de una peque\u00f1a gran mujer, nos vemos pronto cu\u00f1i \ud83e\udd1f\ud83c\udffc@aitana_ot2017 ARTISTAZA!!<\/a><\/p>\n<p style=\"color: #c9c8cd; font-family: Arial,sans-serif; font-size: 14px; line-height: 17px; margin-bottom: 0; margin-top: 8px; overflow: hidden; padding: 8px 0 7px; text-align: center; text-overflow: ellipsis; white-space: nowrap;\">Una publicaci\u00f3n compartida de <a href=\"https:\/\/www.instagram.com\/jadeloficial\/?utm_source=ig_embed_loading\"style=\"color: #c9c8cd; font-family: Arial,sans-serif; font-size: 14px; font-style: normal; font-weight: normal; line-height: 17px;\"  target=\"_blank\" rel=\"noopener\" target=\"_blank\"> Jadel<\/a> (@jadeloficial) el <time style=\"font-family: Arial,sans-serif; font-size: 14px; line-height: 17px;\" datetime=\"2018-05-15T15:30:51+00:00\">15 May, 2018 a las 8:30 PDT<\/time><\/p>\n<\/div>\n<\/blockquote>\n<p><script async defer src=\"\/\/www.instagram.com\/embed.js\"><\/script><\/p>\n<p>En definitiva, por el momento, y en espera de que alguno de los implicados confirme o desmienta la relaci\u00f3n, nos quedamos con sus paseos robados por las noches de Madrid, sus paseos por Par\u00eds y sus citas para dos en los restaurantes m\u00e1s top del momento. Aunque estamos seguros de que la mejor opci\u00f3n ser\u00e1 una cena \u00edntima y casera elaborada por el ganador del concurso culinario m\u00e1s famoso de la televisi\u00f3n. \u00bfHabr\u00e1 probado ya <strong>Ana Guerra<\/strong> el famoso cocido del actor? Seguiremos pendientes&#8230;<\/p>\n<blockquote class=\"instagram-media\" style=\"background: #FFF; border: 0; border-radius: 3px; box-shadow: 0 0 1px 0 rgba(0,0,0,0.5),0 1px 10px 0 rgba(0,0,0,0.15); margin: 1px; max-width: 540px; min-width: 326px; padding: 0; width: calc(100% - 2px);\" data-instgrm-captioned=\"\" data-instgrm-permalink=\"https:\/\/www.instagram.com\/p\/BnYzu9BAGh0\/?utm_source=ig_embed_loading\" data-instgrm-version=\"12\">\n<div style=\"padding: 16px;\">\n<p>&nbsp;<\/p>\n<div style=\"display: flex; flex-direction: row; align-items: center;\"><\/div>\n<div style=\"padding: 19% 0;\"><\/div>\n<div style=\"display: block; height: 50px; margin: 0 auto 12px; width: 50px;\"><\/div>\n<div style=\"padding-top: 8px;\">\n<div style=\"color: #3897f0; font-family: Arial,sans-serif; font-size: 14px; font-style: normal; font-weight: 550; line-height: 18px;\">Ver esta publicaci\u00f3n en Instagram<\/div>\n<\/div>\n<div style=\"padding: 12.5% 0;\"><\/div>\n<div style=\"display: flex; flex-direction: row; margin-bottom: 14px; align-items: center;\"><\/div>\n<p>&nbsp;<\/p>\n<p style=\"margin: 8px 0 0 0; padding: 0 4px;\"><a href=\"https:\/\/www.instagram.com\/p\/BnYzu9BAGh0\/?utm_source=ig_embed_loading\"style=\"color: #000; font-family: Arial,sans-serif; font-size: 14px; font-style: normal; font-weight: normal; line-height: 17px; text-decoration: none; word-wrap: break-word;\"  target=\"_blank\" rel=\"noopener\" target=\"_blank\">@anaguerra_ot2017 y @miguelamunoz otra vez pillados juntos, amigos? pareja? Quien sabe, ay muchos rumores de que son pareja. #cantante#actor #n1#nilahora#ot#2017#triunfando#amigos#pareja?.<\/a><\/p>\n<p style=\"color: #c9c8cd; font-family: Arial,sans-serif; font-size: 14px; line-height: 17px; margin-bottom: 0; margin-top: 8px; overflow: hidden; padding: 8px 0 7px; text-align: center; text-overflow: ellipsis; white-space: nowrap;\">Una publicaci\u00f3n compartida de <a href=\"https:\/\/www.instagram.com\/tv_momentos1\/?utm_source=ig_embed_loading\"style=\"color: #c9c8cd; font-family: Arial,sans-serif; font-size: 14px; font-style: normal; font-weight: normal; line-height: 17px;\"  target=\"_blank\" rel=\"noopener\" target=\"_blank\"> Recordando momentos de tv<\/a> (@tv_momentos1) el <time style=\"font-family: Arial,sans-serif; font-size: 14px; line-height: 17px;\" datetime=\"2018-09-06T14:14:27+00:00\">6 Sep, 2018 a las 7:14 PDT<\/time><\/p>\n<\/div>\n<\/blockquote>\n<p><script async defer src=\"\/\/www.instagram.com\/embed.js\"><\/script><\/p>\n<p><em>Fotos: Getty Images<\/em><\/p>\n","protected":false},"author":11623,"featured_media":0,"template":"","format":"standard","categories":[13],"acf":[],"yoast_head":"<!-- This site is optimized with the Yoast SEO Premium plugin v18.5 (Yoast SEO v20.4) - https:\/\/yoast.com\/wordpress\/plugins\/seo\/ -->\n<title>Miguel \u00c1ngel Mu\u00f1oz y su paseo m\u00e1s rom\u00e1ntico con Ana Guerra | Grazia<\/title>\n<meta name=\"description\" content=\"Los paparazzi pillaron a la pareja, de la mano, por las calles de la Ciudad de la Luz.\" \/>\n<meta name=\"robots\" content=\"index, follow, max-snippet:-1, max-image-preview:large, max-video-preview:-1\" \/>\n<link rel=\"canonical\" href=\"https:\/\/graziamagazine.com\/es\/articles\/miguel-angel-munoz-y-su-paseo-mas-romantico-con-ana-guerra-lkr-a\/\" \/>\n<meta property=\"og:locale\" content=\"es_ES\" \/>\n<meta property=\"og:type\" content=\"article\" \/>\n<meta property=\"og:title\" content=\"Miguel \u00c1ngel Mu\u00f1oz y su paseo m\u00e1s rom\u00e1ntico con Ana Guerra\" \/>\n<meta property=\"og:description\" content=\"Los paparazzi pillaron a la pareja, de la mano, por las calles de la Ciudad de la Luz.\" \/>\n<meta property=\"og:url\" content=\"https:\/\/graziamagazine.com\/es\/articles\/miguel-angel-munoz-y-su-paseo-mas-romantico-con-ana-guerra-lkr-a\/\" \/>\n<meta property=\"og:site_name\" content=\"Grazia\" \/>\n<meta property=\"article:modified_time\" content=\"2018-09-11T16:54:37+00:00\" \/>\n<meta property=\"og:image\" content=\"https:\/\/graziamagazine.com\/es\/wp-content\/uploads\/sites\/12\/2018\/09\/GettyImages-941141508.jpg?fit=3900%2C2607\" \/>\n\t<meta property=\"og:image:width\" content=\"3900\" \/>\n\t<meta property=\"og:image:height\" content=\"2607\" \/>\n\t<meta property=\"og:image:type\" content=\"image\/jpeg\" \/>\n<meta name=\"twitter:card\" content=\"summary_large_image\" \/>\n<meta name=\"twitter:image\" content=\"http:\/\/s3-eu-west-1.amazonaws.com\/grazia-cdn\/wp-content\/uploads\/sites\/12\/2018\/09\/GettyImages-941141508.jpg\" \/>\n<meta name=\"twitter:label1\" content=\"Est. reading time\" \/>\n\t<meta name=\"twitter:data1\" content=\"3 minutos\" \/>\n<script type=\"application\/ld+json\" class=\"yoast-schema-graph\">{\"@context\":\"https:\/\/schema.org\",\"@graph\":[{\"@type\":\"WebPage\",\"@id\":\"https:\/\/graziamagazine.com\/es\/articles\/miguel-angel-munoz-y-su-paseo-mas-romantico-con-ana-guerra-lkr-a\/\",\"url\":\"https:\/\/graziamagazine.com\/es\/articles\/miguel-angel-munoz-y-su-paseo-mas-romantico-con-ana-guerra-lkr-a\/\",\"name\":\"Miguel \u00c1ngel Mu\u00f1oz y su paseo m\u00e1s rom\u00e1ntico con Ana Guerra | Grazia\",\"isPartOf\":{\"@id\":\"https:\/\/graziamagazine.com\/es\/#website\"},\"datePublished\":\"2018-09-11T16:52:18+00:00\",\"dateModified\":\"2018-09-11T16:54:37+00:00\",\"description\":\"Los paparazzi pillaron a la pareja, de la mano, por las calles de la Ciudad de la Luz.\",\"breadcrumb\":{\"@id\":\"https:\/\/graziamagazine.com\/es\/articles\/miguel-angel-munoz-y-su-paseo-mas-romantico-con-ana-guerra-lkr-a\/#breadcrumb\"},\"inLanguage\":\"es\",\"potentialAction\":[{\"@type\":\"ReadAction\",\"target\":[\"https:\/\/graziamagazine.com\/es\/articles\/miguel-angel-munoz-y-su-paseo-mas-romantico-con-ana-guerra-lkr-a\/\"]}]},{\"@type\":\"BreadcrumbList\",\"@id\":\"https:\/\/graziamagazine.com\/es\/articles\/miguel-angel-munoz-y-su-paseo-mas-romantico-con-ana-guerra-lkr-a\/#breadcrumb\",\"itemListElement\":[{\"@type\":\"ListItem\",\"position\":1,\"name\":\"Portada\",\"item\":\"https:\/\/graziamagazine.com\/es\/\"},{\"@type\":\"ListItem\",\"position\":2,\"name\":\"Miguel \u00c1ngel Mu\u00f1oz y su paseo m\u00e1s rom\u00e1ntico con Ana Guerra\"}]},{\"@type\":\"WebSite\",\"@id\":\"https:\/\/graziamagazine.com\/es\/#website\",\"url\":\"https:\/\/graziamagazine.com\/es\/\",\"name\":\"Grazia\",\"description\":\"Moda, belleza, celebrities, estilo de vida...\",\"potentialAction\":[{\"@type\":\"SearchAction\",\"target\":{\"@type\":\"EntryPoint\",\"urlTemplate\":\"https:\/\/graziamagazine.com\/es\/?s={search_term_string}\"},\"query-input\":\"required name=search_term_string\"}],\"inLanguage\":\"es\"}]}<\/script>\n<!-- \/ Yoast SEO Premium plugin. -->","yoast_head_json":{"title":"Miguel \u00c1ngel Mu\u00f1oz y su paseo m\u00e1s rom\u00e1ntico con Ana Guerra | Grazia","description":"Los paparazzi pillaron a la pareja, de la mano, por las calles de la Ciudad de la Luz.","robots":{"index":"index","follow":"follow","max-snippet":"max-snippet:-1","max-image-preview":"max-image-preview:large","max-video-preview":"max-video-preview:-1"},"canonical":"https:\/\/graziamagazine.com\/es\/articles\/miguel-angel-munoz-y-su-paseo-mas-romantico-con-ana-guerra-lkr-a\/","og_locale":"es_ES","og_type":"article","og_title":"Miguel \u00c1ngel Mu\u00f1oz y su paseo m\u00e1s rom\u00e1ntico con Ana Guerra","og_description":"Los paparazzi pillaron a la pareja, de la mano, por las calles de la Ciudad de la Luz.","og_url":"https:\/\/graziamagazine.com\/es\/articles\/miguel-angel-munoz-y-su-paseo-mas-romantico-con-ana-guerra-lkr-a\/","og_site_name":"Grazia","article_modified_time":"2018-09-11T16:54:37+00:00","og_image":[{"width":3900,"height":2607,"url":"https:\/\/graziamagazine.com\/es\/wp-content\/uploads\/sites\/12\/2018\/09\/GettyImages-941141508.jpg?fit=3900%2C2607","type":"image\/jpeg"}],"twitter_card":"summary_large_image","twitter_image":"http:\/\/s3-eu-west-1.amazonaws.com\/grazia-cdn\/wp-content\/uploads\/sites\/12\/2018\/09\/GettyImages-941141508.jpg","twitter_misc":{"Est. reading time":"3 minutos"},"schema":{"@context":"https:\/\/schema.org","@graph":[{"@type":"WebPage","@id":"https:\/\/graziamagazine.com\/es\/articles\/miguel-angel-munoz-y-su-paseo-mas-romantico-con-ana-guerra-lkr-a\/","url":"https:\/\/graziamagazine.com\/es\/articles\/miguel-angel-munoz-y-su-paseo-mas-romantico-con-ana-guerra-lkr-a\/","name":"Miguel \u00c1ngel Mu\u00f1oz y su paseo m\u00e1s rom\u00e1ntico con Ana Guerra | Grazia","isPartOf":{"@id":"https:\/\/graziamagazine.com\/es\/#website"},"datePublished":"2018-09-11T16:52:18+00:00","dateModified":"2018-09-11T16:54:37+00:00","description":"Los paparazzi pillaron a la pareja, de la mano, por las calles de la Ciudad de la Luz.","breadcrumb":{"@id":"https:\/\/graziamagazine.com\/es\/articles\/miguel-angel-munoz-y-su-paseo-mas-romantico-con-ana-guerra-lkr-a\/#breadcrumb"},"inLanguage":"es","potentialAction":[{"@type":"ReadAction","target":["https:\/\/graziamagazine.com\/es\/articles\/miguel-angel-munoz-y-su-paseo-mas-romantico-con-ana-guerra-lkr-a\/"]}]},{"@type":"BreadcrumbList","@id":"https:\/\/graziamagazine.com\/es\/articles\/miguel-angel-munoz-y-su-paseo-mas-romantico-con-ana-guerra-lkr-a\/#breadcrumb","itemListElement":[{"@type":"ListItem","position":1,"name":"Portada","item":"https:\/\/graziamagazine.com\/es\/"},{"@type":"ListItem","position":2,"name":"Miguel \u00c1ngel Mu\u00f1oz y su paseo m\u00e1s rom\u00e1ntico con Ana Guerra"}]},{"@type":"WebSite","@id":"https:\/\/graziamagazine.com\/es\/#website","url":"https:\/\/graziamagazine.com\/es\/","name":"Grazia","description":"Moda, belleza, celebrities, estilo de vida...","potentialAction":[{"@type":"SearchAction","target":{"@type":"EntryPoint","urlTemplate":"https:\/\/graziamagazine.com\/es\/?s={search_term_string}"},"query-input":"required name=search_term_string"}],"inLanguage":"es"}]}},"jetpack_sharing_enabled":true,"distributor_meta":false,"distributor_terms":false,"distributor_media":false,"distributor_original_site_name":"Grazia","distributor_original_site_url":"https:\/\/graziamagazine.com\/es","push-errors":false,"_links":{"self":[{"href":"https:\/\/graziamagazine.com\/es\/wp-json\/wp\/v2\/articles\/140804"}],"collection":[{"href":"https:\/\/graziamagazine.com\/es\/wp-json\/wp\/v2\/articles"}],"about":[{"href":"https:\/\/graziamagazine.com\/es\/wp-json\/wp\/v2\/types\/articles"}],"author":[{"embeddable":true,"href":"https:\/\/graziamagazine.com\/es\/wp-json\/wp\/v2\/users\/11623"}],"wp:attachment":[{"href":"https:\/\/graziamagazine.com\/es\/wp-json\/wp\/v2\/media?parent=140804"}],"wp:term":[{"taxonomy":"category","embeddable":true,"href":"https:\/\/graziamagazine.com\/es\/wp-json\/wp\/v2\/categories?post=140804"}],"curies":[{"name":"wp","href":"https:\/\/api.w.org\/{rel}","templated":true}]}}