{"id":140725,"date":"2018-09-10T18:52:28","date_gmt":"2018-09-10T16:52:28","guid":{"rendered":"https:\/\/graziamagazine.com\/es\/?p=140725"},"modified":"2018-09-10T18:52:30","modified_gmt":"2018-09-10T16:52:31","slug":"mariana-avila-la-modelo-espanola-con-sindrome-de-down-que-arrasa-en-la-nyfw","status":"publish","type":"articles","link":"https:\/\/graziamagazine.com\/es\/articles\/mariana-avila-la-modelo-espanola-con-sindrome-de-down-que-arrasa-en-la-nyfw\/","title":{"rendered":"Mariana \u00c1vila, la modelo espa\u00f1ola con S\u00edndrome de Down que arrasa en la NYFW"},"content":{"rendered":"<p>Las redes sociales se han convertido en el hada madrina del siglo XXI. Y, si no, que le pregunten a <strong>Mariana \u00c1vila<\/strong>, una modelo espa\u00f1ola, con S\u00edndrome de Down, que cumpli\u00f3 su sue\u00f1o de desfilar en la Fashion Week de Nueva York, gracias a Facebook.<\/p>\n<p>\u00abMe sent\u00ed muy feliz y realmente am\u00e9 la pasarela\u00bb, coment\u00f3 \u00c1vila una vez finalizado el desfile. \u00abQuiero demostrarle al mundo que no existen barreras\u00bb, a\u00f1adi\u00f3 tras debutar como una de las integrantes del ej\u00e9rcito de maniqu\u00edes de la dise\u00f1adora <strong>Talisha White<\/strong>, en la pasarela del Park Central Hotel 870.<\/p>\n<blockquote class=\"instagram-media\" style=\"background: #FFF; border: 0; border-radius: 3px; box-shadow: 0 0 1px 0 rgba(0,0,0,0.5),0 1px 10px 0 rgba(0,0,0,0.15); margin: 1px; max-width: 540px; min-width: 326px; padding: 0; width: calc(100% - 2px);\" data-instgrm-captioned=\"\" data-instgrm-permalink=\"https:\/\/www.instagram.com\/p\/BniEa6UnjDI\/?utm_source=ig_embed_loading\" data-instgrm-version=\"12\">\n<div style=\"padding: 16px;\">\n<p>&nbsp;<\/p>\n<div style=\"display: flex; flex-direction: row; align-items: center;\"><\/div>\n<div style=\"padding: 19% 0;\"><\/div>\n<div style=\"display: block; height: 50px; margin: 0 auto 12px; width: 50px;\"><\/div>\n<div style=\"padding-top: 8px;\">\n<div style=\"color: #3897f0; font-family: Arial,sans-serif; font-size: 14px; font-style: normal; font-weight: 550; line-height: 18px;\">Ver esta publicaci\u00f3n en Instagram<\/div>\n<\/div>\n<div style=\"padding: 12.5% 0;\"><\/div>\n<div style=\"display: flex; flex-direction: row; margin-bottom: 14px; align-items: center;\"><\/div>\n<p>&nbsp;<\/p>\n<p style=\"margin: 8px 0 0 0; padding: 0 4px;\"><a href=\"https:\/\/www.instagram.com\/p\/BniEa6UnjDI\/?utm_source=ig_embed_loading\"style=\"color: #000; font-family: Arial,sans-serif; font-size: 14px; font-style: normal; font-weight: normal; line-height: 17px; text-decoration: none; word-wrap: break-word;\"  target=\"_blank\" rel=\"noopener\" target=\"_blank\">Los sue\u00f1os s\u00ed se cumplen. Los milagros existen. \ud83d\udc57@talishawhite_ \ud83d\udc61@deblossomshoes \ud83d\udcf8@angelaavp \u2728\u2728\u2728 Dreams do come true. Miracles can happen. #marianavilamodel #talishawhite #deblossomshoes #love #nyfw<\/a><\/p>\n<p style=\"color: #c9c8cd; font-family: Arial,sans-serif; font-size: 14px; line-height: 17px; margin-bottom: 0; margin-top: 8px; overflow: hidden; padding: 8px 0 7px; text-align: center; text-overflow: ellipsis; white-space: nowrap;\">Una publicaci\u00f3n compartida de <a href=\"https:\/\/www.instagram.com\/marianavilamodel\/?utm_source=ig_embed_loading\"style=\"color: #c9c8cd; font-family: Arial,sans-serif; font-size: 14px; font-style: normal; font-weight: normal; line-height: 17px;\"  target=\"_blank\" rel=\"noopener\" target=\"_blank\"> Marian Avila<\/a> (@marianavilamodel) el <time style=\"font-family: Arial,sans-serif; font-size: 14px; line-height: 17px;\" datetime=\"2018-09-10T04:33:25+00:00\">9 Sep, 2018 a las 9:33 PDT<\/time><\/p>\n<\/div>\n<\/blockquote>\n<p><script async defer src=\"\/\/www.instagram.com\/embed.js\"><\/script><\/p>\n<p>A trav\u00e9s de Facebook, <strong>Mariana \u00c1vila<\/strong> siempre comparti\u00f3 su historia de superaci\u00f3n y su entrenamiento diario para poder llegar a ser modelo y actriz. Fue as\u00ed como su historia lleg\u00f3 a o\u00eddos de\u00a0<strong>Kenzie Dugmore<\/strong>, qui\u00e9n este a\u00f1o se hizo con el t\u00edtulo de <strong>Miss Citrus State Jr adolescente<\/strong>. Dentro de su cargo, la joven estadounidense pod\u00eda elegir dos causas ben\u00e9ficas a las que apoyar y decidi\u00f3 que estas fueran el bullying y la lucha contra el estigma del s\u00edndrome de Down. As\u00ed que, ni corta ni perezosa, Kenzie contact\u00f3 a <strong>Mariana \u00c1vila<\/strong> por redes sociales y le explic\u00f3 que era hija de la coordinadora de modelos de NYFW y que, si estaba interesada, le gustar\u00eda hacer su sue\u00f1o realidad.<\/p>\n<p>Como podr\u00e9is imaginar, a la joven promesa espa\u00f1ola le falt\u00f3 tiempo para decir que s\u00ed y adentrarse en la aventura m\u00e1s importante de su vida con una joven a la que hoy se refiere como \u00abmi \u00e1ngel\u00bb.<\/p>\n<blockquote class=\"instagram-media\" style=\"background: #FFF; border: 0; border-radius: 3px; box-shadow: 0 0 1px 0 rgba(0,0,0,0.5),0 1px 10px 0 rgba(0,0,0,0.15); margin: 1px; max-width: 540px; min-width: 326px; padding: 0; width: calc(100% - 2px);\" data-instgrm-captioned=\"\" data-instgrm-permalink=\"https:\/\/www.instagram.com\/p\/BnfXMVOD8iL\/?utm_source=ig_embed_loading\" data-instgrm-version=\"12\">\n<div style=\"padding: 16px;\">\n<p>&nbsp;<\/p>\n<div style=\"display: flex; flex-direction: row; align-items: center;\"><\/div>\n<div style=\"padding: 19% 0;\"><\/div>\n<div style=\"display: block; height: 50px; margin: 0 auto 12px; width: 50px;\"><\/div>\n<div style=\"padding-top: 8px;\">\n<div style=\"color: #3897f0; font-family: Arial,sans-serif; font-size: 14px; font-style: normal; font-weight: 550; line-height: 18px;\">Ver esta publicaci\u00f3n en Instagram<\/div>\n<\/div>\n<div style=\"padding: 12.5% 0;\"><\/div>\n<div style=\"display: flex; flex-direction: row; margin-bottom: 14px; align-items: center;\"><\/div>\n<p>&nbsp;<\/p>\n<p style=\"margin: 8px 0 0 0; padding: 0 4px;\"><a href=\"https:\/\/www.instagram.com\/p\/BnfXMVOD8iL\/?utm_source=ig_embed_loading\"style=\"color: #000; font-family: Arial,sans-serif; font-size: 14px; font-style: normal; font-weight: normal; line-height: 17px; text-decoration: none; word-wrap: break-word;\"  target=\"_blank\" rel=\"noopener\" target=\"_blank\">#mariansdream came true! #nyfw<\/a><\/p>\n<p style=\"color: #c9c8cd; font-family: Arial,sans-serif; font-size: 14px; line-height: 17px; margin-bottom: 0; margin-top: 8px; overflow: hidden; padding: 8px 0 7px; text-align: center; text-overflow: ellipsis; white-space: nowrap;\">Una publicaci\u00f3n compartida de <a href=\"https:\/\/www.instagram.com\/kenzielauren_future_rn\/?utm_source=ig_embed_loading\"style=\"color: #c9c8cd; font-family: Arial,sans-serif; font-size: 14px; font-style: normal; font-weight: normal; line-height: 17px;\"  target=\"_blank\" rel=\"noopener\" target=\"_blank\"> Kenzie Lauren PTHS 2022 LPN<\/a> (@kenzielauren_future_rn) el <time style=\"font-family: Arial,sans-serif; font-size: 14px; line-height: 17px;\" datetime=\"2018-09-09T03:19:44+00:00\">8 Sep, 2018 a las 8:19 PDT<\/time><\/p>\n<\/div>\n<\/blockquote>\n<p><script async defer src=\"\/\/www.instagram.com\/embed.js\"><\/script><\/p>\n<p>Lo mejor de todo es que su historia ha dado la vuelta al mundo y ya le han hecho varias entrevistas, adem\u00e1s de protagonizar los principales titulares de NYFW. Lo sentimos por <strong>Hailey Baldwin, Kendall Jenner<\/strong> y el resto de celebridades, <strong>Mariana \u00c1vila<\/strong> ha llegado y piensa quedarse&#8230;<\/p>\n<blockquote class=\"instagram-media\" style=\"background: #FFF; border: 0; border-radius: 3px; box-shadow: 0 0 1px 0 rgba(0,0,0,0.5),0 1px 10px 0 rgba(0,0,0,0.15); margin: 1px; max-width: 540px; min-width: 326px; padding: 0; width: calc(100% - 2px);\" data-instgrm-captioned=\"\" data-instgrm-permalink=\"https:\/\/www.instagram.com\/p\/Bnd9smgHnX1\/?utm_source=ig_embed_loading\" data-instgrm-version=\"12\">\n<div style=\"padding: 16px;\">\n<p>&nbsp;<\/p>\n<div style=\"display: flex; flex-direction: row; align-items: center;\"><\/div>\n<div style=\"padding: 19% 0;\"><\/div>\n<div style=\"display: block; height: 50px; margin: 0 auto 12px; width: 50px;\"><\/div>\n<div style=\"padding-top: 8px;\">\n<div style=\"color: #3897f0; font-family: Arial,sans-serif; font-size: 14px; font-style: normal; font-weight: 550; line-height: 18px;\">Ver esta publicaci\u00f3n en Instagram<\/div>\n<\/div>\n<div style=\"padding: 12.5% 0;\"><\/div>\n<div style=\"display: flex; flex-direction: row; margin-bottom: 14px; align-items: center;\"><\/div>\n<p>&nbsp;<\/p>\n<p style=\"margin: 8px 0 0 0; padding: 0 4px;\"><a href=\"https:\/\/www.instagram.com\/p\/Bnd9smgHnX1\/?utm_source=ig_embed_loading\"style=\"color: #000; font-family: Arial,sans-serif; font-size: 14px; font-style: normal; font-weight: normal; line-height: 17px; text-decoration: none; word-wrap: break-word;\"  target=\"_blank\" rel=\"noopener\" target=\"_blank\">Backstage \ud83c\udfa5 @cnn \ud83d\udcf8@angelaavp #marianavilamodel<\/a><\/p>\n<p style=\"color: #c9c8cd; font-family: Arial,sans-serif; font-size: 14px; line-height: 17px; margin-bottom: 0; margin-top: 8px; overflow: hidden; padding: 8px 0 7px; text-align: center; text-overflow: ellipsis; white-space: nowrap;\">Una publicaci\u00f3n compartida de <a href=\"https:\/\/www.instagram.com\/marianavilamodel\/?utm_source=ig_embed_loading\"style=\"color: #c9c8cd; font-family: Arial,sans-serif; font-size: 14px; font-style: normal; font-weight: normal; line-height: 17px;\"  target=\"_blank\" rel=\"noopener\" target=\"_blank\"> Marian Avila<\/a> (@marianavilamodel) el <time style=\"font-family: Arial,sans-serif; font-size: 14px; line-height: 17px;\" datetime=\"2018-09-08T14:17:42+00:00\">8 Sep, 2018 a las 7:17 PDT<\/time><\/p>\n<\/div>\n<\/blockquote>\n<p><script async defer src=\"\/\/www.instagram.com\/embed.js\"><\/script><\/p>\n<p><em>Fotos: Cortes\u00eda<\/em><\/p>\n","protected":false},"author":11623,"featured_media":0,"template":"","format":"standard","categories":[13,1],"acf":[],"yoast_head":"<!-- This site is optimized with the Yoast SEO Premium plugin v18.5 (Yoast SEO v20.4) - https:\/\/yoast.com\/wordpress\/plugins\/seo\/ -->\n<title>Mariana \u00c1vila, la modelo espa\u00f1ola con S\u00edndrome de Down que arrasa en la NYFW | Grazia<\/title>\n<meta name=\"description\" content=\"Fue gracias a su historia en redes sociales como encontr\u00f3 al hada madrina que la ha llevado a una de las pasarelas m\u00e1s importantes del mundo.\" \/>\n<meta name=\"robots\" content=\"index, follow, max-snippet:-1, max-image-preview:large, max-video-preview:-1\" \/>\n<link rel=\"canonical\" href=\"https:\/\/graziamagazine.com\/es\/articles\/mariana-avila-la-modelo-espanola-con-sindrome-de-down-que-arrasa-en-la-nyfw\/\" \/>\n<meta property=\"og:locale\" content=\"es_ES\" \/>\n<meta property=\"og:type\" content=\"article\" \/>\n<meta property=\"og:title\" content=\"Mariana \u00c1vila, la modelo espa\u00f1ola con S\u00edndrome de Down que arrasa en la NYFW\" \/>\n<meta property=\"og:description\" content=\"Fue gracias a su historia en redes sociales como encontr\u00f3 al hada madrina que la ha llevado a una de las pasarelas m\u00e1s importantes del mundo.\" \/>\n<meta property=\"og:url\" content=\"https:\/\/graziamagazine.com\/es\/articles\/mariana-avila-la-modelo-espanola-con-sindrome-de-down-que-arrasa-en-la-nyfw\/\" \/>\n<meta property=\"og:site_name\" content=\"Grazia\" \/>\n<meta property=\"article:modified_time\" content=\"2018-09-10T16:52:31+00:00\" \/>\n<meta property=\"og:image\" content=\"https:\/\/graziamagazine.com\/es\/wp-content\/uploads\/sites\/12\/2018\/09\/Captura-de-pantalla-2018-09-10-a-las-11.51.09.png?fit=601%2C600\" \/>\n\t<meta property=\"og:image:width\" content=\"601\" \/>\n\t<meta property=\"og:image:height\" content=\"600\" \/>\n\t<meta property=\"og:image:type\" content=\"image\/png\" \/>\n<meta name=\"twitter:card\" content=\"summary_large_image\" \/>\n<meta name=\"twitter:image\" content=\"http:\/\/s3-eu-west-1.amazonaws.com\/grazia-cdn\/wp-content\/uploads\/sites\/12\/2018\/09\/Captura-de-pantalla-2018-09-10-a-las-11.51.09.png\" \/>\n<meta name=\"twitter:label1\" content=\"Est. reading time\" \/>\n\t<meta name=\"twitter:data1\" content=\"2 minutos\" \/>\n<script type=\"application\/ld+json\" class=\"yoast-schema-graph\">{\"@context\":\"https:\/\/schema.org\",\"@graph\":[{\"@type\":\"WebPage\",\"@id\":\"https:\/\/graziamagazine.com\/es\/articles\/mariana-avila-la-modelo-espanola-con-sindrome-de-down-que-arrasa-en-la-nyfw\/\",\"url\":\"https:\/\/graziamagazine.com\/es\/articles\/mariana-avila-la-modelo-espanola-con-sindrome-de-down-que-arrasa-en-la-nyfw\/\",\"name\":\"Mariana \u00c1vila, la modelo espa\u00f1ola con S\u00edndrome de Down que arrasa en la NYFW | Grazia\",\"isPartOf\":{\"@id\":\"https:\/\/graziamagazine.com\/es\/#website\"},\"datePublished\":\"2018-09-10T16:52:28+00:00\",\"dateModified\":\"2018-09-10T16:52:31+00:00\",\"description\":\"Fue gracias a su historia en redes sociales como encontr\u00f3 al hada madrina que la ha llevado a una de las pasarelas m\u00e1s importantes del mundo.\",\"breadcrumb\":{\"@id\":\"https:\/\/graziamagazine.com\/es\/articles\/mariana-avila-la-modelo-espanola-con-sindrome-de-down-que-arrasa-en-la-nyfw\/#breadcrumb\"},\"inLanguage\":\"es\",\"potentialAction\":[{\"@type\":\"ReadAction\",\"target\":[\"https:\/\/graziamagazine.com\/es\/articles\/mariana-avila-la-modelo-espanola-con-sindrome-de-down-que-arrasa-en-la-nyfw\/\"]}]},{\"@type\":\"BreadcrumbList\",\"@id\":\"https:\/\/graziamagazine.com\/es\/articles\/mariana-avila-la-modelo-espanola-con-sindrome-de-down-que-arrasa-en-la-nyfw\/#breadcrumb\",\"itemListElement\":[{\"@type\":\"ListItem\",\"position\":1,\"name\":\"Portada\",\"item\":\"https:\/\/graziamagazine.com\/es\/\"},{\"@type\":\"ListItem\",\"position\":2,\"name\":\"Mariana \u00c1vila, la modelo espa\u00f1ola con S\u00edndrome de Down que arrasa en la NYFW\"}]},{\"@type\":\"WebSite\",\"@id\":\"https:\/\/graziamagazine.com\/es\/#website\",\"url\":\"https:\/\/graziamagazine.com\/es\/\",\"name\":\"Grazia\",\"description\":\"Moda, belleza, celebrities, estilo de vida...\",\"potentialAction\":[{\"@type\":\"SearchAction\",\"target\":{\"@type\":\"EntryPoint\",\"urlTemplate\":\"https:\/\/graziamagazine.com\/es\/?s={search_term_string}\"},\"query-input\":\"required name=search_term_string\"}],\"inLanguage\":\"es\"}]}<\/script>\n<!-- \/ Yoast SEO Premium plugin. -->","yoast_head_json":{"title":"Mariana \u00c1vila, la modelo espa\u00f1ola con S\u00edndrome de Down que arrasa en la NYFW | Grazia","description":"Fue gracias a su historia en redes sociales como encontr\u00f3 al hada madrina que la ha llevado a una de las pasarelas m\u00e1s importantes del mundo.","robots":{"index":"index","follow":"follow","max-snippet":"max-snippet:-1","max-image-preview":"max-image-preview:large","max-video-preview":"max-video-preview:-1"},"canonical":"https:\/\/graziamagazine.com\/es\/articles\/mariana-avila-la-modelo-espanola-con-sindrome-de-down-que-arrasa-en-la-nyfw\/","og_locale":"es_ES","og_type":"article","og_title":"Mariana \u00c1vila, la modelo espa\u00f1ola con S\u00edndrome de Down que arrasa en la NYFW","og_description":"Fue gracias a su historia en redes sociales como encontr\u00f3 al hada madrina que la ha llevado a una de las pasarelas m\u00e1s importantes del mundo.","og_url":"https:\/\/graziamagazine.com\/es\/articles\/mariana-avila-la-modelo-espanola-con-sindrome-de-down-que-arrasa-en-la-nyfw\/","og_site_name":"Grazia","article_modified_time":"2018-09-10T16:52:31+00:00","og_image":[{"width":601,"height":600,"url":"https:\/\/graziamagazine.com\/es\/wp-content\/uploads\/sites\/12\/2018\/09\/Captura-de-pantalla-2018-09-10-a-las-11.51.09.png?fit=601%2C600","type":"image\/png"}],"twitter_card":"summary_large_image","twitter_image":"http:\/\/s3-eu-west-1.amazonaws.com\/grazia-cdn\/wp-content\/uploads\/sites\/12\/2018\/09\/Captura-de-pantalla-2018-09-10-a-las-11.51.09.png","twitter_misc":{"Est. reading time":"2 minutos"},"schema":{"@context":"https:\/\/schema.org","@graph":[{"@type":"WebPage","@id":"https:\/\/graziamagazine.com\/es\/articles\/mariana-avila-la-modelo-espanola-con-sindrome-de-down-que-arrasa-en-la-nyfw\/","url":"https:\/\/graziamagazine.com\/es\/articles\/mariana-avila-la-modelo-espanola-con-sindrome-de-down-que-arrasa-en-la-nyfw\/","name":"Mariana \u00c1vila, la modelo espa\u00f1ola con S\u00edndrome de Down que arrasa en la NYFW | Grazia","isPartOf":{"@id":"https:\/\/graziamagazine.com\/es\/#website"},"datePublished":"2018-09-10T16:52:28+00:00","dateModified":"2018-09-10T16:52:31+00:00","description":"Fue gracias a su historia en redes sociales como encontr\u00f3 al hada madrina que la ha llevado a una de las pasarelas m\u00e1s importantes del mundo.","breadcrumb":{"@id":"https:\/\/graziamagazine.com\/es\/articles\/mariana-avila-la-modelo-espanola-con-sindrome-de-down-que-arrasa-en-la-nyfw\/#breadcrumb"},"inLanguage":"es","potentialAction":[{"@type":"ReadAction","target":["https:\/\/graziamagazine.com\/es\/articles\/mariana-avila-la-modelo-espanola-con-sindrome-de-down-que-arrasa-en-la-nyfw\/"]}]},{"@type":"BreadcrumbList","@id":"https:\/\/graziamagazine.com\/es\/articles\/mariana-avila-la-modelo-espanola-con-sindrome-de-down-que-arrasa-en-la-nyfw\/#breadcrumb","itemListElement":[{"@type":"ListItem","position":1,"name":"Portada","item":"https:\/\/graziamagazine.com\/es\/"},{"@type":"ListItem","position":2,"name":"Mariana \u00c1vila, la modelo espa\u00f1ola con S\u00edndrome de Down que arrasa en la NYFW"}]},{"@type":"WebSite","@id":"https:\/\/graziamagazine.com\/es\/#website","url":"https:\/\/graziamagazine.com\/es\/","name":"Grazia","description":"Moda, belleza, celebrities, estilo de vida...","potentialAction":[{"@type":"SearchAction","target":{"@type":"EntryPoint","urlTemplate":"https:\/\/graziamagazine.com\/es\/?s={search_term_string}"},"query-input":"required name=search_term_string"}],"inLanguage":"es"}]}},"jetpack_sharing_enabled":true,"distributor_meta":false,"distributor_terms":false,"distributor_media":false,"distributor_original_site_name":"Grazia","distributor_original_site_url":"https:\/\/graziamagazine.com\/es","push-errors":false,"_links":{"self":[{"href":"https:\/\/graziamagazine.com\/es\/wp-json\/wp\/v2\/articles\/140725"}],"collection":[{"href":"https:\/\/graziamagazine.com\/es\/wp-json\/wp\/v2\/articles"}],"about":[{"href":"https:\/\/graziamagazine.com\/es\/wp-json\/wp\/v2\/types\/articles"}],"author":[{"embeddable":true,"href":"https:\/\/graziamagazine.com\/es\/wp-json\/wp\/v2\/users\/11623"}],"wp:attachment":[{"href":"https:\/\/graziamagazine.com\/es\/wp-json\/wp\/v2\/media?parent=140725"}],"wp:term":[{"taxonomy":"category","embeddable":true,"href":"https:\/\/graziamagazine.com\/es\/wp-json\/wp\/v2\/categories?post=140725"}],"curies":[{"name":"wp","href":"https:\/\/api.w.org\/{rel}","templated":true}]}}