{"id":140489,"date":"2018-09-03T18:06:24","date_gmt":"2018-09-03T16:06:24","guid":{"rendered":"https:\/\/graziamagazine.com\/es\/?p=140489"},"modified":"2018-09-03T18:06:29","modified_gmt":"2018-09-03T16:06:29","slug":"adios-a-celine-al-menos-tal-y-como-lo-conociamos-hasta-ahora","status":"publish","type":"articles","link":"https:\/\/graziamagazine.com\/es\/articles\/adios-a-celine-al-menos-tal-y-como-lo-conociamos-hasta-ahora\/","title":{"rendered":"Adi\u00f3s a C\u00e9line (al menos, tal y como lo conoc\u00edamos hasta ahora)"},"content":{"rendered":"<p>La desventaja de inaugurar una era al mismo tiempo que lo hace otro director creativo (<a href=\"https:\/\/graziamagazine.com\/es\/moda\/burberry-se-reinventa-con-una-nueva-version-de-su-logo\/\">en este caso,\u00a0<i>chief creative officer<\/i><\/a>) es que est\u00e1s compitiendo, en cierto sentido, con la primicia. Pero cuando se trata de\u00a0<b>Hedi Slimane<\/b>, por razones obvias, lo inesperado es de esperarse \u2014valga la redundancia\u2014.<\/p>\n<p>Su primer art\u00edculo fue, repentinamente, presentado por\u00a0<b>Lady Gaga<\/b>\u00a0mientras paseaba por la calles de Par\u00eds. Y ahora, el nuevo logo, como ya lo hab\u00edamos anticipado, ya tuvo su propio\u00a0<i>makeover<\/i>\u00a0\u2014algo as\u00ed como el\u00a0<i>Hedi treatment<\/i>\u2014.<\/p>\n<p>Para empezar con la nueva era, el Instagram de la firma, naturalmente, fue eliminado por completo \u2014no m\u00e1s\u00a0<strong>Phoebe Philo<\/strong>\u2014. Despu\u00e9s, el nuevo logo fue publicado acompa\u00f1ado de un fondo dorado y una pista ambiental.<\/p>\n<blockquote class=\"instagram-media\" style=\"background: #FFF; border: 0; border-radius: 3px; box-shadow: 0 0 1px 0 rgba(0,0,0,0.5),0 1px 10px 0 rgba(0,0,0,0.15); margin: 1px; max-width: 540px; min-width: 326px; padding: 0; width: calc(100% - 2px);\" data-instgrm-captioned=\"\" data-instgrm-permalink=\"https:\/\/www.instagram.com\/p\/BnPJ6l2lZkM\/?utm_source=ig_embed\" data-instgrm-version=\"9\">\n<div style=\"padding: 8px;\">\n<div style=\"background: #F8F8F8; line-height: 0; margin-top: 40px; padding: 62.5% 0; text-align: center; width: 100%;\"><\/div>\n<p style=\"margin: 8px 0 0 0; padding: 0 4px;\"><a href=\"https:\/\/www.instagram.com\/p\/BnPJ6l2lZkM\/?utm_source=ig_embed\"style=\"color: #000; font-family: Arial,sans-serif; font-size: 14px; font-style: normal; font-weight: normal; line-height: 17px; text-decoration: none; word-wrap: break-word;\"  target=\"_blank\" rel=\"noopener\" target=\"_blank\">THE NEW LOGO HAS BEEN DIRECTLY INSPIRED BY THE ORIGINAL, HISTORICAL, VERSION THAT EXISTED IN THE 1960\u2019S.\u2800\u2800\u2800\u2800\u2800\u2800\u2800\u2800\u2800\u2800 \u2800\u2800\u2800\u2800\u2800\u2800\u2800\u2800\u2800\u2800\u2800 THE MODERNIST TYPOGRAPHY USED DATES FROM THE 1930\u2019S. \u2800\u2800\u2800\u2800\u2800\u2800\u2800\u2800\u2800\u2800 THE ACCENT ON THE \u201cE\u201d HAS BEEN REMOVED TO ENABLE A SIMPLIFIED AND MORE BALANCED PROPORTION, EVOKING THE CELINE COLLECTIONS OF THE 1960\u2019S WHERE THE ACCENT WASN\u2019T USED OFTEN. \u2800\u2800\u2800\u2800\u2800\u2800\u2800\u2800\u2800\u2800 THE SPACING BETWEEN THE LETTERS HAS BEEN BALANCED OUT AND THE LETTERS HAVE BEEN BROUGHT CLOSER TOGETHER. \u2800\u2800\u2800\u2800\u2800\u2800\u2800\u2800\u2800\u2800 THE 1960\u2019S VERSION OF THE LOGO INCLUDING THE WORD \u201cPARIS\u201d, WILL BE REINSTATED WITHIN THE CLOTHING AND ON PACKAGING, HOWEVER \u201cPARIS\u00bb WILL NOT APPEAR BENEATH THE LOGO ON CAMPAIGNS. \u2800\u2800\u2800\u2800\u2800\u2800\u2800\u2800\u2800\u2800 #CELINEBYHEDISLIMANE<\/a><\/p>\n<p style=\"color: #c9c8cd; font-family: Arial,sans-serif; font-size: 14px; line-height: 17px; margin-bottom: 0; margin-top: 8px; overflow: hidden; padding: 8px 0 7px; text-align: center; text-overflow: ellipsis; white-space: nowrap;\">Una publicaci\u00f3n compartida de <a href=\"https:\/\/www.instagram.com\/celine\/?utm_source=ig_embed\"style=\"color: #c9c8cd; font-family: Arial,sans-serif; font-size: 14px; font-style: normal; font-weight: normal; line-height: 17px;\"  target=\"_blank\" rel=\"noopener\" target=\"_blank\"> CELINE<\/a> (@celine) el <time style=\"font-family: Arial,sans-serif; font-size: 14px; line-height: 17px;\" datetime=\"2018-09-02T20:16:16+00:00\">2 Sep, 2018 a las 1:16 PDT<\/time><\/p>\n<\/div>\n<\/blockquote>\n<p><script async defer src=\"\/\/www.instagram.com\/embed.js\"><\/script><\/p>\n<p>De acuerdo con la breve explicaci\u00f3n, la nueva tipograf\u00eda de\u00a0<b>Celine<\/b>\u00a0est\u00e1 inspirada en el movimiento moderno de los a\u00f1os treinta. El acento desapareci\u00f3 simplemente por est\u00e9tica, \u201cpara permitir una proporci\u00f3n m\u00e1s simplificada y balanceada, evocando las colecciones de Celine de los a\u00f1os sesenta donde el acento no era utilizado con regularidad\u201d. En cuanto al \u201cParis\u201d, de acuerdo con el anuncio, la ciudad desaparecer\u00e1 en las campa\u00f1as publicitarias pero seguir\u00e1 siendo utilizada en las etiquetas y en los empaques.<\/p>\n<p>La mejor forma de leer a Hedi es indudablemente entre l\u00edneas. \u00bfSer\u00e1 su colecci\u00f3n un nost\u00e1lgico viaje a los sesenta? Por ahora, el minimalismo (la esencia) concebido por Philo sigue ah\u00ed presente. Eso s\u00ed, la tipograf\u00eda resulto ser m\u00e1s en\u00e9rgica, llamativa y vigorosa.<\/p>\n<p><em>Fotos: Cortes\u00eda<\/em><\/p>\n","protected":false},"author":11641,"featured_media":0,"template":"","format":"standard","categories":[1],"acf":[],"yoast_head":"<!-- This site is optimized with the Yoast SEO Premium plugin v18.5 (Yoast SEO v20.4) - https:\/\/yoast.com\/wordpress\/plugins\/seo\/ -->\n<title>Adi\u00f3s a C\u00e9line (al menos, tal y como lo conoc\u00edamos hasta ahora) | Grazia<\/title>\n<meta name=\"description\" content=\"Hedi Slimane da a conocer el nuevo logo de la firma, \u00bfqu\u00e9 te parece el cambio?\" \/>\n<meta name=\"robots\" content=\"index, follow, max-snippet:-1, max-image-preview:large, max-video-preview:-1\" \/>\n<link rel=\"canonical\" href=\"https:\/\/graziamagazine.com\/es\/articles\/adios-a-celine-al-menos-tal-y-como-lo-conociamos-hasta-ahora\/\" \/>\n<meta property=\"og:locale\" content=\"es_ES\" \/>\n<meta property=\"og:type\" content=\"article\" \/>\n<meta property=\"og:title\" content=\"Adi\u00f3s a C\u00e9line (al menos, tal y como lo conoc\u00edamos hasta ahora)\" \/>\n<meta property=\"og:description\" content=\"Hedi Slimane da a conocer el nuevo logo de la firma, \u00bfqu\u00e9 te parece el cambio?\" \/>\n<meta property=\"og:url\" content=\"https:\/\/graziamagazine.com\/es\/articles\/adios-a-celine-al-menos-tal-y-como-lo-conociamos-hasta-ahora\/\" \/>\n<meta property=\"og:site_name\" content=\"Grazia\" \/>\n<meta property=\"article:modified_time\" content=\"2018-09-03T16:06:29+00:00\" \/>\n<meta property=\"og:image\" content=\"https:\/\/graziamagazine.com\/es\/wp-content\/uploads\/sites\/12\/2018\/09\/hedi-slimane-le-quita-el-acento-a-celine-o-bueno-celine-destacada.jpg?fit=1000%2C666\" \/>\n\t<meta property=\"og:image:width\" content=\"1000\" \/>\n\t<meta property=\"og:image:height\" content=\"666\" \/>\n\t<meta property=\"og:image:type\" content=\"image\/jpeg\" \/>\n<meta name=\"twitter:card\" content=\"summary_large_image\" \/>\n<meta name=\"twitter:image\" content=\"http:\/\/s3-eu-west-1.amazonaws.com\/grazia-cdn\/wp-content\/uploads\/sites\/12\/2018\/09\/hedi-slimane-le-quita-el-acento-a-celine-o-bueno-celine-destacada.jpg\" \/>\n<meta name=\"twitter:label1\" content=\"Est. reading time\" \/>\n\t<meta name=\"twitter:data1\" content=\"2 minutos\" \/>\n<script type=\"application\/ld+json\" class=\"yoast-schema-graph\">{\"@context\":\"https:\/\/schema.org\",\"@graph\":[{\"@type\":\"WebPage\",\"@id\":\"https:\/\/graziamagazine.com\/es\/articles\/adios-a-celine-al-menos-tal-y-como-lo-conociamos-hasta-ahora\/\",\"url\":\"https:\/\/graziamagazine.com\/es\/articles\/adios-a-celine-al-menos-tal-y-como-lo-conociamos-hasta-ahora\/\",\"name\":\"Adi\u00f3s a C\u00e9line (al menos, tal y como lo conoc\u00edamos hasta ahora) | Grazia\",\"isPartOf\":{\"@id\":\"https:\/\/graziamagazine.com\/es\/#website\"},\"datePublished\":\"2018-09-03T16:06:24+00:00\",\"dateModified\":\"2018-09-03T16:06:29+00:00\",\"description\":\"Hedi Slimane da a conocer el nuevo logo de la firma, \u00bfqu\u00e9 te parece el cambio?\",\"breadcrumb\":{\"@id\":\"https:\/\/graziamagazine.com\/es\/articles\/adios-a-celine-al-menos-tal-y-como-lo-conociamos-hasta-ahora\/#breadcrumb\"},\"inLanguage\":\"es\",\"potentialAction\":[{\"@type\":\"ReadAction\",\"target\":[\"https:\/\/graziamagazine.com\/es\/articles\/adios-a-celine-al-menos-tal-y-como-lo-conociamos-hasta-ahora\/\"]}]},{\"@type\":\"BreadcrumbList\",\"@id\":\"https:\/\/graziamagazine.com\/es\/articles\/adios-a-celine-al-menos-tal-y-como-lo-conociamos-hasta-ahora\/#breadcrumb\",\"itemListElement\":[{\"@type\":\"ListItem\",\"position\":1,\"name\":\"Portada\",\"item\":\"https:\/\/graziamagazine.com\/es\/\"},{\"@type\":\"ListItem\",\"position\":2,\"name\":\"Adi\u00f3s a C\u00e9line (al menos, tal y como lo conoc\u00edamos hasta ahora)\"}]},{\"@type\":\"WebSite\",\"@id\":\"https:\/\/graziamagazine.com\/es\/#website\",\"url\":\"https:\/\/graziamagazine.com\/es\/\",\"name\":\"Grazia\",\"description\":\"Moda, belleza, celebrities, estilo de vida...\",\"potentialAction\":[{\"@type\":\"SearchAction\",\"target\":{\"@type\":\"EntryPoint\",\"urlTemplate\":\"https:\/\/graziamagazine.com\/es\/?s={search_term_string}\"},\"query-input\":\"required name=search_term_string\"}],\"inLanguage\":\"es\"}]}<\/script>\n<!-- \/ Yoast SEO Premium plugin. -->","yoast_head_json":{"title":"Adi\u00f3s a C\u00e9line (al menos, tal y como lo conoc\u00edamos hasta ahora) | Grazia","description":"Hedi Slimane da a conocer el nuevo logo de la firma, \u00bfqu\u00e9 te parece el cambio?","robots":{"index":"index","follow":"follow","max-snippet":"max-snippet:-1","max-image-preview":"max-image-preview:large","max-video-preview":"max-video-preview:-1"},"canonical":"https:\/\/graziamagazine.com\/es\/articles\/adios-a-celine-al-menos-tal-y-como-lo-conociamos-hasta-ahora\/","og_locale":"es_ES","og_type":"article","og_title":"Adi\u00f3s a C\u00e9line (al menos, tal y como lo conoc\u00edamos hasta ahora)","og_description":"Hedi Slimane da a conocer el nuevo logo de la firma, \u00bfqu\u00e9 te parece el cambio?","og_url":"https:\/\/graziamagazine.com\/es\/articles\/adios-a-celine-al-menos-tal-y-como-lo-conociamos-hasta-ahora\/","og_site_name":"Grazia","article_modified_time":"2018-09-03T16:06:29+00:00","og_image":[{"width":1000,"height":666,"url":"https:\/\/graziamagazine.com\/es\/wp-content\/uploads\/sites\/12\/2018\/09\/hedi-slimane-le-quita-el-acento-a-celine-o-bueno-celine-destacada.jpg?fit=1000%2C666","type":"image\/jpeg"}],"twitter_card":"summary_large_image","twitter_image":"http:\/\/s3-eu-west-1.amazonaws.com\/grazia-cdn\/wp-content\/uploads\/sites\/12\/2018\/09\/hedi-slimane-le-quita-el-acento-a-celine-o-bueno-celine-destacada.jpg","twitter_misc":{"Est. reading time":"2 minutos"},"schema":{"@context":"https:\/\/schema.org","@graph":[{"@type":"WebPage","@id":"https:\/\/graziamagazine.com\/es\/articles\/adios-a-celine-al-menos-tal-y-como-lo-conociamos-hasta-ahora\/","url":"https:\/\/graziamagazine.com\/es\/articles\/adios-a-celine-al-menos-tal-y-como-lo-conociamos-hasta-ahora\/","name":"Adi\u00f3s a C\u00e9line (al menos, tal y como lo conoc\u00edamos hasta ahora) | Grazia","isPartOf":{"@id":"https:\/\/graziamagazine.com\/es\/#website"},"datePublished":"2018-09-03T16:06:24+00:00","dateModified":"2018-09-03T16:06:29+00:00","description":"Hedi Slimane da a conocer el nuevo logo de la firma, \u00bfqu\u00e9 te parece el cambio?","breadcrumb":{"@id":"https:\/\/graziamagazine.com\/es\/articles\/adios-a-celine-al-menos-tal-y-como-lo-conociamos-hasta-ahora\/#breadcrumb"},"inLanguage":"es","potentialAction":[{"@type":"ReadAction","target":["https:\/\/graziamagazine.com\/es\/articles\/adios-a-celine-al-menos-tal-y-como-lo-conociamos-hasta-ahora\/"]}]},{"@type":"BreadcrumbList","@id":"https:\/\/graziamagazine.com\/es\/articles\/adios-a-celine-al-menos-tal-y-como-lo-conociamos-hasta-ahora\/#breadcrumb","itemListElement":[{"@type":"ListItem","position":1,"name":"Portada","item":"https:\/\/graziamagazine.com\/es\/"},{"@type":"ListItem","position":2,"name":"Adi\u00f3s a C\u00e9line (al menos, tal y como lo conoc\u00edamos hasta ahora)"}]},{"@type":"WebSite","@id":"https:\/\/graziamagazine.com\/es\/#website","url":"https:\/\/graziamagazine.com\/es\/","name":"Grazia","description":"Moda, belleza, celebrities, estilo de vida...","potentialAction":[{"@type":"SearchAction","target":{"@type":"EntryPoint","urlTemplate":"https:\/\/graziamagazine.com\/es\/?s={search_term_string}"},"query-input":"required name=search_term_string"}],"inLanguage":"es"}]}},"jetpack_sharing_enabled":true,"distributor_meta":false,"distributor_terms":false,"distributor_media":false,"distributor_original_site_name":"Grazia","distributor_original_site_url":"https:\/\/graziamagazine.com\/es","push-errors":false,"_links":{"self":[{"href":"https:\/\/graziamagazine.com\/es\/wp-json\/wp\/v2\/articles\/140489"}],"collection":[{"href":"https:\/\/graziamagazine.com\/es\/wp-json\/wp\/v2\/articles"}],"about":[{"href":"https:\/\/graziamagazine.com\/es\/wp-json\/wp\/v2\/types\/articles"}],"author":[{"embeddable":true,"href":"https:\/\/graziamagazine.com\/es\/wp-json\/wp\/v2\/users\/11641"}],"wp:attachment":[{"href":"https:\/\/graziamagazine.com\/es\/wp-json\/wp\/v2\/media?parent=140489"}],"wp:term":[{"taxonomy":"category","embeddable":true,"href":"https:\/\/graziamagazine.com\/es\/wp-json\/wp\/v2\/categories?post=140489"}],"curies":[{"name":"wp","href":"https:\/\/api.w.org\/{rel}","templated":true}]}}