{"id":140368,"date":"2018-08-30T21:08:17","date_gmt":"2018-08-30T19:08:17","guid":{"rendered":"https:\/\/graziamagazine.com\/es\/?p=140368"},"modified":"2018-08-30T21:08:20","modified_gmt":"2018-08-30T19:08:20","slug":"hugo-boss-revive-a-michael-jackson-en-su-60-aniversario","status":"publish","type":"articles","link":"https:\/\/graziamagazine.com\/es\/articles\/hugo-boss-revive-a-michael-jackson-en-su-60-aniversario\/","title":{"rendered":"Hugo Boss revive a Michael Jackson en su 60 aniversario"},"content":{"rendered":"<p>Como olvidar el traje blanco de\u00a0<b>Michael Jackson<\/b>\u00a0en la portada de su \u00e1lbum,\u00a0<b><i>Thriller<\/i><\/b>. En celebraci\u00f3n a lo que hubiera sido el cumplea\u00f1os n\u00famero 60 del rey del pop, la firma detr\u00e1s de este emblem\u00e1tico\u00a0<i>smart suit<\/i>,\u00a0<b>Hugo Boss<\/b>, relanz\u00f3 el \u00edcono en una edici\u00f3n muy especial y s\u00faper limitada.<\/p>\n<blockquote class=\"twitter-tweet\" data-lang=\"es\">\n<p dir=\"ltr\" lang=\"en\">Happy birthday to Michael Jackson. To mark the King of Pop&#8217;s Diamond Birthday, we celebrate an iconic moment with the music legend&#8217;s \u00abThriller\u00bb album cover where he wore a white BOSS suit. Discover more: <a href=\"https:\/\/t.co\/Qs0OpTLN8g\" target=\"_blank\">https:\/\/t.co\/Qs0OpTLN8g<\/a> <a href=\"https:\/\/twitter.com\/hashtag\/BOSSxMichaelJackson?src=hash&amp;ref_src=twsrc%5Etfw\" target=\"_blank\">#BOSSxMichaelJackson<\/a> <a href=\"https:\/\/twitter.com\/hashtag\/MichaelJacksonDay?src=hash&amp;ref_src=twsrc%5Etfw\" target=\"_blank\">#MichaelJacksonDay<\/a> <a href=\"https:\/\/t.co\/I4L4j0anTN\" target=\"_blank\">pic.twitter.com\/I4L4j0anTN<\/a><\/p>\n<p>\u2014 HUGO BOSS Corporate (@HUGOBOSS) <a href=\"https:\/\/twitter.com\/HUGOBOSS\/status\/1034772671609765888?ref_src=twsrc%5Etfw\" target=\"_blank\">29 de agosto de 2018<\/a><\/p><\/blockquote>\n<p><script async src=\"https:\/\/platform.twitter.com\/widgets.js\" charset=\"utf-8\"><\/script><\/p>\n<p>Con 100 trajes, todos enumerados, el dise\u00f1o fue puesto a venta por una \u201cm\u00f3dica\u201d cantidad de 1.195 d\u00f3lares. Adem\u00e1s el modelo en cuesti\u00f3n es tan andr\u00f3gino como los tiempos de hoy, con cada pieza confeccionada en los talleres de BOSS en Alemania.<\/p>\n<blockquote class=\"twitter-tweet\" data-lang=\"es\">\n<p dir=\"ltr\" lang=\"en\">To honor Michael Jackson, we have created a new edition of the iconic \u00abThriller\u00bb suit, limited to just 100 pieces. The new edition references the original&#8217;s silhouette, fabric and details throughout, and is entirely crafted at the headquarters in Germany: <a href=\"https:\/\/t.co\/Qs0OpTLN8g\" target=\"_blank\">https:\/\/t.co\/Qs0OpTLN8g<\/a> <a href=\"https:\/\/t.co\/LIn0Pm2B3T\" target=\"_blank\">pic.twitter.com\/LIn0Pm2B3T<\/a><\/p>\n<p>\u2014 HUGO BOSS Corporate (@HUGOBOSS) <a href=\"https:\/\/twitter.com\/HUGOBOSS\/status\/1034455606315216896?ref_src=twsrc%5Etfw\" target=\"_blank\">28 de agosto de 2018<\/a><\/p><\/blockquote>\n<p><script async src=\"https:\/\/platform.twitter.com\/widgets.js\" charset=\"utf-8\"><\/script><\/p>\n<p>As\u00ed que si lo tuyo es lucir tan extravagante como Jackson lo hizo en el emblem\u00e1tico \u00e1lbum, que sigue siendo uno de los m\u00e1s vendidos en el mundo, entonces la firma alemana tiene todo el\u00a0<i>kit<\/i>. Y si pensabas que este relanzamiento era solo para ellos, las mujeres tambi\u00e9n est\u00e1n invitadas a la fiesta.<\/p>\n<blockquote class=\"twitter-tweet\" data-lang=\"es\">\n<p dir=\"ltr\" lang=\"en\">A suit for the King of Pop: In the year of Michael Jackson&#8217;s Diamond Birthday, we are celebrating an unforgettable moment in music history. In 1982, he released his game-changing album \u00abThriller\u00bb and selected a white BOSS suit to wear for the cover art. <a href=\"https:\/\/twitter.com\/hashtag\/BOSSxMichaelJackson?src=hash&amp;ref_src=twsrc%5Etfw\" target=\"_blank\">#BOSSxMichaelJackson<\/a> <a href=\"https:\/\/t.co\/Pxov2RKvRA\" target=\"_blank\">pic.twitter.com\/Pxov2RKvRA<\/a><\/p>\n<p>\u2014 HUGO BOSS Corporate (@HUGOBOSS) <a href=\"https:\/\/twitter.com\/HUGOBOSS\/status\/1034818054780215296?ref_src=twsrc%5Etfw\" target=\"_blank\">29 de agosto de 2018<\/a><\/p><\/blockquote>\n<p><script async src=\"https:\/\/platform.twitter.com\/widgets.js\" charset=\"utf-8\"><\/script><\/p>\n<p><em>Fotos: Getty Images<\/em><\/p>\n","protected":false},"author":24470,"featured_media":0,"template":"","format":"standard","categories":[1],"acf":[],"yoast_head":"<!-- This site is optimized with the Yoast SEO Premium plugin v18.5 (Yoast SEO v20.4) - https:\/\/yoast.com\/wordpress\/plugins\/seo\/ -->\n<title>Hugo Boss revive a Michael Jackson en su 60 aniversario | Grazia<\/title>\n<meta name=\"description\" content=\"Con 100 trajes, todos enumerados, el dise\u00f1o fue puesto a venta por una \u201cm\u00f3dica\u201d cantidad de 1.195 d\u00f3lares.\" \/>\n<meta name=\"robots\" content=\"index, follow, max-snippet:-1, max-image-preview:large, max-video-preview:-1\" \/>\n<link rel=\"canonical\" href=\"https:\/\/graziamagazine.com\/es\/articles\/hugo-boss-revive-a-michael-jackson-en-su-60-aniversario\/\" \/>\n<meta property=\"og:locale\" content=\"es_ES\" \/>\n<meta property=\"og:type\" content=\"article\" \/>\n<meta property=\"og:title\" content=\"Hugo Boss revive a Michael Jackson en su 60 aniversario\" \/>\n<meta property=\"og:description\" content=\"Con 100 trajes, todos enumerados, el dise\u00f1o fue puesto a venta por una \u201cm\u00f3dica\u201d cantidad de 1.195 d\u00f3lares.\" \/>\n<meta property=\"og:url\" content=\"https:\/\/graziamagazine.com\/es\/articles\/hugo-boss-revive-a-michael-jackson-en-su-60-aniversario\/\" \/>\n<meta property=\"og:site_name\" content=\"Grazia\" \/>\n<meta property=\"article:modified_time\" content=\"2018-08-30T19:08:20+00:00\" \/>\n<meta property=\"og:image\" content=\"https:\/\/graziamagazine.com\/es\/wp-content\/uploads\/sites\/12\/2018\/08\/gettyimages-72565790_master.jpg?fit=3000%2C2000\" \/>\n\t<meta property=\"og:image:width\" content=\"3000\" \/>\n\t<meta property=\"og:image:height\" content=\"2000\" \/>\n\t<meta property=\"og:image:type\" content=\"image\/jpeg\" \/>\n<meta name=\"twitter:card\" content=\"summary_large_image\" \/>\n<meta name=\"twitter:image\" content=\"http:\/\/s3-eu-west-1.amazonaws.com\/grazia-cdn\/wp-content\/uploads\/sites\/12\/2018\/08\/gettyimages-72565790_master.jpg\" \/>\n<meta name=\"twitter:label1\" content=\"Est. reading time\" \/>\n\t<meta name=\"twitter:data1\" content=\"2 minutos\" \/>\n<script type=\"application\/ld+json\" class=\"yoast-schema-graph\">{\"@context\":\"https:\/\/schema.org\",\"@graph\":[{\"@type\":\"WebPage\",\"@id\":\"https:\/\/graziamagazine.com\/es\/articles\/hugo-boss-revive-a-michael-jackson-en-su-60-aniversario\/\",\"url\":\"https:\/\/graziamagazine.com\/es\/articles\/hugo-boss-revive-a-michael-jackson-en-su-60-aniversario\/\",\"name\":\"Hugo Boss revive a Michael Jackson en su 60 aniversario | Grazia\",\"isPartOf\":{\"@id\":\"https:\/\/graziamagazine.com\/es\/#website\"},\"datePublished\":\"2018-08-30T19:08:17+00:00\",\"dateModified\":\"2018-08-30T19:08:20+00:00\",\"description\":\"Con 100 trajes, todos enumerados, el dise\u00f1o fue puesto a venta por una \u201cm\u00f3dica\u201d cantidad de 1.195 d\u00f3lares.\",\"breadcrumb\":{\"@id\":\"https:\/\/graziamagazine.com\/es\/articles\/hugo-boss-revive-a-michael-jackson-en-su-60-aniversario\/#breadcrumb\"},\"inLanguage\":\"es\",\"potentialAction\":[{\"@type\":\"ReadAction\",\"target\":[\"https:\/\/graziamagazine.com\/es\/articles\/hugo-boss-revive-a-michael-jackson-en-su-60-aniversario\/\"]}]},{\"@type\":\"BreadcrumbList\",\"@id\":\"https:\/\/graziamagazine.com\/es\/articles\/hugo-boss-revive-a-michael-jackson-en-su-60-aniversario\/#breadcrumb\",\"itemListElement\":[{\"@type\":\"ListItem\",\"position\":1,\"name\":\"Portada\",\"item\":\"https:\/\/graziamagazine.com\/es\/\"},{\"@type\":\"ListItem\",\"position\":2,\"name\":\"Hugo Boss revive a Michael Jackson en su 60 aniversario\"}]},{\"@type\":\"WebSite\",\"@id\":\"https:\/\/graziamagazine.com\/es\/#website\",\"url\":\"https:\/\/graziamagazine.com\/es\/\",\"name\":\"Grazia\",\"description\":\"Moda, belleza, celebrities, estilo de vida...\",\"potentialAction\":[{\"@type\":\"SearchAction\",\"target\":{\"@type\":\"EntryPoint\",\"urlTemplate\":\"https:\/\/graziamagazine.com\/es\/?s={search_term_string}\"},\"query-input\":\"required name=search_term_string\"}],\"inLanguage\":\"es\"}]}<\/script>\n<!-- \/ Yoast SEO Premium plugin. -->","yoast_head_json":{"title":"Hugo Boss revive a Michael Jackson en su 60 aniversario | Grazia","description":"Con 100 trajes, todos enumerados, el dise\u00f1o fue puesto a venta por una \u201cm\u00f3dica\u201d cantidad de 1.195 d\u00f3lares.","robots":{"index":"index","follow":"follow","max-snippet":"max-snippet:-1","max-image-preview":"max-image-preview:large","max-video-preview":"max-video-preview:-1"},"canonical":"https:\/\/graziamagazine.com\/es\/articles\/hugo-boss-revive-a-michael-jackson-en-su-60-aniversario\/","og_locale":"es_ES","og_type":"article","og_title":"Hugo Boss revive a Michael Jackson en su 60 aniversario","og_description":"Con 100 trajes, todos enumerados, el dise\u00f1o fue puesto a venta por una \u201cm\u00f3dica\u201d cantidad de 1.195 d\u00f3lares.","og_url":"https:\/\/graziamagazine.com\/es\/articles\/hugo-boss-revive-a-michael-jackson-en-su-60-aniversario\/","og_site_name":"Grazia","article_modified_time":"2018-08-30T19:08:20+00:00","og_image":[{"width":3000,"height":2000,"url":"https:\/\/graziamagazine.com\/es\/wp-content\/uploads\/sites\/12\/2018\/08\/gettyimages-72565790_master.jpg?fit=3000%2C2000","type":"image\/jpeg"}],"twitter_card":"summary_large_image","twitter_image":"http:\/\/s3-eu-west-1.amazonaws.com\/grazia-cdn\/wp-content\/uploads\/sites\/12\/2018\/08\/gettyimages-72565790_master.jpg","twitter_misc":{"Est. reading time":"2 minutos"},"schema":{"@context":"https:\/\/schema.org","@graph":[{"@type":"WebPage","@id":"https:\/\/graziamagazine.com\/es\/articles\/hugo-boss-revive-a-michael-jackson-en-su-60-aniversario\/","url":"https:\/\/graziamagazine.com\/es\/articles\/hugo-boss-revive-a-michael-jackson-en-su-60-aniversario\/","name":"Hugo Boss revive a Michael Jackson en su 60 aniversario | Grazia","isPartOf":{"@id":"https:\/\/graziamagazine.com\/es\/#website"},"datePublished":"2018-08-30T19:08:17+00:00","dateModified":"2018-08-30T19:08:20+00:00","description":"Con 100 trajes, todos enumerados, el dise\u00f1o fue puesto a venta por una \u201cm\u00f3dica\u201d cantidad de 1.195 d\u00f3lares.","breadcrumb":{"@id":"https:\/\/graziamagazine.com\/es\/articles\/hugo-boss-revive-a-michael-jackson-en-su-60-aniversario\/#breadcrumb"},"inLanguage":"es","potentialAction":[{"@type":"ReadAction","target":["https:\/\/graziamagazine.com\/es\/articles\/hugo-boss-revive-a-michael-jackson-en-su-60-aniversario\/"]}]},{"@type":"BreadcrumbList","@id":"https:\/\/graziamagazine.com\/es\/articles\/hugo-boss-revive-a-michael-jackson-en-su-60-aniversario\/#breadcrumb","itemListElement":[{"@type":"ListItem","position":1,"name":"Portada","item":"https:\/\/graziamagazine.com\/es\/"},{"@type":"ListItem","position":2,"name":"Hugo Boss revive a Michael Jackson en su 60 aniversario"}]},{"@type":"WebSite","@id":"https:\/\/graziamagazine.com\/es\/#website","url":"https:\/\/graziamagazine.com\/es\/","name":"Grazia","description":"Moda, belleza, celebrities, estilo de vida...","potentialAction":[{"@type":"SearchAction","target":{"@type":"EntryPoint","urlTemplate":"https:\/\/graziamagazine.com\/es\/?s={search_term_string}"},"query-input":"required name=search_term_string"}],"inLanguage":"es"}]}},"jetpack_sharing_enabled":true,"distributor_meta":false,"distributor_terms":false,"distributor_media":false,"distributor_original_site_name":"Grazia","distributor_original_site_url":"https:\/\/graziamagazine.com\/es","push-errors":false,"_links":{"self":[{"href":"https:\/\/graziamagazine.com\/es\/wp-json\/wp\/v2\/articles\/140368"}],"collection":[{"href":"https:\/\/graziamagazine.com\/es\/wp-json\/wp\/v2\/articles"}],"about":[{"href":"https:\/\/graziamagazine.com\/es\/wp-json\/wp\/v2\/types\/articles"}],"author":[{"embeddable":true,"href":"https:\/\/graziamagazine.com\/es\/wp-json\/wp\/v2\/users\/24470"}],"wp:attachment":[{"href":"https:\/\/graziamagazine.com\/es\/wp-json\/wp\/v2\/media?parent=140368"}],"wp:term":[{"taxonomy":"category","embeddable":true,"href":"https:\/\/graziamagazine.com\/es\/wp-json\/wp\/v2\/categories?post=140368"}],"curies":[{"name":"wp","href":"https:\/\/api.w.org\/{rel}","templated":true}]}}